{"id":2019,"date":"2022-10-20T07:20:24","date_gmt":"2022-10-20T10:20:24","guid":{"rendered":"https:\/\/brasilnoticias.org\/site\/?p=2019"},"modified":"2022-10-19T23:22:35","modified_gmt":"2022-10-20T02:22:35","slug":"filho-de-ex-prefeito-de-itabuna-que-disse-morra-quem-morrer-na-pandemia-e-preso-por-tortura-e-homicidio","status":"publish","type":"post","link":"https:\/\/brasilnoticias.org\/site\/filho-de-ex-prefeito-de-itabuna-que-disse-morra-quem-morrer-na-pandemia-e-preso-por-tortura-e-homicidio\/","title":{"rendered":"Filho de ex-prefeito de Itabuna que disse &#8220;morra quem morrer&#8221; na pandemia \u00e9 preso por tortura e homic\u00eddio"},"content":{"rendered":"<p>Markson Monteiro de Oliveira, filho do ex-prefeito de Itabuna, no sul da Bahia, foi preso nesta ter\u00e7a-feira (18), acusado de torturar e matar um vaqueiro em Floresta Azul, munic\u00edpio da regi\u00e3o. Ele j\u00e1 havia sido preso em outubro de 2020, mas acabou sendo liberado pela Justi\u00e7a. Desde ent\u00e3o, ele respondia em liberdade.<\/p>\n<p>O crime aconteceu em dezembro de 2006, quando Alexandro Honorato foi morto por Markson. As investiga\u00e7\u00f5es do caso terminaram em janeiro de 2007. Na \u00e9poca, Markson Oliveira foi indiciado pelos crimes de tortura, c\u00e1rcere privado, homic\u00eddio qualificado e oculta\u00e7\u00e3o de cad\u00e1ver.<\/p>\n<p>Segundo a pol\u00edcia, Markson, tamb\u00e9m conhecido como Marcos, foi encontrado em um condom\u00ednio de Aracaju, em Sergipe. Ele ser\u00e1 transferido para um pres\u00eddio em Salvador.<\/p>\n<p>Markson \u00e9 filho do ex-prefeito de Itabuna, Fernando Gomes, que, ao anunciar a reabertura do com\u00e9rcio durante a pandemia causou pol\u00eamica ao disparar a frase: &#8220;morra quem morrer&#8221;. Gomes morreu em julho deste ano, ap\u00f3s uma crise hep\u00e1tica.<\/p>\n<p>Foto: Reprodu\u00e7\u00e3o\/TV Bahia<\/p>\n<p>Por: Metro1<\/p>\n","protected":false},"excerpt":{"rendered":"<p>Markson Monteiro de Oliveira, filho do ex-prefeito de Itabuna, no sul da Bahia, foi preso nesta ter\u00e7a-feira (18), acusado de<\/p>\n","protected":false},"author":1,"featured_media":2020,"comment_status":"open","ping_status":"open","sticky":false,"template":"","format":"standard","meta":{"colormag_page_container_layout":"default_layout","colormag_page_sidebar_layout":"default_layout","_FSMCFIC_featured_image_caption":"","_FSMCFIC_featured_image_nocaption":"","_FSMCFIC_featured_image_hide":"","footnotes":""},"categories":[2,1],"tags":[],"class_list":["post-2019","post","type-post","status-publish","format-standard","has-post-thumbnail","hentry","category-noticias","category-ultimas"],"yoast_head":"<!-- This site is optimized with the Yoast SEO plugin v27.1.1 - https:\/\/yoast.com\/product\/yoast-seo-wordpress\/ -->\n<title>Filho de ex-prefeito de Itabuna que disse &quot;morra quem morrer&quot; na pandemia \u00e9 preso por tortura e homic\u00eddio - Brasil not\u00edcias<\/title>\n<meta name=\"robots\" content=\"index, follow, max-snippet:-1, max-image-preview:large, max-video-preview:-1\" \/>\n<link rel=\"canonical\" href=\"https:\/\/brasilnoticias.org\/site\/filho-de-ex-prefeito-de-itabuna-que-disse-morra-quem-morrer-na-pandemia-e-preso-por-tortura-e-homicidio\/\" \/>\n<meta property=\"og:locale\" content=\"pt_PT\" \/>\n<meta property=\"og:type\" content=\"article\" \/>\n<meta property=\"og:title\" content=\"Filho de ex-prefeito de Itabuna que disse &quot;morra quem morrer&quot; na pandemia \u00e9 preso por tortura e homic\u00eddio - Brasil not\u00edcias\" \/>\n<meta property=\"og:description\" content=\"Markson Monteiro de Oliveira, filho do ex-prefeito de Itabuna, no sul da Bahia, foi preso nesta ter\u00e7a-feira (18), acusado de\" \/>\n<meta property=\"og:url\" content=\"https:\/\/brasilnoticias.org\/site\/filho-de-ex-prefeito-de-itabuna-que-disse-morra-quem-morrer-na-pandemia-e-preso-por-tortura-e-homicidio\/\" \/>\n<meta property=\"og:site_name\" content=\"Brasil not\u00edcias\" \/>\n<meta property=\"article:published_time\" content=\"2022-10-20T10:20:24+00:00\" \/>\n<meta property=\"og:image\" content=\"https:\/\/brasilnoticias.org\/site\/wp-content\/uploads\/2022\/10\/129518filho-de-ex-prefeito-de-itabuna-que-disse-morra-quem-morrer-na-pandemia-e-preso-por-tortura-e-homicidio-3.jpg\" \/>\n\t<meta property=\"og:image:width\" content=\"1600\" \/>\n\t<meta property=\"og:image:height\" content=\"752\" \/>\n\t<meta property=\"og:image:type\" content=\"image\/jpeg\" \/>\n<meta name=\"author\" content=\"Reda\u00e7\u00e3o\" \/>\n<meta name=\"twitter:card\" content=\"summary_large_image\" \/>\n<meta name=\"twitter:label1\" content=\"Escrito por\" \/>\n\t<meta name=\"twitter:data1\" content=\"Reda\u00e7\u00e3o\" \/>\n\t<meta name=\"twitter:label2\" content=\"Tempo estimado de leitura\" \/>\n\t<meta name=\"twitter:data2\" content=\"1 minuto\" \/>\n<script type=\"application\/ld+json\" class=\"yoast-schema-graph\">{\"@context\":\"https:\/\/schema.org\",\"@graph\":[{\"@type\":\"Article\",\"@id\":\"https:\/\/brasilnoticias.org\/site\/filho-de-ex-prefeito-de-itabuna-que-disse-morra-quem-morrer-na-pandemia-e-preso-por-tortura-e-homicidio\/#article\",\"isPartOf\":{\"@id\":\"https:\/\/brasilnoticias.org\/site\/filho-de-ex-prefeito-de-itabuna-que-disse-morra-quem-morrer-na-pandemia-e-preso-por-tortura-e-homicidio\/\"},\"author\":{\"name\":\"Reda\u00e7\u00e3o\",\"@id\":\"https:\/\/brasilnoticias.org\/site\/#\/schema\/person\/a0e05b973ec4d15c658d51911e53507b\"},\"headline\":\"Filho de ex-prefeito de Itabuna que disse &#8220;morra quem morrer&#8221; na pandemia \u00e9 preso por tortura e homic\u00eddio\",\"datePublished\":\"2022-10-20T10:20:24+00:00\",\"mainEntityOfPage\":{\"@id\":\"https:\/\/brasilnoticias.org\/site\/filho-de-ex-prefeito-de-itabuna-que-disse-morra-quem-morrer-na-pandemia-e-preso-por-tortura-e-homicidio\/\"},\"wordCount\":194,\"commentCount\":0,\"publisher\":{\"@id\":\"https:\/\/brasilnoticias.org\/site\/#organization\"},\"image\":{\"@id\":\"https:\/\/brasilnoticias.org\/site\/filho-de-ex-prefeito-de-itabuna-que-disse-morra-quem-morrer-na-pandemia-e-preso-por-tortura-e-homicidio\/#primaryimage\"},\"thumbnailUrl\":\"https:\/\/brasilnoticias.org\/site\/wp-content\/uploads\/2022\/10\/129518filho-de-ex-prefeito-de-itabuna-que-disse-morra-quem-morrer-na-pandemia-e-preso-por-tortura-e-homicidio-3.jpg\",\"articleSection\":[\"Not\u00edcias\",\"\u00daltimas\"],\"inLanguage\":\"pt-PT\",\"potentialAction\":[{\"@type\":\"CommentAction\",\"name\":\"Comment\",\"target\":[\"https:\/\/brasilnoticias.org\/site\/filho-de-ex-prefeito-de-itabuna-que-disse-morra-quem-morrer-na-pandemia-e-preso-por-tortura-e-homicidio\/#respond\"]}]},{\"@type\":\"WebPage\",\"@id\":\"https:\/\/brasilnoticias.org\/site\/filho-de-ex-prefeito-de-itabuna-que-disse-morra-quem-morrer-na-pandemia-e-preso-por-tortura-e-homicidio\/\",\"url\":\"https:\/\/brasilnoticias.org\/site\/filho-de-ex-prefeito-de-itabuna-que-disse-morra-quem-morrer-na-pandemia-e-preso-por-tortura-e-homicidio\/\",\"name\":\"Filho de ex-prefeito de Itabuna que disse \\\"morra quem morrer\\\" na pandemia \u00e9 preso por tortura e homic\u00eddio - Brasil not\u00edcias\",\"isPartOf\":{\"@id\":\"https:\/\/brasilnoticias.org\/site\/#website\"},\"primaryImageOfPage\":{\"@id\":\"https:\/\/brasilnoticias.org\/site\/filho-de-ex-prefeito-de-itabuna-que-disse-morra-quem-morrer-na-pandemia-e-preso-por-tortura-e-homicidio\/#primaryimage\"},\"image\":{\"@id\":\"https:\/\/brasilnoticias.org\/site\/filho-de-ex-prefeito-de-itabuna-que-disse-morra-quem-morrer-na-pandemia-e-preso-por-tortura-e-homicidio\/#primaryimage\"},\"thumbnailUrl\":\"https:\/\/brasilnoticias.org\/site\/wp-content\/uploads\/2022\/10\/129518filho-de-ex-prefeito-de-itabuna-que-disse-morra-quem-morrer-na-pandemia-e-preso-por-tortura-e-homicidio-3.jpg\",\"datePublished\":\"2022-10-20T10:20:24+00:00\",\"breadcrumb\":{\"@id\":\"https:\/\/brasilnoticias.org\/site\/filho-de-ex-prefeito-de-itabuna-que-disse-morra-quem-morrer-na-pandemia-e-preso-por-tortura-e-homicidio\/#breadcrumb\"},\"inLanguage\":\"pt-PT\",\"potentialAction\":[{\"@type\":\"ReadAction\",\"target\":[\"https:\/\/brasilnoticias.org\/site\/filho-de-ex-prefeito-de-itabuna-que-disse-morra-quem-morrer-na-pandemia-e-preso-por-tortura-e-homicidio\/\"]}]},{\"@type\":\"ImageObject\",\"inLanguage\":\"pt-PT\",\"@id\":\"https:\/\/brasilnoticias.org\/site\/filho-de-ex-prefeito-de-itabuna-que-disse-morra-quem-morrer-na-pandemia-e-preso-por-tortura-e-homicidio\/#primaryimage\",\"url\":\"https:\/\/brasilnoticias.org\/site\/wp-content\/uploads\/2022\/10\/129518filho-de-ex-prefeito-de-itabuna-que-disse-morra-quem-morrer-na-pandemia-e-preso-por-tortura-e-homicidio-3.jpg\",\"contentUrl\":\"https:\/\/brasilnoticias.org\/site\/wp-content\/uploads\/2022\/10\/129518filho-de-ex-prefeito-de-itabuna-que-disse-morra-quem-morrer-na-pandemia-e-preso-por-tortura-e-homicidio-3.jpg\",\"width\":1600,\"height\":752},{\"@type\":\"BreadcrumbList\",\"@id\":\"https:\/\/brasilnoticias.org\/site\/filho-de-ex-prefeito-de-itabuna-que-disse-morra-quem-morrer-na-pandemia-e-preso-por-tortura-e-homicidio\/#breadcrumb\",\"itemListElement\":[{\"@type\":\"ListItem\",\"position\":1,\"name\":\"In\u00edcio\",\"item\":\"https:\/\/brasilnoticias.org\/site\/\"},{\"@type\":\"ListItem\",\"position\":2,\"name\":\"Filho de ex-prefeito de Itabuna que disse &#8220;morra quem morrer&#8221; na pandemia \u00e9 preso por tortura e homic\u00eddio\"}]},{\"@type\":\"WebSite\",\"@id\":\"https:\/\/brasilnoticias.org\/site\/#website\",\"url\":\"https:\/\/brasilnoticias.org\/site\/\",\"name\":\"Brasil not\u00edcias\",\"description\":\"Brasil not\u00edcias\",\"publisher\":{\"@id\":\"https:\/\/brasilnoticias.org\/site\/#organization\"},\"potentialAction\":[{\"@type\":\"SearchAction\",\"target\":{\"@type\":\"EntryPoint\",\"urlTemplate\":\"https:\/\/brasilnoticias.org\/site\/?s={search_term_string}\"},\"query-input\":{\"@type\":\"PropertyValueSpecification\",\"valueRequired\":true,\"valueName\":\"search_term_string\"}}],\"inLanguage\":\"pt-PT\"},{\"@type\":\"Organization\",\"@id\":\"https:\/\/brasilnoticias.org\/site\/#organization\",\"name\":\"Brasil not\u00edcias\",\"url\":\"https:\/\/brasilnoticias.org\/site\/\",\"logo\":{\"@type\":\"ImageObject\",\"inLanguage\":\"pt-PT\",\"@id\":\"https:\/\/brasilnoticias.org\/site\/#\/schema\/logo\/image\/\",\"url\":\"https:\/\/brasilnoticias.org\/site\/wp-content\/uploads\/2022\/05\/cropped-brasilnoticias-mini.jpg\",\"contentUrl\":\"https:\/\/brasilnoticias.org\/site\/wp-content\/uploads\/2022\/05\/cropped-brasilnoticias-mini.jpg\",\"width\":314,\"height\":86,\"caption\":\"Brasil not\u00edcias\"},\"image\":{\"@id\":\"https:\/\/brasilnoticias.org\/site\/#\/schema\/logo\/image\/\"}},{\"@type\":\"Person\",\"@id\":\"https:\/\/brasilnoticias.org\/site\/#\/schema\/person\/a0e05b973ec4d15c658d51911e53507b\",\"name\":\"Reda\u00e7\u00e3o\",\"image\":{\"@type\":\"ImageObject\",\"inLanguage\":\"pt-PT\",\"@id\":\"https:\/\/brasilnoticias.org\/site\/#\/schema\/person\/image\/\",\"url\":\"https:\/\/secure.gravatar.com\/avatar\/75d8b050df2de108b08ae78dfb8e374892df24a383c67db9c46a9c604f6aee9c?s=96&d=mm&r=g\",\"contentUrl\":\"https:\/\/secure.gravatar.com\/avatar\/75d8b050df2de108b08ae78dfb8e374892df24a383c67db9c46a9c604f6aee9c?s=96&d=mm&r=g\",\"caption\":\"Reda\u00e7\u00e3o\"},\"sameAs\":[\"https:\/\/brasilnoticias.org\/site\"],\"url\":\"https:\/\/brasilnoticias.org\/site\/author\/fernandozsngmail-com\/\"}]}<\/script>\n<!-- \/ Yoast SEO plugin. -->","yoast_head_json":{"title":"Filho de ex-prefeito de Itabuna que disse \"morra quem morrer\" na pandemia \u00e9 preso por tortura e homic\u00eddio - Brasil not\u00edcias","robots":{"index":"index","follow":"follow","max-snippet":"max-snippet:-1","max-image-preview":"max-image-preview:large","max-video-preview":"max-video-preview:-1"},"canonical":"https:\/\/brasilnoticias.org\/site\/filho-de-ex-prefeito-de-itabuna-que-disse-morra-quem-morrer-na-pandemia-e-preso-por-tortura-e-homicidio\/","og_locale":"pt_PT","og_type":"article","og_title":"Filho de ex-prefeito de Itabuna que disse \"morra quem morrer\" na pandemia \u00e9 preso por tortura e homic\u00eddio - Brasil not\u00edcias","og_description":"Markson Monteiro de Oliveira, filho do ex-prefeito de Itabuna, no sul da Bahia, foi preso nesta ter\u00e7a-feira (18), acusado de","og_url":"https:\/\/brasilnoticias.org\/site\/filho-de-ex-prefeito-de-itabuna-que-disse-morra-quem-morrer-na-pandemia-e-preso-por-tortura-e-homicidio\/","og_site_name":"Brasil not\u00edcias","article_published_time":"2022-10-20T10:20:24+00:00","og_image":[{"width":1600,"height":752,"url":"https:\/\/brasilnoticias.org\/site\/wp-content\/uploads\/2022\/10\/129518filho-de-ex-prefeito-de-itabuna-que-disse-morra-quem-morrer-na-pandemia-e-preso-por-tortura-e-homicidio-3.jpg","type":"image\/jpeg"}],"author":"Reda\u00e7\u00e3o","twitter_card":"summary_large_image","twitter_misc":{"Escrito por":"Reda\u00e7\u00e3o","Tempo estimado de leitura":"1 minuto"},"schema":{"@context":"https:\/\/schema.org","@graph":[{"@type":"Article","@id":"https:\/\/brasilnoticias.org\/site\/filho-de-ex-prefeito-de-itabuna-que-disse-morra-quem-morrer-na-pandemia-e-preso-por-tortura-e-homicidio\/#article","isPartOf":{"@id":"https:\/\/brasilnoticias.org\/site\/filho-de-ex-prefeito-de-itabuna-que-disse-morra-quem-morrer-na-pandemia-e-preso-por-tortura-e-homicidio\/"},"author":{"name":"Reda\u00e7\u00e3o","@id":"https:\/\/brasilnoticias.org\/site\/#\/schema\/person\/a0e05b973ec4d15c658d51911e53507b"},"headline":"Filho de ex-prefeito de Itabuna que disse &#8220;morra quem morrer&#8221; na pandemia \u00e9 preso por tortura e homic\u00eddio","datePublished":"2022-10-20T10:20:24+00:00","mainEntityOfPage":{"@id":"https:\/\/brasilnoticias.org\/site\/filho-de-ex-prefeito-de-itabuna-que-disse-morra-quem-morrer-na-pandemia-e-preso-por-tortura-e-homicidio\/"},"wordCount":194,"commentCount":0,"publisher":{"@id":"https:\/\/brasilnoticias.org\/site\/#organization"},"image":{"@id":"https:\/\/brasilnoticias.org\/site\/filho-de-ex-prefeito-de-itabuna-que-disse-morra-quem-morrer-na-pandemia-e-preso-por-tortura-e-homicidio\/#primaryimage"},"thumbnailUrl":"https:\/\/brasilnoticias.org\/site\/wp-content\/uploads\/2022\/10\/129518filho-de-ex-prefeito-de-itabuna-que-disse-morra-quem-morrer-na-pandemia-e-preso-por-tortura-e-homicidio-3.jpg","articleSection":["Not\u00edcias","\u00daltimas"],"inLanguage":"pt-PT","potentialAction":[{"@type":"CommentAction","name":"Comment","target":["https:\/\/brasilnoticias.org\/site\/filho-de-ex-prefeito-de-itabuna-que-disse-morra-quem-morrer-na-pandemia-e-preso-por-tortura-e-homicidio\/#respond"]}]},{"@type":"WebPage","@id":"https:\/\/brasilnoticias.org\/site\/filho-de-ex-prefeito-de-itabuna-que-disse-morra-quem-morrer-na-pandemia-e-preso-por-tortura-e-homicidio\/","url":"https:\/\/brasilnoticias.org\/site\/filho-de-ex-prefeito-de-itabuna-que-disse-morra-quem-morrer-na-pandemia-e-preso-por-tortura-e-homicidio\/","name":"Filho de ex-prefeito de Itabuna que disse \"morra quem morrer\" na pandemia \u00e9 preso por tortura e homic\u00eddio - Brasil not\u00edcias","isPartOf":{"@id":"https:\/\/brasilnoticias.org\/site\/#website"},"primaryImageOfPage":{"@id":"https:\/\/brasilnoticias.org\/site\/filho-de-ex-prefeito-de-itabuna-que-disse-morra-quem-morrer-na-pandemia-e-preso-por-tortura-e-homicidio\/#primaryimage"},"image":{"@id":"https:\/\/brasilnoticias.org\/site\/filho-de-ex-prefeito-de-itabuna-que-disse-morra-quem-morrer-na-pandemia-e-preso-por-tortura-e-homicidio\/#primaryimage"},"thumbnailUrl":"https:\/\/brasilnoticias.org\/site\/wp-content\/uploads\/2022\/10\/129518filho-de-ex-prefeito-de-itabuna-que-disse-morra-quem-morrer-na-pandemia-e-preso-por-tortura-e-homicidio-3.jpg","datePublished":"2022-10-20T10:20:24+00:00","breadcrumb":{"@id":"https:\/\/brasilnoticias.org\/site\/filho-de-ex-prefeito-de-itabuna-que-disse-morra-quem-morrer-na-pandemia-e-preso-por-tortura-e-homicidio\/#breadcrumb"},"inLanguage":"pt-PT","potentialAction":[{"@type":"ReadAction","target":["https:\/\/brasilnoticias.org\/site\/filho-de-ex-prefeito-de-itabuna-que-disse-morra-quem-morrer-na-pandemia-e-preso-por-tortura-e-homicidio\/"]}]},{"@type":"ImageObject","inLanguage":"pt-PT","@id":"https:\/\/brasilnoticias.org\/site\/filho-de-ex-prefeito-de-itabuna-que-disse-morra-quem-morrer-na-pandemia-e-preso-por-tortura-e-homicidio\/#primaryimage","url":"https:\/\/brasilnoticias.org\/site\/wp-content\/uploads\/2022\/10\/129518filho-de-ex-prefeito-de-itabuna-que-disse-morra-quem-morrer-na-pandemia-e-preso-por-tortura-e-homicidio-3.jpg","contentUrl":"https:\/\/brasilnoticias.org\/site\/wp-content\/uploads\/2022\/10\/129518filho-de-ex-prefeito-de-itabuna-que-disse-morra-quem-morrer-na-pandemia-e-preso-por-tortura-e-homicidio-3.jpg","width":1600,"height":752},{"@type":"BreadcrumbList","@id":"https:\/\/brasilnoticias.org\/site\/filho-de-ex-prefeito-de-itabuna-que-disse-morra-quem-morrer-na-pandemia-e-preso-por-tortura-e-homicidio\/#breadcrumb","itemListElement":[{"@type":"ListItem","position":1,"name":"In\u00edcio","item":"https:\/\/brasilnoticias.org\/site\/"},{"@type":"ListItem","position":2,"name":"Filho de ex-prefeito de Itabuna que disse &#8220;morra quem morrer&#8221; na pandemia \u00e9 preso por tortura e homic\u00eddio"}]},{"@type":"WebSite","@id":"https:\/\/brasilnoticias.org\/site\/#website","url":"https:\/\/brasilnoticias.org\/site\/","name":"Brasil not\u00edcias","description":"Brasil not\u00edcias","publisher":{"@id":"https:\/\/brasilnoticias.org\/site\/#organization"},"potentialAction":[{"@type":"SearchAction","target":{"@type":"EntryPoint","urlTemplate":"https:\/\/brasilnoticias.org\/site\/?s={search_term_string}"},"query-input":{"@type":"PropertyValueSpecification","valueRequired":true,"valueName":"search_term_string"}}],"inLanguage":"pt-PT"},{"@type":"Organization","@id":"https:\/\/brasilnoticias.org\/site\/#organization","name":"Brasil not\u00edcias","url":"https:\/\/brasilnoticias.org\/site\/","logo":{"@type":"ImageObject","inLanguage":"pt-PT","@id":"https:\/\/brasilnoticias.org\/site\/#\/schema\/logo\/image\/","url":"https:\/\/brasilnoticias.org\/site\/wp-content\/uploads\/2022\/05\/cropped-brasilnoticias-mini.jpg","contentUrl":"https:\/\/brasilnoticias.org\/site\/wp-content\/uploads\/2022\/05\/cropped-brasilnoticias-mini.jpg","width":314,"height":86,"caption":"Brasil not\u00edcias"},"image":{"@id":"https:\/\/brasilnoticias.org\/site\/#\/schema\/logo\/image\/"}},{"@type":"Person","@id":"https:\/\/brasilnoticias.org\/site\/#\/schema\/person\/a0e05b973ec4d15c658d51911e53507b","name":"Reda\u00e7\u00e3o","image":{"@type":"ImageObject","inLanguage":"pt-PT","@id":"https:\/\/brasilnoticias.org\/site\/#\/schema\/person\/image\/","url":"https:\/\/secure.gravatar.com\/avatar\/75d8b050df2de108b08ae78dfb8e374892df24a383c67db9c46a9c604f6aee9c?s=96&d=mm&r=g","contentUrl":"https:\/\/secure.gravatar.com\/avatar\/75d8b050df2de108b08ae78dfb8e374892df24a383c67db9c46a9c604f6aee9c?s=96&d=mm&r=g","caption":"Reda\u00e7\u00e3o"},"sameAs":["https:\/\/brasilnoticias.org\/site"],"url":"https:\/\/brasilnoticias.org\/site\/author\/fernandozsngmail-com\/"}]}},"_links":{"self":[{"href":"https:\/\/brasilnoticias.org\/site\/wp-json\/wp\/v2\/posts\/2019","targetHints":{"allow":["GET"]}}],"collection":[{"href":"https:\/\/brasilnoticias.org\/site\/wp-json\/wp\/v2\/posts"}],"about":[{"href":"https:\/\/brasilnoticias.org\/site\/wp-json\/wp\/v2\/types\/post"}],"author":[{"embeddable":true,"href":"https:\/\/brasilnoticias.org\/site\/wp-json\/wp\/v2\/users\/1"}],"replies":[{"embeddable":true,"href":"https:\/\/brasilnoticias.org\/site\/wp-json\/wp\/v2\/comments?post=2019"}],"version-history":[{"count":1,"href":"https:\/\/brasilnoticias.org\/site\/wp-json\/wp\/v2\/posts\/2019\/revisions"}],"predecessor-version":[{"id":2021,"href":"https:\/\/brasilnoticias.org\/site\/wp-json\/wp\/v2\/posts\/2019\/revisions\/2021"}],"wp:featuredmedia":[{"embeddable":true,"href":"https:\/\/brasilnoticias.org\/site\/wp-json\/wp\/v2\/media\/2020"}],"wp:attachment":[{"href":"https:\/\/brasilnoticias.org\/site\/wp-json\/wp\/v2\/media?parent=2019"}],"wp:term":[{"taxonomy":"category","embeddable":true,"href":"https:\/\/brasilnoticias.org\/site\/wp-json\/wp\/v2\/categories?post=2019"},{"taxonomy":"post_tag","embeddable":true,"href":"https:\/\/brasilnoticias.org\/site\/wp-json\/wp\/v2\/tags?post=2019"}],"curies":[{"name":"wp","href":"https:\/\/api.w.org\/{rel}","templated":true}]}}