{"id":20208,"date":"2026-02-06T09:53:23","date_gmt":"2026-02-06T12:53:23","guid":{"rendered":"https:\/\/brasilnoticias.org\/site\/?p=20208"},"modified":"2026-02-06T09:53:23","modified_gmt":"2026-02-06T12:53:23","slug":"angela-guimaraes-expoe-barreiras-raciais-e-de-genero-na-politica-e-confirma-plano-de-disputar-a-camara-de-salvador-em-2028","status":"publish","type":"post","link":"https:\/\/brasilnoticias.org\/site\/angela-guimaraes-expoe-barreiras-raciais-e-de-genero-na-politica-e-confirma-plano-de-disputar-a-camara-de-salvador-em-2028\/","title":{"rendered":"\u00c2ngela Guimar\u00e3es exp\u00f5e barreiras raciais e de g\u00eanero na pol\u00edtica e confirma plano de disputar a C\u00e2mara de Salvador em 2028"},"content":{"rendered":"<p>Reconhecida nos bastidores como um dos quadros mais preparados da esquerda baiana, a secret\u00e1ria estadual de Promo\u00e7\u00e3o da Igualdade Racial, \u00c2ngela Guimar\u00e3es (PCdoB), decidiu transformar em p\u00fablico o que por anos foi um inc\u00f4modo silencioso: a dificuldade estrutural de mulheres negras acessarem cargos eletivos, mesmo quando re\u00fanem curr\u00edculo, trajet\u00f3ria pol\u00edtica e densidade program\u00e1tica.<\/p>\n<p>Em entrevista \u00e0 CBN Salvador, a titular da Sepromi fez um diagn\u00f3stico direto \u2014 e pouco comum dentro da pr\u00f3pria base progressista.<\/p>\n<p>\u201cO que acontece comigo n\u00e3o \u00e9 exce\u00e7\u00e3o. \u00c9 regra. \u00c9 a forma como mulheres, especialmente negras, s\u00e3o tratadas nas estruturas de poder da pol\u00edtica brasileira\u201d, lamentou.<\/p>\n<p>Filiada ao Partido Comunista do Brasil, com mais de duas d\u00e9cadas de experi\u00eancia em gest\u00e3o p\u00fablica, passagem pelos governos federais de Dilma Rousseff e atua\u00e7\u00e3o hist\u00f3rica na formula\u00e7\u00e3o de pol\u00edticas de juventude e igualdade racial, ela j\u00e1 colocou o nome \u00e0 disposi\u00e7\u00e3o para disputar elei\u00e7\u00f5es desde 2016 \u2014 mas nunca conseguiu viabilizar a candidatura.<\/p>\n<p>Nem para vereadora, nem para deputada.<\/p>\n<p>Agora, pela primeira vez, crava um horizonte: \u201cTenho vontade, sim, de ter mandato. Quero disputar a C\u00e2mara de Salvador em 2028.\u201d<\/p>\n<p>\u201cAs c\u00fapulas reproduzem o racismo que dizem combater\u201d<\/p>\n<p>A secret\u00e1ria evitou personalizar a cr\u00edtica, mas foi contundente ao falar do funcionamento interno dos partidos, inclusive os de esquerda.<\/p>\n<p>Segundo ela, h\u00e1 um descompasso entre o discurso p\u00fablico de diversidade e as decis\u00f5es reais de poder.<\/p>\n<p>\u201cMesmo nos partidos progressistas, as barreiras de g\u00eanero e ra\u00e7a continuam l\u00e1. A gente fala muito de representatividade, mas quando chega a hora da caneta, as estruturas se fecham\u201d, apontou.<\/p>\n<p>Ela cita dados para ilustrar o cen\u00e1rio: a Assembleia Legislativa da Bahia elegeu 10 mulheres em 2018 e caiu para sete em 2022. Mulheres negras, ent\u00e3o, s\u00e3o a exce\u00e7\u00e3o da exce\u00e7\u00e3o.<\/p>\n<p>Para contextualizar, lembrou o assassinato da vereadora carioca Marielle Franco (PSOL) como s\u00edmbolo do medo que o sistema pol\u00edtico ainda demonstra diante de lideran\u00e7as negras em ascens\u00e3o.<\/p>\n<p>\u201cMarielle despontou jovem, foi campe\u00e3 de votos e virou amea\u00e7a real a estruturas muito enraizadas. O que aconteceu com ela \u00e9 o extremo do que mulheres negras enfrentam todos os dias na pol\u00edtica\u201d, comparou.<\/p>\n<p>Trajet\u00f3ria longa, espa\u00e7o curto<\/p>\n<p>Natural do Curuzu, formada em Ci\u00eancias Sociais pela Universidade Federal da Bahia, com estudos na Universidade Federal do Sul da Bahia, \u00c2ngela come\u00e7ou a milit\u00e2ncia ainda no movimento estudantil e participou da cria\u00e7\u00e3o de pol\u00edticas p\u00fablicas que hoje s\u00e3o marcos nacionais, como o Estatuto da Juventude e a\u00e7\u00f5es afirmativas no servi\u00e7o p\u00fablico.<\/p>\n<p>Foi a primeira diretora de repara\u00e7\u00e3o racial de S\u00e3o Sebasti\u00e3o do Pass\u00e9, secret\u00e1ria-adjunta nacional de Juventude e, hoje, comanda a pol\u00edtica estadual de igualdade racial no governo Jer\u00f4nimo Rodrigues (PT).<\/p>\n<p>Mesmo assim, relata que segue \u201cbatendo no teto\u201d.<\/p>\n<p>\u201cQuando se \u00e9 homem branco, muitas vezes n\u00e3o se exige nada. Quando \u00e9 mulher negra, pedem todos os requisitos \u2014 e quando voc\u00ea comprova, inventam outros\u201d, criticou.<\/p>\n<p>2028 no radar<\/p>\n<p>Sem romper com o partido, \u00c2ngela diz que continuar\u00e1 a disputar espa\u00e7o \u201cpor dentro\u201d, mas sinaliza que n\u00e3o pretende mais adiar o projeto eleitoral.<\/p>\n<p>A aposta \u00e9 come\u00e7ar pela capital baiana.<\/p>\n<p>\u201cEu tenho um amor muito grande por Salvador. Quero ajudar a cidade a enfrentar a desigualdade profunda que a gente v\u00ea crescer. Meu caminho \u00e9 longo na pol\u00edtica, mas meu tempo \u00e9 agora\u201d, avisou, ao citar o discurso de M\u00e3e Stella de Ox\u00f3ssi, ialorix\u00e1 do terreiro Il\u00ea Ax\u00e9 Op\u00f4 Afonj\u00e1, falecida em 2018, e que chegou a ocupar a cadeira 33 da Academia de Letras da Bahia, ap\u00f3s ser eleita por unanimidade em 2013.<\/p>\n<p>A frase, dita no fim da entrevista, resume a virada de postura: menos espera por convite, mais decis\u00e3o pr\u00f3pria.<\/p>\n<p>Fonte: <a href=\"https:\/\/www.blogdovila.com.br\/noticia\/angela-2028\">Blog do Vila<\/a><\/p>\n","protected":false},"excerpt":{"rendered":"<p>Reconhecida nos bastidores como um dos quadros mais preparados da esquerda baiana, a secret\u00e1ria estadual de Promo\u00e7\u00e3o da Igualdade Racial,<\/p>\n","protected":false},"author":4,"featured_media":20209,"comment_status":"open","ping_status":"open","sticky":false,"template":"","format":"standard","meta":{"colormag_page_container_layout":"default_layout","colormag_page_sidebar_layout":"default_layout","_FSMCFIC_featured_image_caption":"","_FSMCFIC_featured_image_nocaption":"","_FSMCFIC_featured_image_hide":"","footnotes":""},"categories":[5,1],"tags":[],"class_list":["post-20208","post","type-post","status-publish","format-standard","has-post-thumbnail","hentry","category-politica","category-ultimas"],"yoast_head":"<!-- This site is optimized with the Yoast SEO plugin v27.1.1 - https:\/\/yoast.com\/product\/yoast-seo-wordpress\/ -->\n<title>\u00c2ngela Guimar\u00e3es exp\u00f5e barreiras raciais e de g\u00eanero na pol\u00edtica e confirma plano de disputar a C\u00e2mara de Salvador em 2028 - Brasil not\u00edcias<\/title>\n<meta name=\"robots\" content=\"index, follow, max-snippet:-1, max-image-preview:large, max-video-preview:-1\" \/>\n<link rel=\"canonical\" href=\"https:\/\/brasilnoticias.org\/site\/angela-guimaraes-expoe-barreiras-raciais-e-de-genero-na-politica-e-confirma-plano-de-disputar-a-camara-de-salvador-em-2028\/\" \/>\n<meta property=\"og:locale\" content=\"pt_PT\" \/>\n<meta property=\"og:type\" content=\"article\" \/>\n<meta property=\"og:title\" content=\"\u00c2ngela Guimar\u00e3es exp\u00f5e barreiras raciais e de g\u00eanero na pol\u00edtica e confirma plano de disputar a C\u00e2mara de Salvador em 2028 - Brasil not\u00edcias\" \/>\n<meta property=\"og:description\" content=\"Reconhecida nos bastidores como um dos quadros mais preparados da esquerda baiana, a secret\u00e1ria estadual de Promo\u00e7\u00e3o da Igualdade Racial,\" \/>\n<meta property=\"og:url\" content=\"https:\/\/brasilnoticias.org\/site\/angela-guimaraes-expoe-barreiras-raciais-e-de-genero-na-politica-e-confirma-plano-de-disputar-a-camara-de-salvador-em-2028\/\" \/>\n<meta property=\"og:site_name\" content=\"Brasil not\u00edcias\" \/>\n<meta property=\"article:published_time\" content=\"2026-02-06T12:53:23+00:00\" \/>\n<meta property=\"og:image\" content=\"https:\/\/brasilnoticias.org\/site\/wp-content\/uploads\/2026\/02\/WhatsApp-Image-2026-02-05-at-12.45.07.jpeg\" \/>\n\t<meta property=\"og:image:width\" content=\"1233\" \/>\n\t<meta property=\"og:image:height\" content=\"693\" \/>\n\t<meta property=\"og:image:type\" content=\"image\/jpeg\" \/>\n<meta name=\"author\" content=\"Reda\u00e7\u00e3o\" \/>\n<meta name=\"twitter:card\" content=\"summary_large_image\" \/>\n<meta name=\"twitter:label1\" content=\"Escrito por\" \/>\n\t<meta name=\"twitter:data1\" content=\"Reda\u00e7\u00e3o\" \/>\n\t<meta name=\"twitter:label2\" content=\"Tempo estimado de leitura\" \/>\n\t<meta name=\"twitter:data2\" content=\"1 minuto\" \/>\n<script type=\"application\/ld+json\" class=\"yoast-schema-graph\">{\"@context\":\"https:\/\/schema.org\",\"@graph\":[{\"@type\":\"Article\",\"@id\":\"https:\/\/brasilnoticias.org\/site\/angela-guimaraes-expoe-barreiras-raciais-e-de-genero-na-politica-e-confirma-plano-de-disputar-a-camara-de-salvador-em-2028\/#article\",\"isPartOf\":{\"@id\":\"https:\/\/brasilnoticias.org\/site\/angela-guimaraes-expoe-barreiras-raciais-e-de-genero-na-politica-e-confirma-plano-de-disputar-a-camara-de-salvador-em-2028\/\"},\"author\":{\"name\":\"Reda\u00e7\u00e3o\",\"@id\":\"https:\/\/brasilnoticias.org\/site\/#\/schema\/person\/03bbbfe6c7634ad18c26444ea39049fa\"},\"headline\":\"\u00c2ngela Guimar\u00e3es exp\u00f5e barreiras raciais e de g\u00eanero na pol\u00edtica e confirma plano de disputar a C\u00e2mara de Salvador em 2028\",\"datePublished\":\"2026-02-06T12:53:23+00:00\",\"mainEntityOfPage\":{\"@id\":\"https:\/\/brasilnoticias.org\/site\/angela-guimaraes-expoe-barreiras-raciais-e-de-genero-na-politica-e-confirma-plano-de-disputar-a-camara-de-salvador-em-2028\/\"},\"wordCount\":676,\"commentCount\":0,\"publisher\":{\"@id\":\"https:\/\/brasilnoticias.org\/site\/#organization\"},\"image\":{\"@id\":\"https:\/\/brasilnoticias.org\/site\/angela-guimaraes-expoe-barreiras-raciais-e-de-genero-na-politica-e-confirma-plano-de-disputar-a-camara-de-salvador-em-2028\/#primaryimage\"},\"thumbnailUrl\":\"https:\/\/brasilnoticias.org\/site\/wp-content\/uploads\/2026\/02\/WhatsApp-Image-2026-02-05-at-12.45.07.jpeg\",\"articleSection\":[\"Pol\u00edtica\",\"\u00daltimas\"],\"inLanguage\":\"pt-PT\",\"potentialAction\":[{\"@type\":\"CommentAction\",\"name\":\"Comment\",\"target\":[\"https:\/\/brasilnoticias.org\/site\/angela-guimaraes-expoe-barreiras-raciais-e-de-genero-na-politica-e-confirma-plano-de-disputar-a-camara-de-salvador-em-2028\/#respond\"]}]},{\"@type\":\"WebPage\",\"@id\":\"https:\/\/brasilnoticias.org\/site\/angela-guimaraes-expoe-barreiras-raciais-e-de-genero-na-politica-e-confirma-plano-de-disputar-a-camara-de-salvador-em-2028\/\",\"url\":\"https:\/\/brasilnoticias.org\/site\/angela-guimaraes-expoe-barreiras-raciais-e-de-genero-na-politica-e-confirma-plano-de-disputar-a-camara-de-salvador-em-2028\/\",\"name\":\"\u00c2ngela Guimar\u00e3es exp\u00f5e barreiras raciais e de g\u00eanero na pol\u00edtica e confirma plano de disputar a C\u00e2mara de Salvador em 2028 - Brasil not\u00edcias\",\"isPartOf\":{\"@id\":\"https:\/\/brasilnoticias.org\/site\/#website\"},\"primaryImageOfPage\":{\"@id\":\"https:\/\/brasilnoticias.org\/site\/angela-guimaraes-expoe-barreiras-raciais-e-de-genero-na-politica-e-confirma-plano-de-disputar-a-camara-de-salvador-em-2028\/#primaryimage\"},\"image\":{\"@id\":\"https:\/\/brasilnoticias.org\/site\/angela-guimaraes-expoe-barreiras-raciais-e-de-genero-na-politica-e-confirma-plano-de-disputar-a-camara-de-salvador-em-2028\/#primaryimage\"},\"thumbnailUrl\":\"https:\/\/brasilnoticias.org\/site\/wp-content\/uploads\/2026\/02\/WhatsApp-Image-2026-02-05-at-12.45.07.jpeg\",\"datePublished\":\"2026-02-06T12:53:23+00:00\",\"breadcrumb\":{\"@id\":\"https:\/\/brasilnoticias.org\/site\/angela-guimaraes-expoe-barreiras-raciais-e-de-genero-na-politica-e-confirma-plano-de-disputar-a-camara-de-salvador-em-2028\/#breadcrumb\"},\"inLanguage\":\"pt-PT\",\"potentialAction\":[{\"@type\":\"ReadAction\",\"target\":[\"https:\/\/brasilnoticias.org\/site\/angela-guimaraes-expoe-barreiras-raciais-e-de-genero-na-politica-e-confirma-plano-de-disputar-a-camara-de-salvador-em-2028\/\"]}]},{\"@type\":\"ImageObject\",\"inLanguage\":\"pt-PT\",\"@id\":\"https:\/\/brasilnoticias.org\/site\/angela-guimaraes-expoe-barreiras-raciais-e-de-genero-na-politica-e-confirma-plano-de-disputar-a-camara-de-salvador-em-2028\/#primaryimage\",\"url\":\"https:\/\/brasilnoticias.org\/site\/wp-content\/uploads\/2026\/02\/WhatsApp-Image-2026-02-05-at-12.45.07.jpeg\",\"contentUrl\":\"https:\/\/brasilnoticias.org\/site\/wp-content\/uploads\/2026\/02\/WhatsApp-Image-2026-02-05-at-12.45.07.jpeg\",\"width\":1233,\"height\":693},{\"@type\":\"BreadcrumbList\",\"@id\":\"https:\/\/brasilnoticias.org\/site\/angela-guimaraes-expoe-barreiras-raciais-e-de-genero-na-politica-e-confirma-plano-de-disputar-a-camara-de-salvador-em-2028\/#breadcrumb\",\"itemListElement\":[{\"@type\":\"ListItem\",\"position\":1,\"name\":\"In\u00edcio\",\"item\":\"https:\/\/brasilnoticias.org\/site\/\"},{\"@type\":\"ListItem\",\"position\":2,\"name\":\"\u00c2ngela Guimar\u00e3es exp\u00f5e barreiras raciais e de g\u00eanero na pol\u00edtica e confirma plano de disputar a C\u00e2mara de Salvador em 2028\"}]},{\"@type\":\"WebSite\",\"@id\":\"https:\/\/brasilnoticias.org\/site\/#website\",\"url\":\"https:\/\/brasilnoticias.org\/site\/\",\"name\":\"Brasil not\u00edcias\",\"description\":\"Brasil not\u00edcias\",\"publisher\":{\"@id\":\"https:\/\/brasilnoticias.org\/site\/#organization\"},\"potentialAction\":[{\"@type\":\"SearchAction\",\"target\":{\"@type\":\"EntryPoint\",\"urlTemplate\":\"https:\/\/brasilnoticias.org\/site\/?s={search_term_string}\"},\"query-input\":{\"@type\":\"PropertyValueSpecification\",\"valueRequired\":true,\"valueName\":\"search_term_string\"}}],\"inLanguage\":\"pt-PT\"},{\"@type\":\"Organization\",\"@id\":\"https:\/\/brasilnoticias.org\/site\/#organization\",\"name\":\"Brasil not\u00edcias\",\"url\":\"https:\/\/brasilnoticias.org\/site\/\",\"logo\":{\"@type\":\"ImageObject\",\"inLanguage\":\"pt-PT\",\"@id\":\"https:\/\/brasilnoticias.org\/site\/#\/schema\/logo\/image\/\",\"url\":\"https:\/\/brasilnoticias.org\/site\/wp-content\/uploads\/2022\/05\/cropped-brasilnoticias-mini.jpg\",\"contentUrl\":\"https:\/\/brasilnoticias.org\/site\/wp-content\/uploads\/2022\/05\/cropped-brasilnoticias-mini.jpg\",\"width\":314,\"height\":86,\"caption\":\"Brasil not\u00edcias\"},\"image\":{\"@id\":\"https:\/\/brasilnoticias.org\/site\/#\/schema\/logo\/image\/\"}},{\"@type\":\"Person\",\"@id\":\"https:\/\/brasilnoticias.org\/site\/#\/schema\/person\/03bbbfe6c7634ad18c26444ea39049fa\",\"name\":\"Reda\u00e7\u00e3o\",\"image\":{\"@type\":\"ImageObject\",\"inLanguage\":\"pt-PT\",\"@id\":\"https:\/\/brasilnoticias.org\/site\/#\/schema\/person\/image\/\",\"url\":\"https:\/\/secure.gravatar.com\/avatar\/9ecaf7327a696cb23ad926fedded5f1f04d7049de9e445375d55b48c001a6e42?s=96&d=mm&r=g\",\"contentUrl\":\"https:\/\/secure.gravatar.com\/avatar\/9ecaf7327a696cb23ad926fedded5f1f04d7049de9e445375d55b48c001a6e42?s=96&d=mm&r=g\",\"caption\":\"Reda\u00e7\u00e3o\"},\"url\":\"https:\/\/brasilnoticias.org\/site\/author\/henrique\/\"}]}<\/script>\n<!-- \/ Yoast SEO plugin. -->","yoast_head_json":{"title":"\u00c2ngela Guimar\u00e3es exp\u00f5e barreiras raciais e de g\u00eanero na pol\u00edtica e confirma plano de disputar a C\u00e2mara de Salvador em 2028 - Brasil not\u00edcias","robots":{"index":"index","follow":"follow","max-snippet":"max-snippet:-1","max-image-preview":"max-image-preview:large","max-video-preview":"max-video-preview:-1"},"canonical":"https:\/\/brasilnoticias.org\/site\/angela-guimaraes-expoe-barreiras-raciais-e-de-genero-na-politica-e-confirma-plano-de-disputar-a-camara-de-salvador-em-2028\/","og_locale":"pt_PT","og_type":"article","og_title":"\u00c2ngela Guimar\u00e3es exp\u00f5e barreiras raciais e de g\u00eanero na pol\u00edtica e confirma plano de disputar a C\u00e2mara de Salvador em 2028 - Brasil not\u00edcias","og_description":"Reconhecida nos bastidores como um dos quadros mais preparados da esquerda baiana, a secret\u00e1ria estadual de Promo\u00e7\u00e3o da Igualdade Racial,","og_url":"https:\/\/brasilnoticias.org\/site\/angela-guimaraes-expoe-barreiras-raciais-e-de-genero-na-politica-e-confirma-plano-de-disputar-a-camara-de-salvador-em-2028\/","og_site_name":"Brasil not\u00edcias","article_published_time":"2026-02-06T12:53:23+00:00","og_image":[{"width":1233,"height":693,"url":"https:\/\/brasilnoticias.org\/site\/wp-content\/uploads\/2026\/02\/WhatsApp-Image-2026-02-05-at-12.45.07.jpeg","type":"image\/jpeg"}],"author":"Reda\u00e7\u00e3o","twitter_card":"summary_large_image","twitter_misc":{"Escrito por":"Reda\u00e7\u00e3o","Tempo estimado de leitura":"1 minuto"},"schema":{"@context":"https:\/\/schema.org","@graph":[{"@type":"Article","@id":"https:\/\/brasilnoticias.org\/site\/angela-guimaraes-expoe-barreiras-raciais-e-de-genero-na-politica-e-confirma-plano-de-disputar-a-camara-de-salvador-em-2028\/#article","isPartOf":{"@id":"https:\/\/brasilnoticias.org\/site\/angela-guimaraes-expoe-barreiras-raciais-e-de-genero-na-politica-e-confirma-plano-de-disputar-a-camara-de-salvador-em-2028\/"},"author":{"name":"Reda\u00e7\u00e3o","@id":"https:\/\/brasilnoticias.org\/site\/#\/schema\/person\/03bbbfe6c7634ad18c26444ea39049fa"},"headline":"\u00c2ngela Guimar\u00e3es exp\u00f5e barreiras raciais e de g\u00eanero na pol\u00edtica e confirma plano de disputar a C\u00e2mara de Salvador em 2028","datePublished":"2026-02-06T12:53:23+00:00","mainEntityOfPage":{"@id":"https:\/\/brasilnoticias.org\/site\/angela-guimaraes-expoe-barreiras-raciais-e-de-genero-na-politica-e-confirma-plano-de-disputar-a-camara-de-salvador-em-2028\/"},"wordCount":676,"commentCount":0,"publisher":{"@id":"https:\/\/brasilnoticias.org\/site\/#organization"},"image":{"@id":"https:\/\/brasilnoticias.org\/site\/angela-guimaraes-expoe-barreiras-raciais-e-de-genero-na-politica-e-confirma-plano-de-disputar-a-camara-de-salvador-em-2028\/#primaryimage"},"thumbnailUrl":"https:\/\/brasilnoticias.org\/site\/wp-content\/uploads\/2026\/02\/WhatsApp-Image-2026-02-05-at-12.45.07.jpeg","articleSection":["Pol\u00edtica","\u00daltimas"],"inLanguage":"pt-PT","potentialAction":[{"@type":"CommentAction","name":"Comment","target":["https:\/\/brasilnoticias.org\/site\/angela-guimaraes-expoe-barreiras-raciais-e-de-genero-na-politica-e-confirma-plano-de-disputar-a-camara-de-salvador-em-2028\/#respond"]}]},{"@type":"WebPage","@id":"https:\/\/brasilnoticias.org\/site\/angela-guimaraes-expoe-barreiras-raciais-e-de-genero-na-politica-e-confirma-plano-de-disputar-a-camara-de-salvador-em-2028\/","url":"https:\/\/brasilnoticias.org\/site\/angela-guimaraes-expoe-barreiras-raciais-e-de-genero-na-politica-e-confirma-plano-de-disputar-a-camara-de-salvador-em-2028\/","name":"\u00c2ngela Guimar\u00e3es exp\u00f5e barreiras raciais e de g\u00eanero na pol\u00edtica e confirma plano de disputar a C\u00e2mara de Salvador em 2028 - Brasil not\u00edcias","isPartOf":{"@id":"https:\/\/brasilnoticias.org\/site\/#website"},"primaryImageOfPage":{"@id":"https:\/\/brasilnoticias.org\/site\/angela-guimaraes-expoe-barreiras-raciais-e-de-genero-na-politica-e-confirma-plano-de-disputar-a-camara-de-salvador-em-2028\/#primaryimage"},"image":{"@id":"https:\/\/brasilnoticias.org\/site\/angela-guimaraes-expoe-barreiras-raciais-e-de-genero-na-politica-e-confirma-plano-de-disputar-a-camara-de-salvador-em-2028\/#primaryimage"},"thumbnailUrl":"https:\/\/brasilnoticias.org\/site\/wp-content\/uploads\/2026\/02\/WhatsApp-Image-2026-02-05-at-12.45.07.jpeg","datePublished":"2026-02-06T12:53:23+00:00","breadcrumb":{"@id":"https:\/\/brasilnoticias.org\/site\/angela-guimaraes-expoe-barreiras-raciais-e-de-genero-na-politica-e-confirma-plano-de-disputar-a-camara-de-salvador-em-2028\/#breadcrumb"},"inLanguage":"pt-PT","potentialAction":[{"@type":"ReadAction","target":["https:\/\/brasilnoticias.org\/site\/angela-guimaraes-expoe-barreiras-raciais-e-de-genero-na-politica-e-confirma-plano-de-disputar-a-camara-de-salvador-em-2028\/"]}]},{"@type":"ImageObject","inLanguage":"pt-PT","@id":"https:\/\/brasilnoticias.org\/site\/angela-guimaraes-expoe-barreiras-raciais-e-de-genero-na-politica-e-confirma-plano-de-disputar-a-camara-de-salvador-em-2028\/#primaryimage","url":"https:\/\/brasilnoticias.org\/site\/wp-content\/uploads\/2026\/02\/WhatsApp-Image-2026-02-05-at-12.45.07.jpeg","contentUrl":"https:\/\/brasilnoticias.org\/site\/wp-content\/uploads\/2026\/02\/WhatsApp-Image-2026-02-05-at-12.45.07.jpeg","width":1233,"height":693},{"@type":"BreadcrumbList","@id":"https:\/\/brasilnoticias.org\/site\/angela-guimaraes-expoe-barreiras-raciais-e-de-genero-na-politica-e-confirma-plano-de-disputar-a-camara-de-salvador-em-2028\/#breadcrumb","itemListElement":[{"@type":"ListItem","position":1,"name":"In\u00edcio","item":"https:\/\/brasilnoticias.org\/site\/"},{"@type":"ListItem","position":2,"name":"\u00c2ngela Guimar\u00e3es exp\u00f5e barreiras raciais e de g\u00eanero na pol\u00edtica e confirma plano de disputar a C\u00e2mara de Salvador em 2028"}]},{"@type":"WebSite","@id":"https:\/\/brasilnoticias.org\/site\/#website","url":"https:\/\/brasilnoticias.org\/site\/","name":"Brasil not\u00edcias","description":"Brasil not\u00edcias","publisher":{"@id":"https:\/\/brasilnoticias.org\/site\/#organization"},"potentialAction":[{"@type":"SearchAction","target":{"@type":"EntryPoint","urlTemplate":"https:\/\/brasilnoticias.org\/site\/?s={search_term_string}"},"query-input":{"@type":"PropertyValueSpecification","valueRequired":true,"valueName":"search_term_string"}}],"inLanguage":"pt-PT"},{"@type":"Organization","@id":"https:\/\/brasilnoticias.org\/site\/#organization","name":"Brasil not\u00edcias","url":"https:\/\/brasilnoticias.org\/site\/","logo":{"@type":"ImageObject","inLanguage":"pt-PT","@id":"https:\/\/brasilnoticias.org\/site\/#\/schema\/logo\/image\/","url":"https:\/\/brasilnoticias.org\/site\/wp-content\/uploads\/2022\/05\/cropped-brasilnoticias-mini.jpg","contentUrl":"https:\/\/brasilnoticias.org\/site\/wp-content\/uploads\/2022\/05\/cropped-brasilnoticias-mini.jpg","width":314,"height":86,"caption":"Brasil not\u00edcias"},"image":{"@id":"https:\/\/brasilnoticias.org\/site\/#\/schema\/logo\/image\/"}},{"@type":"Person","@id":"https:\/\/brasilnoticias.org\/site\/#\/schema\/person\/03bbbfe6c7634ad18c26444ea39049fa","name":"Reda\u00e7\u00e3o","image":{"@type":"ImageObject","inLanguage":"pt-PT","@id":"https:\/\/brasilnoticias.org\/site\/#\/schema\/person\/image\/","url":"https:\/\/secure.gravatar.com\/avatar\/9ecaf7327a696cb23ad926fedded5f1f04d7049de9e445375d55b48c001a6e42?s=96&d=mm&r=g","contentUrl":"https:\/\/secure.gravatar.com\/avatar\/9ecaf7327a696cb23ad926fedded5f1f04d7049de9e445375d55b48c001a6e42?s=96&d=mm&r=g","caption":"Reda\u00e7\u00e3o"},"url":"https:\/\/brasilnoticias.org\/site\/author\/henrique\/"}]}},"_links":{"self":[{"href":"https:\/\/brasilnoticias.org\/site\/wp-json\/wp\/v2\/posts\/20208","targetHints":{"allow":["GET"]}}],"collection":[{"href":"https:\/\/brasilnoticias.org\/site\/wp-json\/wp\/v2\/posts"}],"about":[{"href":"https:\/\/brasilnoticias.org\/site\/wp-json\/wp\/v2\/types\/post"}],"author":[{"embeddable":true,"href":"https:\/\/brasilnoticias.org\/site\/wp-json\/wp\/v2\/users\/4"}],"replies":[{"embeddable":true,"href":"https:\/\/brasilnoticias.org\/site\/wp-json\/wp\/v2\/comments?post=20208"}],"version-history":[{"count":1,"href":"https:\/\/brasilnoticias.org\/site\/wp-json\/wp\/v2\/posts\/20208\/revisions"}],"predecessor-version":[{"id":20210,"href":"https:\/\/brasilnoticias.org\/site\/wp-json\/wp\/v2\/posts\/20208\/revisions\/20210"}],"wp:featuredmedia":[{"embeddable":true,"href":"https:\/\/brasilnoticias.org\/site\/wp-json\/wp\/v2\/media\/20209"}],"wp:attachment":[{"href":"https:\/\/brasilnoticias.org\/site\/wp-json\/wp\/v2\/media?parent=20208"}],"wp:term":[{"taxonomy":"category","embeddable":true,"href":"https:\/\/brasilnoticias.org\/site\/wp-json\/wp\/v2\/categories?post=20208"},{"taxonomy":"post_tag","embeddable":true,"href":"https:\/\/brasilnoticias.org\/site\/wp-json\/wp\/v2\/tags?post=20208"}],"curies":[{"name":"wp","href":"https:\/\/api.w.org\/{rel}","templated":true}]}}