{"id":20236,"date":"2026-02-07T21:05:43","date_gmt":"2026-02-08T00:05:43","guid":{"rendered":"https:\/\/brasilnoticias.org\/site\/?p=20236"},"modified":"2026-02-07T21:06:16","modified_gmt":"2026-02-08T00:06:16","slug":"haddad-diz-que-classe-dominante-brasileira-entende-o-estado-como-se-fosse-dela","status":"publish","type":"post","link":"https:\/\/brasilnoticias.org\/site\/haddad-diz-que-classe-dominante-brasileira-entende-o-estado-como-se-fosse-dela\/","title":{"rendered":"Haddad diz que classe dominante brasileira entende o Estado como se fosse dela"},"content":{"rendered":"<p>O ex-ministro e ex-candidato \u00e0 Presid\u00eancia da Rep\u00fablica **Fernando Haddad** afirmou que a classe dominante no Brasil adota uma vis\u00e3o de que o Estado pertence a ela, privilegiando seus pr\u00f3prios interesses em detrimento das necessidades mais amplas da popula\u00e7\u00e3o. A declara\u00e7\u00e3o foi feita em evento voltado para debates sobre pol\u00edtica, economia e o papel das institui\u00e7\u00f5es p\u00fablicas na constru\u00e7\u00e3o de pol\u00edticas p\u00fablicas mais inclusivas.<\/p>\n<p>Durante sua fala, Haddad destacou que esse entendimento distorcido do papel do Estado \u2014 como propriedade de um grupo social espec\u00edfico \u2014 impede a implementa\u00e7\u00e3o de pol\u00edticas que beneficiem de forma mais equitativa a popula\u00e7\u00e3o brasileira. Segundo ele, quando setores privilegiados veem o Estado como um instrumento para seus pr\u00f3prios interesses, isso acaba influenciando decis\u00f5es que poderiam reduzir desigualdades e promover desenvolvimento sustent\u00e1vel.<\/p>\n<p>O ex-ministro tamb\u00e9m apontou que esse tipo de pensamento pode comprometer a confian\u00e7a nas institui\u00e7\u00f5es democr\u00e1ticas, j\u00e1 que gera sensa\u00e7\u00e3o de exclus\u00e3o entre grandes parcelas da popula\u00e7\u00e3o que n\u00e3o se identificam com as elites que tradicionalmente ocupam posi\u00e7\u00f5es de poder. Haddad destacou ainda a import\u00e2ncia de fortalecer mecanismos de participa\u00e7\u00e3o popular para que decis\u00f5es estruturantes, como or\u00e7amento p\u00fablico e prioridades de pol\u00edticas sociais, reflitam os anseios e necessidades da maioria da popula\u00e7\u00e3o.<\/p>\n<p>Em sua an\u00e1lise, ele ressaltou que o fortalecimento de uma democracia mais robusta passa pela constru\u00e7\u00e3o de um Estado que seja percebido como um instrumento de todos os cidad\u00e3os, e n\u00e3o apenas de um grupo restrito. Para isso, segundo Haddad, \u00e9 fundamental o incentivo \u00e0 transpar\u00eancia, \u00e0 participa\u00e7\u00e3o cidad\u00e3 ativa e ao fortalecimento de institui\u00e7\u00f5es que garantam a efetividade dos direitos sociais previstos na Constitui\u00e7\u00e3o.<\/p>\n<p>O debate tamb\u00e9m abordou temas como desigualdade regional, financiamento de pol\u00edticas p\u00fablicas e os desafios enfrentados pelo Brasil diante de um cen\u00e1rio global de mudan\u00e7as econ\u00f4micas e sociais. Haddad refor\u00e7ou que a consolida\u00e7\u00e3o de um projeto democr\u00e1tico e social requer a atua\u00e7\u00e3o conjunta de diferentes setores da sociedade, incluindo movimentos sociais, universidades, trabalhadores e lideran\u00e7as comunit\u00e1rias.<\/p>\n<p>Fonte: Ag\u00eancia Brasil<br \/>\nFoto: Rovena Rosa\/Ag\u00eancia Brasil<\/p>\n","protected":false},"excerpt":{"rendered":"<p>O ex-ministro e ex-candidato \u00e0 Presid\u00eancia da Rep\u00fablica **Fernando Haddad** afirmou que a classe dominante no Brasil adota uma vis\u00e3o<\/p>\n","protected":false},"author":4,"featured_media":20238,"comment_status":"open","ping_status":"open","sticky":false,"template":"","format":"standard","meta":{"colormag_page_container_layout":"default_layout","colormag_page_sidebar_layout":"default_layout","_FSMCFIC_featured_image_caption":"","_FSMCFIC_featured_image_nocaption":"","_FSMCFIC_featured_image_hide":"","footnotes":""},"categories":[7,1],"tags":[],"class_list":["post-20236","post","type-post","status-publish","format-standard","has-post-thumbnail","hentry","category-justica","category-ultimas"],"yoast_head":"<!-- This site is optimized with the Yoast SEO plugin v27.1.1 - https:\/\/yoast.com\/product\/yoast-seo-wordpress\/ -->\n<title>Haddad diz que classe dominante brasileira entende o Estado como se fosse dela - Brasil not\u00edcias<\/title>\n<meta name=\"robots\" content=\"index, follow, max-snippet:-1, max-image-preview:large, max-video-preview:-1\" \/>\n<link rel=\"canonical\" href=\"https:\/\/brasilnoticias.org\/site\/haddad-diz-que-classe-dominante-brasileira-entende-o-estado-como-se-fosse-dela\/\" \/>\n<meta property=\"og:locale\" content=\"pt_PT\" \/>\n<meta property=\"og:type\" content=\"article\" \/>\n<meta property=\"og:title\" content=\"Haddad diz que classe dominante brasileira entende o Estado como se fosse dela - Brasil not\u00edcias\" \/>\n<meta property=\"og:description\" content=\"O ex-ministro e ex-candidato \u00e0 Presid\u00eancia da Rep\u00fablica **Fernando Haddad** afirmou que a classe dominante no Brasil adota uma vis\u00e3o\" \/>\n<meta property=\"og:url\" content=\"https:\/\/brasilnoticias.org\/site\/haddad-diz-que-classe-dominante-brasileira-entende-o-estado-como-se-fosse-dela\/\" \/>\n<meta property=\"og:site_name\" content=\"Brasil not\u00edcias\" \/>\n<meta property=\"article:published_time\" content=\"2026-02-08T00:05:43+00:00\" \/>\n<meta property=\"article:modified_time\" content=\"2026-02-08T00:06:16+00:00\" \/>\n<meta property=\"og:image\" content=\"https:\/\/brasilnoticias.org\/site\/wp-content\/uploads\/2026\/02\/0g0a3018.webp\" \/>\n\t<meta property=\"og:image:width\" content=\"1170\" \/>\n\t<meta property=\"og:image:height\" content=\"700\" \/>\n\t<meta property=\"og:image:type\" content=\"image\/webp\" \/>\n<meta name=\"author\" content=\"Reda\u00e7\u00e3o\" \/>\n<meta name=\"twitter:card\" content=\"summary_large_image\" \/>\n<meta name=\"twitter:label1\" content=\"Escrito por\" \/>\n\t<meta name=\"twitter:data1\" content=\"Reda\u00e7\u00e3o\" \/>\n\t<meta name=\"twitter:label2\" content=\"Tempo estimado de leitura\" \/>\n\t<meta name=\"twitter:data2\" content=\"2 minutos\" \/>\n<script type=\"application\/ld+json\" class=\"yoast-schema-graph\">{\"@context\":\"https:\/\/schema.org\",\"@graph\":[{\"@type\":\"Article\",\"@id\":\"https:\/\/brasilnoticias.org\/site\/haddad-diz-que-classe-dominante-brasileira-entende-o-estado-como-se-fosse-dela\/#article\",\"isPartOf\":{\"@id\":\"https:\/\/brasilnoticias.org\/site\/haddad-diz-que-classe-dominante-brasileira-entende-o-estado-como-se-fosse-dela\/\"},\"author\":{\"name\":\"Reda\u00e7\u00e3o\",\"@id\":\"https:\/\/brasilnoticias.org\/site\/#\/schema\/person\/03bbbfe6c7634ad18c26444ea39049fa\"},\"headline\":\"Haddad diz que classe dominante brasileira entende o Estado como se fosse dela\",\"datePublished\":\"2026-02-08T00:05:43+00:00\",\"dateModified\":\"2026-02-08T00:06:16+00:00\",\"mainEntityOfPage\":{\"@id\":\"https:\/\/brasilnoticias.org\/site\/haddad-diz-que-classe-dominante-brasileira-entende-o-estado-como-se-fosse-dela\/\"},\"wordCount\":392,\"commentCount\":0,\"publisher\":{\"@id\":\"https:\/\/brasilnoticias.org\/site\/#organization\"},\"image\":{\"@id\":\"https:\/\/brasilnoticias.org\/site\/haddad-diz-que-classe-dominante-brasileira-entende-o-estado-como-se-fosse-dela\/#primaryimage\"},\"thumbnailUrl\":\"https:\/\/brasilnoticias.org\/site\/wp-content\/uploads\/2026\/02\/0g0a3018.webp\",\"articleSection\":[\"Justi\u00e7a\",\"\u00daltimas\"],\"inLanguage\":\"pt-PT\",\"potentialAction\":[{\"@type\":\"CommentAction\",\"name\":\"Comment\",\"target\":[\"https:\/\/brasilnoticias.org\/site\/haddad-diz-que-classe-dominante-brasileira-entende-o-estado-como-se-fosse-dela\/#respond\"]}]},{\"@type\":\"WebPage\",\"@id\":\"https:\/\/brasilnoticias.org\/site\/haddad-diz-que-classe-dominante-brasileira-entende-o-estado-como-se-fosse-dela\/\",\"url\":\"https:\/\/brasilnoticias.org\/site\/haddad-diz-que-classe-dominante-brasileira-entende-o-estado-como-se-fosse-dela\/\",\"name\":\"Haddad diz que classe dominante brasileira entende o Estado como se fosse dela - Brasil not\u00edcias\",\"isPartOf\":{\"@id\":\"https:\/\/brasilnoticias.org\/site\/#website\"},\"primaryImageOfPage\":{\"@id\":\"https:\/\/brasilnoticias.org\/site\/haddad-diz-que-classe-dominante-brasileira-entende-o-estado-como-se-fosse-dela\/#primaryimage\"},\"image\":{\"@id\":\"https:\/\/brasilnoticias.org\/site\/haddad-diz-que-classe-dominante-brasileira-entende-o-estado-como-se-fosse-dela\/#primaryimage\"},\"thumbnailUrl\":\"https:\/\/brasilnoticias.org\/site\/wp-content\/uploads\/2026\/02\/0g0a3018.webp\",\"datePublished\":\"2026-02-08T00:05:43+00:00\",\"dateModified\":\"2026-02-08T00:06:16+00:00\",\"breadcrumb\":{\"@id\":\"https:\/\/brasilnoticias.org\/site\/haddad-diz-que-classe-dominante-brasileira-entende-o-estado-como-se-fosse-dela\/#breadcrumb\"},\"inLanguage\":\"pt-PT\",\"potentialAction\":[{\"@type\":\"ReadAction\",\"target\":[\"https:\/\/brasilnoticias.org\/site\/haddad-diz-que-classe-dominante-brasileira-entende-o-estado-como-se-fosse-dela\/\"]}]},{\"@type\":\"ImageObject\",\"inLanguage\":\"pt-PT\",\"@id\":\"https:\/\/brasilnoticias.org\/site\/haddad-diz-que-classe-dominante-brasileira-entende-o-estado-como-se-fosse-dela\/#primaryimage\",\"url\":\"https:\/\/brasilnoticias.org\/site\/wp-content\/uploads\/2026\/02\/0g0a3018.webp\",\"contentUrl\":\"https:\/\/brasilnoticias.org\/site\/wp-content\/uploads\/2026\/02\/0g0a3018.webp\",\"width\":1170,\"height\":700},{\"@type\":\"BreadcrumbList\",\"@id\":\"https:\/\/brasilnoticias.org\/site\/haddad-diz-que-classe-dominante-brasileira-entende-o-estado-como-se-fosse-dela\/#breadcrumb\",\"itemListElement\":[{\"@type\":\"ListItem\",\"position\":1,\"name\":\"In\u00edcio\",\"item\":\"https:\/\/brasilnoticias.org\/site\/\"},{\"@type\":\"ListItem\",\"position\":2,\"name\":\"Haddad diz que classe dominante brasileira entende o Estado como se fosse dela\"}]},{\"@type\":\"WebSite\",\"@id\":\"https:\/\/brasilnoticias.org\/site\/#website\",\"url\":\"https:\/\/brasilnoticias.org\/site\/\",\"name\":\"Brasil not\u00edcias\",\"description\":\"Brasil not\u00edcias\",\"publisher\":{\"@id\":\"https:\/\/brasilnoticias.org\/site\/#organization\"},\"potentialAction\":[{\"@type\":\"SearchAction\",\"target\":{\"@type\":\"EntryPoint\",\"urlTemplate\":\"https:\/\/brasilnoticias.org\/site\/?s={search_term_string}\"},\"query-input\":{\"@type\":\"PropertyValueSpecification\",\"valueRequired\":true,\"valueName\":\"search_term_string\"}}],\"inLanguage\":\"pt-PT\"},{\"@type\":\"Organization\",\"@id\":\"https:\/\/brasilnoticias.org\/site\/#organization\",\"name\":\"Brasil not\u00edcias\",\"url\":\"https:\/\/brasilnoticias.org\/site\/\",\"logo\":{\"@type\":\"ImageObject\",\"inLanguage\":\"pt-PT\",\"@id\":\"https:\/\/brasilnoticias.org\/site\/#\/schema\/logo\/image\/\",\"url\":\"https:\/\/brasilnoticias.org\/site\/wp-content\/uploads\/2022\/05\/cropped-brasilnoticias-mini.jpg\",\"contentUrl\":\"https:\/\/brasilnoticias.org\/site\/wp-content\/uploads\/2022\/05\/cropped-brasilnoticias-mini.jpg\",\"width\":314,\"height\":86,\"caption\":\"Brasil not\u00edcias\"},\"image\":{\"@id\":\"https:\/\/brasilnoticias.org\/site\/#\/schema\/logo\/image\/\"}},{\"@type\":\"Person\",\"@id\":\"https:\/\/brasilnoticias.org\/site\/#\/schema\/person\/03bbbfe6c7634ad18c26444ea39049fa\",\"name\":\"Reda\u00e7\u00e3o\",\"image\":{\"@type\":\"ImageObject\",\"inLanguage\":\"pt-PT\",\"@id\":\"https:\/\/brasilnoticias.org\/site\/#\/schema\/person\/image\/\",\"url\":\"https:\/\/secure.gravatar.com\/avatar\/9ecaf7327a696cb23ad926fedded5f1f04d7049de9e445375d55b48c001a6e42?s=96&d=mm&r=g\",\"contentUrl\":\"https:\/\/secure.gravatar.com\/avatar\/9ecaf7327a696cb23ad926fedded5f1f04d7049de9e445375d55b48c001a6e42?s=96&d=mm&r=g\",\"caption\":\"Reda\u00e7\u00e3o\"},\"url\":\"https:\/\/brasilnoticias.org\/site\/author\/henrique\/\"}]}<\/script>\n<!-- \/ Yoast SEO plugin. -->","yoast_head_json":{"title":"Haddad diz que classe dominante brasileira entende o Estado como se fosse dela - Brasil not\u00edcias","robots":{"index":"index","follow":"follow","max-snippet":"max-snippet:-1","max-image-preview":"max-image-preview:large","max-video-preview":"max-video-preview:-1"},"canonical":"https:\/\/brasilnoticias.org\/site\/haddad-diz-que-classe-dominante-brasileira-entende-o-estado-como-se-fosse-dela\/","og_locale":"pt_PT","og_type":"article","og_title":"Haddad diz que classe dominante brasileira entende o Estado como se fosse dela - Brasil not\u00edcias","og_description":"O ex-ministro e ex-candidato \u00e0 Presid\u00eancia da Rep\u00fablica **Fernando Haddad** afirmou que a classe dominante no Brasil adota uma vis\u00e3o","og_url":"https:\/\/brasilnoticias.org\/site\/haddad-diz-que-classe-dominante-brasileira-entende-o-estado-como-se-fosse-dela\/","og_site_name":"Brasil not\u00edcias","article_published_time":"2026-02-08T00:05:43+00:00","article_modified_time":"2026-02-08T00:06:16+00:00","og_image":[{"width":1170,"height":700,"url":"https:\/\/brasilnoticias.org\/site\/wp-content\/uploads\/2026\/02\/0g0a3018.webp","type":"image\/webp"}],"author":"Reda\u00e7\u00e3o","twitter_card":"summary_large_image","twitter_misc":{"Escrito por":"Reda\u00e7\u00e3o","Tempo estimado de leitura":"2 minutos"},"schema":{"@context":"https:\/\/schema.org","@graph":[{"@type":"Article","@id":"https:\/\/brasilnoticias.org\/site\/haddad-diz-que-classe-dominante-brasileira-entende-o-estado-como-se-fosse-dela\/#article","isPartOf":{"@id":"https:\/\/brasilnoticias.org\/site\/haddad-diz-que-classe-dominante-brasileira-entende-o-estado-como-se-fosse-dela\/"},"author":{"name":"Reda\u00e7\u00e3o","@id":"https:\/\/brasilnoticias.org\/site\/#\/schema\/person\/03bbbfe6c7634ad18c26444ea39049fa"},"headline":"Haddad diz que classe dominante brasileira entende o Estado como se fosse dela","datePublished":"2026-02-08T00:05:43+00:00","dateModified":"2026-02-08T00:06:16+00:00","mainEntityOfPage":{"@id":"https:\/\/brasilnoticias.org\/site\/haddad-diz-que-classe-dominante-brasileira-entende-o-estado-como-se-fosse-dela\/"},"wordCount":392,"commentCount":0,"publisher":{"@id":"https:\/\/brasilnoticias.org\/site\/#organization"},"image":{"@id":"https:\/\/brasilnoticias.org\/site\/haddad-diz-que-classe-dominante-brasileira-entende-o-estado-como-se-fosse-dela\/#primaryimage"},"thumbnailUrl":"https:\/\/brasilnoticias.org\/site\/wp-content\/uploads\/2026\/02\/0g0a3018.webp","articleSection":["Justi\u00e7a","\u00daltimas"],"inLanguage":"pt-PT","potentialAction":[{"@type":"CommentAction","name":"Comment","target":["https:\/\/brasilnoticias.org\/site\/haddad-diz-que-classe-dominante-brasileira-entende-o-estado-como-se-fosse-dela\/#respond"]}]},{"@type":"WebPage","@id":"https:\/\/brasilnoticias.org\/site\/haddad-diz-que-classe-dominante-brasileira-entende-o-estado-como-se-fosse-dela\/","url":"https:\/\/brasilnoticias.org\/site\/haddad-diz-que-classe-dominante-brasileira-entende-o-estado-como-se-fosse-dela\/","name":"Haddad diz que classe dominante brasileira entende o Estado como se fosse dela - Brasil not\u00edcias","isPartOf":{"@id":"https:\/\/brasilnoticias.org\/site\/#website"},"primaryImageOfPage":{"@id":"https:\/\/brasilnoticias.org\/site\/haddad-diz-que-classe-dominante-brasileira-entende-o-estado-como-se-fosse-dela\/#primaryimage"},"image":{"@id":"https:\/\/brasilnoticias.org\/site\/haddad-diz-que-classe-dominante-brasileira-entende-o-estado-como-se-fosse-dela\/#primaryimage"},"thumbnailUrl":"https:\/\/brasilnoticias.org\/site\/wp-content\/uploads\/2026\/02\/0g0a3018.webp","datePublished":"2026-02-08T00:05:43+00:00","dateModified":"2026-02-08T00:06:16+00:00","breadcrumb":{"@id":"https:\/\/brasilnoticias.org\/site\/haddad-diz-que-classe-dominante-brasileira-entende-o-estado-como-se-fosse-dela\/#breadcrumb"},"inLanguage":"pt-PT","potentialAction":[{"@type":"ReadAction","target":["https:\/\/brasilnoticias.org\/site\/haddad-diz-que-classe-dominante-brasileira-entende-o-estado-como-se-fosse-dela\/"]}]},{"@type":"ImageObject","inLanguage":"pt-PT","@id":"https:\/\/brasilnoticias.org\/site\/haddad-diz-que-classe-dominante-brasileira-entende-o-estado-como-se-fosse-dela\/#primaryimage","url":"https:\/\/brasilnoticias.org\/site\/wp-content\/uploads\/2026\/02\/0g0a3018.webp","contentUrl":"https:\/\/brasilnoticias.org\/site\/wp-content\/uploads\/2026\/02\/0g0a3018.webp","width":1170,"height":700},{"@type":"BreadcrumbList","@id":"https:\/\/brasilnoticias.org\/site\/haddad-diz-que-classe-dominante-brasileira-entende-o-estado-como-se-fosse-dela\/#breadcrumb","itemListElement":[{"@type":"ListItem","position":1,"name":"In\u00edcio","item":"https:\/\/brasilnoticias.org\/site\/"},{"@type":"ListItem","position":2,"name":"Haddad diz que classe dominante brasileira entende o Estado como se fosse dela"}]},{"@type":"WebSite","@id":"https:\/\/brasilnoticias.org\/site\/#website","url":"https:\/\/brasilnoticias.org\/site\/","name":"Brasil not\u00edcias","description":"Brasil not\u00edcias","publisher":{"@id":"https:\/\/brasilnoticias.org\/site\/#organization"},"potentialAction":[{"@type":"SearchAction","target":{"@type":"EntryPoint","urlTemplate":"https:\/\/brasilnoticias.org\/site\/?s={search_term_string}"},"query-input":{"@type":"PropertyValueSpecification","valueRequired":true,"valueName":"search_term_string"}}],"inLanguage":"pt-PT"},{"@type":"Organization","@id":"https:\/\/brasilnoticias.org\/site\/#organization","name":"Brasil not\u00edcias","url":"https:\/\/brasilnoticias.org\/site\/","logo":{"@type":"ImageObject","inLanguage":"pt-PT","@id":"https:\/\/brasilnoticias.org\/site\/#\/schema\/logo\/image\/","url":"https:\/\/brasilnoticias.org\/site\/wp-content\/uploads\/2022\/05\/cropped-brasilnoticias-mini.jpg","contentUrl":"https:\/\/brasilnoticias.org\/site\/wp-content\/uploads\/2022\/05\/cropped-brasilnoticias-mini.jpg","width":314,"height":86,"caption":"Brasil not\u00edcias"},"image":{"@id":"https:\/\/brasilnoticias.org\/site\/#\/schema\/logo\/image\/"}},{"@type":"Person","@id":"https:\/\/brasilnoticias.org\/site\/#\/schema\/person\/03bbbfe6c7634ad18c26444ea39049fa","name":"Reda\u00e7\u00e3o","image":{"@type":"ImageObject","inLanguage":"pt-PT","@id":"https:\/\/brasilnoticias.org\/site\/#\/schema\/person\/image\/","url":"https:\/\/secure.gravatar.com\/avatar\/9ecaf7327a696cb23ad926fedded5f1f04d7049de9e445375d55b48c001a6e42?s=96&d=mm&r=g","contentUrl":"https:\/\/secure.gravatar.com\/avatar\/9ecaf7327a696cb23ad926fedded5f1f04d7049de9e445375d55b48c001a6e42?s=96&d=mm&r=g","caption":"Reda\u00e7\u00e3o"},"url":"https:\/\/brasilnoticias.org\/site\/author\/henrique\/"}]}},"_links":{"self":[{"href":"https:\/\/brasilnoticias.org\/site\/wp-json\/wp\/v2\/posts\/20236","targetHints":{"allow":["GET"]}}],"collection":[{"href":"https:\/\/brasilnoticias.org\/site\/wp-json\/wp\/v2\/posts"}],"about":[{"href":"https:\/\/brasilnoticias.org\/site\/wp-json\/wp\/v2\/types\/post"}],"author":[{"embeddable":true,"href":"https:\/\/brasilnoticias.org\/site\/wp-json\/wp\/v2\/users\/4"}],"replies":[{"embeddable":true,"href":"https:\/\/brasilnoticias.org\/site\/wp-json\/wp\/v2\/comments?post=20236"}],"version-history":[{"count":2,"href":"https:\/\/brasilnoticias.org\/site\/wp-json\/wp\/v2\/posts\/20236\/revisions"}],"predecessor-version":[{"id":20240,"href":"https:\/\/brasilnoticias.org\/site\/wp-json\/wp\/v2\/posts\/20236\/revisions\/20240"}],"wp:featuredmedia":[{"embeddable":true,"href":"https:\/\/brasilnoticias.org\/site\/wp-json\/wp\/v2\/media\/20238"}],"wp:attachment":[{"href":"https:\/\/brasilnoticias.org\/site\/wp-json\/wp\/v2\/media?parent=20236"}],"wp:term":[{"taxonomy":"category","embeddable":true,"href":"https:\/\/brasilnoticias.org\/site\/wp-json\/wp\/v2\/categories?post=20236"},{"taxonomy":"post_tag","embeddable":true,"href":"https:\/\/brasilnoticias.org\/site\/wp-json\/wp\/v2\/tags?post=20236"}],"curies":[{"name":"wp","href":"https:\/\/api.w.org\/{rel}","templated":true}]}}