{"id":20247,"date":"2026-02-07T21:09:21","date_gmt":"2026-02-08T00:09:21","guid":{"rendered":"https:\/\/brasilnoticias.org\/site\/?p=20247"},"modified":"2026-02-07T21:09:21","modified_gmt":"2026-02-08T00:09:21","slug":"ta-no-bid-everaldo-e-regularizado-na-cbf-e-esta-apto-para-reestrear-pelo-bahia","status":"publish","type":"post","link":"https:\/\/brasilnoticias.org\/site\/ta-no-bid-everaldo-e-regularizado-na-cbf-e-esta-apto-para-reestrear-pelo-bahia\/","title":{"rendered":"T\u00e1 no BID: Everaldo \u00e9 regularizado na CBF e est\u00e1 apto para reestrear pelo Bahia"},"content":{"rendered":"<p>O atacante Everaldo teve sua situa\u00e7\u00e3o regularizada no **Boletim Informativo Di\u00e1rio (BID)** da **Confedera\u00e7\u00e3o Brasileira de Futebol (CBF)** e est\u00e1 oficialmente apto para fazer sua **reestreia pelo Esporte Clube Bahia**. A regulariza\u00e7\u00e3o ocorreu ap\u00f3s a conclus\u00e3o de todos os tr\u00e2mites burocr\u00e1ticos, incluindo registro de contrato e homologa\u00e7\u00e3o junto aos \u00f3rg\u00e3os competentes.<\/p>\n<p>A not\u00edcia \u00e9 encarada como um refor\u00e7o importante para o elenco tricolor, que busca ganhar mais op\u00e7\u00f5es ofensivas no decorrer da temporada. Everaldo, que j\u00e1 havia defendido o Bahia em temporadas anteriores, retorna ao clube com expectativa de contribuir no setor de ataque, \u00e1rea considerada estrat\u00e9gica para as ambi\u00e7\u00f5es da equipe na disputa do Campeonato Brasileiro e em outras competi\u00e7\u00f5es em que o clube est\u00e1 envolvido.<\/p>\n<p>O jogador vinha aguardando a formaliza\u00e7\u00e3o de sua inscri\u00e7\u00e3o desde que o acordo com a dire\u00e7\u00e3o do Bahia foi anunciado. A regulariza\u00e7\u00e3o no BID \u00e9 um passo fundamental para que o atleta possa ser relacionado em partidas oficiais, j\u00e1 que sem o registro o jogador n\u00e3o poderia atuar em competi\u00e7\u00f5es nacionais ou regionais. A confirma\u00e7\u00e3o pelo departamento jur\u00eddico e de futebol do clube confirmou o nome de Everaldo entre os atletas dispon\u00edveis para o t\u00e9cnico.<\/p>\n<p>Torcedores e membros da comiss\u00e3o t\u00e9cnica demonstraram otimismo com a volta do atacante ao time, destacando o entrosamento pr\u00e9vio do jogador com o elenco e sua experi\u00eancia nos gramados. A expectativa \u00e9 de que Everaldo possa trazer velocidade e presen\u00e7a ofensiva ao ataque, al\u00e9m de contribuir com gols e assist\u00eancias ao longo da temporada.<\/p>\n<p>O retorno acontece em um momento em que o Bahia busca melhorar seu desempenho no Campeonato Brasileiro, buscando somar pontos importantes e se distanciar das posi\u00e7\u00f5es intermedi\u00e1rias da tabela. A comiss\u00e3o t\u00e9cnica tamb\u00e9m acredita que a chegada de Everaldo pode fomentar uma disputa interna saud\u00e1vel por posi\u00e7\u00f5es entre os atacantes, elevando o n\u00edvel t\u00e9cnico do grupo.<\/p>\n<p>O pr\u00f3ximo jogo em que o atacante poder\u00e1 estrear ser\u00e1 nos pr\u00f3ximos compromissos oficiais do Bahia, e a torcida aguarda ansiosa pela apresenta\u00e7\u00e3o do atleta em campo. A expectativa \u00e9 que sua presen\u00e7a possa ser um diferencial no setor ofensivo e ajudar a equipe a conquistar resultados positivos.<\/p>\n<p>Fonte: Bahia Not\u00edcias<br \/>\nFoto: Maur\u00edcia da Matta \/ Bahia Not\u00edcias<\/p>\n","protected":false},"excerpt":{"rendered":"<p>O atacante Everaldo teve sua situa\u00e7\u00e3o regularizada no **Boletim Informativo Di\u00e1rio (BID)** da **Confedera\u00e7\u00e3o Brasileira de Futebol (CBF)** e est\u00e1<\/p>\n","protected":false},"author":4,"featured_media":20248,"comment_status":"open","ping_status":"open","sticky":false,"template":"","format":"standard","meta":{"colormag_page_container_layout":"default_layout","colormag_page_sidebar_layout":"default_layout","_FSMCFIC_featured_image_caption":"","_FSMCFIC_featured_image_nocaption":"","_FSMCFIC_featured_image_hide":"","footnotes":""},"categories":[4,1],"tags":[],"class_list":["post-20247","post","type-post","status-publish","format-standard","has-post-thumbnail","hentry","category-esporte","category-ultimas"],"yoast_head":"<!-- This site is optimized with the Yoast SEO plugin v27.1.1 - https:\/\/yoast.com\/product\/yoast-seo-wordpress\/ -->\n<title>T\u00e1 no BID: Everaldo \u00e9 regularizado na CBF e est\u00e1 apto para reestrear pelo Bahia - Brasil not\u00edcias<\/title>\n<meta name=\"robots\" content=\"index, follow, max-snippet:-1, max-image-preview:large, max-video-preview:-1\" \/>\n<link rel=\"canonical\" href=\"https:\/\/brasilnoticias.org\/site\/ta-no-bid-everaldo-e-regularizado-na-cbf-e-esta-apto-para-reestrear-pelo-bahia\/\" \/>\n<meta property=\"og:locale\" content=\"pt_PT\" \/>\n<meta property=\"og:type\" content=\"article\" \/>\n<meta property=\"og:title\" content=\"T\u00e1 no BID: Everaldo \u00e9 regularizado na CBF e est\u00e1 apto para reestrear pelo Bahia - Brasil not\u00edcias\" \/>\n<meta property=\"og:description\" content=\"O atacante Everaldo teve sua situa\u00e7\u00e3o regularizada no **Boletim Informativo Di\u00e1rio (BID)** da **Confedera\u00e7\u00e3o Brasileira de Futebol (CBF)** e est\u00e1\" \/>\n<meta property=\"og:url\" content=\"https:\/\/brasilnoticias.org\/site\/ta-no-bid-everaldo-e-regularizado-na-cbf-e-esta-apto-para-reestrear-pelo-bahia\/\" \/>\n<meta property=\"og:site_name\" content=\"Brasil not\u00edcias\" \/>\n<meta property=\"article:published_time\" content=\"2026-02-08T00:09:21+00:00\" \/>\n<meta property=\"og:image\" content=\"https:\/\/brasilnoticias.org\/site\/wp-content\/uploads\/2026\/02\/IMAGEM_BAHIA_9-1.webp\" \/>\n\t<meta property=\"og:image:width\" content=\"1200\" \/>\n\t<meta property=\"og:image:height\" content=\"630\" \/>\n\t<meta property=\"og:image:type\" content=\"image\/webp\" \/>\n<meta name=\"author\" content=\"Reda\u00e7\u00e3o\" \/>\n<meta name=\"twitter:card\" content=\"summary_large_image\" \/>\n<meta name=\"twitter:label1\" content=\"Escrito por\" \/>\n\t<meta name=\"twitter:data1\" content=\"Reda\u00e7\u00e3o\" \/>\n<script type=\"application\/ld+json\" class=\"yoast-schema-graph\">{\"@context\":\"https:\/\/schema.org\",\"@graph\":[{\"@type\":\"Article\",\"@id\":\"https:\/\/brasilnoticias.org\/site\/ta-no-bid-everaldo-e-regularizado-na-cbf-e-esta-apto-para-reestrear-pelo-bahia\/#article\",\"isPartOf\":{\"@id\":\"https:\/\/brasilnoticias.org\/site\/ta-no-bid-everaldo-e-regularizado-na-cbf-e-esta-apto-para-reestrear-pelo-bahia\/\"},\"author\":{\"name\":\"Reda\u00e7\u00e3o\",\"@id\":\"https:\/\/brasilnoticias.org\/site\/#\/schema\/person\/03bbbfe6c7634ad18c26444ea39049fa\"},\"headline\":\"T\u00e1 no BID: Everaldo \u00e9 regularizado na CBF e est\u00e1 apto para reestrear pelo Bahia\",\"datePublished\":\"2026-02-08T00:09:21+00:00\",\"mainEntityOfPage\":{\"@id\":\"https:\/\/brasilnoticias.org\/site\/ta-no-bid-everaldo-e-regularizado-na-cbf-e-esta-apto-para-reestrear-pelo-bahia\/\"},\"wordCount\":418,\"commentCount\":0,\"publisher\":{\"@id\":\"https:\/\/brasilnoticias.org\/site\/#organization\"},\"image\":{\"@id\":\"https:\/\/brasilnoticias.org\/site\/ta-no-bid-everaldo-e-regularizado-na-cbf-e-esta-apto-para-reestrear-pelo-bahia\/#primaryimage\"},\"thumbnailUrl\":\"https:\/\/brasilnoticias.org\/site\/wp-content\/uploads\/2026\/02\/IMAGEM_BAHIA_9-1.webp\",\"articleSection\":[\"Esporte\",\"\u00daltimas\"],\"inLanguage\":\"pt-PT\",\"potentialAction\":[{\"@type\":\"CommentAction\",\"name\":\"Comment\",\"target\":[\"https:\/\/brasilnoticias.org\/site\/ta-no-bid-everaldo-e-regularizado-na-cbf-e-esta-apto-para-reestrear-pelo-bahia\/#respond\"]}]},{\"@type\":\"WebPage\",\"@id\":\"https:\/\/brasilnoticias.org\/site\/ta-no-bid-everaldo-e-regularizado-na-cbf-e-esta-apto-para-reestrear-pelo-bahia\/\",\"url\":\"https:\/\/brasilnoticias.org\/site\/ta-no-bid-everaldo-e-regularizado-na-cbf-e-esta-apto-para-reestrear-pelo-bahia\/\",\"name\":\"T\u00e1 no BID: Everaldo \u00e9 regularizado na CBF e est\u00e1 apto para reestrear pelo Bahia - Brasil not\u00edcias\",\"isPartOf\":{\"@id\":\"https:\/\/brasilnoticias.org\/site\/#website\"},\"primaryImageOfPage\":{\"@id\":\"https:\/\/brasilnoticias.org\/site\/ta-no-bid-everaldo-e-regularizado-na-cbf-e-esta-apto-para-reestrear-pelo-bahia\/#primaryimage\"},\"image\":{\"@id\":\"https:\/\/brasilnoticias.org\/site\/ta-no-bid-everaldo-e-regularizado-na-cbf-e-esta-apto-para-reestrear-pelo-bahia\/#primaryimage\"},\"thumbnailUrl\":\"https:\/\/brasilnoticias.org\/site\/wp-content\/uploads\/2026\/02\/IMAGEM_BAHIA_9-1.webp\",\"datePublished\":\"2026-02-08T00:09:21+00:00\",\"breadcrumb\":{\"@id\":\"https:\/\/brasilnoticias.org\/site\/ta-no-bid-everaldo-e-regularizado-na-cbf-e-esta-apto-para-reestrear-pelo-bahia\/#breadcrumb\"},\"inLanguage\":\"pt-PT\",\"potentialAction\":[{\"@type\":\"ReadAction\",\"target\":[\"https:\/\/brasilnoticias.org\/site\/ta-no-bid-everaldo-e-regularizado-na-cbf-e-esta-apto-para-reestrear-pelo-bahia\/\"]}]},{\"@type\":\"ImageObject\",\"inLanguage\":\"pt-PT\",\"@id\":\"https:\/\/brasilnoticias.org\/site\/ta-no-bid-everaldo-e-regularizado-na-cbf-e-esta-apto-para-reestrear-pelo-bahia\/#primaryimage\",\"url\":\"https:\/\/brasilnoticias.org\/site\/wp-content\/uploads\/2026\/02\/IMAGEM_BAHIA_9-1.webp\",\"contentUrl\":\"https:\/\/brasilnoticias.org\/site\/wp-content\/uploads\/2026\/02\/IMAGEM_BAHIA_9-1.webp\",\"width\":1200,\"height\":630},{\"@type\":\"BreadcrumbList\",\"@id\":\"https:\/\/brasilnoticias.org\/site\/ta-no-bid-everaldo-e-regularizado-na-cbf-e-esta-apto-para-reestrear-pelo-bahia\/#breadcrumb\",\"itemListElement\":[{\"@type\":\"ListItem\",\"position\":1,\"name\":\"In\u00edcio\",\"item\":\"https:\/\/brasilnoticias.org\/site\/\"},{\"@type\":\"ListItem\",\"position\":2,\"name\":\"T\u00e1 no BID: Everaldo \u00e9 regularizado na CBF e est\u00e1 apto para reestrear pelo Bahia\"}]},{\"@type\":\"WebSite\",\"@id\":\"https:\/\/brasilnoticias.org\/site\/#website\",\"url\":\"https:\/\/brasilnoticias.org\/site\/\",\"name\":\"Brasil not\u00edcias\",\"description\":\"Brasil not\u00edcias\",\"publisher\":{\"@id\":\"https:\/\/brasilnoticias.org\/site\/#organization\"},\"potentialAction\":[{\"@type\":\"SearchAction\",\"target\":{\"@type\":\"EntryPoint\",\"urlTemplate\":\"https:\/\/brasilnoticias.org\/site\/?s={search_term_string}\"},\"query-input\":{\"@type\":\"PropertyValueSpecification\",\"valueRequired\":true,\"valueName\":\"search_term_string\"}}],\"inLanguage\":\"pt-PT\"},{\"@type\":\"Organization\",\"@id\":\"https:\/\/brasilnoticias.org\/site\/#organization\",\"name\":\"Brasil not\u00edcias\",\"url\":\"https:\/\/brasilnoticias.org\/site\/\",\"logo\":{\"@type\":\"ImageObject\",\"inLanguage\":\"pt-PT\",\"@id\":\"https:\/\/brasilnoticias.org\/site\/#\/schema\/logo\/image\/\",\"url\":\"https:\/\/brasilnoticias.org\/site\/wp-content\/uploads\/2022\/05\/cropped-brasilnoticias-mini.jpg\",\"contentUrl\":\"https:\/\/brasilnoticias.org\/site\/wp-content\/uploads\/2022\/05\/cropped-brasilnoticias-mini.jpg\",\"width\":314,\"height\":86,\"caption\":\"Brasil not\u00edcias\"},\"image\":{\"@id\":\"https:\/\/brasilnoticias.org\/site\/#\/schema\/logo\/image\/\"}},{\"@type\":\"Person\",\"@id\":\"https:\/\/brasilnoticias.org\/site\/#\/schema\/person\/03bbbfe6c7634ad18c26444ea39049fa\",\"name\":\"Reda\u00e7\u00e3o\",\"image\":{\"@type\":\"ImageObject\",\"inLanguage\":\"pt-PT\",\"@id\":\"https:\/\/brasilnoticias.org\/site\/#\/schema\/person\/image\/\",\"url\":\"https:\/\/secure.gravatar.com\/avatar\/9ecaf7327a696cb23ad926fedded5f1f04d7049de9e445375d55b48c001a6e42?s=96&d=mm&r=g\",\"contentUrl\":\"https:\/\/secure.gravatar.com\/avatar\/9ecaf7327a696cb23ad926fedded5f1f04d7049de9e445375d55b48c001a6e42?s=96&d=mm&r=g\",\"caption\":\"Reda\u00e7\u00e3o\"},\"url\":\"https:\/\/brasilnoticias.org\/site\/author\/henrique\/\"}]}<\/script>\n<!-- \/ Yoast SEO plugin. -->","yoast_head_json":{"title":"T\u00e1 no BID: Everaldo \u00e9 regularizado na CBF e est\u00e1 apto para reestrear pelo Bahia - Brasil not\u00edcias","robots":{"index":"index","follow":"follow","max-snippet":"max-snippet:-1","max-image-preview":"max-image-preview:large","max-video-preview":"max-video-preview:-1"},"canonical":"https:\/\/brasilnoticias.org\/site\/ta-no-bid-everaldo-e-regularizado-na-cbf-e-esta-apto-para-reestrear-pelo-bahia\/","og_locale":"pt_PT","og_type":"article","og_title":"T\u00e1 no BID: Everaldo \u00e9 regularizado na CBF e est\u00e1 apto para reestrear pelo Bahia - Brasil not\u00edcias","og_description":"O atacante Everaldo teve sua situa\u00e7\u00e3o regularizada no **Boletim Informativo Di\u00e1rio (BID)** da **Confedera\u00e7\u00e3o Brasileira de Futebol (CBF)** e est\u00e1","og_url":"https:\/\/brasilnoticias.org\/site\/ta-no-bid-everaldo-e-regularizado-na-cbf-e-esta-apto-para-reestrear-pelo-bahia\/","og_site_name":"Brasil not\u00edcias","article_published_time":"2026-02-08T00:09:21+00:00","og_image":[{"width":1200,"height":630,"url":"https:\/\/brasilnoticias.org\/site\/wp-content\/uploads\/2026\/02\/IMAGEM_BAHIA_9-1.webp","type":"image\/webp"}],"author":"Reda\u00e7\u00e3o","twitter_card":"summary_large_image","twitter_misc":{"Escrito por":"Reda\u00e7\u00e3o"},"schema":{"@context":"https:\/\/schema.org","@graph":[{"@type":"Article","@id":"https:\/\/brasilnoticias.org\/site\/ta-no-bid-everaldo-e-regularizado-na-cbf-e-esta-apto-para-reestrear-pelo-bahia\/#article","isPartOf":{"@id":"https:\/\/brasilnoticias.org\/site\/ta-no-bid-everaldo-e-regularizado-na-cbf-e-esta-apto-para-reestrear-pelo-bahia\/"},"author":{"name":"Reda\u00e7\u00e3o","@id":"https:\/\/brasilnoticias.org\/site\/#\/schema\/person\/03bbbfe6c7634ad18c26444ea39049fa"},"headline":"T\u00e1 no BID: Everaldo \u00e9 regularizado na CBF e est\u00e1 apto para reestrear pelo Bahia","datePublished":"2026-02-08T00:09:21+00:00","mainEntityOfPage":{"@id":"https:\/\/brasilnoticias.org\/site\/ta-no-bid-everaldo-e-regularizado-na-cbf-e-esta-apto-para-reestrear-pelo-bahia\/"},"wordCount":418,"commentCount":0,"publisher":{"@id":"https:\/\/brasilnoticias.org\/site\/#organization"},"image":{"@id":"https:\/\/brasilnoticias.org\/site\/ta-no-bid-everaldo-e-regularizado-na-cbf-e-esta-apto-para-reestrear-pelo-bahia\/#primaryimage"},"thumbnailUrl":"https:\/\/brasilnoticias.org\/site\/wp-content\/uploads\/2026\/02\/IMAGEM_BAHIA_9-1.webp","articleSection":["Esporte","\u00daltimas"],"inLanguage":"pt-PT","potentialAction":[{"@type":"CommentAction","name":"Comment","target":["https:\/\/brasilnoticias.org\/site\/ta-no-bid-everaldo-e-regularizado-na-cbf-e-esta-apto-para-reestrear-pelo-bahia\/#respond"]}]},{"@type":"WebPage","@id":"https:\/\/brasilnoticias.org\/site\/ta-no-bid-everaldo-e-regularizado-na-cbf-e-esta-apto-para-reestrear-pelo-bahia\/","url":"https:\/\/brasilnoticias.org\/site\/ta-no-bid-everaldo-e-regularizado-na-cbf-e-esta-apto-para-reestrear-pelo-bahia\/","name":"T\u00e1 no BID: Everaldo \u00e9 regularizado na CBF e est\u00e1 apto para reestrear pelo Bahia - Brasil not\u00edcias","isPartOf":{"@id":"https:\/\/brasilnoticias.org\/site\/#website"},"primaryImageOfPage":{"@id":"https:\/\/brasilnoticias.org\/site\/ta-no-bid-everaldo-e-regularizado-na-cbf-e-esta-apto-para-reestrear-pelo-bahia\/#primaryimage"},"image":{"@id":"https:\/\/brasilnoticias.org\/site\/ta-no-bid-everaldo-e-regularizado-na-cbf-e-esta-apto-para-reestrear-pelo-bahia\/#primaryimage"},"thumbnailUrl":"https:\/\/brasilnoticias.org\/site\/wp-content\/uploads\/2026\/02\/IMAGEM_BAHIA_9-1.webp","datePublished":"2026-02-08T00:09:21+00:00","breadcrumb":{"@id":"https:\/\/brasilnoticias.org\/site\/ta-no-bid-everaldo-e-regularizado-na-cbf-e-esta-apto-para-reestrear-pelo-bahia\/#breadcrumb"},"inLanguage":"pt-PT","potentialAction":[{"@type":"ReadAction","target":["https:\/\/brasilnoticias.org\/site\/ta-no-bid-everaldo-e-regularizado-na-cbf-e-esta-apto-para-reestrear-pelo-bahia\/"]}]},{"@type":"ImageObject","inLanguage":"pt-PT","@id":"https:\/\/brasilnoticias.org\/site\/ta-no-bid-everaldo-e-regularizado-na-cbf-e-esta-apto-para-reestrear-pelo-bahia\/#primaryimage","url":"https:\/\/brasilnoticias.org\/site\/wp-content\/uploads\/2026\/02\/IMAGEM_BAHIA_9-1.webp","contentUrl":"https:\/\/brasilnoticias.org\/site\/wp-content\/uploads\/2026\/02\/IMAGEM_BAHIA_9-1.webp","width":1200,"height":630},{"@type":"BreadcrumbList","@id":"https:\/\/brasilnoticias.org\/site\/ta-no-bid-everaldo-e-regularizado-na-cbf-e-esta-apto-para-reestrear-pelo-bahia\/#breadcrumb","itemListElement":[{"@type":"ListItem","position":1,"name":"In\u00edcio","item":"https:\/\/brasilnoticias.org\/site\/"},{"@type":"ListItem","position":2,"name":"T\u00e1 no BID: Everaldo \u00e9 regularizado na CBF e est\u00e1 apto para reestrear pelo Bahia"}]},{"@type":"WebSite","@id":"https:\/\/brasilnoticias.org\/site\/#website","url":"https:\/\/brasilnoticias.org\/site\/","name":"Brasil not\u00edcias","description":"Brasil not\u00edcias","publisher":{"@id":"https:\/\/brasilnoticias.org\/site\/#organization"},"potentialAction":[{"@type":"SearchAction","target":{"@type":"EntryPoint","urlTemplate":"https:\/\/brasilnoticias.org\/site\/?s={search_term_string}"},"query-input":{"@type":"PropertyValueSpecification","valueRequired":true,"valueName":"search_term_string"}}],"inLanguage":"pt-PT"},{"@type":"Organization","@id":"https:\/\/brasilnoticias.org\/site\/#organization","name":"Brasil not\u00edcias","url":"https:\/\/brasilnoticias.org\/site\/","logo":{"@type":"ImageObject","inLanguage":"pt-PT","@id":"https:\/\/brasilnoticias.org\/site\/#\/schema\/logo\/image\/","url":"https:\/\/brasilnoticias.org\/site\/wp-content\/uploads\/2022\/05\/cropped-brasilnoticias-mini.jpg","contentUrl":"https:\/\/brasilnoticias.org\/site\/wp-content\/uploads\/2022\/05\/cropped-brasilnoticias-mini.jpg","width":314,"height":86,"caption":"Brasil not\u00edcias"},"image":{"@id":"https:\/\/brasilnoticias.org\/site\/#\/schema\/logo\/image\/"}},{"@type":"Person","@id":"https:\/\/brasilnoticias.org\/site\/#\/schema\/person\/03bbbfe6c7634ad18c26444ea39049fa","name":"Reda\u00e7\u00e3o","image":{"@type":"ImageObject","inLanguage":"pt-PT","@id":"https:\/\/brasilnoticias.org\/site\/#\/schema\/person\/image\/","url":"https:\/\/secure.gravatar.com\/avatar\/9ecaf7327a696cb23ad926fedded5f1f04d7049de9e445375d55b48c001a6e42?s=96&d=mm&r=g","contentUrl":"https:\/\/secure.gravatar.com\/avatar\/9ecaf7327a696cb23ad926fedded5f1f04d7049de9e445375d55b48c001a6e42?s=96&d=mm&r=g","caption":"Reda\u00e7\u00e3o"},"url":"https:\/\/brasilnoticias.org\/site\/author\/henrique\/"}]}},"_links":{"self":[{"href":"https:\/\/brasilnoticias.org\/site\/wp-json\/wp\/v2\/posts\/20247","targetHints":{"allow":["GET"]}}],"collection":[{"href":"https:\/\/brasilnoticias.org\/site\/wp-json\/wp\/v2\/posts"}],"about":[{"href":"https:\/\/brasilnoticias.org\/site\/wp-json\/wp\/v2\/types\/post"}],"author":[{"embeddable":true,"href":"https:\/\/brasilnoticias.org\/site\/wp-json\/wp\/v2\/users\/4"}],"replies":[{"embeddable":true,"href":"https:\/\/brasilnoticias.org\/site\/wp-json\/wp\/v2\/comments?post=20247"}],"version-history":[{"count":1,"href":"https:\/\/brasilnoticias.org\/site\/wp-json\/wp\/v2\/posts\/20247\/revisions"}],"predecessor-version":[{"id":20249,"href":"https:\/\/brasilnoticias.org\/site\/wp-json\/wp\/v2\/posts\/20247\/revisions\/20249"}],"wp:featuredmedia":[{"embeddable":true,"href":"https:\/\/brasilnoticias.org\/site\/wp-json\/wp\/v2\/media\/20248"}],"wp:attachment":[{"href":"https:\/\/brasilnoticias.org\/site\/wp-json\/wp\/v2\/media?parent=20247"}],"wp:term":[{"taxonomy":"category","embeddable":true,"href":"https:\/\/brasilnoticias.org\/site\/wp-json\/wp\/v2\/categories?post=20247"},{"taxonomy":"post_tag","embeddable":true,"href":"https:\/\/brasilnoticias.org\/site\/wp-json\/wp\/v2\/tags?post=20247"}],"curies":[{"name":"wp","href":"https:\/\/api.w.org\/{rel}","templated":true}]}}