{"id":2025,"date":"2022-10-20T18:30:28","date_gmt":"2022-10-20T21:30:28","guid":{"rendered":"https:\/\/brasilnoticias.org\/site\/?p=2025"},"modified":"2022-10-20T14:48:24","modified_gmt":"2022-10-20T17:48:24","slug":"corpo-de-suspeito-de-estuprar-enteada-de-12-anos-e-encontrado-em-matagal","status":"publish","type":"post","link":"https:\/\/brasilnoticias.org\/site\/corpo-de-suspeito-de-estuprar-enteada-de-12-anos-e-encontrado-em-matagal\/","title":{"rendered":"Corpo de suspeito de estuprar enteada de 12 anos \u00e9 encontrado em matagal"},"content":{"rendered":"<p>O corpo, de um homem de 34 anos, foi encontrado em um matagal, na cidade de Vit\u00f3ria da Conquista, no sudoeste da Bahia, nesta quarta-feira (19). De acordo com a Pol\u00edcia Militar da Bahia (PM-BA), A v\u00edtima foi identificada como Matheus dos Santos Gon\u00e7alves.<\/p>\n<p>O homem \u00e9 o mesmo que chegou a ser preso, em abril de 2018, suspeito de estuprar a enteada de 12 anos. Procurada, a Pol\u00edcia Civil n\u00e3o informou que ele respondia em liberdade pelo crime ou se tinha fugido do sistema prisional.<\/p>\n<p>O corpo n\u00e3o apresentava sinais de viol\u00eancia e foi achado pr\u00f3ximo a um hospital da cidade. A \u00e1rea foi isolada pela PM e uma equipe do Departamento de Pol\u00edcia T\u00e9cnica (DPT) foi acionada para fazer a remo\u00e7\u00e3o e encaminh\u00e1-lo ao Instituto M\u00e9dico Legal (IML).<\/p>\n<p>Segundo a PC da regi\u00e3o, Matheus tinha um mandado de pris\u00e3o aberto por estupro de vulner\u00e1vel, mas n\u00e3o soube informar se foi o que levou \u00e0 sua pris\u00e3o em 2018 ou se seria de outro caso.<\/p>\n<p>Bnews<br \/>\nDivulga\u00e7\u00e3o \/ Pol\u00edcia Civil<\/p>\n","protected":false},"excerpt":{"rendered":"<p>O corpo, de um homem de 34 anos, foi encontrado em um matagal, na cidade de Vit\u00f3ria da Conquista, no<\/p>\n","protected":false},"author":1,"featured_media":2026,"comment_status":"open","ping_status":"open","sticky":false,"template":"","format":"standard","meta":{"colormag_page_container_layout":"default_layout","colormag_page_sidebar_layout":"default_layout","_FSMCFIC_featured_image_caption":"","_FSMCFIC_featured_image_nocaption":"","_FSMCFIC_featured_image_hide":"","footnotes":""},"categories":[3,1],"tags":[],"class_list":["post-2025","post","type-post","status-publish","format-standard","has-post-thumbnail","hentry","category-policia","category-ultimas"],"yoast_head":"<!-- This site is optimized with the Yoast SEO plugin v27.1.1 - https:\/\/yoast.com\/product\/yoast-seo-wordpress\/ -->\n<title>Corpo de suspeito de estuprar enteada de 12 anos \u00e9 encontrado em matagal - Brasil not\u00edcias<\/title>\n<meta name=\"robots\" content=\"index, follow, max-snippet:-1, max-image-preview:large, max-video-preview:-1\" \/>\n<link rel=\"canonical\" href=\"https:\/\/brasilnoticias.org\/site\/corpo-de-suspeito-de-estuprar-enteada-de-12-anos-e-encontrado-em-matagal\/\" \/>\n<meta property=\"og:locale\" content=\"pt_PT\" \/>\n<meta property=\"og:type\" content=\"article\" \/>\n<meta property=\"og:title\" content=\"Corpo de suspeito de estuprar enteada de 12 anos \u00e9 encontrado em matagal - Brasil not\u00edcias\" \/>\n<meta property=\"og:description\" content=\"O corpo, de um homem de 34 anos, foi encontrado em um matagal, na cidade de Vit\u00f3ria da Conquista, no\" \/>\n<meta property=\"og:url\" content=\"https:\/\/brasilnoticias.org\/site\/corpo-de-suspeito-de-estuprar-enteada-de-12-anos-e-encontrado-em-matagal\/\" \/>\n<meta property=\"og:site_name\" content=\"Brasil not\u00edcias\" \/>\n<meta property=\"article:published_time\" content=\"2022-10-20T21:30:28+00:00\" \/>\n<meta property=\"og:image\" content=\"https:\/\/brasilnoticias.org\/site\/wp-content\/uploads\/2022\/10\/whatsapp_image_2022-10-20_at_06.50.15_widelg.jpeg\" \/>\n\t<meta property=\"og:image:width\" content=\"699\" \/>\n\t<meta property=\"og:image:height\" content=\"364\" \/>\n\t<meta property=\"og:image:type\" content=\"image\/jpeg\" \/>\n<meta name=\"author\" content=\"Reda\u00e7\u00e3o\" \/>\n<meta name=\"twitter:card\" content=\"summary_large_image\" \/>\n<meta name=\"twitter:label1\" content=\"Escrito por\" \/>\n\t<meta name=\"twitter:data1\" content=\"Reda\u00e7\u00e3o\" \/>\n\t<meta name=\"twitter:label2\" content=\"Tempo estimado de leitura\" \/>\n\t<meta name=\"twitter:data2\" content=\"1 minuto\" \/>\n<script type=\"application\/ld+json\" class=\"yoast-schema-graph\">{\"@context\":\"https:\/\/schema.org\",\"@graph\":[{\"@type\":\"Article\",\"@id\":\"https:\/\/brasilnoticias.org\/site\/corpo-de-suspeito-de-estuprar-enteada-de-12-anos-e-encontrado-em-matagal\/#article\",\"isPartOf\":{\"@id\":\"https:\/\/brasilnoticias.org\/site\/corpo-de-suspeito-de-estuprar-enteada-de-12-anos-e-encontrado-em-matagal\/\"},\"author\":{\"name\":\"Reda\u00e7\u00e3o\",\"@id\":\"https:\/\/brasilnoticias.org\/site\/#\/schema\/person\/a0e05b973ec4d15c658d51911e53507b\"},\"headline\":\"Corpo de suspeito de estuprar enteada de 12 anos \u00e9 encontrado em matagal\",\"datePublished\":\"2022-10-20T21:30:28+00:00\",\"mainEntityOfPage\":{\"@id\":\"https:\/\/brasilnoticias.org\/site\/corpo-de-suspeito-de-estuprar-enteada-de-12-anos-e-encontrado-em-matagal\/\"},\"wordCount\":195,\"commentCount\":0,\"publisher\":{\"@id\":\"https:\/\/brasilnoticias.org\/site\/#organization\"},\"image\":{\"@id\":\"https:\/\/brasilnoticias.org\/site\/corpo-de-suspeito-de-estuprar-enteada-de-12-anos-e-encontrado-em-matagal\/#primaryimage\"},\"thumbnailUrl\":\"https:\/\/brasilnoticias.org\/site\/wp-content\/uploads\/2022\/10\/whatsapp_image_2022-10-20_at_06.50.15_widelg.jpeg\",\"articleSection\":[\"Pol\u00edcia\",\"\u00daltimas\"],\"inLanguage\":\"pt-PT\",\"potentialAction\":[{\"@type\":\"CommentAction\",\"name\":\"Comment\",\"target\":[\"https:\/\/brasilnoticias.org\/site\/corpo-de-suspeito-de-estuprar-enteada-de-12-anos-e-encontrado-em-matagal\/#respond\"]}]},{\"@type\":\"WebPage\",\"@id\":\"https:\/\/brasilnoticias.org\/site\/corpo-de-suspeito-de-estuprar-enteada-de-12-anos-e-encontrado-em-matagal\/\",\"url\":\"https:\/\/brasilnoticias.org\/site\/corpo-de-suspeito-de-estuprar-enteada-de-12-anos-e-encontrado-em-matagal\/\",\"name\":\"Corpo de suspeito de estuprar enteada de 12 anos \u00e9 encontrado em matagal - Brasil not\u00edcias\",\"isPartOf\":{\"@id\":\"https:\/\/brasilnoticias.org\/site\/#website\"},\"primaryImageOfPage\":{\"@id\":\"https:\/\/brasilnoticias.org\/site\/corpo-de-suspeito-de-estuprar-enteada-de-12-anos-e-encontrado-em-matagal\/#primaryimage\"},\"image\":{\"@id\":\"https:\/\/brasilnoticias.org\/site\/corpo-de-suspeito-de-estuprar-enteada-de-12-anos-e-encontrado-em-matagal\/#primaryimage\"},\"thumbnailUrl\":\"https:\/\/brasilnoticias.org\/site\/wp-content\/uploads\/2022\/10\/whatsapp_image_2022-10-20_at_06.50.15_widelg.jpeg\",\"datePublished\":\"2022-10-20T21:30:28+00:00\",\"breadcrumb\":{\"@id\":\"https:\/\/brasilnoticias.org\/site\/corpo-de-suspeito-de-estuprar-enteada-de-12-anos-e-encontrado-em-matagal\/#breadcrumb\"},\"inLanguage\":\"pt-PT\",\"potentialAction\":[{\"@type\":\"ReadAction\",\"target\":[\"https:\/\/brasilnoticias.org\/site\/corpo-de-suspeito-de-estuprar-enteada-de-12-anos-e-encontrado-em-matagal\/\"]}]},{\"@type\":\"ImageObject\",\"inLanguage\":\"pt-PT\",\"@id\":\"https:\/\/brasilnoticias.org\/site\/corpo-de-suspeito-de-estuprar-enteada-de-12-anos-e-encontrado-em-matagal\/#primaryimage\",\"url\":\"https:\/\/brasilnoticias.org\/site\/wp-content\/uploads\/2022\/10\/whatsapp_image_2022-10-20_at_06.50.15_widelg.jpeg\",\"contentUrl\":\"https:\/\/brasilnoticias.org\/site\/wp-content\/uploads\/2022\/10\/whatsapp_image_2022-10-20_at_06.50.15_widelg.jpeg\",\"width\":699,\"height\":364},{\"@type\":\"BreadcrumbList\",\"@id\":\"https:\/\/brasilnoticias.org\/site\/corpo-de-suspeito-de-estuprar-enteada-de-12-anos-e-encontrado-em-matagal\/#breadcrumb\",\"itemListElement\":[{\"@type\":\"ListItem\",\"position\":1,\"name\":\"In\u00edcio\",\"item\":\"https:\/\/brasilnoticias.org\/site\/\"},{\"@type\":\"ListItem\",\"position\":2,\"name\":\"Corpo de suspeito de estuprar enteada de 12 anos \u00e9 encontrado em matagal\"}]},{\"@type\":\"WebSite\",\"@id\":\"https:\/\/brasilnoticias.org\/site\/#website\",\"url\":\"https:\/\/brasilnoticias.org\/site\/\",\"name\":\"Brasil not\u00edcias\",\"description\":\"Brasil not\u00edcias\",\"publisher\":{\"@id\":\"https:\/\/brasilnoticias.org\/site\/#organization\"},\"potentialAction\":[{\"@type\":\"SearchAction\",\"target\":{\"@type\":\"EntryPoint\",\"urlTemplate\":\"https:\/\/brasilnoticias.org\/site\/?s={search_term_string}\"},\"query-input\":{\"@type\":\"PropertyValueSpecification\",\"valueRequired\":true,\"valueName\":\"search_term_string\"}}],\"inLanguage\":\"pt-PT\"},{\"@type\":\"Organization\",\"@id\":\"https:\/\/brasilnoticias.org\/site\/#organization\",\"name\":\"Brasil not\u00edcias\",\"url\":\"https:\/\/brasilnoticias.org\/site\/\",\"logo\":{\"@type\":\"ImageObject\",\"inLanguage\":\"pt-PT\",\"@id\":\"https:\/\/brasilnoticias.org\/site\/#\/schema\/logo\/image\/\",\"url\":\"https:\/\/brasilnoticias.org\/site\/wp-content\/uploads\/2022\/05\/cropped-brasilnoticias-mini.jpg\",\"contentUrl\":\"https:\/\/brasilnoticias.org\/site\/wp-content\/uploads\/2022\/05\/cropped-brasilnoticias-mini.jpg\",\"width\":314,\"height\":86,\"caption\":\"Brasil not\u00edcias\"},\"image\":{\"@id\":\"https:\/\/brasilnoticias.org\/site\/#\/schema\/logo\/image\/\"}},{\"@type\":\"Person\",\"@id\":\"https:\/\/brasilnoticias.org\/site\/#\/schema\/person\/a0e05b973ec4d15c658d51911e53507b\",\"name\":\"Reda\u00e7\u00e3o\",\"image\":{\"@type\":\"ImageObject\",\"inLanguage\":\"pt-PT\",\"@id\":\"https:\/\/brasilnoticias.org\/site\/#\/schema\/person\/image\/\",\"url\":\"https:\/\/secure.gravatar.com\/avatar\/75d8b050df2de108b08ae78dfb8e374892df24a383c67db9c46a9c604f6aee9c?s=96&d=mm&r=g\",\"contentUrl\":\"https:\/\/secure.gravatar.com\/avatar\/75d8b050df2de108b08ae78dfb8e374892df24a383c67db9c46a9c604f6aee9c?s=96&d=mm&r=g\",\"caption\":\"Reda\u00e7\u00e3o\"},\"sameAs\":[\"https:\/\/brasilnoticias.org\/site\"],\"url\":\"https:\/\/brasilnoticias.org\/site\/author\/fernandozsngmail-com\/\"}]}<\/script>\n<!-- \/ Yoast SEO plugin. -->","yoast_head_json":{"title":"Corpo de suspeito de estuprar enteada de 12 anos \u00e9 encontrado em matagal - Brasil not\u00edcias","robots":{"index":"index","follow":"follow","max-snippet":"max-snippet:-1","max-image-preview":"max-image-preview:large","max-video-preview":"max-video-preview:-1"},"canonical":"https:\/\/brasilnoticias.org\/site\/corpo-de-suspeito-de-estuprar-enteada-de-12-anos-e-encontrado-em-matagal\/","og_locale":"pt_PT","og_type":"article","og_title":"Corpo de suspeito de estuprar enteada de 12 anos \u00e9 encontrado em matagal - Brasil not\u00edcias","og_description":"O corpo, de um homem de 34 anos, foi encontrado em um matagal, na cidade de Vit\u00f3ria da Conquista, no","og_url":"https:\/\/brasilnoticias.org\/site\/corpo-de-suspeito-de-estuprar-enteada-de-12-anos-e-encontrado-em-matagal\/","og_site_name":"Brasil not\u00edcias","article_published_time":"2022-10-20T21:30:28+00:00","og_image":[{"width":699,"height":364,"url":"https:\/\/brasilnoticias.org\/site\/wp-content\/uploads\/2022\/10\/whatsapp_image_2022-10-20_at_06.50.15_widelg.jpeg","type":"image\/jpeg"}],"author":"Reda\u00e7\u00e3o","twitter_card":"summary_large_image","twitter_misc":{"Escrito por":"Reda\u00e7\u00e3o","Tempo estimado de leitura":"1 minuto"},"schema":{"@context":"https:\/\/schema.org","@graph":[{"@type":"Article","@id":"https:\/\/brasilnoticias.org\/site\/corpo-de-suspeito-de-estuprar-enteada-de-12-anos-e-encontrado-em-matagal\/#article","isPartOf":{"@id":"https:\/\/brasilnoticias.org\/site\/corpo-de-suspeito-de-estuprar-enteada-de-12-anos-e-encontrado-em-matagal\/"},"author":{"name":"Reda\u00e7\u00e3o","@id":"https:\/\/brasilnoticias.org\/site\/#\/schema\/person\/a0e05b973ec4d15c658d51911e53507b"},"headline":"Corpo de suspeito de estuprar enteada de 12 anos \u00e9 encontrado em matagal","datePublished":"2022-10-20T21:30:28+00:00","mainEntityOfPage":{"@id":"https:\/\/brasilnoticias.org\/site\/corpo-de-suspeito-de-estuprar-enteada-de-12-anos-e-encontrado-em-matagal\/"},"wordCount":195,"commentCount":0,"publisher":{"@id":"https:\/\/brasilnoticias.org\/site\/#organization"},"image":{"@id":"https:\/\/brasilnoticias.org\/site\/corpo-de-suspeito-de-estuprar-enteada-de-12-anos-e-encontrado-em-matagal\/#primaryimage"},"thumbnailUrl":"https:\/\/brasilnoticias.org\/site\/wp-content\/uploads\/2022\/10\/whatsapp_image_2022-10-20_at_06.50.15_widelg.jpeg","articleSection":["Pol\u00edcia","\u00daltimas"],"inLanguage":"pt-PT","potentialAction":[{"@type":"CommentAction","name":"Comment","target":["https:\/\/brasilnoticias.org\/site\/corpo-de-suspeito-de-estuprar-enteada-de-12-anos-e-encontrado-em-matagal\/#respond"]}]},{"@type":"WebPage","@id":"https:\/\/brasilnoticias.org\/site\/corpo-de-suspeito-de-estuprar-enteada-de-12-anos-e-encontrado-em-matagal\/","url":"https:\/\/brasilnoticias.org\/site\/corpo-de-suspeito-de-estuprar-enteada-de-12-anos-e-encontrado-em-matagal\/","name":"Corpo de suspeito de estuprar enteada de 12 anos \u00e9 encontrado em matagal - Brasil not\u00edcias","isPartOf":{"@id":"https:\/\/brasilnoticias.org\/site\/#website"},"primaryImageOfPage":{"@id":"https:\/\/brasilnoticias.org\/site\/corpo-de-suspeito-de-estuprar-enteada-de-12-anos-e-encontrado-em-matagal\/#primaryimage"},"image":{"@id":"https:\/\/brasilnoticias.org\/site\/corpo-de-suspeito-de-estuprar-enteada-de-12-anos-e-encontrado-em-matagal\/#primaryimage"},"thumbnailUrl":"https:\/\/brasilnoticias.org\/site\/wp-content\/uploads\/2022\/10\/whatsapp_image_2022-10-20_at_06.50.15_widelg.jpeg","datePublished":"2022-10-20T21:30:28+00:00","breadcrumb":{"@id":"https:\/\/brasilnoticias.org\/site\/corpo-de-suspeito-de-estuprar-enteada-de-12-anos-e-encontrado-em-matagal\/#breadcrumb"},"inLanguage":"pt-PT","potentialAction":[{"@type":"ReadAction","target":["https:\/\/brasilnoticias.org\/site\/corpo-de-suspeito-de-estuprar-enteada-de-12-anos-e-encontrado-em-matagal\/"]}]},{"@type":"ImageObject","inLanguage":"pt-PT","@id":"https:\/\/brasilnoticias.org\/site\/corpo-de-suspeito-de-estuprar-enteada-de-12-anos-e-encontrado-em-matagal\/#primaryimage","url":"https:\/\/brasilnoticias.org\/site\/wp-content\/uploads\/2022\/10\/whatsapp_image_2022-10-20_at_06.50.15_widelg.jpeg","contentUrl":"https:\/\/brasilnoticias.org\/site\/wp-content\/uploads\/2022\/10\/whatsapp_image_2022-10-20_at_06.50.15_widelg.jpeg","width":699,"height":364},{"@type":"BreadcrumbList","@id":"https:\/\/brasilnoticias.org\/site\/corpo-de-suspeito-de-estuprar-enteada-de-12-anos-e-encontrado-em-matagal\/#breadcrumb","itemListElement":[{"@type":"ListItem","position":1,"name":"In\u00edcio","item":"https:\/\/brasilnoticias.org\/site\/"},{"@type":"ListItem","position":2,"name":"Corpo de suspeito de estuprar enteada de 12 anos \u00e9 encontrado em matagal"}]},{"@type":"WebSite","@id":"https:\/\/brasilnoticias.org\/site\/#website","url":"https:\/\/brasilnoticias.org\/site\/","name":"Brasil not\u00edcias","description":"Brasil not\u00edcias","publisher":{"@id":"https:\/\/brasilnoticias.org\/site\/#organization"},"potentialAction":[{"@type":"SearchAction","target":{"@type":"EntryPoint","urlTemplate":"https:\/\/brasilnoticias.org\/site\/?s={search_term_string}"},"query-input":{"@type":"PropertyValueSpecification","valueRequired":true,"valueName":"search_term_string"}}],"inLanguage":"pt-PT"},{"@type":"Organization","@id":"https:\/\/brasilnoticias.org\/site\/#organization","name":"Brasil not\u00edcias","url":"https:\/\/brasilnoticias.org\/site\/","logo":{"@type":"ImageObject","inLanguage":"pt-PT","@id":"https:\/\/brasilnoticias.org\/site\/#\/schema\/logo\/image\/","url":"https:\/\/brasilnoticias.org\/site\/wp-content\/uploads\/2022\/05\/cropped-brasilnoticias-mini.jpg","contentUrl":"https:\/\/brasilnoticias.org\/site\/wp-content\/uploads\/2022\/05\/cropped-brasilnoticias-mini.jpg","width":314,"height":86,"caption":"Brasil not\u00edcias"},"image":{"@id":"https:\/\/brasilnoticias.org\/site\/#\/schema\/logo\/image\/"}},{"@type":"Person","@id":"https:\/\/brasilnoticias.org\/site\/#\/schema\/person\/a0e05b973ec4d15c658d51911e53507b","name":"Reda\u00e7\u00e3o","image":{"@type":"ImageObject","inLanguage":"pt-PT","@id":"https:\/\/brasilnoticias.org\/site\/#\/schema\/person\/image\/","url":"https:\/\/secure.gravatar.com\/avatar\/75d8b050df2de108b08ae78dfb8e374892df24a383c67db9c46a9c604f6aee9c?s=96&d=mm&r=g","contentUrl":"https:\/\/secure.gravatar.com\/avatar\/75d8b050df2de108b08ae78dfb8e374892df24a383c67db9c46a9c604f6aee9c?s=96&d=mm&r=g","caption":"Reda\u00e7\u00e3o"},"sameAs":["https:\/\/brasilnoticias.org\/site"],"url":"https:\/\/brasilnoticias.org\/site\/author\/fernandozsngmail-com\/"}]}},"_links":{"self":[{"href":"https:\/\/brasilnoticias.org\/site\/wp-json\/wp\/v2\/posts\/2025","targetHints":{"allow":["GET"]}}],"collection":[{"href":"https:\/\/brasilnoticias.org\/site\/wp-json\/wp\/v2\/posts"}],"about":[{"href":"https:\/\/brasilnoticias.org\/site\/wp-json\/wp\/v2\/types\/post"}],"author":[{"embeddable":true,"href":"https:\/\/brasilnoticias.org\/site\/wp-json\/wp\/v2\/users\/1"}],"replies":[{"embeddable":true,"href":"https:\/\/brasilnoticias.org\/site\/wp-json\/wp\/v2\/comments?post=2025"}],"version-history":[{"count":1,"href":"https:\/\/brasilnoticias.org\/site\/wp-json\/wp\/v2\/posts\/2025\/revisions"}],"predecessor-version":[{"id":2027,"href":"https:\/\/brasilnoticias.org\/site\/wp-json\/wp\/v2\/posts\/2025\/revisions\/2027"}],"wp:featuredmedia":[{"embeddable":true,"href":"https:\/\/brasilnoticias.org\/site\/wp-json\/wp\/v2\/media\/2026"}],"wp:attachment":[{"href":"https:\/\/brasilnoticias.org\/site\/wp-json\/wp\/v2\/media?parent=2025"}],"wp:term":[{"taxonomy":"category","embeddable":true,"href":"https:\/\/brasilnoticias.org\/site\/wp-json\/wp\/v2\/categories?post=2025"},{"taxonomy":"post_tag","embeddable":true,"href":"https:\/\/brasilnoticias.org\/site\/wp-json\/wp\/v2\/tags?post=2025"}],"curies":[{"name":"wp","href":"https:\/\/api.w.org\/{rel}","templated":true}]}}