{"id":20260,"date":"2026-02-09T06:34:36","date_gmt":"2026-02-09T09:34:36","guid":{"rendered":"https:\/\/brasilnoticias.org\/site\/?p=20260"},"modified":"2026-02-09T06:34:36","modified_gmt":"2026-02-09T09:34:36","slug":"otto-alencar-esta-bem-e-clinicamente-estavel-apos-procedimento-informa-assessoria","status":"publish","type":"post","link":"https:\/\/brasilnoticias.org\/site\/otto-alencar-esta-bem-e-clinicamente-estavel-apos-procedimento-informa-assessoria\/","title":{"rendered":"Otto Alencar est\u00e1 bem e clinicamente est\u00e1vel ap\u00f3s procedimento, informa assessoria"},"content":{"rendered":"<p>O senador **Otto Alencar** permanece em bom estado de sa\u00fade e clinicamente est\u00e1vel ap\u00f3s passar por um procedimento m\u00e9dico, conforme informou a assessoria do parlamentar. O procedimento, realizado por motivos de sa\u00fade, transcorreu dentro do esperado e sem intercorr\u00eancias graves, segundo os representantes oficiais do senador.<\/p>\n<p>De acordo com a equipe de comunica\u00e7\u00e3o do senador, Otto Alencar tem apresentado recupera\u00e7\u00e3o satisfat\u00f3ria e continua sendo monitorado por uma equipe m\u00e9dica especializada. Os profissionais respons\u00e1veis pelo acompanhamento ressaltaram que o quadro cl\u00ednico atual \u00e9 considerado est\u00e1vel, sem sinais de complica\u00e7\u00f5es que exijam interven\u00e7\u00e3o adicional no momento.<\/p>\n<p>A assessoria tamb\u00e9m destacou que o senador segue orienta\u00e7\u00f5es m\u00e9dicas para recupera\u00e7\u00e3o e que medidas preventivas est\u00e3o sendo adotadas para garantir sua plena recupera\u00e7\u00e3o. Familiares e colaboradores pr\u00f3ximos ao pol\u00edtico t\u00eam acompanhado de perto a evolu\u00e7\u00e3o do seu estado de sa\u00fade, refor\u00e7ando o cuidado cont\u00ednuo nesse per\u00edodo.<\/p>\n<p>Autoridades e lideran\u00e7as pol\u00edticas se manifestaram nas redes sociais e por meio de mensagens de apoio, desejando uma r\u00e1pida recupera\u00e7\u00e3o e ressaltando a import\u00e2ncia do senador para o cen\u00e1rio pol\u00edtico estadual e nacional. O reconhecimento da trajet\u00f3ria p\u00fablica de Otto Alencar foi ressaltado por aliados e opositores, que enfatizaram a relev\u00e2ncia de sua atua\u00e7\u00e3o ao longo dos anos.<\/p>\n<p>O senador j\u00e1 tem uma extensa carreira na vida p\u00fablica, com presen\u00e7a marcante em diferentes espa\u00e7os de decis\u00e3o pol\u00edtica. Sua hist\u00f3ria inclui passagens por cargos executivos e legislativos, com forte atua\u00e7\u00e3o em pautas ligadas \u00e0 sa\u00fade, educa\u00e7\u00e3o e desenvolvimento regional. Por isso, a informa\u00e7\u00e3o sobre seu estado de sa\u00fade ganhou destaque entre os ve\u00edculos de comunica\u00e7\u00e3o e a sociedade.<\/p>\n<p>Apesar do procedimento, a agenda oficial do senador ainda n\u00e3o foi totalmente restabelecida, e sua assessoria informou que novas atualiza\u00e7\u00f5es ser\u00e3o divulgadas \u00e0 medida que houver evolu\u00e7\u00e3o no processo de recupera\u00e7\u00e3o. A expectativa \u00e9 de que Otto Alencar possa retomar compromissos p\u00fablicos assim que sua condi\u00e7\u00e3o f\u00edsica permitir e com a libera\u00e7\u00e3o m\u00e9dica necess\u00e1ria.<\/p>\n<p>Fonte: Metro1<br \/>\nFoto: Ag\u00eancia Senado<\/p>\n","protected":false},"excerpt":{"rendered":"<p>O senador **Otto Alencar** permanece em bom estado de sa\u00fade e clinicamente est\u00e1vel ap\u00f3s passar por um procedimento m\u00e9dico, conforme<\/p>\n","protected":false},"author":4,"featured_media":20262,"comment_status":"open","ping_status":"open","sticky":false,"template":"","format":"standard","meta":{"colormag_page_container_layout":"default_layout","colormag_page_sidebar_layout":"default_layout","_FSMCFIC_featured_image_caption":"","_FSMCFIC_featured_image_nocaption":"","_FSMCFIC_featured_image_hide":"","footnotes":""},"categories":[5,1],"tags":[],"class_list":["post-20260","post","type-post","status-publish","format-standard","has-post-thumbnail","hentry","category-politica","category-ultimas"],"yoast_head":"<!-- This site is optimized with the Yoast SEO plugin v27.1.1 - https:\/\/yoast.com\/product\/yoast-seo-wordpress\/ -->\n<title>Otto Alencar est\u00e1 bem e clinicamente est\u00e1vel ap\u00f3s procedimento, informa assessoria - Brasil not\u00edcias<\/title>\n<meta name=\"robots\" content=\"index, follow, max-snippet:-1, max-image-preview:large, max-video-preview:-1\" \/>\n<link rel=\"canonical\" href=\"https:\/\/brasilnoticias.org\/site\/otto-alencar-esta-bem-e-clinicamente-estavel-apos-procedimento-informa-assessoria\/\" \/>\n<meta property=\"og:locale\" content=\"pt_PT\" \/>\n<meta property=\"og:type\" content=\"article\" \/>\n<meta property=\"og:title\" content=\"Otto Alencar est\u00e1 bem e clinicamente est\u00e1vel ap\u00f3s procedimento, informa assessoria - Brasil not\u00edcias\" \/>\n<meta property=\"og:description\" content=\"O senador **Otto Alencar** permanece em bom estado de sa\u00fade e clinicamente est\u00e1vel ap\u00f3s passar por um procedimento m\u00e9dico, conforme\" \/>\n<meta property=\"og:url\" content=\"https:\/\/brasilnoticias.org\/site\/otto-alencar-esta-bem-e-clinicamente-estavel-apos-procedimento-informa-assessoria\/\" \/>\n<meta property=\"og:site_name\" content=\"Brasil not\u00edcias\" \/>\n<meta property=\"article:published_time\" content=\"2026-02-09T09:34:36+00:00\" \/>\n<meta property=\"og:image\" content=\"https:\/\/brasilnoticias.org\/site\/wp-content\/uploads\/2026\/02\/177512otto-alencar-esta-bem-e-clinicamente-estavel-apos-procedimento-informa-assessoria-3.jpg\" \/>\n\t<meta property=\"og:image:width\" content=\"1600\" \/>\n\t<meta property=\"og:image:height\" content=\"752\" \/>\n\t<meta property=\"og:image:type\" content=\"image\/jpeg\" \/>\n<meta name=\"author\" content=\"Reda\u00e7\u00e3o\" \/>\n<meta name=\"twitter:card\" content=\"summary_large_image\" \/>\n<meta name=\"twitter:label1\" content=\"Escrito por\" \/>\n\t<meta name=\"twitter:data1\" content=\"Reda\u00e7\u00e3o\" \/>\n\t<meta name=\"twitter:label2\" content=\"Tempo estimado de leitura\" \/>\n\t<meta name=\"twitter:data2\" content=\"1 minuto\" \/>\n<script type=\"application\/ld+json\" class=\"yoast-schema-graph\">{\"@context\":\"https:\/\/schema.org\",\"@graph\":[{\"@type\":\"Article\",\"@id\":\"https:\/\/brasilnoticias.org\/site\/otto-alencar-esta-bem-e-clinicamente-estavel-apos-procedimento-informa-assessoria\/#article\",\"isPartOf\":{\"@id\":\"https:\/\/brasilnoticias.org\/site\/otto-alencar-esta-bem-e-clinicamente-estavel-apos-procedimento-informa-assessoria\/\"},\"author\":{\"name\":\"Reda\u00e7\u00e3o\",\"@id\":\"https:\/\/brasilnoticias.org\/site\/#\/schema\/person\/03bbbfe6c7634ad18c26444ea39049fa\"},\"headline\":\"Otto Alencar est\u00e1 bem e clinicamente est\u00e1vel ap\u00f3s procedimento, informa assessoria\",\"datePublished\":\"2026-02-09T09:34:36+00:00\",\"mainEntityOfPage\":{\"@id\":\"https:\/\/brasilnoticias.org\/site\/otto-alencar-esta-bem-e-clinicamente-estavel-apos-procedimento-informa-assessoria\/\"},\"wordCount\":391,\"commentCount\":0,\"publisher\":{\"@id\":\"https:\/\/brasilnoticias.org\/site\/#organization\"},\"image\":{\"@id\":\"https:\/\/brasilnoticias.org\/site\/otto-alencar-esta-bem-e-clinicamente-estavel-apos-procedimento-informa-assessoria\/#primaryimage\"},\"thumbnailUrl\":\"https:\/\/brasilnoticias.org\/site\/wp-content\/uploads\/2026\/02\/177512otto-alencar-esta-bem-e-clinicamente-estavel-apos-procedimento-informa-assessoria-3.jpg\",\"articleSection\":[\"Pol\u00edtica\",\"\u00daltimas\"],\"inLanguage\":\"pt-PT\",\"potentialAction\":[{\"@type\":\"CommentAction\",\"name\":\"Comment\",\"target\":[\"https:\/\/brasilnoticias.org\/site\/otto-alencar-esta-bem-e-clinicamente-estavel-apos-procedimento-informa-assessoria\/#respond\"]}]},{\"@type\":\"WebPage\",\"@id\":\"https:\/\/brasilnoticias.org\/site\/otto-alencar-esta-bem-e-clinicamente-estavel-apos-procedimento-informa-assessoria\/\",\"url\":\"https:\/\/brasilnoticias.org\/site\/otto-alencar-esta-bem-e-clinicamente-estavel-apos-procedimento-informa-assessoria\/\",\"name\":\"Otto Alencar est\u00e1 bem e clinicamente est\u00e1vel ap\u00f3s procedimento, informa assessoria - Brasil not\u00edcias\",\"isPartOf\":{\"@id\":\"https:\/\/brasilnoticias.org\/site\/#website\"},\"primaryImageOfPage\":{\"@id\":\"https:\/\/brasilnoticias.org\/site\/otto-alencar-esta-bem-e-clinicamente-estavel-apos-procedimento-informa-assessoria\/#primaryimage\"},\"image\":{\"@id\":\"https:\/\/brasilnoticias.org\/site\/otto-alencar-esta-bem-e-clinicamente-estavel-apos-procedimento-informa-assessoria\/#primaryimage\"},\"thumbnailUrl\":\"https:\/\/brasilnoticias.org\/site\/wp-content\/uploads\/2026\/02\/177512otto-alencar-esta-bem-e-clinicamente-estavel-apos-procedimento-informa-assessoria-3.jpg\",\"datePublished\":\"2026-02-09T09:34:36+00:00\",\"breadcrumb\":{\"@id\":\"https:\/\/brasilnoticias.org\/site\/otto-alencar-esta-bem-e-clinicamente-estavel-apos-procedimento-informa-assessoria\/#breadcrumb\"},\"inLanguage\":\"pt-PT\",\"potentialAction\":[{\"@type\":\"ReadAction\",\"target\":[\"https:\/\/brasilnoticias.org\/site\/otto-alencar-esta-bem-e-clinicamente-estavel-apos-procedimento-informa-assessoria\/\"]}]},{\"@type\":\"ImageObject\",\"inLanguage\":\"pt-PT\",\"@id\":\"https:\/\/brasilnoticias.org\/site\/otto-alencar-esta-bem-e-clinicamente-estavel-apos-procedimento-informa-assessoria\/#primaryimage\",\"url\":\"https:\/\/brasilnoticias.org\/site\/wp-content\/uploads\/2026\/02\/177512otto-alencar-esta-bem-e-clinicamente-estavel-apos-procedimento-informa-assessoria-3.jpg\",\"contentUrl\":\"https:\/\/brasilnoticias.org\/site\/wp-content\/uploads\/2026\/02\/177512otto-alencar-esta-bem-e-clinicamente-estavel-apos-procedimento-informa-assessoria-3.jpg\",\"width\":1600,\"height\":752},{\"@type\":\"BreadcrumbList\",\"@id\":\"https:\/\/brasilnoticias.org\/site\/otto-alencar-esta-bem-e-clinicamente-estavel-apos-procedimento-informa-assessoria\/#breadcrumb\",\"itemListElement\":[{\"@type\":\"ListItem\",\"position\":1,\"name\":\"In\u00edcio\",\"item\":\"https:\/\/brasilnoticias.org\/site\/\"},{\"@type\":\"ListItem\",\"position\":2,\"name\":\"Otto Alencar est\u00e1 bem e clinicamente est\u00e1vel ap\u00f3s procedimento, informa assessoria\"}]},{\"@type\":\"WebSite\",\"@id\":\"https:\/\/brasilnoticias.org\/site\/#website\",\"url\":\"https:\/\/brasilnoticias.org\/site\/\",\"name\":\"Brasil not\u00edcias\",\"description\":\"Brasil not\u00edcias\",\"publisher\":{\"@id\":\"https:\/\/brasilnoticias.org\/site\/#organization\"},\"potentialAction\":[{\"@type\":\"SearchAction\",\"target\":{\"@type\":\"EntryPoint\",\"urlTemplate\":\"https:\/\/brasilnoticias.org\/site\/?s={search_term_string}\"},\"query-input\":{\"@type\":\"PropertyValueSpecification\",\"valueRequired\":true,\"valueName\":\"search_term_string\"}}],\"inLanguage\":\"pt-PT\"},{\"@type\":\"Organization\",\"@id\":\"https:\/\/brasilnoticias.org\/site\/#organization\",\"name\":\"Brasil not\u00edcias\",\"url\":\"https:\/\/brasilnoticias.org\/site\/\",\"logo\":{\"@type\":\"ImageObject\",\"inLanguage\":\"pt-PT\",\"@id\":\"https:\/\/brasilnoticias.org\/site\/#\/schema\/logo\/image\/\",\"url\":\"https:\/\/brasilnoticias.org\/site\/wp-content\/uploads\/2022\/05\/cropped-brasilnoticias-mini.jpg\",\"contentUrl\":\"https:\/\/brasilnoticias.org\/site\/wp-content\/uploads\/2022\/05\/cropped-brasilnoticias-mini.jpg\",\"width\":314,\"height\":86,\"caption\":\"Brasil not\u00edcias\"},\"image\":{\"@id\":\"https:\/\/brasilnoticias.org\/site\/#\/schema\/logo\/image\/\"}},{\"@type\":\"Person\",\"@id\":\"https:\/\/brasilnoticias.org\/site\/#\/schema\/person\/03bbbfe6c7634ad18c26444ea39049fa\",\"name\":\"Reda\u00e7\u00e3o\",\"image\":{\"@type\":\"ImageObject\",\"inLanguage\":\"pt-PT\",\"@id\":\"https:\/\/brasilnoticias.org\/site\/#\/schema\/person\/image\/\",\"url\":\"https:\/\/secure.gravatar.com\/avatar\/9ecaf7327a696cb23ad926fedded5f1f04d7049de9e445375d55b48c001a6e42?s=96&d=mm&r=g\",\"contentUrl\":\"https:\/\/secure.gravatar.com\/avatar\/9ecaf7327a696cb23ad926fedded5f1f04d7049de9e445375d55b48c001a6e42?s=96&d=mm&r=g\",\"caption\":\"Reda\u00e7\u00e3o\"},\"url\":\"https:\/\/brasilnoticias.org\/site\/author\/henrique\/\"}]}<\/script>\n<!-- \/ Yoast SEO plugin. -->","yoast_head_json":{"title":"Otto Alencar est\u00e1 bem e clinicamente est\u00e1vel ap\u00f3s procedimento, informa assessoria - Brasil not\u00edcias","robots":{"index":"index","follow":"follow","max-snippet":"max-snippet:-1","max-image-preview":"max-image-preview:large","max-video-preview":"max-video-preview:-1"},"canonical":"https:\/\/brasilnoticias.org\/site\/otto-alencar-esta-bem-e-clinicamente-estavel-apos-procedimento-informa-assessoria\/","og_locale":"pt_PT","og_type":"article","og_title":"Otto Alencar est\u00e1 bem e clinicamente est\u00e1vel ap\u00f3s procedimento, informa assessoria - Brasil not\u00edcias","og_description":"O senador **Otto Alencar** permanece em bom estado de sa\u00fade e clinicamente est\u00e1vel ap\u00f3s passar por um procedimento m\u00e9dico, conforme","og_url":"https:\/\/brasilnoticias.org\/site\/otto-alencar-esta-bem-e-clinicamente-estavel-apos-procedimento-informa-assessoria\/","og_site_name":"Brasil not\u00edcias","article_published_time":"2026-02-09T09:34:36+00:00","og_image":[{"width":1600,"height":752,"url":"https:\/\/brasilnoticias.org\/site\/wp-content\/uploads\/2026\/02\/177512otto-alencar-esta-bem-e-clinicamente-estavel-apos-procedimento-informa-assessoria-3.jpg","type":"image\/jpeg"}],"author":"Reda\u00e7\u00e3o","twitter_card":"summary_large_image","twitter_misc":{"Escrito por":"Reda\u00e7\u00e3o","Tempo estimado de leitura":"1 minuto"},"schema":{"@context":"https:\/\/schema.org","@graph":[{"@type":"Article","@id":"https:\/\/brasilnoticias.org\/site\/otto-alencar-esta-bem-e-clinicamente-estavel-apos-procedimento-informa-assessoria\/#article","isPartOf":{"@id":"https:\/\/brasilnoticias.org\/site\/otto-alencar-esta-bem-e-clinicamente-estavel-apos-procedimento-informa-assessoria\/"},"author":{"name":"Reda\u00e7\u00e3o","@id":"https:\/\/brasilnoticias.org\/site\/#\/schema\/person\/03bbbfe6c7634ad18c26444ea39049fa"},"headline":"Otto Alencar est\u00e1 bem e clinicamente est\u00e1vel ap\u00f3s procedimento, informa assessoria","datePublished":"2026-02-09T09:34:36+00:00","mainEntityOfPage":{"@id":"https:\/\/brasilnoticias.org\/site\/otto-alencar-esta-bem-e-clinicamente-estavel-apos-procedimento-informa-assessoria\/"},"wordCount":391,"commentCount":0,"publisher":{"@id":"https:\/\/brasilnoticias.org\/site\/#organization"},"image":{"@id":"https:\/\/brasilnoticias.org\/site\/otto-alencar-esta-bem-e-clinicamente-estavel-apos-procedimento-informa-assessoria\/#primaryimage"},"thumbnailUrl":"https:\/\/brasilnoticias.org\/site\/wp-content\/uploads\/2026\/02\/177512otto-alencar-esta-bem-e-clinicamente-estavel-apos-procedimento-informa-assessoria-3.jpg","articleSection":["Pol\u00edtica","\u00daltimas"],"inLanguage":"pt-PT","potentialAction":[{"@type":"CommentAction","name":"Comment","target":["https:\/\/brasilnoticias.org\/site\/otto-alencar-esta-bem-e-clinicamente-estavel-apos-procedimento-informa-assessoria\/#respond"]}]},{"@type":"WebPage","@id":"https:\/\/brasilnoticias.org\/site\/otto-alencar-esta-bem-e-clinicamente-estavel-apos-procedimento-informa-assessoria\/","url":"https:\/\/brasilnoticias.org\/site\/otto-alencar-esta-bem-e-clinicamente-estavel-apos-procedimento-informa-assessoria\/","name":"Otto Alencar est\u00e1 bem e clinicamente est\u00e1vel ap\u00f3s procedimento, informa assessoria - Brasil not\u00edcias","isPartOf":{"@id":"https:\/\/brasilnoticias.org\/site\/#website"},"primaryImageOfPage":{"@id":"https:\/\/brasilnoticias.org\/site\/otto-alencar-esta-bem-e-clinicamente-estavel-apos-procedimento-informa-assessoria\/#primaryimage"},"image":{"@id":"https:\/\/brasilnoticias.org\/site\/otto-alencar-esta-bem-e-clinicamente-estavel-apos-procedimento-informa-assessoria\/#primaryimage"},"thumbnailUrl":"https:\/\/brasilnoticias.org\/site\/wp-content\/uploads\/2026\/02\/177512otto-alencar-esta-bem-e-clinicamente-estavel-apos-procedimento-informa-assessoria-3.jpg","datePublished":"2026-02-09T09:34:36+00:00","breadcrumb":{"@id":"https:\/\/brasilnoticias.org\/site\/otto-alencar-esta-bem-e-clinicamente-estavel-apos-procedimento-informa-assessoria\/#breadcrumb"},"inLanguage":"pt-PT","potentialAction":[{"@type":"ReadAction","target":["https:\/\/brasilnoticias.org\/site\/otto-alencar-esta-bem-e-clinicamente-estavel-apos-procedimento-informa-assessoria\/"]}]},{"@type":"ImageObject","inLanguage":"pt-PT","@id":"https:\/\/brasilnoticias.org\/site\/otto-alencar-esta-bem-e-clinicamente-estavel-apos-procedimento-informa-assessoria\/#primaryimage","url":"https:\/\/brasilnoticias.org\/site\/wp-content\/uploads\/2026\/02\/177512otto-alencar-esta-bem-e-clinicamente-estavel-apos-procedimento-informa-assessoria-3.jpg","contentUrl":"https:\/\/brasilnoticias.org\/site\/wp-content\/uploads\/2026\/02\/177512otto-alencar-esta-bem-e-clinicamente-estavel-apos-procedimento-informa-assessoria-3.jpg","width":1600,"height":752},{"@type":"BreadcrumbList","@id":"https:\/\/brasilnoticias.org\/site\/otto-alencar-esta-bem-e-clinicamente-estavel-apos-procedimento-informa-assessoria\/#breadcrumb","itemListElement":[{"@type":"ListItem","position":1,"name":"In\u00edcio","item":"https:\/\/brasilnoticias.org\/site\/"},{"@type":"ListItem","position":2,"name":"Otto Alencar est\u00e1 bem e clinicamente est\u00e1vel ap\u00f3s procedimento, informa assessoria"}]},{"@type":"WebSite","@id":"https:\/\/brasilnoticias.org\/site\/#website","url":"https:\/\/brasilnoticias.org\/site\/","name":"Brasil not\u00edcias","description":"Brasil not\u00edcias","publisher":{"@id":"https:\/\/brasilnoticias.org\/site\/#organization"},"potentialAction":[{"@type":"SearchAction","target":{"@type":"EntryPoint","urlTemplate":"https:\/\/brasilnoticias.org\/site\/?s={search_term_string}"},"query-input":{"@type":"PropertyValueSpecification","valueRequired":true,"valueName":"search_term_string"}}],"inLanguage":"pt-PT"},{"@type":"Organization","@id":"https:\/\/brasilnoticias.org\/site\/#organization","name":"Brasil not\u00edcias","url":"https:\/\/brasilnoticias.org\/site\/","logo":{"@type":"ImageObject","inLanguage":"pt-PT","@id":"https:\/\/brasilnoticias.org\/site\/#\/schema\/logo\/image\/","url":"https:\/\/brasilnoticias.org\/site\/wp-content\/uploads\/2022\/05\/cropped-brasilnoticias-mini.jpg","contentUrl":"https:\/\/brasilnoticias.org\/site\/wp-content\/uploads\/2022\/05\/cropped-brasilnoticias-mini.jpg","width":314,"height":86,"caption":"Brasil not\u00edcias"},"image":{"@id":"https:\/\/brasilnoticias.org\/site\/#\/schema\/logo\/image\/"}},{"@type":"Person","@id":"https:\/\/brasilnoticias.org\/site\/#\/schema\/person\/03bbbfe6c7634ad18c26444ea39049fa","name":"Reda\u00e7\u00e3o","image":{"@type":"ImageObject","inLanguage":"pt-PT","@id":"https:\/\/brasilnoticias.org\/site\/#\/schema\/person\/image\/","url":"https:\/\/secure.gravatar.com\/avatar\/9ecaf7327a696cb23ad926fedded5f1f04d7049de9e445375d55b48c001a6e42?s=96&d=mm&r=g","contentUrl":"https:\/\/secure.gravatar.com\/avatar\/9ecaf7327a696cb23ad926fedded5f1f04d7049de9e445375d55b48c001a6e42?s=96&d=mm&r=g","caption":"Reda\u00e7\u00e3o"},"url":"https:\/\/brasilnoticias.org\/site\/author\/henrique\/"}]}},"_links":{"self":[{"href":"https:\/\/brasilnoticias.org\/site\/wp-json\/wp\/v2\/posts\/20260","targetHints":{"allow":["GET"]}}],"collection":[{"href":"https:\/\/brasilnoticias.org\/site\/wp-json\/wp\/v2\/posts"}],"about":[{"href":"https:\/\/brasilnoticias.org\/site\/wp-json\/wp\/v2\/types\/post"}],"author":[{"embeddable":true,"href":"https:\/\/brasilnoticias.org\/site\/wp-json\/wp\/v2\/users\/4"}],"replies":[{"embeddable":true,"href":"https:\/\/brasilnoticias.org\/site\/wp-json\/wp\/v2\/comments?post=20260"}],"version-history":[{"count":1,"href":"https:\/\/brasilnoticias.org\/site\/wp-json\/wp\/v2\/posts\/20260\/revisions"}],"predecessor-version":[{"id":20263,"href":"https:\/\/brasilnoticias.org\/site\/wp-json\/wp\/v2\/posts\/20260\/revisions\/20263"}],"wp:featuredmedia":[{"embeddable":true,"href":"https:\/\/brasilnoticias.org\/site\/wp-json\/wp\/v2\/media\/20262"}],"wp:attachment":[{"href":"https:\/\/brasilnoticias.org\/site\/wp-json\/wp\/v2\/media?parent=20260"}],"wp:term":[{"taxonomy":"category","embeddable":true,"href":"https:\/\/brasilnoticias.org\/site\/wp-json\/wp\/v2\/categories?post=20260"},{"taxonomy":"post_tag","embeddable":true,"href":"https:\/\/brasilnoticias.org\/site\/wp-json\/wp\/v2\/tags?post=20260"}],"curies":[{"name":"wp","href":"https:\/\/api.w.org\/{rel}","templated":true}]}}