{"id":20264,"date":"2026-02-09T06:54:41","date_gmt":"2026-02-09T09:54:41","guid":{"rendered":"https:\/\/brasilnoticias.org\/site\/?p=20264"},"modified":"2026-02-09T06:54:41","modified_gmt":"2026-02-09T09:54:41","slug":"defesa-de-bolsonaro-vai-reiterar-ao-stf-pedido-de-prisao-domiciliar","status":"publish","type":"post","link":"https:\/\/brasilnoticias.org\/site\/defesa-de-bolsonaro-vai-reiterar-ao-stf-pedido-de-prisao-domiciliar\/","title":{"rendered":"Defesa de Bolsonaro vai reiterar ao STF pedido de pris\u00e3o domiciliar"},"content":{"rendered":"<p>A defesa do ex-presidente Jair Bolsonaro informou que vai reiterar um novo pedido ao **Supremo Tribunal Federal (STF)** para que ele seja beneficiado com **pris\u00e3o domiciliar**. A estrat\u00e9gia jur\u00eddica foi anunciada ap\u00f3s dilig\u00eancias de advogados, que entendem que determinadas condi\u00e7\u00f5es do cumprimento da pris\u00e3o poderiam justificar a altera\u00e7\u00e3o da forma de deten\u00e7\u00e3o para o regime domiciliar.<\/p>\n<p>Segundo a equipe de defesa, o pedido que ser\u00e1 apresentado ao STF reiterar\u00e1 argumentos j\u00e1 usados em ocasi\u00f5es anteriores e incluir\u00e1 novos elementos que, segundo os advogados, refor\u00e7am a necessidade de concess\u00e3o do benef\u00edcio. Entre os principais motivos citados est\u00e3o quest\u00f5es de sa\u00fade, idade e a situa\u00e7\u00e3o familiar do ex-presidente, que, conforme os defensores, poderiam se tornar mais dif\u00edceis de serem gerenciadas no ambiente prisional tradicional.<\/p>\n<p>Advogados que representam Bolsonaro afirmam que a pris\u00e3o domiciliar \u00e9 uma medida prevista em lei para casos espec\u00edficos e que sua concess\u00e3o pode ocorrer desde que sejam observados crit\u00e9rios como risco \u00e0 sa\u00fade do custodiado, condi\u00e7\u00f5es especiais ou circunst\u00e2ncias consideradas excepcionalmente relevantes. A defesa tamb\u00e9m pretende refor\u00e7ar que a mudan\u00e7a de regime contribuiria para melhor acompanhamento do tratamento e de cuidados m\u00e9dicos.<\/p>\n<p>Por outro lado, integrantes do Minist\u00e9rio P\u00fablico e setores do sistema de justi\u00e7a avaliam que a concess\u00e3o de pris\u00e3o domiciliar precisa ser analisada com cautela e de acordo com o que determina a legisla\u00e7\u00e3o penal e processual. Para eles, a gravidade dos fatos e a necessidade de manter a ordem p\u00fablica s\u00e3o aspectos que tamb\u00e9m precisam ser considerados no momento em que o Supremo examinar o pedido.<\/p>\n<p>O STF j\u00e1 recebeu pedidos semelhantes em outros casos de detentos que buscaram esse tipo de regime alternativo, e a Corte tem a prerrogativa de decidir com base em crit\u00e9rios legais e jurisprudenciais. A expectativa \u00e9 que o pedido seja analisado pelos ministros em breve, considerando as argumenta\u00e7\u00f5es apresentadas pelos advogados e pelas partes envolvidas no processo.<\/p>\n<p>A situa\u00e7\u00e3o jur\u00eddica do ex-presidente vem sendo observada de perto por setores da pol\u00edtica e da sociedade, com repercuss\u00e3o nos meios de comunica\u00e7\u00e3o e debates p\u00fablicos. Comentadores pol\u00edticos e especialistas em direito penal t\u00eam acompanhado os desdobramentos e apontado que a decis\u00e3o do STF pode ter impactos significativos tanto no caso espec\u00edfico quanto em futuras decis\u00f5es relacionadas a pedidos semelhantes.<\/p>\n<p>O novo pedido ao Supremo refor\u00e7a a movimenta\u00e7\u00e3o da defesa em buscar alternativas jur\u00eddicas que possam beneficiar o ex-mandat\u00e1rio no decorrer do curso do processo, destacando a import\u00e2ncia do debate em torno dos mecanismos legais previstos na legisla\u00e7\u00e3o brasileira para a concess\u00e3o de pris\u00e3o domiciliar.<\/p>\n<p>Fonte: Metro1<br \/>\nFoto: Fabio Rodrigues-Pozzebom\/ Ag\u00eancia Brasil<\/p>\n","protected":false},"excerpt":{"rendered":"<p>A defesa do ex-presidente Jair Bolsonaro informou que vai reiterar um novo pedido ao **Supremo Tribunal Federal (STF)** para que<\/p>\n","protected":false},"author":4,"featured_media":20265,"comment_status":"open","ping_status":"open","sticky":false,"template":"","format":"standard","meta":{"colormag_page_container_layout":"default_layout","colormag_page_sidebar_layout":"default_layout","_FSMCFIC_featured_image_caption":"","_FSMCFIC_featured_image_nocaption":"","_FSMCFIC_featured_image_hide":"","footnotes":""},"categories":[5,1],"tags":[],"class_list":["post-20264","post","type-post","status-publish","format-standard","has-post-thumbnail","hentry","category-politica","category-ultimas"],"yoast_head":"<!-- This site is optimized with the Yoast SEO plugin v27.1.1 - https:\/\/yoast.com\/product\/yoast-seo-wordpress\/ -->\n<title>Defesa de Bolsonaro vai reiterar ao STF pedido de pris\u00e3o domiciliar - Brasil not\u00edcias<\/title>\n<meta name=\"robots\" content=\"index, follow, max-snippet:-1, max-image-preview:large, max-video-preview:-1\" \/>\n<link rel=\"canonical\" href=\"https:\/\/brasilnoticias.org\/site\/defesa-de-bolsonaro-vai-reiterar-ao-stf-pedido-de-prisao-domiciliar\/\" \/>\n<meta property=\"og:locale\" content=\"pt_PT\" \/>\n<meta property=\"og:type\" content=\"article\" \/>\n<meta property=\"og:title\" content=\"Defesa de Bolsonaro vai reiterar ao STF pedido de pris\u00e3o domiciliar - Brasil not\u00edcias\" \/>\n<meta property=\"og:description\" content=\"A defesa do ex-presidente Jair Bolsonaro informou que vai reiterar um novo pedido ao **Supremo Tribunal Federal (STF)** para que\" \/>\n<meta property=\"og:url\" content=\"https:\/\/brasilnoticias.org\/site\/defesa-de-bolsonaro-vai-reiterar-ao-stf-pedido-de-prisao-domiciliar\/\" \/>\n<meta property=\"og:site_name\" content=\"Brasil not\u00edcias\" \/>\n<meta property=\"article:published_time\" content=\"2026-02-09T09:54:41+00:00\" \/>\n<meta property=\"og:image\" content=\"https:\/\/brasilnoticias.org\/site\/wp-content\/uploads\/2026\/02\/177507defesa-de-bolsonaro-vai-reiterar-ao-stf-pedido-de-prisao-domiciliar-3.jpg\" \/>\n\t<meta property=\"og:image:width\" content=\"1600\" \/>\n\t<meta property=\"og:image:height\" content=\"752\" \/>\n\t<meta property=\"og:image:type\" content=\"image\/jpeg\" \/>\n<meta name=\"author\" content=\"Reda\u00e7\u00e3o\" \/>\n<meta name=\"twitter:card\" content=\"summary_large_image\" \/>\n<meta name=\"twitter:label1\" content=\"Escrito por\" \/>\n\t<meta name=\"twitter:data1\" content=\"Reda\u00e7\u00e3o\" \/>\n\t<meta name=\"twitter:label2\" content=\"Tempo estimado de leitura\" \/>\n\t<meta name=\"twitter:data2\" content=\"1 minuto\" \/>\n<script type=\"application\/ld+json\" class=\"yoast-schema-graph\">{\"@context\":\"https:\/\/schema.org\",\"@graph\":[{\"@type\":\"Article\",\"@id\":\"https:\/\/brasilnoticias.org\/site\/defesa-de-bolsonaro-vai-reiterar-ao-stf-pedido-de-prisao-domiciliar\/#article\",\"isPartOf\":{\"@id\":\"https:\/\/brasilnoticias.org\/site\/defesa-de-bolsonaro-vai-reiterar-ao-stf-pedido-de-prisao-domiciliar\/\"},\"author\":{\"name\":\"Reda\u00e7\u00e3o\",\"@id\":\"https:\/\/brasilnoticias.org\/site\/#\/schema\/person\/03bbbfe6c7634ad18c26444ea39049fa\"},\"headline\":\"Defesa de Bolsonaro vai reiterar ao STF pedido de pris\u00e3o domiciliar\",\"datePublished\":\"2026-02-09T09:54:41+00:00\",\"mainEntityOfPage\":{\"@id\":\"https:\/\/brasilnoticias.org\/site\/defesa-de-bolsonaro-vai-reiterar-ao-stf-pedido-de-prisao-domiciliar\/\"},\"wordCount\":489,\"commentCount\":0,\"publisher\":{\"@id\":\"https:\/\/brasilnoticias.org\/site\/#organization\"},\"image\":{\"@id\":\"https:\/\/brasilnoticias.org\/site\/defesa-de-bolsonaro-vai-reiterar-ao-stf-pedido-de-prisao-domiciliar\/#primaryimage\"},\"thumbnailUrl\":\"https:\/\/brasilnoticias.org\/site\/wp-content\/uploads\/2026\/02\/177507defesa-de-bolsonaro-vai-reiterar-ao-stf-pedido-de-prisao-domiciliar-3.jpg\",\"articleSection\":[\"Pol\u00edtica\",\"\u00daltimas\"],\"inLanguage\":\"pt-PT\",\"potentialAction\":[{\"@type\":\"CommentAction\",\"name\":\"Comment\",\"target\":[\"https:\/\/brasilnoticias.org\/site\/defesa-de-bolsonaro-vai-reiterar-ao-stf-pedido-de-prisao-domiciliar\/#respond\"]}]},{\"@type\":\"WebPage\",\"@id\":\"https:\/\/brasilnoticias.org\/site\/defesa-de-bolsonaro-vai-reiterar-ao-stf-pedido-de-prisao-domiciliar\/\",\"url\":\"https:\/\/brasilnoticias.org\/site\/defesa-de-bolsonaro-vai-reiterar-ao-stf-pedido-de-prisao-domiciliar\/\",\"name\":\"Defesa de Bolsonaro vai reiterar ao STF pedido de pris\u00e3o domiciliar - Brasil not\u00edcias\",\"isPartOf\":{\"@id\":\"https:\/\/brasilnoticias.org\/site\/#website\"},\"primaryImageOfPage\":{\"@id\":\"https:\/\/brasilnoticias.org\/site\/defesa-de-bolsonaro-vai-reiterar-ao-stf-pedido-de-prisao-domiciliar\/#primaryimage\"},\"image\":{\"@id\":\"https:\/\/brasilnoticias.org\/site\/defesa-de-bolsonaro-vai-reiterar-ao-stf-pedido-de-prisao-domiciliar\/#primaryimage\"},\"thumbnailUrl\":\"https:\/\/brasilnoticias.org\/site\/wp-content\/uploads\/2026\/02\/177507defesa-de-bolsonaro-vai-reiterar-ao-stf-pedido-de-prisao-domiciliar-3.jpg\",\"datePublished\":\"2026-02-09T09:54:41+00:00\",\"breadcrumb\":{\"@id\":\"https:\/\/brasilnoticias.org\/site\/defesa-de-bolsonaro-vai-reiterar-ao-stf-pedido-de-prisao-domiciliar\/#breadcrumb\"},\"inLanguage\":\"pt-PT\",\"potentialAction\":[{\"@type\":\"ReadAction\",\"target\":[\"https:\/\/brasilnoticias.org\/site\/defesa-de-bolsonaro-vai-reiterar-ao-stf-pedido-de-prisao-domiciliar\/\"]}]},{\"@type\":\"ImageObject\",\"inLanguage\":\"pt-PT\",\"@id\":\"https:\/\/brasilnoticias.org\/site\/defesa-de-bolsonaro-vai-reiterar-ao-stf-pedido-de-prisao-domiciliar\/#primaryimage\",\"url\":\"https:\/\/brasilnoticias.org\/site\/wp-content\/uploads\/2026\/02\/177507defesa-de-bolsonaro-vai-reiterar-ao-stf-pedido-de-prisao-domiciliar-3.jpg\",\"contentUrl\":\"https:\/\/brasilnoticias.org\/site\/wp-content\/uploads\/2026\/02\/177507defesa-de-bolsonaro-vai-reiterar-ao-stf-pedido-de-prisao-domiciliar-3.jpg\",\"width\":1600,\"height\":752},{\"@type\":\"BreadcrumbList\",\"@id\":\"https:\/\/brasilnoticias.org\/site\/defesa-de-bolsonaro-vai-reiterar-ao-stf-pedido-de-prisao-domiciliar\/#breadcrumb\",\"itemListElement\":[{\"@type\":\"ListItem\",\"position\":1,\"name\":\"In\u00edcio\",\"item\":\"https:\/\/brasilnoticias.org\/site\/\"},{\"@type\":\"ListItem\",\"position\":2,\"name\":\"Defesa de Bolsonaro vai reiterar ao STF pedido de pris\u00e3o domiciliar\"}]},{\"@type\":\"WebSite\",\"@id\":\"https:\/\/brasilnoticias.org\/site\/#website\",\"url\":\"https:\/\/brasilnoticias.org\/site\/\",\"name\":\"Brasil not\u00edcias\",\"description\":\"Brasil not\u00edcias\",\"publisher\":{\"@id\":\"https:\/\/brasilnoticias.org\/site\/#organization\"},\"potentialAction\":[{\"@type\":\"SearchAction\",\"target\":{\"@type\":\"EntryPoint\",\"urlTemplate\":\"https:\/\/brasilnoticias.org\/site\/?s={search_term_string}\"},\"query-input\":{\"@type\":\"PropertyValueSpecification\",\"valueRequired\":true,\"valueName\":\"search_term_string\"}}],\"inLanguage\":\"pt-PT\"},{\"@type\":\"Organization\",\"@id\":\"https:\/\/brasilnoticias.org\/site\/#organization\",\"name\":\"Brasil not\u00edcias\",\"url\":\"https:\/\/brasilnoticias.org\/site\/\",\"logo\":{\"@type\":\"ImageObject\",\"inLanguage\":\"pt-PT\",\"@id\":\"https:\/\/brasilnoticias.org\/site\/#\/schema\/logo\/image\/\",\"url\":\"https:\/\/brasilnoticias.org\/site\/wp-content\/uploads\/2022\/05\/cropped-brasilnoticias-mini.jpg\",\"contentUrl\":\"https:\/\/brasilnoticias.org\/site\/wp-content\/uploads\/2022\/05\/cropped-brasilnoticias-mini.jpg\",\"width\":314,\"height\":86,\"caption\":\"Brasil not\u00edcias\"},\"image\":{\"@id\":\"https:\/\/brasilnoticias.org\/site\/#\/schema\/logo\/image\/\"}},{\"@type\":\"Person\",\"@id\":\"https:\/\/brasilnoticias.org\/site\/#\/schema\/person\/03bbbfe6c7634ad18c26444ea39049fa\",\"name\":\"Reda\u00e7\u00e3o\",\"image\":{\"@type\":\"ImageObject\",\"inLanguage\":\"pt-PT\",\"@id\":\"https:\/\/brasilnoticias.org\/site\/#\/schema\/person\/image\/\",\"url\":\"https:\/\/secure.gravatar.com\/avatar\/9ecaf7327a696cb23ad926fedded5f1f04d7049de9e445375d55b48c001a6e42?s=96&d=mm&r=g\",\"contentUrl\":\"https:\/\/secure.gravatar.com\/avatar\/9ecaf7327a696cb23ad926fedded5f1f04d7049de9e445375d55b48c001a6e42?s=96&d=mm&r=g\",\"caption\":\"Reda\u00e7\u00e3o\"},\"url\":\"https:\/\/brasilnoticias.org\/site\/author\/henrique\/\"}]}<\/script>\n<!-- \/ Yoast SEO plugin. -->","yoast_head_json":{"title":"Defesa de Bolsonaro vai reiterar ao STF pedido de pris\u00e3o domiciliar - Brasil not\u00edcias","robots":{"index":"index","follow":"follow","max-snippet":"max-snippet:-1","max-image-preview":"max-image-preview:large","max-video-preview":"max-video-preview:-1"},"canonical":"https:\/\/brasilnoticias.org\/site\/defesa-de-bolsonaro-vai-reiterar-ao-stf-pedido-de-prisao-domiciliar\/","og_locale":"pt_PT","og_type":"article","og_title":"Defesa de Bolsonaro vai reiterar ao STF pedido de pris\u00e3o domiciliar - Brasil not\u00edcias","og_description":"A defesa do ex-presidente Jair Bolsonaro informou que vai reiterar um novo pedido ao **Supremo Tribunal Federal (STF)** para que","og_url":"https:\/\/brasilnoticias.org\/site\/defesa-de-bolsonaro-vai-reiterar-ao-stf-pedido-de-prisao-domiciliar\/","og_site_name":"Brasil not\u00edcias","article_published_time":"2026-02-09T09:54:41+00:00","og_image":[{"width":1600,"height":752,"url":"https:\/\/brasilnoticias.org\/site\/wp-content\/uploads\/2026\/02\/177507defesa-de-bolsonaro-vai-reiterar-ao-stf-pedido-de-prisao-domiciliar-3.jpg","type":"image\/jpeg"}],"author":"Reda\u00e7\u00e3o","twitter_card":"summary_large_image","twitter_misc":{"Escrito por":"Reda\u00e7\u00e3o","Tempo estimado de leitura":"1 minuto"},"schema":{"@context":"https:\/\/schema.org","@graph":[{"@type":"Article","@id":"https:\/\/brasilnoticias.org\/site\/defesa-de-bolsonaro-vai-reiterar-ao-stf-pedido-de-prisao-domiciliar\/#article","isPartOf":{"@id":"https:\/\/brasilnoticias.org\/site\/defesa-de-bolsonaro-vai-reiterar-ao-stf-pedido-de-prisao-domiciliar\/"},"author":{"name":"Reda\u00e7\u00e3o","@id":"https:\/\/brasilnoticias.org\/site\/#\/schema\/person\/03bbbfe6c7634ad18c26444ea39049fa"},"headline":"Defesa de Bolsonaro vai reiterar ao STF pedido de pris\u00e3o domiciliar","datePublished":"2026-02-09T09:54:41+00:00","mainEntityOfPage":{"@id":"https:\/\/brasilnoticias.org\/site\/defesa-de-bolsonaro-vai-reiterar-ao-stf-pedido-de-prisao-domiciliar\/"},"wordCount":489,"commentCount":0,"publisher":{"@id":"https:\/\/brasilnoticias.org\/site\/#organization"},"image":{"@id":"https:\/\/brasilnoticias.org\/site\/defesa-de-bolsonaro-vai-reiterar-ao-stf-pedido-de-prisao-domiciliar\/#primaryimage"},"thumbnailUrl":"https:\/\/brasilnoticias.org\/site\/wp-content\/uploads\/2026\/02\/177507defesa-de-bolsonaro-vai-reiterar-ao-stf-pedido-de-prisao-domiciliar-3.jpg","articleSection":["Pol\u00edtica","\u00daltimas"],"inLanguage":"pt-PT","potentialAction":[{"@type":"CommentAction","name":"Comment","target":["https:\/\/brasilnoticias.org\/site\/defesa-de-bolsonaro-vai-reiterar-ao-stf-pedido-de-prisao-domiciliar\/#respond"]}]},{"@type":"WebPage","@id":"https:\/\/brasilnoticias.org\/site\/defesa-de-bolsonaro-vai-reiterar-ao-stf-pedido-de-prisao-domiciliar\/","url":"https:\/\/brasilnoticias.org\/site\/defesa-de-bolsonaro-vai-reiterar-ao-stf-pedido-de-prisao-domiciliar\/","name":"Defesa de Bolsonaro vai reiterar ao STF pedido de pris\u00e3o domiciliar - Brasil not\u00edcias","isPartOf":{"@id":"https:\/\/brasilnoticias.org\/site\/#website"},"primaryImageOfPage":{"@id":"https:\/\/brasilnoticias.org\/site\/defesa-de-bolsonaro-vai-reiterar-ao-stf-pedido-de-prisao-domiciliar\/#primaryimage"},"image":{"@id":"https:\/\/brasilnoticias.org\/site\/defesa-de-bolsonaro-vai-reiterar-ao-stf-pedido-de-prisao-domiciliar\/#primaryimage"},"thumbnailUrl":"https:\/\/brasilnoticias.org\/site\/wp-content\/uploads\/2026\/02\/177507defesa-de-bolsonaro-vai-reiterar-ao-stf-pedido-de-prisao-domiciliar-3.jpg","datePublished":"2026-02-09T09:54:41+00:00","breadcrumb":{"@id":"https:\/\/brasilnoticias.org\/site\/defesa-de-bolsonaro-vai-reiterar-ao-stf-pedido-de-prisao-domiciliar\/#breadcrumb"},"inLanguage":"pt-PT","potentialAction":[{"@type":"ReadAction","target":["https:\/\/brasilnoticias.org\/site\/defesa-de-bolsonaro-vai-reiterar-ao-stf-pedido-de-prisao-domiciliar\/"]}]},{"@type":"ImageObject","inLanguage":"pt-PT","@id":"https:\/\/brasilnoticias.org\/site\/defesa-de-bolsonaro-vai-reiterar-ao-stf-pedido-de-prisao-domiciliar\/#primaryimage","url":"https:\/\/brasilnoticias.org\/site\/wp-content\/uploads\/2026\/02\/177507defesa-de-bolsonaro-vai-reiterar-ao-stf-pedido-de-prisao-domiciliar-3.jpg","contentUrl":"https:\/\/brasilnoticias.org\/site\/wp-content\/uploads\/2026\/02\/177507defesa-de-bolsonaro-vai-reiterar-ao-stf-pedido-de-prisao-domiciliar-3.jpg","width":1600,"height":752},{"@type":"BreadcrumbList","@id":"https:\/\/brasilnoticias.org\/site\/defesa-de-bolsonaro-vai-reiterar-ao-stf-pedido-de-prisao-domiciliar\/#breadcrumb","itemListElement":[{"@type":"ListItem","position":1,"name":"In\u00edcio","item":"https:\/\/brasilnoticias.org\/site\/"},{"@type":"ListItem","position":2,"name":"Defesa de Bolsonaro vai reiterar ao STF pedido de pris\u00e3o domiciliar"}]},{"@type":"WebSite","@id":"https:\/\/brasilnoticias.org\/site\/#website","url":"https:\/\/brasilnoticias.org\/site\/","name":"Brasil not\u00edcias","description":"Brasil not\u00edcias","publisher":{"@id":"https:\/\/brasilnoticias.org\/site\/#organization"},"potentialAction":[{"@type":"SearchAction","target":{"@type":"EntryPoint","urlTemplate":"https:\/\/brasilnoticias.org\/site\/?s={search_term_string}"},"query-input":{"@type":"PropertyValueSpecification","valueRequired":true,"valueName":"search_term_string"}}],"inLanguage":"pt-PT"},{"@type":"Organization","@id":"https:\/\/brasilnoticias.org\/site\/#organization","name":"Brasil not\u00edcias","url":"https:\/\/brasilnoticias.org\/site\/","logo":{"@type":"ImageObject","inLanguage":"pt-PT","@id":"https:\/\/brasilnoticias.org\/site\/#\/schema\/logo\/image\/","url":"https:\/\/brasilnoticias.org\/site\/wp-content\/uploads\/2022\/05\/cropped-brasilnoticias-mini.jpg","contentUrl":"https:\/\/brasilnoticias.org\/site\/wp-content\/uploads\/2022\/05\/cropped-brasilnoticias-mini.jpg","width":314,"height":86,"caption":"Brasil not\u00edcias"},"image":{"@id":"https:\/\/brasilnoticias.org\/site\/#\/schema\/logo\/image\/"}},{"@type":"Person","@id":"https:\/\/brasilnoticias.org\/site\/#\/schema\/person\/03bbbfe6c7634ad18c26444ea39049fa","name":"Reda\u00e7\u00e3o","image":{"@type":"ImageObject","inLanguage":"pt-PT","@id":"https:\/\/brasilnoticias.org\/site\/#\/schema\/person\/image\/","url":"https:\/\/secure.gravatar.com\/avatar\/9ecaf7327a696cb23ad926fedded5f1f04d7049de9e445375d55b48c001a6e42?s=96&d=mm&r=g","contentUrl":"https:\/\/secure.gravatar.com\/avatar\/9ecaf7327a696cb23ad926fedded5f1f04d7049de9e445375d55b48c001a6e42?s=96&d=mm&r=g","caption":"Reda\u00e7\u00e3o"},"url":"https:\/\/brasilnoticias.org\/site\/author\/henrique\/"}]}},"_links":{"self":[{"href":"https:\/\/brasilnoticias.org\/site\/wp-json\/wp\/v2\/posts\/20264","targetHints":{"allow":["GET"]}}],"collection":[{"href":"https:\/\/brasilnoticias.org\/site\/wp-json\/wp\/v2\/posts"}],"about":[{"href":"https:\/\/brasilnoticias.org\/site\/wp-json\/wp\/v2\/types\/post"}],"author":[{"embeddable":true,"href":"https:\/\/brasilnoticias.org\/site\/wp-json\/wp\/v2\/users\/4"}],"replies":[{"embeddable":true,"href":"https:\/\/brasilnoticias.org\/site\/wp-json\/wp\/v2\/comments?post=20264"}],"version-history":[{"count":1,"href":"https:\/\/brasilnoticias.org\/site\/wp-json\/wp\/v2\/posts\/20264\/revisions"}],"predecessor-version":[{"id":20266,"href":"https:\/\/brasilnoticias.org\/site\/wp-json\/wp\/v2\/posts\/20264\/revisions\/20266"}],"wp:featuredmedia":[{"embeddable":true,"href":"https:\/\/brasilnoticias.org\/site\/wp-json\/wp\/v2\/media\/20265"}],"wp:attachment":[{"href":"https:\/\/brasilnoticias.org\/site\/wp-json\/wp\/v2\/media?parent=20264"}],"wp:term":[{"taxonomy":"category","embeddable":true,"href":"https:\/\/brasilnoticias.org\/site\/wp-json\/wp\/v2\/categories?post=20264"},{"taxonomy":"post_tag","embeddable":true,"href":"https:\/\/brasilnoticias.org\/site\/wp-json\/wp\/v2\/tags?post=20264"}],"curies":[{"name":"wp","href":"https:\/\/api.w.org\/{rel}","templated":true}]}}