{"id":20267,"date":"2026-02-09T07:00:06","date_gmt":"2026-02-09T10:00:06","guid":{"rendered":"https:\/\/brasilnoticias.org\/site\/?p=20267"},"modified":"2026-02-09T07:00:06","modified_gmt":"2026-02-09T10:00:06","slug":"folioes-passam-mal-apos-superlotacao-em-bloco-com-calvin-harris-em-sao-paulo","status":"publish","type":"post","link":"https:\/\/brasilnoticias.org\/site\/folioes-passam-mal-apos-superlotacao-em-bloco-com-calvin-harris-em-sao-paulo\/","title":{"rendered":"Foli\u00f5es passam mal ap\u00f3s superlota\u00e7\u00e3o em bloco com Calvin Harris em S\u00e3o Paulo"},"content":{"rendered":"<p>Diversos foli\u00f5es passaram mal durante a realiza\u00e7\u00e3o de um bloco de Carnaval em S\u00e3o Paulo que teve a participa\u00e7\u00e3o do DJ **Calvin Harris**, em um evento marcado pela **superlota\u00e7\u00e3o e calor intenso**. A ocorr\u00eancia chamou aten\u00e7\u00e3o de equipes de sa\u00fade e da organiza\u00e7\u00e3o, que tiveram de agir rapidamente para prestar assist\u00eancia aos participantes.<\/p>\n<p>Segundo relatos de pessoas que estavam no local, o p\u00fablico presente era muito maior do que o esperado, o que dificultou a mobilidade e aumentou a sensa\u00e7\u00e3o de desconforto, especialmente em \u00e1reas de grande concentra\u00e7\u00e3o de pessoas. Em meio ao forte calor que atingia a cidade no dia, muitos foli\u00f5es relataram sentir tonturas, n\u00e1useas, desidrata\u00e7\u00e3o e mal-estar generalizado.<\/p>\n<p>Equipes de socorro e de atendimento m\u00e9dico foram acionadas para prestar apoio aos participantes que apresentavam sinais de exaust\u00e3o pelo calor ou que haviam passado longos per\u00edodos expostos ao sol e \u00e0 aglomera\u00e7\u00e3o. Algumas pessoas precisaram ser atendidas em \u00e1reas de primeiros socorros montadas pr\u00f3ximo ao local da festa, onde receberam hidratantes, atendimento b\u00e1sico e suporte at\u00e9 a chegada de unidades m\u00f3veis de sa\u00fade.<\/p>\n<p>Organizadores do evento informaram que est\u00e3o colaborando com as autoridades para garantir que todos os foli\u00f5es que necessitarem de aux\u00edlio sejam devidamente atendidos. Eles tamb\u00e9m destacaram que medidas como pontos de hidrata\u00e7\u00e3o e equipes de seguran\u00e7a foram disponibilizadas desde o in\u00edcio da festa, mas que o volume de p\u00fablico ultrapassou a estimativa inicial.<\/p>\n<p>O epis\u00f3dio reacende o debate sobre a necessidade de um planejamento mais criterioso em eventos de grande porte, especialmente em dias de altas temperaturas e alta concentra\u00e7\u00e3o de pessoas. Especialistas em sa\u00fade p\u00fablica e organiza\u00e7\u00e3o de grandes eventos recomendam que medidas adicionais de preven\u00e7\u00e3o, como maior oferta de \u00e1gua, \u00e1reas de sombra e orienta\u00e7\u00e3o sobre os riscos do calor, sejam adotadas para evitar situa\u00e7\u00f5es semelhantes.<\/p>\n<p>Al\u00e9m do mal-estar provocado pelo calor e pela aglomera\u00e7\u00e3o, participantes relataram dificuldade de deslocamento em \u00e1reas mais congestionadas, o que tamb\u00e9m contribuiu para o estresse f\u00edsico de muitas pessoas. Ainda assim, a maioria dos foli\u00f5es conseguiu permanecer no evento sem a necessidade de atendimento m\u00e9dico, segundo informa\u00e7\u00f5es preliminares dos organizadores.<\/p>\n<p>Representantes da Secretaria de Sa\u00fade local acompanharam a situa\u00e7\u00e3o e refor\u00e7aram orienta\u00e7\u00f5es para quem pretende participar de eventos outdoor nos pr\u00f3ximos dias, incluindo cuidados com hidrata\u00e7\u00e3o, descanso adequado e uso de protetor solar, principalmente em per\u00edodos de sol forte.<\/p>\n<p>Fonte: Metro1<br \/>\nFoto: Globocop\/TV Globo<\/p>\n","protected":false},"excerpt":{"rendered":"<p>Diversos foli\u00f5es passaram mal durante a realiza\u00e7\u00e3o de um bloco de Carnaval em S\u00e3o Paulo que teve a participa\u00e7\u00e3o do<\/p>\n","protected":false},"author":4,"featured_media":20269,"comment_status":"open","ping_status":"open","sticky":false,"template":"","format":"standard","meta":{"colormag_page_container_layout":"default_layout","colormag_page_sidebar_layout":"default_layout","_FSMCFIC_featured_image_caption":"","_FSMCFIC_featured_image_nocaption":"","_FSMCFIC_featured_image_hide":"","footnotes":""},"categories":[2,1],"tags":[],"class_list":["post-20267","post","type-post","status-publish","format-standard","has-post-thumbnail","hentry","category-noticias","category-ultimas"],"yoast_head":"<!-- This site is optimized with the Yoast SEO plugin v27.1.1 - https:\/\/yoast.com\/product\/yoast-seo-wordpress\/ -->\n<title>Foli\u00f5es passam mal ap\u00f3s superlota\u00e7\u00e3o em bloco com Calvin Harris em S\u00e3o Paulo - Brasil not\u00edcias<\/title>\n<meta name=\"robots\" content=\"index, follow, max-snippet:-1, max-image-preview:large, max-video-preview:-1\" \/>\n<link rel=\"canonical\" href=\"https:\/\/brasilnoticias.org\/site\/folioes-passam-mal-apos-superlotacao-em-bloco-com-calvin-harris-em-sao-paulo\/\" \/>\n<meta property=\"og:locale\" content=\"pt_PT\" \/>\n<meta property=\"og:type\" content=\"article\" \/>\n<meta property=\"og:title\" content=\"Foli\u00f5es passam mal ap\u00f3s superlota\u00e7\u00e3o em bloco com Calvin Harris em S\u00e3o Paulo - Brasil not\u00edcias\" \/>\n<meta property=\"og:description\" content=\"Diversos foli\u00f5es passaram mal durante a realiza\u00e7\u00e3o de um bloco de Carnaval em S\u00e3o Paulo que teve a participa\u00e7\u00e3o do\" \/>\n<meta property=\"og:url\" content=\"https:\/\/brasilnoticias.org\/site\/folioes-passam-mal-apos-superlotacao-em-bloco-com-calvin-harris-em-sao-paulo\/\" \/>\n<meta property=\"og:site_name\" content=\"Brasil not\u00edcias\" \/>\n<meta property=\"article:published_time\" content=\"2026-02-09T10:00:06+00:00\" \/>\n<meta property=\"og:image\" content=\"https:\/\/brasilnoticias.org\/site\/wp-content\/uploads\/2026\/02\/177515folioes-passam-mal-apos-superlotacao-em-bloco-com-calvin-harris-em-sp-3.jpg\" \/>\n\t<meta property=\"og:image:width\" content=\"1600\" \/>\n\t<meta property=\"og:image:height\" content=\"752\" \/>\n\t<meta property=\"og:image:type\" content=\"image\/jpeg\" \/>\n<meta name=\"author\" content=\"Reda\u00e7\u00e3o\" \/>\n<meta name=\"twitter:card\" content=\"summary_large_image\" \/>\n<meta name=\"twitter:label1\" content=\"Escrito por\" \/>\n\t<meta name=\"twitter:data1\" content=\"Reda\u00e7\u00e3o\" \/>\n\t<meta name=\"twitter:label2\" content=\"Tempo estimado de leitura\" \/>\n\t<meta name=\"twitter:data2\" content=\"1 minuto\" \/>\n<script type=\"application\/ld+json\" class=\"yoast-schema-graph\">{\"@context\":\"https:\/\/schema.org\",\"@graph\":[{\"@type\":\"Article\",\"@id\":\"https:\/\/brasilnoticias.org\/site\/folioes-passam-mal-apos-superlotacao-em-bloco-com-calvin-harris-em-sao-paulo\/#article\",\"isPartOf\":{\"@id\":\"https:\/\/brasilnoticias.org\/site\/folioes-passam-mal-apos-superlotacao-em-bloco-com-calvin-harris-em-sao-paulo\/\"},\"author\":{\"name\":\"Reda\u00e7\u00e3o\",\"@id\":\"https:\/\/brasilnoticias.org\/site\/#\/schema\/person\/03bbbfe6c7634ad18c26444ea39049fa\"},\"headline\":\"Foli\u00f5es passam mal ap\u00f3s superlota\u00e7\u00e3o em bloco com Calvin Harris em S\u00e3o Paulo\",\"datePublished\":\"2026-02-09T10:00:06+00:00\",\"mainEntityOfPage\":{\"@id\":\"https:\/\/brasilnoticias.org\/site\/folioes-passam-mal-apos-superlotacao-em-bloco-com-calvin-harris-em-sao-paulo\/\"},\"wordCount\":458,\"commentCount\":0,\"publisher\":{\"@id\":\"https:\/\/brasilnoticias.org\/site\/#organization\"},\"image\":{\"@id\":\"https:\/\/brasilnoticias.org\/site\/folioes-passam-mal-apos-superlotacao-em-bloco-com-calvin-harris-em-sao-paulo\/#primaryimage\"},\"thumbnailUrl\":\"https:\/\/brasilnoticias.org\/site\/wp-content\/uploads\/2026\/02\/177515folioes-passam-mal-apos-superlotacao-em-bloco-com-calvin-harris-em-sp-3.jpg\",\"articleSection\":[\"Not\u00edcias\",\"\u00daltimas\"],\"inLanguage\":\"pt-PT\",\"potentialAction\":[{\"@type\":\"CommentAction\",\"name\":\"Comment\",\"target\":[\"https:\/\/brasilnoticias.org\/site\/folioes-passam-mal-apos-superlotacao-em-bloco-com-calvin-harris-em-sao-paulo\/#respond\"]}]},{\"@type\":\"WebPage\",\"@id\":\"https:\/\/brasilnoticias.org\/site\/folioes-passam-mal-apos-superlotacao-em-bloco-com-calvin-harris-em-sao-paulo\/\",\"url\":\"https:\/\/brasilnoticias.org\/site\/folioes-passam-mal-apos-superlotacao-em-bloco-com-calvin-harris-em-sao-paulo\/\",\"name\":\"Foli\u00f5es passam mal ap\u00f3s superlota\u00e7\u00e3o em bloco com Calvin Harris em S\u00e3o Paulo - Brasil not\u00edcias\",\"isPartOf\":{\"@id\":\"https:\/\/brasilnoticias.org\/site\/#website\"},\"primaryImageOfPage\":{\"@id\":\"https:\/\/brasilnoticias.org\/site\/folioes-passam-mal-apos-superlotacao-em-bloco-com-calvin-harris-em-sao-paulo\/#primaryimage\"},\"image\":{\"@id\":\"https:\/\/brasilnoticias.org\/site\/folioes-passam-mal-apos-superlotacao-em-bloco-com-calvin-harris-em-sao-paulo\/#primaryimage\"},\"thumbnailUrl\":\"https:\/\/brasilnoticias.org\/site\/wp-content\/uploads\/2026\/02\/177515folioes-passam-mal-apos-superlotacao-em-bloco-com-calvin-harris-em-sp-3.jpg\",\"datePublished\":\"2026-02-09T10:00:06+00:00\",\"breadcrumb\":{\"@id\":\"https:\/\/brasilnoticias.org\/site\/folioes-passam-mal-apos-superlotacao-em-bloco-com-calvin-harris-em-sao-paulo\/#breadcrumb\"},\"inLanguage\":\"pt-PT\",\"potentialAction\":[{\"@type\":\"ReadAction\",\"target\":[\"https:\/\/brasilnoticias.org\/site\/folioes-passam-mal-apos-superlotacao-em-bloco-com-calvin-harris-em-sao-paulo\/\"]}]},{\"@type\":\"ImageObject\",\"inLanguage\":\"pt-PT\",\"@id\":\"https:\/\/brasilnoticias.org\/site\/folioes-passam-mal-apos-superlotacao-em-bloco-com-calvin-harris-em-sao-paulo\/#primaryimage\",\"url\":\"https:\/\/brasilnoticias.org\/site\/wp-content\/uploads\/2026\/02\/177515folioes-passam-mal-apos-superlotacao-em-bloco-com-calvin-harris-em-sp-3.jpg\",\"contentUrl\":\"https:\/\/brasilnoticias.org\/site\/wp-content\/uploads\/2026\/02\/177515folioes-passam-mal-apos-superlotacao-em-bloco-com-calvin-harris-em-sp-3.jpg\",\"width\":1600,\"height\":752},{\"@type\":\"BreadcrumbList\",\"@id\":\"https:\/\/brasilnoticias.org\/site\/folioes-passam-mal-apos-superlotacao-em-bloco-com-calvin-harris-em-sao-paulo\/#breadcrumb\",\"itemListElement\":[{\"@type\":\"ListItem\",\"position\":1,\"name\":\"In\u00edcio\",\"item\":\"https:\/\/brasilnoticias.org\/site\/\"},{\"@type\":\"ListItem\",\"position\":2,\"name\":\"Foli\u00f5es passam mal ap\u00f3s superlota\u00e7\u00e3o em bloco com Calvin Harris em S\u00e3o Paulo\"}]},{\"@type\":\"WebSite\",\"@id\":\"https:\/\/brasilnoticias.org\/site\/#website\",\"url\":\"https:\/\/brasilnoticias.org\/site\/\",\"name\":\"Brasil not\u00edcias\",\"description\":\"Brasil not\u00edcias\",\"publisher\":{\"@id\":\"https:\/\/brasilnoticias.org\/site\/#organization\"},\"potentialAction\":[{\"@type\":\"SearchAction\",\"target\":{\"@type\":\"EntryPoint\",\"urlTemplate\":\"https:\/\/brasilnoticias.org\/site\/?s={search_term_string}\"},\"query-input\":{\"@type\":\"PropertyValueSpecification\",\"valueRequired\":true,\"valueName\":\"search_term_string\"}}],\"inLanguage\":\"pt-PT\"},{\"@type\":\"Organization\",\"@id\":\"https:\/\/brasilnoticias.org\/site\/#organization\",\"name\":\"Brasil not\u00edcias\",\"url\":\"https:\/\/brasilnoticias.org\/site\/\",\"logo\":{\"@type\":\"ImageObject\",\"inLanguage\":\"pt-PT\",\"@id\":\"https:\/\/brasilnoticias.org\/site\/#\/schema\/logo\/image\/\",\"url\":\"https:\/\/brasilnoticias.org\/site\/wp-content\/uploads\/2022\/05\/cropped-brasilnoticias-mini.jpg\",\"contentUrl\":\"https:\/\/brasilnoticias.org\/site\/wp-content\/uploads\/2022\/05\/cropped-brasilnoticias-mini.jpg\",\"width\":314,\"height\":86,\"caption\":\"Brasil not\u00edcias\"},\"image\":{\"@id\":\"https:\/\/brasilnoticias.org\/site\/#\/schema\/logo\/image\/\"}},{\"@type\":\"Person\",\"@id\":\"https:\/\/brasilnoticias.org\/site\/#\/schema\/person\/03bbbfe6c7634ad18c26444ea39049fa\",\"name\":\"Reda\u00e7\u00e3o\",\"image\":{\"@type\":\"ImageObject\",\"inLanguage\":\"pt-PT\",\"@id\":\"https:\/\/brasilnoticias.org\/site\/#\/schema\/person\/image\/\",\"url\":\"https:\/\/secure.gravatar.com\/avatar\/9ecaf7327a696cb23ad926fedded5f1f04d7049de9e445375d55b48c001a6e42?s=96&d=mm&r=g\",\"contentUrl\":\"https:\/\/secure.gravatar.com\/avatar\/9ecaf7327a696cb23ad926fedded5f1f04d7049de9e445375d55b48c001a6e42?s=96&d=mm&r=g\",\"caption\":\"Reda\u00e7\u00e3o\"},\"url\":\"https:\/\/brasilnoticias.org\/site\/author\/henrique\/\"}]}<\/script>\n<!-- \/ Yoast SEO plugin. -->","yoast_head_json":{"title":"Foli\u00f5es passam mal ap\u00f3s superlota\u00e7\u00e3o em bloco com Calvin Harris em S\u00e3o Paulo - Brasil not\u00edcias","robots":{"index":"index","follow":"follow","max-snippet":"max-snippet:-1","max-image-preview":"max-image-preview:large","max-video-preview":"max-video-preview:-1"},"canonical":"https:\/\/brasilnoticias.org\/site\/folioes-passam-mal-apos-superlotacao-em-bloco-com-calvin-harris-em-sao-paulo\/","og_locale":"pt_PT","og_type":"article","og_title":"Foli\u00f5es passam mal ap\u00f3s superlota\u00e7\u00e3o em bloco com Calvin Harris em S\u00e3o Paulo - Brasil not\u00edcias","og_description":"Diversos foli\u00f5es passaram mal durante a realiza\u00e7\u00e3o de um bloco de Carnaval em S\u00e3o Paulo que teve a participa\u00e7\u00e3o do","og_url":"https:\/\/brasilnoticias.org\/site\/folioes-passam-mal-apos-superlotacao-em-bloco-com-calvin-harris-em-sao-paulo\/","og_site_name":"Brasil not\u00edcias","article_published_time":"2026-02-09T10:00:06+00:00","og_image":[{"width":1600,"height":752,"url":"https:\/\/brasilnoticias.org\/site\/wp-content\/uploads\/2026\/02\/177515folioes-passam-mal-apos-superlotacao-em-bloco-com-calvin-harris-em-sp-3.jpg","type":"image\/jpeg"}],"author":"Reda\u00e7\u00e3o","twitter_card":"summary_large_image","twitter_misc":{"Escrito por":"Reda\u00e7\u00e3o","Tempo estimado de leitura":"1 minuto"},"schema":{"@context":"https:\/\/schema.org","@graph":[{"@type":"Article","@id":"https:\/\/brasilnoticias.org\/site\/folioes-passam-mal-apos-superlotacao-em-bloco-com-calvin-harris-em-sao-paulo\/#article","isPartOf":{"@id":"https:\/\/brasilnoticias.org\/site\/folioes-passam-mal-apos-superlotacao-em-bloco-com-calvin-harris-em-sao-paulo\/"},"author":{"name":"Reda\u00e7\u00e3o","@id":"https:\/\/brasilnoticias.org\/site\/#\/schema\/person\/03bbbfe6c7634ad18c26444ea39049fa"},"headline":"Foli\u00f5es passam mal ap\u00f3s superlota\u00e7\u00e3o em bloco com Calvin Harris em S\u00e3o Paulo","datePublished":"2026-02-09T10:00:06+00:00","mainEntityOfPage":{"@id":"https:\/\/brasilnoticias.org\/site\/folioes-passam-mal-apos-superlotacao-em-bloco-com-calvin-harris-em-sao-paulo\/"},"wordCount":458,"commentCount":0,"publisher":{"@id":"https:\/\/brasilnoticias.org\/site\/#organization"},"image":{"@id":"https:\/\/brasilnoticias.org\/site\/folioes-passam-mal-apos-superlotacao-em-bloco-com-calvin-harris-em-sao-paulo\/#primaryimage"},"thumbnailUrl":"https:\/\/brasilnoticias.org\/site\/wp-content\/uploads\/2026\/02\/177515folioes-passam-mal-apos-superlotacao-em-bloco-com-calvin-harris-em-sp-3.jpg","articleSection":["Not\u00edcias","\u00daltimas"],"inLanguage":"pt-PT","potentialAction":[{"@type":"CommentAction","name":"Comment","target":["https:\/\/brasilnoticias.org\/site\/folioes-passam-mal-apos-superlotacao-em-bloco-com-calvin-harris-em-sao-paulo\/#respond"]}]},{"@type":"WebPage","@id":"https:\/\/brasilnoticias.org\/site\/folioes-passam-mal-apos-superlotacao-em-bloco-com-calvin-harris-em-sao-paulo\/","url":"https:\/\/brasilnoticias.org\/site\/folioes-passam-mal-apos-superlotacao-em-bloco-com-calvin-harris-em-sao-paulo\/","name":"Foli\u00f5es passam mal ap\u00f3s superlota\u00e7\u00e3o em bloco com Calvin Harris em S\u00e3o Paulo - Brasil not\u00edcias","isPartOf":{"@id":"https:\/\/brasilnoticias.org\/site\/#website"},"primaryImageOfPage":{"@id":"https:\/\/brasilnoticias.org\/site\/folioes-passam-mal-apos-superlotacao-em-bloco-com-calvin-harris-em-sao-paulo\/#primaryimage"},"image":{"@id":"https:\/\/brasilnoticias.org\/site\/folioes-passam-mal-apos-superlotacao-em-bloco-com-calvin-harris-em-sao-paulo\/#primaryimage"},"thumbnailUrl":"https:\/\/brasilnoticias.org\/site\/wp-content\/uploads\/2026\/02\/177515folioes-passam-mal-apos-superlotacao-em-bloco-com-calvin-harris-em-sp-3.jpg","datePublished":"2026-02-09T10:00:06+00:00","breadcrumb":{"@id":"https:\/\/brasilnoticias.org\/site\/folioes-passam-mal-apos-superlotacao-em-bloco-com-calvin-harris-em-sao-paulo\/#breadcrumb"},"inLanguage":"pt-PT","potentialAction":[{"@type":"ReadAction","target":["https:\/\/brasilnoticias.org\/site\/folioes-passam-mal-apos-superlotacao-em-bloco-com-calvin-harris-em-sao-paulo\/"]}]},{"@type":"ImageObject","inLanguage":"pt-PT","@id":"https:\/\/brasilnoticias.org\/site\/folioes-passam-mal-apos-superlotacao-em-bloco-com-calvin-harris-em-sao-paulo\/#primaryimage","url":"https:\/\/brasilnoticias.org\/site\/wp-content\/uploads\/2026\/02\/177515folioes-passam-mal-apos-superlotacao-em-bloco-com-calvin-harris-em-sp-3.jpg","contentUrl":"https:\/\/brasilnoticias.org\/site\/wp-content\/uploads\/2026\/02\/177515folioes-passam-mal-apos-superlotacao-em-bloco-com-calvin-harris-em-sp-3.jpg","width":1600,"height":752},{"@type":"BreadcrumbList","@id":"https:\/\/brasilnoticias.org\/site\/folioes-passam-mal-apos-superlotacao-em-bloco-com-calvin-harris-em-sao-paulo\/#breadcrumb","itemListElement":[{"@type":"ListItem","position":1,"name":"In\u00edcio","item":"https:\/\/brasilnoticias.org\/site\/"},{"@type":"ListItem","position":2,"name":"Foli\u00f5es passam mal ap\u00f3s superlota\u00e7\u00e3o em bloco com Calvin Harris em S\u00e3o Paulo"}]},{"@type":"WebSite","@id":"https:\/\/brasilnoticias.org\/site\/#website","url":"https:\/\/brasilnoticias.org\/site\/","name":"Brasil not\u00edcias","description":"Brasil not\u00edcias","publisher":{"@id":"https:\/\/brasilnoticias.org\/site\/#organization"},"potentialAction":[{"@type":"SearchAction","target":{"@type":"EntryPoint","urlTemplate":"https:\/\/brasilnoticias.org\/site\/?s={search_term_string}"},"query-input":{"@type":"PropertyValueSpecification","valueRequired":true,"valueName":"search_term_string"}}],"inLanguage":"pt-PT"},{"@type":"Organization","@id":"https:\/\/brasilnoticias.org\/site\/#organization","name":"Brasil not\u00edcias","url":"https:\/\/brasilnoticias.org\/site\/","logo":{"@type":"ImageObject","inLanguage":"pt-PT","@id":"https:\/\/brasilnoticias.org\/site\/#\/schema\/logo\/image\/","url":"https:\/\/brasilnoticias.org\/site\/wp-content\/uploads\/2022\/05\/cropped-brasilnoticias-mini.jpg","contentUrl":"https:\/\/brasilnoticias.org\/site\/wp-content\/uploads\/2022\/05\/cropped-brasilnoticias-mini.jpg","width":314,"height":86,"caption":"Brasil not\u00edcias"},"image":{"@id":"https:\/\/brasilnoticias.org\/site\/#\/schema\/logo\/image\/"}},{"@type":"Person","@id":"https:\/\/brasilnoticias.org\/site\/#\/schema\/person\/03bbbfe6c7634ad18c26444ea39049fa","name":"Reda\u00e7\u00e3o","image":{"@type":"ImageObject","inLanguage":"pt-PT","@id":"https:\/\/brasilnoticias.org\/site\/#\/schema\/person\/image\/","url":"https:\/\/secure.gravatar.com\/avatar\/9ecaf7327a696cb23ad926fedded5f1f04d7049de9e445375d55b48c001a6e42?s=96&d=mm&r=g","contentUrl":"https:\/\/secure.gravatar.com\/avatar\/9ecaf7327a696cb23ad926fedded5f1f04d7049de9e445375d55b48c001a6e42?s=96&d=mm&r=g","caption":"Reda\u00e7\u00e3o"},"url":"https:\/\/brasilnoticias.org\/site\/author\/henrique\/"}]}},"_links":{"self":[{"href":"https:\/\/brasilnoticias.org\/site\/wp-json\/wp\/v2\/posts\/20267","targetHints":{"allow":["GET"]}}],"collection":[{"href":"https:\/\/brasilnoticias.org\/site\/wp-json\/wp\/v2\/posts"}],"about":[{"href":"https:\/\/brasilnoticias.org\/site\/wp-json\/wp\/v2\/types\/post"}],"author":[{"embeddable":true,"href":"https:\/\/brasilnoticias.org\/site\/wp-json\/wp\/v2\/users\/4"}],"replies":[{"embeddable":true,"href":"https:\/\/brasilnoticias.org\/site\/wp-json\/wp\/v2\/comments?post=20267"}],"version-history":[{"count":1,"href":"https:\/\/brasilnoticias.org\/site\/wp-json\/wp\/v2\/posts\/20267\/revisions"}],"predecessor-version":[{"id":20270,"href":"https:\/\/brasilnoticias.org\/site\/wp-json\/wp\/v2\/posts\/20267\/revisions\/20270"}],"wp:featuredmedia":[{"embeddable":true,"href":"https:\/\/brasilnoticias.org\/site\/wp-json\/wp\/v2\/media\/20269"}],"wp:attachment":[{"href":"https:\/\/brasilnoticias.org\/site\/wp-json\/wp\/v2\/media?parent=20267"}],"wp:term":[{"taxonomy":"category","embeddable":true,"href":"https:\/\/brasilnoticias.org\/site\/wp-json\/wp\/v2\/categories?post=20267"},{"taxonomy":"post_tag","embeddable":true,"href":"https:\/\/brasilnoticias.org\/site\/wp-json\/wp\/v2\/tags?post=20267"}],"curies":[{"name":"wp","href":"https:\/\/api.w.org\/{rel}","templated":true}]}}