{"id":20300,"date":"2026-02-11T10:01:54","date_gmt":"2026-02-11T13:01:54","guid":{"rendered":"https:\/\/brasilnoticias.org\/site\/?p=20300"},"modified":"2026-02-13T10:03:03","modified_gmt":"2026-02-13T13:03:03","slug":"projeto-que-facilita-compra-de-primeira-arma-e-aprovado-por-comissao-da-camara","status":"publish","type":"post","link":"https:\/\/brasilnoticias.org\/site\/projeto-que-facilita-compra-de-primeira-arma-e-aprovado-por-comissao-da-camara\/","title":{"rendered":"Projeto que facilita compra de primeira arma \u00e9 aprovado por comiss\u00e3o da C\u00e2mara"},"content":{"rendered":"<p>Uma comiss\u00e3o da **C\u00e2mara dos Deputados** aprovou um projeto de lei que facilita a compra da primeira arma de fogo por cidad\u00e3os brasileiros, gerando debate intenso entre parlamentares, especialistas em seguran\u00e7a p\u00fablica e grupos da sociedade civil. A proposta foi analisada e recebeu parecer favor\u00e1vel em comiss\u00e3o, o que representa um passo importante para que o texto possa seguir tramita\u00e7\u00e3o no Congresso Nacional.<\/p>\n<p>O projeto tem por objetivo alterar regras que atualmente regem o registro e a aquisi\u00e7\u00e3o de armas de fogo para civis. Entre as principais mudan\u00e7as previstas est\u00e1 a redu\u00e7\u00e3o de exig\u00eancias burocr\u00e1ticas e a amplia\u00e7\u00e3o dos crit\u00e9rios que permitem a concess\u00e3o do porte ou posse, incentivando, segundo os apoiadores da proposta, a defesa pessoal em um contexto de crescente sensa\u00e7\u00e3o de inseguran\u00e7a em algumas regi\u00f5es do pa\u00eds.<\/p>\n<p>Deputados favor\u00e1veis destacaram durante a tramita\u00e7\u00e3o em comiss\u00e3o a import\u00e2ncia de conceder aos cidad\u00e3os legalmente habilitados mais facilidade para possuir uma arma de fogo, argumentando que isso pode fortalecer a capacidade de autodefesa das fam\u00edlias e reduzir a vulnerabilidade frente a crimes violentos. Eles ressaltaram que o projeto mant\u00e9m requisitos b\u00e1sicos para habilita\u00e7\u00e3o, como antecedentes criminais limpos e comprova\u00e7\u00e3o de aptid\u00e3o t\u00e9cnica.<\/p>\n<p>Entretanto, a proposta enfrentou cr\u00edticas de parlamentares contr\u00e1rios e de especialistas em seguran\u00e7a p\u00fablica, que alertam para os riscos associados a um relaxamento nas regras de acesso a armas. Para esses cr\u00edticos, medidas que facilitam a compra de armas podem aumentar a circula\u00e7\u00e3o de armamentos no pa\u00eds e elevar \u00edndices de viol\u00eancia, acidentes dom\u00e9sticos com armas e outros desdobramentos negativos para a seguran\u00e7a da popula\u00e7\u00e3o.<\/p>\n<p>Organiza\u00e7\u00f5es que atuam na \u00e1rea de direitos humanos e grupos ligados ao controle de armas tamb\u00e9m se posicionaram contra a medida, apontando para pesquisas que sugerem que pa\u00edses com regras mais flex\u00edveis para a posse de armas tendem a enfrentar maiores taxas de homic\u00eddios e incidentes envolvendo armas de fogo. Eles argumentam que pol\u00edticas de controle mais r\u00edgidas s\u00e3o essenciais para prevenir o uso indevido e reduzir riscos para a sociedade.<\/p>\n<p>A aprova\u00e7\u00e3o pela comiss\u00e3o representa apenas uma etapa da tramita\u00e7\u00e3o legislativa. O projeto ainda poder\u00e1 ser analisado por outras comiss\u00f5es e, posteriormente, pelo plen\u00e1rio da C\u00e2mara dos Deputados. Se aprovado em todas as inst\u00e2ncias, seguir\u00e1 para avalia\u00e7\u00e3o no Senado Federal e, caso seja sancionado, poder\u00e1 alterar o atual marco regulat\u00f3rio sobre aquisi\u00e7\u00e3o de armas de fogo no Brasil.<\/p>\n<p>O tema voltou a ganhar destaque no debate p\u00fablico diante de preocupa\u00e7\u00f5es com a seguran\u00e7a nas grandes cidades e em \u00e1reas rurais, onde a sensa\u00e7\u00e3o de inseguran\u00e7a tem levado alguns grupos a defender medidas de autodefesa mais amplas. Ao mesmo tempo, o embate entre os que apoiam a flexibiliza\u00e7\u00e3o e os que defendem controle mais rigoroso segue acirrando opini\u00f5es entre autoridades, especialistas e cidad\u00e3os.<\/p>\n<p>Foto: Canva imagens<br \/>\nFonte: Metro1 <\/p>\n","protected":false},"excerpt":{"rendered":"<p>Uma comiss\u00e3o da **C\u00e2mara dos Deputados** aprovou um projeto de lei que facilita a compra da primeira arma de fogo<\/p>\n","protected":false},"author":4,"featured_media":20301,"comment_status":"open","ping_status":"open","sticky":false,"template":"","format":"standard","meta":{"colormag_page_container_layout":"default_layout","colormag_page_sidebar_layout":"default_layout","_FSMCFIC_featured_image_caption":"","_FSMCFIC_featured_image_nocaption":"","_FSMCFIC_featured_image_hide":"","footnotes":""},"categories":[7,1],"tags":[],"class_list":["post-20300","post","type-post","status-publish","format-standard","has-post-thumbnail","hentry","category-justica","category-ultimas"],"yoast_head":"<!-- This site is optimized with the Yoast SEO plugin v27.1.1 - https:\/\/yoast.com\/product\/yoast-seo-wordpress\/ -->\n<title>Projeto que facilita compra de primeira arma \u00e9 aprovado por comiss\u00e3o da C\u00e2mara - Brasil not\u00edcias<\/title>\n<meta name=\"robots\" content=\"index, follow, max-snippet:-1, max-image-preview:large, max-video-preview:-1\" \/>\n<link rel=\"canonical\" href=\"https:\/\/brasilnoticias.org\/site\/projeto-que-facilita-compra-de-primeira-arma-e-aprovado-por-comissao-da-camara\/\" \/>\n<meta property=\"og:locale\" content=\"pt_PT\" \/>\n<meta property=\"og:type\" content=\"article\" \/>\n<meta property=\"og:title\" content=\"Projeto que facilita compra de primeira arma \u00e9 aprovado por comiss\u00e3o da C\u00e2mara - Brasil not\u00edcias\" \/>\n<meta property=\"og:description\" content=\"Uma comiss\u00e3o da **C\u00e2mara dos Deputados** aprovou um projeto de lei que facilita a compra da primeira arma de fogo\" \/>\n<meta property=\"og:url\" content=\"https:\/\/brasilnoticias.org\/site\/projeto-que-facilita-compra-de-primeira-arma-e-aprovado-por-comissao-da-camara\/\" \/>\n<meta property=\"og:site_name\" content=\"Brasil not\u00edcias\" \/>\n<meta property=\"article:published_time\" content=\"2026-02-11T13:01:54+00:00\" \/>\n<meta property=\"article:modified_time\" content=\"2026-02-13T13:03:03+00:00\" \/>\n<meta property=\"og:image\" content=\"https:\/\/brasilnoticias.org\/site\/wp-content\/uploads\/2026\/02\/177643projeto-que-facilita-compra-de-primeira-arma-e-aprovado-por-comissao-da-camara-3.jpg\" \/>\n\t<meta property=\"og:image:width\" content=\"1600\" \/>\n\t<meta property=\"og:image:height\" content=\"752\" \/>\n\t<meta property=\"og:image:type\" content=\"image\/jpeg\" \/>\n<meta name=\"author\" content=\"Reda\u00e7\u00e3o\" \/>\n<meta name=\"twitter:card\" content=\"summary_large_image\" \/>\n<meta name=\"twitter:label1\" content=\"Escrito por\" \/>\n\t<meta name=\"twitter:data1\" content=\"Reda\u00e7\u00e3o\" \/>\n\t<meta name=\"twitter:label2\" content=\"Tempo estimado de leitura\" \/>\n\t<meta name=\"twitter:data2\" content=\"1 minuto\" \/>\n<script type=\"application\/ld+json\" class=\"yoast-schema-graph\">{\"@context\":\"https:\/\/schema.org\",\"@graph\":[{\"@type\":\"Article\",\"@id\":\"https:\/\/brasilnoticias.org\/site\/projeto-que-facilita-compra-de-primeira-arma-e-aprovado-por-comissao-da-camara\/#article\",\"isPartOf\":{\"@id\":\"https:\/\/brasilnoticias.org\/site\/projeto-que-facilita-compra-de-primeira-arma-e-aprovado-por-comissao-da-camara\/\"},\"author\":{\"name\":\"Reda\u00e7\u00e3o\",\"@id\":\"https:\/\/brasilnoticias.org\/site\/#\/schema\/person\/03bbbfe6c7634ad18c26444ea39049fa\"},\"headline\":\"Projeto que facilita compra de primeira arma \u00e9 aprovado por comiss\u00e3o da C\u00e2mara\",\"datePublished\":\"2026-02-11T13:01:54+00:00\",\"dateModified\":\"2026-02-13T13:03:03+00:00\",\"mainEntityOfPage\":{\"@id\":\"https:\/\/brasilnoticias.org\/site\/projeto-que-facilita-compra-de-primeira-arma-e-aprovado-por-comissao-da-camara\/\"},\"wordCount\":538,\"commentCount\":0,\"publisher\":{\"@id\":\"https:\/\/brasilnoticias.org\/site\/#organization\"},\"image\":{\"@id\":\"https:\/\/brasilnoticias.org\/site\/projeto-que-facilita-compra-de-primeira-arma-e-aprovado-por-comissao-da-camara\/#primaryimage\"},\"thumbnailUrl\":\"https:\/\/brasilnoticias.org\/site\/wp-content\/uploads\/2026\/02\/177643projeto-que-facilita-compra-de-primeira-arma-e-aprovado-por-comissao-da-camara-3.jpg\",\"articleSection\":[\"Justi\u00e7a\",\"\u00daltimas\"],\"inLanguage\":\"pt-PT\",\"potentialAction\":[{\"@type\":\"CommentAction\",\"name\":\"Comment\",\"target\":[\"https:\/\/brasilnoticias.org\/site\/projeto-que-facilita-compra-de-primeira-arma-e-aprovado-por-comissao-da-camara\/#respond\"]}]},{\"@type\":\"WebPage\",\"@id\":\"https:\/\/brasilnoticias.org\/site\/projeto-que-facilita-compra-de-primeira-arma-e-aprovado-por-comissao-da-camara\/\",\"url\":\"https:\/\/brasilnoticias.org\/site\/projeto-que-facilita-compra-de-primeira-arma-e-aprovado-por-comissao-da-camara\/\",\"name\":\"Projeto que facilita compra de primeira arma \u00e9 aprovado por comiss\u00e3o da C\u00e2mara - Brasil not\u00edcias\",\"isPartOf\":{\"@id\":\"https:\/\/brasilnoticias.org\/site\/#website\"},\"primaryImageOfPage\":{\"@id\":\"https:\/\/brasilnoticias.org\/site\/projeto-que-facilita-compra-de-primeira-arma-e-aprovado-por-comissao-da-camara\/#primaryimage\"},\"image\":{\"@id\":\"https:\/\/brasilnoticias.org\/site\/projeto-que-facilita-compra-de-primeira-arma-e-aprovado-por-comissao-da-camara\/#primaryimage\"},\"thumbnailUrl\":\"https:\/\/brasilnoticias.org\/site\/wp-content\/uploads\/2026\/02\/177643projeto-que-facilita-compra-de-primeira-arma-e-aprovado-por-comissao-da-camara-3.jpg\",\"datePublished\":\"2026-02-11T13:01:54+00:00\",\"dateModified\":\"2026-02-13T13:03:03+00:00\",\"breadcrumb\":{\"@id\":\"https:\/\/brasilnoticias.org\/site\/projeto-que-facilita-compra-de-primeira-arma-e-aprovado-por-comissao-da-camara\/#breadcrumb\"},\"inLanguage\":\"pt-PT\",\"potentialAction\":[{\"@type\":\"ReadAction\",\"target\":[\"https:\/\/brasilnoticias.org\/site\/projeto-que-facilita-compra-de-primeira-arma-e-aprovado-por-comissao-da-camara\/\"]}]},{\"@type\":\"ImageObject\",\"inLanguage\":\"pt-PT\",\"@id\":\"https:\/\/brasilnoticias.org\/site\/projeto-que-facilita-compra-de-primeira-arma-e-aprovado-por-comissao-da-camara\/#primaryimage\",\"url\":\"https:\/\/brasilnoticias.org\/site\/wp-content\/uploads\/2026\/02\/177643projeto-que-facilita-compra-de-primeira-arma-e-aprovado-por-comissao-da-camara-3.jpg\",\"contentUrl\":\"https:\/\/brasilnoticias.org\/site\/wp-content\/uploads\/2026\/02\/177643projeto-que-facilita-compra-de-primeira-arma-e-aprovado-por-comissao-da-camara-3.jpg\",\"width\":1600,\"height\":752},{\"@type\":\"BreadcrumbList\",\"@id\":\"https:\/\/brasilnoticias.org\/site\/projeto-que-facilita-compra-de-primeira-arma-e-aprovado-por-comissao-da-camara\/#breadcrumb\",\"itemListElement\":[{\"@type\":\"ListItem\",\"position\":1,\"name\":\"In\u00edcio\",\"item\":\"https:\/\/brasilnoticias.org\/site\/\"},{\"@type\":\"ListItem\",\"position\":2,\"name\":\"Projeto que facilita compra de primeira arma \u00e9 aprovado por comiss\u00e3o da C\u00e2mara\"}]},{\"@type\":\"WebSite\",\"@id\":\"https:\/\/brasilnoticias.org\/site\/#website\",\"url\":\"https:\/\/brasilnoticias.org\/site\/\",\"name\":\"Brasil not\u00edcias\",\"description\":\"Brasil not\u00edcias\",\"publisher\":{\"@id\":\"https:\/\/brasilnoticias.org\/site\/#organization\"},\"potentialAction\":[{\"@type\":\"SearchAction\",\"target\":{\"@type\":\"EntryPoint\",\"urlTemplate\":\"https:\/\/brasilnoticias.org\/site\/?s={search_term_string}\"},\"query-input\":{\"@type\":\"PropertyValueSpecification\",\"valueRequired\":true,\"valueName\":\"search_term_string\"}}],\"inLanguage\":\"pt-PT\"},{\"@type\":\"Organization\",\"@id\":\"https:\/\/brasilnoticias.org\/site\/#organization\",\"name\":\"Brasil not\u00edcias\",\"url\":\"https:\/\/brasilnoticias.org\/site\/\",\"logo\":{\"@type\":\"ImageObject\",\"inLanguage\":\"pt-PT\",\"@id\":\"https:\/\/brasilnoticias.org\/site\/#\/schema\/logo\/image\/\",\"url\":\"https:\/\/brasilnoticias.org\/site\/wp-content\/uploads\/2022\/05\/cropped-brasilnoticias-mini.jpg\",\"contentUrl\":\"https:\/\/brasilnoticias.org\/site\/wp-content\/uploads\/2022\/05\/cropped-brasilnoticias-mini.jpg\",\"width\":314,\"height\":86,\"caption\":\"Brasil not\u00edcias\"},\"image\":{\"@id\":\"https:\/\/brasilnoticias.org\/site\/#\/schema\/logo\/image\/\"}},{\"@type\":\"Person\",\"@id\":\"https:\/\/brasilnoticias.org\/site\/#\/schema\/person\/03bbbfe6c7634ad18c26444ea39049fa\",\"name\":\"Reda\u00e7\u00e3o\",\"image\":{\"@type\":\"ImageObject\",\"inLanguage\":\"pt-PT\",\"@id\":\"https:\/\/brasilnoticias.org\/site\/#\/schema\/person\/image\/\",\"url\":\"https:\/\/secure.gravatar.com\/avatar\/9ecaf7327a696cb23ad926fedded5f1f04d7049de9e445375d55b48c001a6e42?s=96&d=mm&r=g\",\"contentUrl\":\"https:\/\/secure.gravatar.com\/avatar\/9ecaf7327a696cb23ad926fedded5f1f04d7049de9e445375d55b48c001a6e42?s=96&d=mm&r=g\",\"caption\":\"Reda\u00e7\u00e3o\"},\"url\":\"https:\/\/brasilnoticias.org\/site\/author\/henrique\/\"}]}<\/script>\n<!-- \/ Yoast SEO plugin. -->","yoast_head_json":{"title":"Projeto que facilita compra de primeira arma \u00e9 aprovado por comiss\u00e3o da C\u00e2mara - Brasil not\u00edcias","robots":{"index":"index","follow":"follow","max-snippet":"max-snippet:-1","max-image-preview":"max-image-preview:large","max-video-preview":"max-video-preview:-1"},"canonical":"https:\/\/brasilnoticias.org\/site\/projeto-que-facilita-compra-de-primeira-arma-e-aprovado-por-comissao-da-camara\/","og_locale":"pt_PT","og_type":"article","og_title":"Projeto que facilita compra de primeira arma \u00e9 aprovado por comiss\u00e3o da C\u00e2mara - Brasil not\u00edcias","og_description":"Uma comiss\u00e3o da **C\u00e2mara dos Deputados** aprovou um projeto de lei que facilita a compra da primeira arma de fogo","og_url":"https:\/\/brasilnoticias.org\/site\/projeto-que-facilita-compra-de-primeira-arma-e-aprovado-por-comissao-da-camara\/","og_site_name":"Brasil not\u00edcias","article_published_time":"2026-02-11T13:01:54+00:00","article_modified_time":"2026-02-13T13:03:03+00:00","og_image":[{"width":1600,"height":752,"url":"https:\/\/brasilnoticias.org\/site\/wp-content\/uploads\/2026\/02\/177643projeto-que-facilita-compra-de-primeira-arma-e-aprovado-por-comissao-da-camara-3.jpg","type":"image\/jpeg"}],"author":"Reda\u00e7\u00e3o","twitter_card":"summary_large_image","twitter_misc":{"Escrito por":"Reda\u00e7\u00e3o","Tempo estimado de leitura":"1 minuto"},"schema":{"@context":"https:\/\/schema.org","@graph":[{"@type":"Article","@id":"https:\/\/brasilnoticias.org\/site\/projeto-que-facilita-compra-de-primeira-arma-e-aprovado-por-comissao-da-camara\/#article","isPartOf":{"@id":"https:\/\/brasilnoticias.org\/site\/projeto-que-facilita-compra-de-primeira-arma-e-aprovado-por-comissao-da-camara\/"},"author":{"name":"Reda\u00e7\u00e3o","@id":"https:\/\/brasilnoticias.org\/site\/#\/schema\/person\/03bbbfe6c7634ad18c26444ea39049fa"},"headline":"Projeto que facilita compra de primeira arma \u00e9 aprovado por comiss\u00e3o da C\u00e2mara","datePublished":"2026-02-11T13:01:54+00:00","dateModified":"2026-02-13T13:03:03+00:00","mainEntityOfPage":{"@id":"https:\/\/brasilnoticias.org\/site\/projeto-que-facilita-compra-de-primeira-arma-e-aprovado-por-comissao-da-camara\/"},"wordCount":538,"commentCount":0,"publisher":{"@id":"https:\/\/brasilnoticias.org\/site\/#organization"},"image":{"@id":"https:\/\/brasilnoticias.org\/site\/projeto-que-facilita-compra-de-primeira-arma-e-aprovado-por-comissao-da-camara\/#primaryimage"},"thumbnailUrl":"https:\/\/brasilnoticias.org\/site\/wp-content\/uploads\/2026\/02\/177643projeto-que-facilita-compra-de-primeira-arma-e-aprovado-por-comissao-da-camara-3.jpg","articleSection":["Justi\u00e7a","\u00daltimas"],"inLanguage":"pt-PT","potentialAction":[{"@type":"CommentAction","name":"Comment","target":["https:\/\/brasilnoticias.org\/site\/projeto-que-facilita-compra-de-primeira-arma-e-aprovado-por-comissao-da-camara\/#respond"]}]},{"@type":"WebPage","@id":"https:\/\/brasilnoticias.org\/site\/projeto-que-facilita-compra-de-primeira-arma-e-aprovado-por-comissao-da-camara\/","url":"https:\/\/brasilnoticias.org\/site\/projeto-que-facilita-compra-de-primeira-arma-e-aprovado-por-comissao-da-camara\/","name":"Projeto que facilita compra de primeira arma \u00e9 aprovado por comiss\u00e3o da C\u00e2mara - Brasil not\u00edcias","isPartOf":{"@id":"https:\/\/brasilnoticias.org\/site\/#website"},"primaryImageOfPage":{"@id":"https:\/\/brasilnoticias.org\/site\/projeto-que-facilita-compra-de-primeira-arma-e-aprovado-por-comissao-da-camara\/#primaryimage"},"image":{"@id":"https:\/\/brasilnoticias.org\/site\/projeto-que-facilita-compra-de-primeira-arma-e-aprovado-por-comissao-da-camara\/#primaryimage"},"thumbnailUrl":"https:\/\/brasilnoticias.org\/site\/wp-content\/uploads\/2026\/02\/177643projeto-que-facilita-compra-de-primeira-arma-e-aprovado-por-comissao-da-camara-3.jpg","datePublished":"2026-02-11T13:01:54+00:00","dateModified":"2026-02-13T13:03:03+00:00","breadcrumb":{"@id":"https:\/\/brasilnoticias.org\/site\/projeto-que-facilita-compra-de-primeira-arma-e-aprovado-por-comissao-da-camara\/#breadcrumb"},"inLanguage":"pt-PT","potentialAction":[{"@type":"ReadAction","target":["https:\/\/brasilnoticias.org\/site\/projeto-que-facilita-compra-de-primeira-arma-e-aprovado-por-comissao-da-camara\/"]}]},{"@type":"ImageObject","inLanguage":"pt-PT","@id":"https:\/\/brasilnoticias.org\/site\/projeto-que-facilita-compra-de-primeira-arma-e-aprovado-por-comissao-da-camara\/#primaryimage","url":"https:\/\/brasilnoticias.org\/site\/wp-content\/uploads\/2026\/02\/177643projeto-que-facilita-compra-de-primeira-arma-e-aprovado-por-comissao-da-camara-3.jpg","contentUrl":"https:\/\/brasilnoticias.org\/site\/wp-content\/uploads\/2026\/02\/177643projeto-que-facilita-compra-de-primeira-arma-e-aprovado-por-comissao-da-camara-3.jpg","width":1600,"height":752},{"@type":"BreadcrumbList","@id":"https:\/\/brasilnoticias.org\/site\/projeto-que-facilita-compra-de-primeira-arma-e-aprovado-por-comissao-da-camara\/#breadcrumb","itemListElement":[{"@type":"ListItem","position":1,"name":"In\u00edcio","item":"https:\/\/brasilnoticias.org\/site\/"},{"@type":"ListItem","position":2,"name":"Projeto que facilita compra de primeira arma \u00e9 aprovado por comiss\u00e3o da C\u00e2mara"}]},{"@type":"WebSite","@id":"https:\/\/brasilnoticias.org\/site\/#website","url":"https:\/\/brasilnoticias.org\/site\/","name":"Brasil not\u00edcias","description":"Brasil not\u00edcias","publisher":{"@id":"https:\/\/brasilnoticias.org\/site\/#organization"},"potentialAction":[{"@type":"SearchAction","target":{"@type":"EntryPoint","urlTemplate":"https:\/\/brasilnoticias.org\/site\/?s={search_term_string}"},"query-input":{"@type":"PropertyValueSpecification","valueRequired":true,"valueName":"search_term_string"}}],"inLanguage":"pt-PT"},{"@type":"Organization","@id":"https:\/\/brasilnoticias.org\/site\/#organization","name":"Brasil not\u00edcias","url":"https:\/\/brasilnoticias.org\/site\/","logo":{"@type":"ImageObject","inLanguage":"pt-PT","@id":"https:\/\/brasilnoticias.org\/site\/#\/schema\/logo\/image\/","url":"https:\/\/brasilnoticias.org\/site\/wp-content\/uploads\/2022\/05\/cropped-brasilnoticias-mini.jpg","contentUrl":"https:\/\/brasilnoticias.org\/site\/wp-content\/uploads\/2022\/05\/cropped-brasilnoticias-mini.jpg","width":314,"height":86,"caption":"Brasil not\u00edcias"},"image":{"@id":"https:\/\/brasilnoticias.org\/site\/#\/schema\/logo\/image\/"}},{"@type":"Person","@id":"https:\/\/brasilnoticias.org\/site\/#\/schema\/person\/03bbbfe6c7634ad18c26444ea39049fa","name":"Reda\u00e7\u00e3o","image":{"@type":"ImageObject","inLanguage":"pt-PT","@id":"https:\/\/brasilnoticias.org\/site\/#\/schema\/person\/image\/","url":"https:\/\/secure.gravatar.com\/avatar\/9ecaf7327a696cb23ad926fedded5f1f04d7049de9e445375d55b48c001a6e42?s=96&d=mm&r=g","contentUrl":"https:\/\/secure.gravatar.com\/avatar\/9ecaf7327a696cb23ad926fedded5f1f04d7049de9e445375d55b48c001a6e42?s=96&d=mm&r=g","caption":"Reda\u00e7\u00e3o"},"url":"https:\/\/brasilnoticias.org\/site\/author\/henrique\/"}]}},"_links":{"self":[{"href":"https:\/\/brasilnoticias.org\/site\/wp-json\/wp\/v2\/posts\/20300","targetHints":{"allow":["GET"]}}],"collection":[{"href":"https:\/\/brasilnoticias.org\/site\/wp-json\/wp\/v2\/posts"}],"about":[{"href":"https:\/\/brasilnoticias.org\/site\/wp-json\/wp\/v2\/types\/post"}],"author":[{"embeddable":true,"href":"https:\/\/brasilnoticias.org\/site\/wp-json\/wp\/v2\/users\/4"}],"replies":[{"embeddable":true,"href":"https:\/\/brasilnoticias.org\/site\/wp-json\/wp\/v2\/comments?post=20300"}],"version-history":[{"count":1,"href":"https:\/\/brasilnoticias.org\/site\/wp-json\/wp\/v2\/posts\/20300\/revisions"}],"predecessor-version":[{"id":20302,"href":"https:\/\/brasilnoticias.org\/site\/wp-json\/wp\/v2\/posts\/20300\/revisions\/20302"}],"wp:featuredmedia":[{"embeddable":true,"href":"https:\/\/brasilnoticias.org\/site\/wp-json\/wp\/v2\/media\/20301"}],"wp:attachment":[{"href":"https:\/\/brasilnoticias.org\/site\/wp-json\/wp\/v2\/media?parent=20300"}],"wp:term":[{"taxonomy":"category","embeddable":true,"href":"https:\/\/brasilnoticias.org\/site\/wp-json\/wp\/v2\/categories?post=20300"},{"taxonomy":"post_tag","embeddable":true,"href":"https:\/\/brasilnoticias.org\/site\/wp-json\/wp\/v2\/tags?post=20300"}],"curies":[{"name":"wp","href":"https:\/\/api.w.org\/{rel}","templated":true}]}}