{"id":20322,"date":"2026-02-17T21:44:22","date_gmt":"2026-02-18T00:44:22","guid":{"rendered":"https:\/\/brasilnoticias.org\/site\/?p=20322"},"modified":"2026-02-18T21:44:32","modified_gmt":"2026-02-19T00:44:32","slug":"inmet-alerta-para-baixa-umidade-em-57-cidades-da-bahia","status":"publish","type":"post","link":"https:\/\/brasilnoticias.org\/site\/inmet-alerta-para-baixa-umidade-em-57-cidades-da-bahia\/","title":{"rendered":"INMET alerta para baixa umidade em 57 cidades da Bahia"},"content":{"rendered":"<p>O Instituto Nacional de Meteorologia (INMET) emitiu um alerta de baixa umidade relativa do ar para 57 cidades da Bahia, indicando risco para sa\u00fade e aumento da sensa\u00e7\u00e3o de calor em diversas regi\u00f5es do estado. O aviso foi divulgado para localidades que est\u00e3o sob influ\u00eancia de uma massa de ar quente e seco, t\u00edpica da esta\u00e7\u00e3o.<\/p>\n<p>De acordo com o instituto, a umidade relativa do ar pode ficar em n\u00edveis considerados baixos ao longo dos pr\u00f3ximos dias, especialmente nas horas mais quentes do dia. A medida de umidade abaixo dos par\u00e2metros ideais pode causar desconforto respirat\u00f3rio, ressecamento da pele, aumento da incid\u00eancia de irrita\u00e7\u00f5es nos olhos e garganta, al\u00e9m de agravar quadros de doen\u00e7as cr\u00f4nicas, principalmente entre crian\u00e7as, idosos e pessoas com problemas respirat\u00f3rios.<\/p>\n<p>Entre as cidades que est\u00e3o sob o alerta est\u00e3o munic\u00edpios das regi\u00f5es oeste, centro-sul e sudoeste da Bahia, \u00e1reas que tradicionalmente apresentam clima mais seco nesse per\u00edodo do ano. A previs\u00e3o \u00e9 de que o quadro de baixa umidade persista at\u00e9 que ocorram mudan\u00e7as nas condi\u00e7\u00f5es atmosf\u00e9ricas, com a poss\u00edvel chegada de frentes frias ou \u00e1reas de instabilidade que possam trazer chuva e umidade.<\/p>\n<p>O INMET recomenda que a popula\u00e7\u00e3o dessas regi\u00f5es adote cuidados sanit\u00e1rios para minimizar os efeitos da baixa umidade. Entre as orienta\u00e7\u00f5es est\u00e3o manter hidrata\u00e7\u00e3o adequada, evitar exposi\u00e7\u00e3o prolongada ao sol entre as 10h e as 16h, utilizar umidificadores nos ambientes fechados e ingerir l\u00edquidos com frequ\u00eancia. Tamb\u00e9m \u00e9 sugerido que a popula\u00e7\u00e3o evite exerc\u00edcios f\u00edsicos intensos durante os per\u00edodos mais secos do dia.<\/p>\n<p>Setores de sa\u00fade p\u00fablica e defesa civil acompanham a situa\u00e7\u00e3o, orientando moradores e profissionais de sa\u00fade sobre os efeitos do tempo seco e refor\u00e7ando a\u00e7\u00f5es preventivas. Em unidades de atendimento, equipes est\u00e3o preparadas para atender a casos que possam surgir devido ao ressecamento do ar ou \u00e0s temperaturas elevadas.<\/p>\n<p>O per\u00edodo de alerta chama aten\u00e7\u00e3o para a necessidade de aten\u00e7\u00e3o especial com a qualidade do ar e as condi\u00e7\u00f5es clim\u00e1ticas que podem afetar o bem-estar da popula\u00e7\u00e3o. Autoridades ressaltam que o cuidado pessoal e coletivo \u00e9 fundamental para reduzir riscos \u00e0 sa\u00fade durante epis\u00f3dios prolongados de baixa umidade.<\/p>\n<p>Fonte: Metro1<br \/>\nFoto: Divulga\u00e7\u00e3o\/Formosa do Rio Preto<\/p>\n","protected":false},"excerpt":{"rendered":"<p>O Instituto Nacional de Meteorologia (INMET) emitiu um alerta de baixa umidade relativa do ar para 57 cidades da Bahia,<\/p>\n","protected":false},"author":4,"featured_media":20323,"comment_status":"open","ping_status":"open","sticky":false,"template":"","format":"standard","meta":{"colormag_page_container_layout":"default_layout","colormag_page_sidebar_layout":"default_layout","_FSMCFIC_featured_image_caption":"","_FSMCFIC_featured_image_nocaption":"","_FSMCFIC_featured_image_hide":"","footnotes":""},"categories":[6,1],"tags":[],"class_list":["post-20322","post","type-post","status-publish","format-standard","has-post-thumbnail","hentry","category-mundo","category-ultimas"],"yoast_head":"<!-- This site is optimized with the Yoast SEO plugin v27.1.1 - https:\/\/yoast.com\/product\/yoast-seo-wordpress\/ -->\n<title>INMET alerta para baixa umidade em 57 cidades da Bahia - Brasil not\u00edcias<\/title>\n<meta name=\"robots\" content=\"index, follow, max-snippet:-1, max-image-preview:large, max-video-preview:-1\" \/>\n<link rel=\"canonical\" href=\"https:\/\/brasilnoticias.org\/site\/inmet-alerta-para-baixa-umidade-em-57-cidades-da-bahia\/\" \/>\n<meta property=\"og:locale\" content=\"pt_PT\" \/>\n<meta property=\"og:type\" content=\"article\" \/>\n<meta property=\"og:title\" content=\"INMET alerta para baixa umidade em 57 cidades da Bahia - Brasil not\u00edcias\" \/>\n<meta property=\"og:description\" content=\"O Instituto Nacional de Meteorologia (INMET) emitiu um alerta de baixa umidade relativa do ar para 57 cidades da Bahia,\" \/>\n<meta property=\"og:url\" content=\"https:\/\/brasilnoticias.org\/site\/inmet-alerta-para-baixa-umidade-em-57-cidades-da-bahia\/\" \/>\n<meta property=\"og:site_name\" content=\"Brasil not\u00edcias\" \/>\n<meta property=\"article:published_time\" content=\"2026-02-18T00:44:22+00:00\" \/>\n<meta property=\"article:modified_time\" content=\"2026-02-19T00:44:32+00:00\" \/>\n<meta property=\"og:image\" content=\"https:\/\/brasilnoticias.org\/site\/wp-content\/uploads\/2026\/02\/178193inmet-alerta-para-baixa-umidade-em-57-cidades-da-bahia-veja-quais-3.jpg\" \/>\n\t<meta property=\"og:image:width\" content=\"1600\" \/>\n\t<meta property=\"og:image:height\" content=\"752\" \/>\n\t<meta property=\"og:image:type\" content=\"image\/jpeg\" \/>\n<meta name=\"author\" content=\"Reda\u00e7\u00e3o\" \/>\n<meta name=\"twitter:card\" content=\"summary_large_image\" \/>\n<meta name=\"twitter:label1\" content=\"Escrito por\" \/>\n\t<meta name=\"twitter:data1\" content=\"Reda\u00e7\u00e3o\" \/>\n\t<meta name=\"twitter:label2\" content=\"Tempo estimado de leitura\" \/>\n\t<meta name=\"twitter:data2\" content=\"3 minutos\" \/>\n<script type=\"application\/ld+json\" class=\"yoast-schema-graph\">{\"@context\":\"https:\/\/schema.org\",\"@graph\":[{\"@type\":\"Article\",\"@id\":\"https:\/\/brasilnoticias.org\/site\/inmet-alerta-para-baixa-umidade-em-57-cidades-da-bahia\/#article\",\"isPartOf\":{\"@id\":\"https:\/\/brasilnoticias.org\/site\/inmet-alerta-para-baixa-umidade-em-57-cidades-da-bahia\/\"},\"author\":{\"name\":\"Reda\u00e7\u00e3o\",\"@id\":\"https:\/\/brasilnoticias.org\/site\/#\/schema\/person\/03bbbfe6c7634ad18c26444ea39049fa\"},\"headline\":\"INMET alerta para baixa umidade em 57 cidades da Bahia\",\"datePublished\":\"2026-02-18T00:44:22+00:00\",\"dateModified\":\"2026-02-19T00:44:32+00:00\",\"mainEntityOfPage\":{\"@id\":\"https:\/\/brasilnoticias.org\/site\/inmet-alerta-para-baixa-umidade-em-57-cidades-da-bahia\/\"},\"wordCount\":419,\"commentCount\":0,\"publisher\":{\"@id\":\"https:\/\/brasilnoticias.org\/site\/#organization\"},\"image\":{\"@id\":\"https:\/\/brasilnoticias.org\/site\/inmet-alerta-para-baixa-umidade-em-57-cidades-da-bahia\/#primaryimage\"},\"thumbnailUrl\":\"https:\/\/brasilnoticias.org\/site\/wp-content\/uploads\/2026\/02\/178193inmet-alerta-para-baixa-umidade-em-57-cidades-da-bahia-veja-quais-3.jpg\",\"articleSection\":[\"Mundo\",\"\u00daltimas\"],\"inLanguage\":\"pt-PT\",\"potentialAction\":[{\"@type\":\"CommentAction\",\"name\":\"Comment\",\"target\":[\"https:\/\/brasilnoticias.org\/site\/inmet-alerta-para-baixa-umidade-em-57-cidades-da-bahia\/#respond\"]}]},{\"@type\":\"WebPage\",\"@id\":\"https:\/\/brasilnoticias.org\/site\/inmet-alerta-para-baixa-umidade-em-57-cidades-da-bahia\/\",\"url\":\"https:\/\/brasilnoticias.org\/site\/inmet-alerta-para-baixa-umidade-em-57-cidades-da-bahia\/\",\"name\":\"INMET alerta para baixa umidade em 57 cidades da Bahia - Brasil not\u00edcias\",\"isPartOf\":{\"@id\":\"https:\/\/brasilnoticias.org\/site\/#website\"},\"primaryImageOfPage\":{\"@id\":\"https:\/\/brasilnoticias.org\/site\/inmet-alerta-para-baixa-umidade-em-57-cidades-da-bahia\/#primaryimage\"},\"image\":{\"@id\":\"https:\/\/brasilnoticias.org\/site\/inmet-alerta-para-baixa-umidade-em-57-cidades-da-bahia\/#primaryimage\"},\"thumbnailUrl\":\"https:\/\/brasilnoticias.org\/site\/wp-content\/uploads\/2026\/02\/178193inmet-alerta-para-baixa-umidade-em-57-cidades-da-bahia-veja-quais-3.jpg\",\"datePublished\":\"2026-02-18T00:44:22+00:00\",\"dateModified\":\"2026-02-19T00:44:32+00:00\",\"breadcrumb\":{\"@id\":\"https:\/\/brasilnoticias.org\/site\/inmet-alerta-para-baixa-umidade-em-57-cidades-da-bahia\/#breadcrumb\"},\"inLanguage\":\"pt-PT\",\"potentialAction\":[{\"@type\":\"ReadAction\",\"target\":[\"https:\/\/brasilnoticias.org\/site\/inmet-alerta-para-baixa-umidade-em-57-cidades-da-bahia\/\"]}]},{\"@type\":\"ImageObject\",\"inLanguage\":\"pt-PT\",\"@id\":\"https:\/\/brasilnoticias.org\/site\/inmet-alerta-para-baixa-umidade-em-57-cidades-da-bahia\/#primaryimage\",\"url\":\"https:\/\/brasilnoticias.org\/site\/wp-content\/uploads\/2026\/02\/178193inmet-alerta-para-baixa-umidade-em-57-cidades-da-bahia-veja-quais-3.jpg\",\"contentUrl\":\"https:\/\/brasilnoticias.org\/site\/wp-content\/uploads\/2026\/02\/178193inmet-alerta-para-baixa-umidade-em-57-cidades-da-bahia-veja-quais-3.jpg\",\"width\":1600,\"height\":752},{\"@type\":\"BreadcrumbList\",\"@id\":\"https:\/\/brasilnoticias.org\/site\/inmet-alerta-para-baixa-umidade-em-57-cidades-da-bahia\/#breadcrumb\",\"itemListElement\":[{\"@type\":\"ListItem\",\"position\":1,\"name\":\"In\u00edcio\",\"item\":\"https:\/\/brasilnoticias.org\/site\/\"},{\"@type\":\"ListItem\",\"position\":2,\"name\":\"INMET alerta para baixa umidade em 57 cidades da Bahia\"}]},{\"@type\":\"WebSite\",\"@id\":\"https:\/\/brasilnoticias.org\/site\/#website\",\"url\":\"https:\/\/brasilnoticias.org\/site\/\",\"name\":\"Brasil not\u00edcias\",\"description\":\"Brasil not\u00edcias\",\"publisher\":{\"@id\":\"https:\/\/brasilnoticias.org\/site\/#organization\"},\"potentialAction\":[{\"@type\":\"SearchAction\",\"target\":{\"@type\":\"EntryPoint\",\"urlTemplate\":\"https:\/\/brasilnoticias.org\/site\/?s={search_term_string}\"},\"query-input\":{\"@type\":\"PropertyValueSpecification\",\"valueRequired\":true,\"valueName\":\"search_term_string\"}}],\"inLanguage\":\"pt-PT\"},{\"@type\":\"Organization\",\"@id\":\"https:\/\/brasilnoticias.org\/site\/#organization\",\"name\":\"Brasil not\u00edcias\",\"url\":\"https:\/\/brasilnoticias.org\/site\/\",\"logo\":{\"@type\":\"ImageObject\",\"inLanguage\":\"pt-PT\",\"@id\":\"https:\/\/brasilnoticias.org\/site\/#\/schema\/logo\/image\/\",\"url\":\"https:\/\/brasilnoticias.org\/site\/wp-content\/uploads\/2022\/05\/cropped-brasilnoticias-mini.jpg\",\"contentUrl\":\"https:\/\/brasilnoticias.org\/site\/wp-content\/uploads\/2022\/05\/cropped-brasilnoticias-mini.jpg\",\"width\":314,\"height\":86,\"caption\":\"Brasil not\u00edcias\"},\"image\":{\"@id\":\"https:\/\/brasilnoticias.org\/site\/#\/schema\/logo\/image\/\"}},{\"@type\":\"Person\",\"@id\":\"https:\/\/brasilnoticias.org\/site\/#\/schema\/person\/03bbbfe6c7634ad18c26444ea39049fa\",\"name\":\"Reda\u00e7\u00e3o\",\"image\":{\"@type\":\"ImageObject\",\"inLanguage\":\"pt-PT\",\"@id\":\"https:\/\/brasilnoticias.org\/site\/#\/schema\/person\/image\/\",\"url\":\"https:\/\/secure.gravatar.com\/avatar\/9ecaf7327a696cb23ad926fedded5f1f04d7049de9e445375d55b48c001a6e42?s=96&d=mm&r=g\",\"contentUrl\":\"https:\/\/secure.gravatar.com\/avatar\/9ecaf7327a696cb23ad926fedded5f1f04d7049de9e445375d55b48c001a6e42?s=96&d=mm&r=g\",\"caption\":\"Reda\u00e7\u00e3o\"},\"url\":\"https:\/\/brasilnoticias.org\/site\/author\/henrique\/\"}]}<\/script>\n<!-- \/ Yoast SEO plugin. -->","yoast_head_json":{"title":"INMET alerta para baixa umidade em 57 cidades da Bahia - Brasil not\u00edcias","robots":{"index":"index","follow":"follow","max-snippet":"max-snippet:-1","max-image-preview":"max-image-preview:large","max-video-preview":"max-video-preview:-1"},"canonical":"https:\/\/brasilnoticias.org\/site\/inmet-alerta-para-baixa-umidade-em-57-cidades-da-bahia\/","og_locale":"pt_PT","og_type":"article","og_title":"INMET alerta para baixa umidade em 57 cidades da Bahia - Brasil not\u00edcias","og_description":"O Instituto Nacional de Meteorologia (INMET) emitiu um alerta de baixa umidade relativa do ar para 57 cidades da Bahia,","og_url":"https:\/\/brasilnoticias.org\/site\/inmet-alerta-para-baixa-umidade-em-57-cidades-da-bahia\/","og_site_name":"Brasil not\u00edcias","article_published_time":"2026-02-18T00:44:22+00:00","article_modified_time":"2026-02-19T00:44:32+00:00","og_image":[{"width":1600,"height":752,"url":"https:\/\/brasilnoticias.org\/site\/wp-content\/uploads\/2026\/02\/178193inmet-alerta-para-baixa-umidade-em-57-cidades-da-bahia-veja-quais-3.jpg","type":"image\/jpeg"}],"author":"Reda\u00e7\u00e3o","twitter_card":"summary_large_image","twitter_misc":{"Escrito por":"Reda\u00e7\u00e3o","Tempo estimado de leitura":"3 minutos"},"schema":{"@context":"https:\/\/schema.org","@graph":[{"@type":"Article","@id":"https:\/\/brasilnoticias.org\/site\/inmet-alerta-para-baixa-umidade-em-57-cidades-da-bahia\/#article","isPartOf":{"@id":"https:\/\/brasilnoticias.org\/site\/inmet-alerta-para-baixa-umidade-em-57-cidades-da-bahia\/"},"author":{"name":"Reda\u00e7\u00e3o","@id":"https:\/\/brasilnoticias.org\/site\/#\/schema\/person\/03bbbfe6c7634ad18c26444ea39049fa"},"headline":"INMET alerta para baixa umidade em 57 cidades da Bahia","datePublished":"2026-02-18T00:44:22+00:00","dateModified":"2026-02-19T00:44:32+00:00","mainEntityOfPage":{"@id":"https:\/\/brasilnoticias.org\/site\/inmet-alerta-para-baixa-umidade-em-57-cidades-da-bahia\/"},"wordCount":419,"commentCount":0,"publisher":{"@id":"https:\/\/brasilnoticias.org\/site\/#organization"},"image":{"@id":"https:\/\/brasilnoticias.org\/site\/inmet-alerta-para-baixa-umidade-em-57-cidades-da-bahia\/#primaryimage"},"thumbnailUrl":"https:\/\/brasilnoticias.org\/site\/wp-content\/uploads\/2026\/02\/178193inmet-alerta-para-baixa-umidade-em-57-cidades-da-bahia-veja-quais-3.jpg","articleSection":["Mundo","\u00daltimas"],"inLanguage":"pt-PT","potentialAction":[{"@type":"CommentAction","name":"Comment","target":["https:\/\/brasilnoticias.org\/site\/inmet-alerta-para-baixa-umidade-em-57-cidades-da-bahia\/#respond"]}]},{"@type":"WebPage","@id":"https:\/\/brasilnoticias.org\/site\/inmet-alerta-para-baixa-umidade-em-57-cidades-da-bahia\/","url":"https:\/\/brasilnoticias.org\/site\/inmet-alerta-para-baixa-umidade-em-57-cidades-da-bahia\/","name":"INMET alerta para baixa umidade em 57 cidades da Bahia - Brasil not\u00edcias","isPartOf":{"@id":"https:\/\/brasilnoticias.org\/site\/#website"},"primaryImageOfPage":{"@id":"https:\/\/brasilnoticias.org\/site\/inmet-alerta-para-baixa-umidade-em-57-cidades-da-bahia\/#primaryimage"},"image":{"@id":"https:\/\/brasilnoticias.org\/site\/inmet-alerta-para-baixa-umidade-em-57-cidades-da-bahia\/#primaryimage"},"thumbnailUrl":"https:\/\/brasilnoticias.org\/site\/wp-content\/uploads\/2026\/02\/178193inmet-alerta-para-baixa-umidade-em-57-cidades-da-bahia-veja-quais-3.jpg","datePublished":"2026-02-18T00:44:22+00:00","dateModified":"2026-02-19T00:44:32+00:00","breadcrumb":{"@id":"https:\/\/brasilnoticias.org\/site\/inmet-alerta-para-baixa-umidade-em-57-cidades-da-bahia\/#breadcrumb"},"inLanguage":"pt-PT","potentialAction":[{"@type":"ReadAction","target":["https:\/\/brasilnoticias.org\/site\/inmet-alerta-para-baixa-umidade-em-57-cidades-da-bahia\/"]}]},{"@type":"ImageObject","inLanguage":"pt-PT","@id":"https:\/\/brasilnoticias.org\/site\/inmet-alerta-para-baixa-umidade-em-57-cidades-da-bahia\/#primaryimage","url":"https:\/\/brasilnoticias.org\/site\/wp-content\/uploads\/2026\/02\/178193inmet-alerta-para-baixa-umidade-em-57-cidades-da-bahia-veja-quais-3.jpg","contentUrl":"https:\/\/brasilnoticias.org\/site\/wp-content\/uploads\/2026\/02\/178193inmet-alerta-para-baixa-umidade-em-57-cidades-da-bahia-veja-quais-3.jpg","width":1600,"height":752},{"@type":"BreadcrumbList","@id":"https:\/\/brasilnoticias.org\/site\/inmet-alerta-para-baixa-umidade-em-57-cidades-da-bahia\/#breadcrumb","itemListElement":[{"@type":"ListItem","position":1,"name":"In\u00edcio","item":"https:\/\/brasilnoticias.org\/site\/"},{"@type":"ListItem","position":2,"name":"INMET alerta para baixa umidade em 57 cidades da Bahia"}]},{"@type":"WebSite","@id":"https:\/\/brasilnoticias.org\/site\/#website","url":"https:\/\/brasilnoticias.org\/site\/","name":"Brasil not\u00edcias","description":"Brasil not\u00edcias","publisher":{"@id":"https:\/\/brasilnoticias.org\/site\/#organization"},"potentialAction":[{"@type":"SearchAction","target":{"@type":"EntryPoint","urlTemplate":"https:\/\/brasilnoticias.org\/site\/?s={search_term_string}"},"query-input":{"@type":"PropertyValueSpecification","valueRequired":true,"valueName":"search_term_string"}}],"inLanguage":"pt-PT"},{"@type":"Organization","@id":"https:\/\/brasilnoticias.org\/site\/#organization","name":"Brasil not\u00edcias","url":"https:\/\/brasilnoticias.org\/site\/","logo":{"@type":"ImageObject","inLanguage":"pt-PT","@id":"https:\/\/brasilnoticias.org\/site\/#\/schema\/logo\/image\/","url":"https:\/\/brasilnoticias.org\/site\/wp-content\/uploads\/2022\/05\/cropped-brasilnoticias-mini.jpg","contentUrl":"https:\/\/brasilnoticias.org\/site\/wp-content\/uploads\/2022\/05\/cropped-brasilnoticias-mini.jpg","width":314,"height":86,"caption":"Brasil not\u00edcias"},"image":{"@id":"https:\/\/brasilnoticias.org\/site\/#\/schema\/logo\/image\/"}},{"@type":"Person","@id":"https:\/\/brasilnoticias.org\/site\/#\/schema\/person\/03bbbfe6c7634ad18c26444ea39049fa","name":"Reda\u00e7\u00e3o","image":{"@type":"ImageObject","inLanguage":"pt-PT","@id":"https:\/\/brasilnoticias.org\/site\/#\/schema\/person\/image\/","url":"https:\/\/secure.gravatar.com\/avatar\/9ecaf7327a696cb23ad926fedded5f1f04d7049de9e445375d55b48c001a6e42?s=96&d=mm&r=g","contentUrl":"https:\/\/secure.gravatar.com\/avatar\/9ecaf7327a696cb23ad926fedded5f1f04d7049de9e445375d55b48c001a6e42?s=96&d=mm&r=g","caption":"Reda\u00e7\u00e3o"},"url":"https:\/\/brasilnoticias.org\/site\/author\/henrique\/"}]}},"_links":{"self":[{"href":"https:\/\/brasilnoticias.org\/site\/wp-json\/wp\/v2\/posts\/20322","targetHints":{"allow":["GET"]}}],"collection":[{"href":"https:\/\/brasilnoticias.org\/site\/wp-json\/wp\/v2\/posts"}],"about":[{"href":"https:\/\/brasilnoticias.org\/site\/wp-json\/wp\/v2\/types\/post"}],"author":[{"embeddable":true,"href":"https:\/\/brasilnoticias.org\/site\/wp-json\/wp\/v2\/users\/4"}],"replies":[{"embeddable":true,"href":"https:\/\/brasilnoticias.org\/site\/wp-json\/wp\/v2\/comments?post=20322"}],"version-history":[{"count":1,"href":"https:\/\/brasilnoticias.org\/site\/wp-json\/wp\/v2\/posts\/20322\/revisions"}],"predecessor-version":[{"id":20324,"href":"https:\/\/brasilnoticias.org\/site\/wp-json\/wp\/v2\/posts\/20322\/revisions\/20324"}],"wp:featuredmedia":[{"embeddable":true,"href":"https:\/\/brasilnoticias.org\/site\/wp-json\/wp\/v2\/media\/20323"}],"wp:attachment":[{"href":"https:\/\/brasilnoticias.org\/site\/wp-json\/wp\/v2\/media?parent=20322"}],"wp:term":[{"taxonomy":"category","embeddable":true,"href":"https:\/\/brasilnoticias.org\/site\/wp-json\/wp\/v2\/categories?post=20322"},{"taxonomy":"post_tag","embeddable":true,"href":"https:\/\/brasilnoticias.org\/site\/wp-json\/wp\/v2\/tags?post=20322"}],"curies":[{"name":"wp","href":"https:\/\/api.w.org\/{rel}","templated":true}]}}