{"id":20325,"date":"2026-02-17T22:00:24","date_gmt":"2026-02-18T01:00:24","guid":{"rendered":"https:\/\/brasilnoticias.org\/site\/?p=20325"},"modified":"2026-02-18T22:00:50","modified_gmt":"2026-02-19T01:00:50","slug":"vini-jr-denuncia-racismo-e-jogo-e-paralisado-na-champions-league","status":"publish","type":"post","link":"https:\/\/brasilnoticias.org\/site\/vini-jr-denuncia-racismo-e-jogo-e-paralisado-na-champions-league\/","title":{"rendered":"Vini Jr denuncia racismo e jogo \u00e9 paralisado na Champions League"},"content":{"rendered":"<p>O atacante Vini Jr, do Real Madrid, denunciou ter sido alvo de ataques de teor racista durante uma partida da Champions League, o que resultou na paralisa\u00e7\u00e3o do jogo por v\u00e1rios minutos enquanto a situa\u00e7\u00e3o era apurada pela arbitragem e pelas autoridades da competi\u00e7\u00e3o.<\/p>\n<p>O epis\u00f3dio aconteceu ap\u00f3s uma sequ\u00eancia de provoca\u00e7\u00f5es dirigidas ao jogador por parte de parte da torcida da equipe advers\u00e1ria, que inclu\u00edam cantos e gestos com conota\u00e7\u00e3o ofensiva. A den\u00fancia de Vini Jr foi feita durante a pr\u00f3pria partida, levando o \u00e1rbitro a interromper temporariamente o confronto para permitir que a situa\u00e7\u00e3o fosse analisada e que medidas pudessem ser adotadas para garantir a seguran\u00e7a dos atletas.<\/p>\n<p>Jogadores de ambos os times ficaram visivelmente incomodados com o ocorrido e muitos se posicionaram em apoio ao atacante brasileiro, que \u00e9 frequentemente alvo de campanhas de conscientiza\u00e7\u00e3o contra o racismo no futebol. O t\u00e9cnico do Real Madrid tamb\u00e9m comentou sobre o epis\u00f3dio ap\u00f3s o jogo, ressaltando que atitudes discriminat\u00f3rias n\u00e3o podem ser toleradas em est\u00e1dios ou em qualquer ambiente esportivo.<\/p>\n<p>Autoridades da UEFA, entidade respons\u00e1vel pela Champions League, anunciaram que v\u00e3o investigar os acontecimentos com rigor, solicitando imagens, registros e declara\u00e7\u00f5es das partes envolvidas para apurar responsabilidades e, se comprovado, aplicar san\u00e7\u00f5es contra os respons\u00e1veis e medidas para evitar que epis\u00f3dios semelhantes se repitam no futuro.<\/p>\n<p>Organiza\u00e7\u00f5es de combate ao racismo e diversos clubes europeus manifestaram apoio a Vini Jr, refor\u00e7ando a necessidade de um posicionamento firme contra qualquer forma de discrimina\u00e7\u00e3o no futebol e na sociedade em geral. Para muitos especialistas, o epis\u00f3dio abre novamente o debate sobre o car\u00e1ter estrutural do racismo no esporte, em especial no futebol europeu, onde casos semelhantes j\u00e1 foram registrados anteriormente.<\/p>\n<p>O jogo foi retomado ap\u00f3s a interven\u00e7\u00e3o das autoridades e com a garantia de que a den\u00fancia registrada seria formalizada junto aos comit\u00eas disciplinares da competi\u00e7\u00e3o. A movimenta\u00e7\u00e3o despertou rea\u00e7\u00f5es de rep\u00fadio nas redes sociais e nas m\u00eddias internacionais, reacendendo discuss\u00f5es sobre campanhas educativas e pol\u00edticas de puni\u00e7\u00e3o mais efetivas contra quem praticar atos racistas nos est\u00e1dios.<\/p>\n<p>Foto: Lucas Figueiredo\/CBF\/Reprodu\u00e7\u00e3o Flickr<br \/>\nFonte: Metro1<\/p>\n","protected":false},"excerpt":{"rendered":"<p>O atacante Vini Jr, do Real Madrid, denunciou ter sido alvo de ataques de teor racista durante uma partida da<\/p>\n","protected":false},"author":4,"featured_media":20326,"comment_status":"open","ping_status":"open","sticky":false,"template":"","format":"standard","meta":{"colormag_page_container_layout":"default_layout","colormag_page_sidebar_layout":"default_layout","_FSMCFIC_featured_image_caption":"","_FSMCFIC_featured_image_nocaption":"","_FSMCFIC_featured_image_hide":"","footnotes":""},"categories":[4,1],"tags":[],"class_list":["post-20325","post","type-post","status-publish","format-standard","has-post-thumbnail","hentry","category-esporte","category-ultimas"],"yoast_head":"<!-- This site is optimized with the Yoast SEO plugin v27.1.1 - https:\/\/yoast.com\/product\/yoast-seo-wordpress\/ -->\n<title>Vini Jr denuncia racismo e jogo \u00e9 paralisado na Champions League - Brasil not\u00edcias<\/title>\n<meta name=\"robots\" content=\"index, follow, max-snippet:-1, max-image-preview:large, max-video-preview:-1\" \/>\n<link rel=\"canonical\" href=\"https:\/\/brasilnoticias.org\/site\/vini-jr-denuncia-racismo-e-jogo-e-paralisado-na-champions-league\/\" \/>\n<meta property=\"og:locale\" content=\"pt_PT\" \/>\n<meta property=\"og:type\" content=\"article\" \/>\n<meta property=\"og:title\" content=\"Vini Jr denuncia racismo e jogo \u00e9 paralisado na Champions League - Brasil not\u00edcias\" \/>\n<meta property=\"og:description\" content=\"O atacante Vini Jr, do Real Madrid, denunciou ter sido alvo de ataques de teor racista durante uma partida da\" \/>\n<meta property=\"og:url\" content=\"https:\/\/brasilnoticias.org\/site\/vini-jr-denuncia-racismo-e-jogo-e-paralisado-na-champions-league\/\" \/>\n<meta property=\"og:site_name\" content=\"Brasil not\u00edcias\" \/>\n<meta property=\"article:published_time\" content=\"2026-02-18T01:00:24+00:00\" \/>\n<meta property=\"article:modified_time\" content=\"2026-02-19T01:00:50+00:00\" \/>\n<meta property=\"og:image\" content=\"https:\/\/brasilnoticias.org\/site\/wp-content\/uploads\/2026\/02\/178192vini-jr-denuncia-racismo-e-jogo-e-paralisado-na-champions-league-3.jpg\" \/>\n\t<meta property=\"og:image:width\" content=\"1600\" \/>\n\t<meta property=\"og:image:height\" content=\"752\" \/>\n\t<meta property=\"og:image:type\" content=\"image\/jpeg\" \/>\n<meta name=\"author\" content=\"Reda\u00e7\u00e3o\" \/>\n<meta name=\"twitter:card\" content=\"summary_large_image\" \/>\n<meta name=\"twitter:label1\" content=\"Escrito por\" \/>\n\t<meta name=\"twitter:data1\" content=\"Reda\u00e7\u00e3o\" \/>\n\t<meta name=\"twitter:label2\" content=\"Tempo estimado de leitura\" \/>\n\t<meta name=\"twitter:data2\" content=\"3 minutos\" \/>\n<script type=\"application\/ld+json\" class=\"yoast-schema-graph\">{\"@context\":\"https:\/\/schema.org\",\"@graph\":[{\"@type\":\"Article\",\"@id\":\"https:\/\/brasilnoticias.org\/site\/vini-jr-denuncia-racismo-e-jogo-e-paralisado-na-champions-league\/#article\",\"isPartOf\":{\"@id\":\"https:\/\/brasilnoticias.org\/site\/vini-jr-denuncia-racismo-e-jogo-e-paralisado-na-champions-league\/\"},\"author\":{\"name\":\"Reda\u00e7\u00e3o\",\"@id\":\"https:\/\/brasilnoticias.org\/site\/#\/schema\/person\/03bbbfe6c7634ad18c26444ea39049fa\"},\"headline\":\"Vini Jr denuncia racismo e jogo \u00e9 paralisado na Champions League\",\"datePublished\":\"2026-02-18T01:00:24+00:00\",\"dateModified\":\"2026-02-19T01:00:50+00:00\",\"mainEntityOfPage\":{\"@id\":\"https:\/\/brasilnoticias.org\/site\/vini-jr-denuncia-racismo-e-jogo-e-paralisado-na-champions-league\/\"},\"wordCount\":401,\"commentCount\":0,\"publisher\":{\"@id\":\"https:\/\/brasilnoticias.org\/site\/#organization\"},\"image\":{\"@id\":\"https:\/\/brasilnoticias.org\/site\/vini-jr-denuncia-racismo-e-jogo-e-paralisado-na-champions-league\/#primaryimage\"},\"thumbnailUrl\":\"https:\/\/brasilnoticias.org\/site\/wp-content\/uploads\/2026\/02\/178192vini-jr-denuncia-racismo-e-jogo-e-paralisado-na-champions-league-3.jpg\",\"articleSection\":[\"Esporte\",\"\u00daltimas\"],\"inLanguage\":\"pt-PT\",\"potentialAction\":[{\"@type\":\"CommentAction\",\"name\":\"Comment\",\"target\":[\"https:\/\/brasilnoticias.org\/site\/vini-jr-denuncia-racismo-e-jogo-e-paralisado-na-champions-league\/#respond\"]}]},{\"@type\":\"WebPage\",\"@id\":\"https:\/\/brasilnoticias.org\/site\/vini-jr-denuncia-racismo-e-jogo-e-paralisado-na-champions-league\/\",\"url\":\"https:\/\/brasilnoticias.org\/site\/vini-jr-denuncia-racismo-e-jogo-e-paralisado-na-champions-league\/\",\"name\":\"Vini Jr denuncia racismo e jogo \u00e9 paralisado na Champions League - Brasil not\u00edcias\",\"isPartOf\":{\"@id\":\"https:\/\/brasilnoticias.org\/site\/#website\"},\"primaryImageOfPage\":{\"@id\":\"https:\/\/brasilnoticias.org\/site\/vini-jr-denuncia-racismo-e-jogo-e-paralisado-na-champions-league\/#primaryimage\"},\"image\":{\"@id\":\"https:\/\/brasilnoticias.org\/site\/vini-jr-denuncia-racismo-e-jogo-e-paralisado-na-champions-league\/#primaryimage\"},\"thumbnailUrl\":\"https:\/\/brasilnoticias.org\/site\/wp-content\/uploads\/2026\/02\/178192vini-jr-denuncia-racismo-e-jogo-e-paralisado-na-champions-league-3.jpg\",\"datePublished\":\"2026-02-18T01:00:24+00:00\",\"dateModified\":\"2026-02-19T01:00:50+00:00\",\"breadcrumb\":{\"@id\":\"https:\/\/brasilnoticias.org\/site\/vini-jr-denuncia-racismo-e-jogo-e-paralisado-na-champions-league\/#breadcrumb\"},\"inLanguage\":\"pt-PT\",\"potentialAction\":[{\"@type\":\"ReadAction\",\"target\":[\"https:\/\/brasilnoticias.org\/site\/vini-jr-denuncia-racismo-e-jogo-e-paralisado-na-champions-league\/\"]}]},{\"@type\":\"ImageObject\",\"inLanguage\":\"pt-PT\",\"@id\":\"https:\/\/brasilnoticias.org\/site\/vini-jr-denuncia-racismo-e-jogo-e-paralisado-na-champions-league\/#primaryimage\",\"url\":\"https:\/\/brasilnoticias.org\/site\/wp-content\/uploads\/2026\/02\/178192vini-jr-denuncia-racismo-e-jogo-e-paralisado-na-champions-league-3.jpg\",\"contentUrl\":\"https:\/\/brasilnoticias.org\/site\/wp-content\/uploads\/2026\/02\/178192vini-jr-denuncia-racismo-e-jogo-e-paralisado-na-champions-league-3.jpg\",\"width\":1600,\"height\":752},{\"@type\":\"BreadcrumbList\",\"@id\":\"https:\/\/brasilnoticias.org\/site\/vini-jr-denuncia-racismo-e-jogo-e-paralisado-na-champions-league\/#breadcrumb\",\"itemListElement\":[{\"@type\":\"ListItem\",\"position\":1,\"name\":\"In\u00edcio\",\"item\":\"https:\/\/brasilnoticias.org\/site\/\"},{\"@type\":\"ListItem\",\"position\":2,\"name\":\"Vini Jr denuncia racismo e jogo \u00e9 paralisado na Champions League\"}]},{\"@type\":\"WebSite\",\"@id\":\"https:\/\/brasilnoticias.org\/site\/#website\",\"url\":\"https:\/\/brasilnoticias.org\/site\/\",\"name\":\"Brasil not\u00edcias\",\"description\":\"Brasil not\u00edcias\",\"publisher\":{\"@id\":\"https:\/\/brasilnoticias.org\/site\/#organization\"},\"potentialAction\":[{\"@type\":\"SearchAction\",\"target\":{\"@type\":\"EntryPoint\",\"urlTemplate\":\"https:\/\/brasilnoticias.org\/site\/?s={search_term_string}\"},\"query-input\":{\"@type\":\"PropertyValueSpecification\",\"valueRequired\":true,\"valueName\":\"search_term_string\"}}],\"inLanguage\":\"pt-PT\"},{\"@type\":\"Organization\",\"@id\":\"https:\/\/brasilnoticias.org\/site\/#organization\",\"name\":\"Brasil not\u00edcias\",\"url\":\"https:\/\/brasilnoticias.org\/site\/\",\"logo\":{\"@type\":\"ImageObject\",\"inLanguage\":\"pt-PT\",\"@id\":\"https:\/\/brasilnoticias.org\/site\/#\/schema\/logo\/image\/\",\"url\":\"https:\/\/brasilnoticias.org\/site\/wp-content\/uploads\/2022\/05\/cropped-brasilnoticias-mini.jpg\",\"contentUrl\":\"https:\/\/brasilnoticias.org\/site\/wp-content\/uploads\/2022\/05\/cropped-brasilnoticias-mini.jpg\",\"width\":314,\"height\":86,\"caption\":\"Brasil not\u00edcias\"},\"image\":{\"@id\":\"https:\/\/brasilnoticias.org\/site\/#\/schema\/logo\/image\/\"}},{\"@type\":\"Person\",\"@id\":\"https:\/\/brasilnoticias.org\/site\/#\/schema\/person\/03bbbfe6c7634ad18c26444ea39049fa\",\"name\":\"Reda\u00e7\u00e3o\",\"image\":{\"@type\":\"ImageObject\",\"inLanguage\":\"pt-PT\",\"@id\":\"https:\/\/brasilnoticias.org\/site\/#\/schema\/person\/image\/\",\"url\":\"https:\/\/secure.gravatar.com\/avatar\/9ecaf7327a696cb23ad926fedded5f1f04d7049de9e445375d55b48c001a6e42?s=96&d=mm&r=g\",\"contentUrl\":\"https:\/\/secure.gravatar.com\/avatar\/9ecaf7327a696cb23ad926fedded5f1f04d7049de9e445375d55b48c001a6e42?s=96&d=mm&r=g\",\"caption\":\"Reda\u00e7\u00e3o\"},\"url\":\"https:\/\/brasilnoticias.org\/site\/author\/henrique\/\"}]}<\/script>\n<!-- \/ Yoast SEO plugin. -->","yoast_head_json":{"title":"Vini Jr denuncia racismo e jogo \u00e9 paralisado na Champions League - Brasil not\u00edcias","robots":{"index":"index","follow":"follow","max-snippet":"max-snippet:-1","max-image-preview":"max-image-preview:large","max-video-preview":"max-video-preview:-1"},"canonical":"https:\/\/brasilnoticias.org\/site\/vini-jr-denuncia-racismo-e-jogo-e-paralisado-na-champions-league\/","og_locale":"pt_PT","og_type":"article","og_title":"Vini Jr denuncia racismo e jogo \u00e9 paralisado na Champions League - Brasil not\u00edcias","og_description":"O atacante Vini Jr, do Real Madrid, denunciou ter sido alvo de ataques de teor racista durante uma partida da","og_url":"https:\/\/brasilnoticias.org\/site\/vini-jr-denuncia-racismo-e-jogo-e-paralisado-na-champions-league\/","og_site_name":"Brasil not\u00edcias","article_published_time":"2026-02-18T01:00:24+00:00","article_modified_time":"2026-02-19T01:00:50+00:00","og_image":[{"width":1600,"height":752,"url":"https:\/\/brasilnoticias.org\/site\/wp-content\/uploads\/2026\/02\/178192vini-jr-denuncia-racismo-e-jogo-e-paralisado-na-champions-league-3.jpg","type":"image\/jpeg"}],"author":"Reda\u00e7\u00e3o","twitter_card":"summary_large_image","twitter_misc":{"Escrito por":"Reda\u00e7\u00e3o","Tempo estimado de leitura":"3 minutos"},"schema":{"@context":"https:\/\/schema.org","@graph":[{"@type":"Article","@id":"https:\/\/brasilnoticias.org\/site\/vini-jr-denuncia-racismo-e-jogo-e-paralisado-na-champions-league\/#article","isPartOf":{"@id":"https:\/\/brasilnoticias.org\/site\/vini-jr-denuncia-racismo-e-jogo-e-paralisado-na-champions-league\/"},"author":{"name":"Reda\u00e7\u00e3o","@id":"https:\/\/brasilnoticias.org\/site\/#\/schema\/person\/03bbbfe6c7634ad18c26444ea39049fa"},"headline":"Vini Jr denuncia racismo e jogo \u00e9 paralisado na Champions League","datePublished":"2026-02-18T01:00:24+00:00","dateModified":"2026-02-19T01:00:50+00:00","mainEntityOfPage":{"@id":"https:\/\/brasilnoticias.org\/site\/vini-jr-denuncia-racismo-e-jogo-e-paralisado-na-champions-league\/"},"wordCount":401,"commentCount":0,"publisher":{"@id":"https:\/\/brasilnoticias.org\/site\/#organization"},"image":{"@id":"https:\/\/brasilnoticias.org\/site\/vini-jr-denuncia-racismo-e-jogo-e-paralisado-na-champions-league\/#primaryimage"},"thumbnailUrl":"https:\/\/brasilnoticias.org\/site\/wp-content\/uploads\/2026\/02\/178192vini-jr-denuncia-racismo-e-jogo-e-paralisado-na-champions-league-3.jpg","articleSection":["Esporte","\u00daltimas"],"inLanguage":"pt-PT","potentialAction":[{"@type":"CommentAction","name":"Comment","target":["https:\/\/brasilnoticias.org\/site\/vini-jr-denuncia-racismo-e-jogo-e-paralisado-na-champions-league\/#respond"]}]},{"@type":"WebPage","@id":"https:\/\/brasilnoticias.org\/site\/vini-jr-denuncia-racismo-e-jogo-e-paralisado-na-champions-league\/","url":"https:\/\/brasilnoticias.org\/site\/vini-jr-denuncia-racismo-e-jogo-e-paralisado-na-champions-league\/","name":"Vini Jr denuncia racismo e jogo \u00e9 paralisado na Champions League - Brasil not\u00edcias","isPartOf":{"@id":"https:\/\/brasilnoticias.org\/site\/#website"},"primaryImageOfPage":{"@id":"https:\/\/brasilnoticias.org\/site\/vini-jr-denuncia-racismo-e-jogo-e-paralisado-na-champions-league\/#primaryimage"},"image":{"@id":"https:\/\/brasilnoticias.org\/site\/vini-jr-denuncia-racismo-e-jogo-e-paralisado-na-champions-league\/#primaryimage"},"thumbnailUrl":"https:\/\/brasilnoticias.org\/site\/wp-content\/uploads\/2026\/02\/178192vini-jr-denuncia-racismo-e-jogo-e-paralisado-na-champions-league-3.jpg","datePublished":"2026-02-18T01:00:24+00:00","dateModified":"2026-02-19T01:00:50+00:00","breadcrumb":{"@id":"https:\/\/brasilnoticias.org\/site\/vini-jr-denuncia-racismo-e-jogo-e-paralisado-na-champions-league\/#breadcrumb"},"inLanguage":"pt-PT","potentialAction":[{"@type":"ReadAction","target":["https:\/\/brasilnoticias.org\/site\/vini-jr-denuncia-racismo-e-jogo-e-paralisado-na-champions-league\/"]}]},{"@type":"ImageObject","inLanguage":"pt-PT","@id":"https:\/\/brasilnoticias.org\/site\/vini-jr-denuncia-racismo-e-jogo-e-paralisado-na-champions-league\/#primaryimage","url":"https:\/\/brasilnoticias.org\/site\/wp-content\/uploads\/2026\/02\/178192vini-jr-denuncia-racismo-e-jogo-e-paralisado-na-champions-league-3.jpg","contentUrl":"https:\/\/brasilnoticias.org\/site\/wp-content\/uploads\/2026\/02\/178192vini-jr-denuncia-racismo-e-jogo-e-paralisado-na-champions-league-3.jpg","width":1600,"height":752},{"@type":"BreadcrumbList","@id":"https:\/\/brasilnoticias.org\/site\/vini-jr-denuncia-racismo-e-jogo-e-paralisado-na-champions-league\/#breadcrumb","itemListElement":[{"@type":"ListItem","position":1,"name":"In\u00edcio","item":"https:\/\/brasilnoticias.org\/site\/"},{"@type":"ListItem","position":2,"name":"Vini Jr denuncia racismo e jogo \u00e9 paralisado na Champions League"}]},{"@type":"WebSite","@id":"https:\/\/brasilnoticias.org\/site\/#website","url":"https:\/\/brasilnoticias.org\/site\/","name":"Brasil not\u00edcias","description":"Brasil not\u00edcias","publisher":{"@id":"https:\/\/brasilnoticias.org\/site\/#organization"},"potentialAction":[{"@type":"SearchAction","target":{"@type":"EntryPoint","urlTemplate":"https:\/\/brasilnoticias.org\/site\/?s={search_term_string}"},"query-input":{"@type":"PropertyValueSpecification","valueRequired":true,"valueName":"search_term_string"}}],"inLanguage":"pt-PT"},{"@type":"Organization","@id":"https:\/\/brasilnoticias.org\/site\/#organization","name":"Brasil not\u00edcias","url":"https:\/\/brasilnoticias.org\/site\/","logo":{"@type":"ImageObject","inLanguage":"pt-PT","@id":"https:\/\/brasilnoticias.org\/site\/#\/schema\/logo\/image\/","url":"https:\/\/brasilnoticias.org\/site\/wp-content\/uploads\/2022\/05\/cropped-brasilnoticias-mini.jpg","contentUrl":"https:\/\/brasilnoticias.org\/site\/wp-content\/uploads\/2022\/05\/cropped-brasilnoticias-mini.jpg","width":314,"height":86,"caption":"Brasil not\u00edcias"},"image":{"@id":"https:\/\/brasilnoticias.org\/site\/#\/schema\/logo\/image\/"}},{"@type":"Person","@id":"https:\/\/brasilnoticias.org\/site\/#\/schema\/person\/03bbbfe6c7634ad18c26444ea39049fa","name":"Reda\u00e7\u00e3o","image":{"@type":"ImageObject","inLanguage":"pt-PT","@id":"https:\/\/brasilnoticias.org\/site\/#\/schema\/person\/image\/","url":"https:\/\/secure.gravatar.com\/avatar\/9ecaf7327a696cb23ad926fedded5f1f04d7049de9e445375d55b48c001a6e42?s=96&d=mm&r=g","contentUrl":"https:\/\/secure.gravatar.com\/avatar\/9ecaf7327a696cb23ad926fedded5f1f04d7049de9e445375d55b48c001a6e42?s=96&d=mm&r=g","caption":"Reda\u00e7\u00e3o"},"url":"https:\/\/brasilnoticias.org\/site\/author\/henrique\/"}]}},"_links":{"self":[{"href":"https:\/\/brasilnoticias.org\/site\/wp-json\/wp\/v2\/posts\/20325","targetHints":{"allow":["GET"]}}],"collection":[{"href":"https:\/\/brasilnoticias.org\/site\/wp-json\/wp\/v2\/posts"}],"about":[{"href":"https:\/\/brasilnoticias.org\/site\/wp-json\/wp\/v2\/types\/post"}],"author":[{"embeddable":true,"href":"https:\/\/brasilnoticias.org\/site\/wp-json\/wp\/v2\/users\/4"}],"replies":[{"embeddable":true,"href":"https:\/\/brasilnoticias.org\/site\/wp-json\/wp\/v2\/comments?post=20325"}],"version-history":[{"count":1,"href":"https:\/\/brasilnoticias.org\/site\/wp-json\/wp\/v2\/posts\/20325\/revisions"}],"predecessor-version":[{"id":20327,"href":"https:\/\/brasilnoticias.org\/site\/wp-json\/wp\/v2\/posts\/20325\/revisions\/20327"}],"wp:featuredmedia":[{"embeddable":true,"href":"https:\/\/brasilnoticias.org\/site\/wp-json\/wp\/v2\/media\/20326"}],"wp:attachment":[{"href":"https:\/\/brasilnoticias.org\/site\/wp-json\/wp\/v2\/media?parent=20325"}],"wp:term":[{"taxonomy":"category","embeddable":true,"href":"https:\/\/brasilnoticias.org\/site\/wp-json\/wp\/v2\/categories?post=20325"},{"taxonomy":"post_tag","embeddable":true,"href":"https:\/\/brasilnoticias.org\/site\/wp-json\/wp\/v2\/tags?post=20325"}],"curies":[{"name":"wp","href":"https:\/\/api.w.org\/{rel}","templated":true}]}}