{"id":20330,"date":"2026-02-17T22:13:09","date_gmt":"2026-02-18T01:13:09","guid":{"rendered":"https:\/\/brasilnoticias.org\/site\/?p=20330"},"modified":"2026-02-18T22:13:30","modified_gmt":"2026-02-19T01:13:30","slug":"reconhecimento-facial-bate-recorde-e-captura-60-foragidos-no-carnaval-2026","status":"publish","type":"post","link":"https:\/\/brasilnoticias.org\/site\/reconhecimento-facial-bate-recorde-e-captura-60-foragidos-no-carnaval-2026\/","title":{"rendered":"Reconhecimento facial bate recorde e captura 60 foragidos no Carnaval 2026"},"content":{"rendered":"<p>A tecnologia de reconhecimento facial empregada pela Secretaria de Seguran\u00e7a P\u00fablica da Bahia bateu recorde de efici\u00eancia durante o Carnaval 2026 ao identificar e capturar 60 foragidos da Justi\u00e7a em diferentes pontos dos circuitos oficiais da festa em Salvador. A a\u00e7\u00e3o faz parte do esquema especial de seguran\u00e7a montado para a maior festa popular do Brasil, com foco em preven\u00e7\u00e3o e repress\u00e3o \u00e0 criminalidade.<\/p>\n<p>Segundo balan\u00e7o divulgado pelas autoridades, os foragidos capturados eram procurados por diversos crimes, incluindo homic\u00eddio, roubo, tr\u00e1fico de drogas e outros delitos graves. A tecnologia funcionou como um refor\u00e7o \u00e0s abordagens tradicionais, permitindo aos agentes identificar rapidamente pessoas com mandados de pris\u00e3o em aberto mesmo em meio \u00e0s grandes multid\u00f5es que circulam durante os dias de folia.<\/p>\n<p>O uso de reconhecimento facial pelo efetivo de seguran\u00e7a foi intensificado neste ano, com integra\u00e7\u00e3o entre c\u00e2meras instaladas nos principais circuitos, bases de dados das for\u00e7as policiais e equipes de resposta r\u00e1pida. Quando uma correspond\u00eancia entre imagem capturada e registro de procurado era confirmada, as equipes se deslocavam imediatamente para efetuar a abordagem e a deten\u00e7\u00e3o do suspeito.<\/p>\n<p>Autoridades destacaram que a iniciativa contribuiu para ampliar a sensa\u00e7\u00e3o de seguran\u00e7a entre moradores, turistas e foli\u00f5es, reduzindo a atua\u00e7\u00e3o de criminosos que poderiam aproveitar a grande movimenta\u00e7\u00e3o para escapar da atua\u00e7\u00e3o da pol\u00edcia. A metodologia tamb\u00e9m envolveu coopera\u00e7\u00e3o entre diferentes \u00f3rg\u00e3os de seguran\u00e7a p\u00fablica, como Pol\u00edcia Civil, Pol\u00edcia Militar, Guardas Municipais e equipes de intelig\u00eancia.<\/p>\n<p>Especialistas em seguran\u00e7a p\u00fablica afirmam que a aplica\u00e7\u00e3o desse tipo de tecnologia em eventos de grande porte pode servir como modelo para outras festas populares e opera\u00e7\u00f5es de grande mobiliza\u00e7\u00e3o de p\u00fablico, desde que respeitados os par\u00e2metros legais de prote\u00e7\u00e3o de dados e garantias individuais. A proposta busca equilibrar efic\u00e1cia no combate \u00e0 criminalidade e respeito \u00e0s liberdades civis.<\/p>\n<p>O setor de seguran\u00e7a informou que continuar\u00e1 investindo na moderniza\u00e7\u00e3o de ferramentas tecnol\u00f3gicas e em treinamentos para o uso dessas solu\u00e7\u00f5es em diferentes contextos, n\u00e3o apenas em grandes eventos, mas tamb\u00e9m em a\u00e7\u00f5es cotidianas de policiamento e fiscaliza\u00e7\u00e3o.<\/p>\n<p>Fonte: Metro1<br \/>\nFoto: Ascom SSP<\/p>\n","protected":false},"excerpt":{"rendered":"<p>A tecnologia de reconhecimento facial empregada pela Secretaria de Seguran\u00e7a P\u00fablica da Bahia bateu recorde de efici\u00eancia durante o Carnaval<\/p>\n","protected":false},"author":4,"featured_media":20332,"comment_status":"open","ping_status":"open","sticky":false,"template":"","format":"standard","meta":{"colormag_page_container_layout":"default_layout","colormag_page_sidebar_layout":"default_layout","_FSMCFIC_featured_image_caption":"","_FSMCFIC_featured_image_nocaption":"","_FSMCFIC_featured_image_hide":"","footnotes":""},"categories":[3,1],"tags":[],"class_list":["post-20330","post","type-post","status-publish","format-standard","has-post-thumbnail","hentry","category-policia","category-ultimas"],"yoast_head":"<!-- This site is optimized with the Yoast SEO plugin v27.1.1 - https:\/\/yoast.com\/product\/yoast-seo-wordpress\/ -->\n<title>Reconhecimento facial bate recorde e captura 60 foragidos no Carnaval 2026 - Brasil not\u00edcias<\/title>\n<meta name=\"robots\" content=\"index, follow, max-snippet:-1, max-image-preview:large, max-video-preview:-1\" \/>\n<link rel=\"canonical\" href=\"https:\/\/brasilnoticias.org\/site\/reconhecimento-facial-bate-recorde-e-captura-60-foragidos-no-carnaval-2026\/\" \/>\n<meta property=\"og:locale\" content=\"pt_PT\" \/>\n<meta property=\"og:type\" content=\"article\" \/>\n<meta property=\"og:title\" content=\"Reconhecimento facial bate recorde e captura 60 foragidos no Carnaval 2026 - Brasil not\u00edcias\" \/>\n<meta property=\"og:description\" content=\"A tecnologia de reconhecimento facial empregada pela Secretaria de Seguran\u00e7a P\u00fablica da Bahia bateu recorde de efici\u00eancia durante o Carnaval\" \/>\n<meta property=\"og:url\" content=\"https:\/\/brasilnoticias.org\/site\/reconhecimento-facial-bate-recorde-e-captura-60-foragidos-no-carnaval-2026\/\" \/>\n<meta property=\"og:site_name\" content=\"Brasil not\u00edcias\" \/>\n<meta property=\"article:published_time\" content=\"2026-02-18T01:13:09+00:00\" \/>\n<meta property=\"article:modified_time\" content=\"2026-02-19T01:13:30+00:00\" \/>\n<meta property=\"og:image\" content=\"https:\/\/brasilnoticias.org\/site\/wp-content\/uploads\/2026\/02\/178183reconhecimento-facial-bate-recorde-e-captura-60-foragidos-no-carnaval-2026-3.jpg\" \/>\n\t<meta property=\"og:image:width\" content=\"1600\" \/>\n\t<meta property=\"og:image:height\" content=\"752\" \/>\n\t<meta property=\"og:image:type\" content=\"image\/jpeg\" \/>\n<meta name=\"author\" content=\"Reda\u00e7\u00e3o\" \/>\n<meta name=\"twitter:card\" content=\"summary_large_image\" \/>\n<meta name=\"twitter:label1\" content=\"Escrito por\" \/>\n\t<meta name=\"twitter:data1\" content=\"Reda\u00e7\u00e3o\" \/>\n\t<meta name=\"twitter:label2\" content=\"Tempo estimado de leitura\" \/>\n\t<meta name=\"twitter:data2\" content=\"3 minutos\" \/>\n<script type=\"application\/ld+json\" class=\"yoast-schema-graph\">{\"@context\":\"https:\/\/schema.org\",\"@graph\":[{\"@type\":\"Article\",\"@id\":\"https:\/\/brasilnoticias.org\/site\/reconhecimento-facial-bate-recorde-e-captura-60-foragidos-no-carnaval-2026\/#article\",\"isPartOf\":{\"@id\":\"https:\/\/brasilnoticias.org\/site\/reconhecimento-facial-bate-recorde-e-captura-60-foragidos-no-carnaval-2026\/\"},\"author\":{\"name\":\"Reda\u00e7\u00e3o\",\"@id\":\"https:\/\/brasilnoticias.org\/site\/#\/schema\/person\/03bbbfe6c7634ad18c26444ea39049fa\"},\"headline\":\"Reconhecimento facial bate recorde e captura 60 foragidos no Carnaval 2026\",\"datePublished\":\"2026-02-18T01:13:09+00:00\",\"dateModified\":\"2026-02-19T01:13:30+00:00\",\"mainEntityOfPage\":{\"@id\":\"https:\/\/brasilnoticias.org\/site\/reconhecimento-facial-bate-recorde-e-captura-60-foragidos-no-carnaval-2026\/\"},\"wordCount\":395,\"commentCount\":0,\"publisher\":{\"@id\":\"https:\/\/brasilnoticias.org\/site\/#organization\"},\"image\":{\"@id\":\"https:\/\/brasilnoticias.org\/site\/reconhecimento-facial-bate-recorde-e-captura-60-foragidos-no-carnaval-2026\/#primaryimage\"},\"thumbnailUrl\":\"https:\/\/brasilnoticias.org\/site\/wp-content\/uploads\/2026\/02\/178183reconhecimento-facial-bate-recorde-e-captura-60-foragidos-no-carnaval-2026-3.jpg\",\"articleSection\":[\"Pol\u00edcia\",\"\u00daltimas\"],\"inLanguage\":\"pt-PT\",\"potentialAction\":[{\"@type\":\"CommentAction\",\"name\":\"Comment\",\"target\":[\"https:\/\/brasilnoticias.org\/site\/reconhecimento-facial-bate-recorde-e-captura-60-foragidos-no-carnaval-2026\/#respond\"]}]},{\"@type\":\"WebPage\",\"@id\":\"https:\/\/brasilnoticias.org\/site\/reconhecimento-facial-bate-recorde-e-captura-60-foragidos-no-carnaval-2026\/\",\"url\":\"https:\/\/brasilnoticias.org\/site\/reconhecimento-facial-bate-recorde-e-captura-60-foragidos-no-carnaval-2026\/\",\"name\":\"Reconhecimento facial bate recorde e captura 60 foragidos no Carnaval 2026 - Brasil not\u00edcias\",\"isPartOf\":{\"@id\":\"https:\/\/brasilnoticias.org\/site\/#website\"},\"primaryImageOfPage\":{\"@id\":\"https:\/\/brasilnoticias.org\/site\/reconhecimento-facial-bate-recorde-e-captura-60-foragidos-no-carnaval-2026\/#primaryimage\"},\"image\":{\"@id\":\"https:\/\/brasilnoticias.org\/site\/reconhecimento-facial-bate-recorde-e-captura-60-foragidos-no-carnaval-2026\/#primaryimage\"},\"thumbnailUrl\":\"https:\/\/brasilnoticias.org\/site\/wp-content\/uploads\/2026\/02\/178183reconhecimento-facial-bate-recorde-e-captura-60-foragidos-no-carnaval-2026-3.jpg\",\"datePublished\":\"2026-02-18T01:13:09+00:00\",\"dateModified\":\"2026-02-19T01:13:30+00:00\",\"breadcrumb\":{\"@id\":\"https:\/\/brasilnoticias.org\/site\/reconhecimento-facial-bate-recorde-e-captura-60-foragidos-no-carnaval-2026\/#breadcrumb\"},\"inLanguage\":\"pt-PT\",\"potentialAction\":[{\"@type\":\"ReadAction\",\"target\":[\"https:\/\/brasilnoticias.org\/site\/reconhecimento-facial-bate-recorde-e-captura-60-foragidos-no-carnaval-2026\/\"]}]},{\"@type\":\"ImageObject\",\"inLanguage\":\"pt-PT\",\"@id\":\"https:\/\/brasilnoticias.org\/site\/reconhecimento-facial-bate-recorde-e-captura-60-foragidos-no-carnaval-2026\/#primaryimage\",\"url\":\"https:\/\/brasilnoticias.org\/site\/wp-content\/uploads\/2026\/02\/178183reconhecimento-facial-bate-recorde-e-captura-60-foragidos-no-carnaval-2026-3.jpg\",\"contentUrl\":\"https:\/\/brasilnoticias.org\/site\/wp-content\/uploads\/2026\/02\/178183reconhecimento-facial-bate-recorde-e-captura-60-foragidos-no-carnaval-2026-3.jpg\",\"width\":1600,\"height\":752},{\"@type\":\"BreadcrumbList\",\"@id\":\"https:\/\/brasilnoticias.org\/site\/reconhecimento-facial-bate-recorde-e-captura-60-foragidos-no-carnaval-2026\/#breadcrumb\",\"itemListElement\":[{\"@type\":\"ListItem\",\"position\":1,\"name\":\"In\u00edcio\",\"item\":\"https:\/\/brasilnoticias.org\/site\/\"},{\"@type\":\"ListItem\",\"position\":2,\"name\":\"Reconhecimento facial bate recorde e captura 60 foragidos no Carnaval 2026\"}]},{\"@type\":\"WebSite\",\"@id\":\"https:\/\/brasilnoticias.org\/site\/#website\",\"url\":\"https:\/\/brasilnoticias.org\/site\/\",\"name\":\"Brasil not\u00edcias\",\"description\":\"Brasil not\u00edcias\",\"publisher\":{\"@id\":\"https:\/\/brasilnoticias.org\/site\/#organization\"},\"potentialAction\":[{\"@type\":\"SearchAction\",\"target\":{\"@type\":\"EntryPoint\",\"urlTemplate\":\"https:\/\/brasilnoticias.org\/site\/?s={search_term_string}\"},\"query-input\":{\"@type\":\"PropertyValueSpecification\",\"valueRequired\":true,\"valueName\":\"search_term_string\"}}],\"inLanguage\":\"pt-PT\"},{\"@type\":\"Organization\",\"@id\":\"https:\/\/brasilnoticias.org\/site\/#organization\",\"name\":\"Brasil not\u00edcias\",\"url\":\"https:\/\/brasilnoticias.org\/site\/\",\"logo\":{\"@type\":\"ImageObject\",\"inLanguage\":\"pt-PT\",\"@id\":\"https:\/\/brasilnoticias.org\/site\/#\/schema\/logo\/image\/\",\"url\":\"https:\/\/brasilnoticias.org\/site\/wp-content\/uploads\/2022\/05\/cropped-brasilnoticias-mini.jpg\",\"contentUrl\":\"https:\/\/brasilnoticias.org\/site\/wp-content\/uploads\/2022\/05\/cropped-brasilnoticias-mini.jpg\",\"width\":314,\"height\":86,\"caption\":\"Brasil not\u00edcias\"},\"image\":{\"@id\":\"https:\/\/brasilnoticias.org\/site\/#\/schema\/logo\/image\/\"}},{\"@type\":\"Person\",\"@id\":\"https:\/\/brasilnoticias.org\/site\/#\/schema\/person\/03bbbfe6c7634ad18c26444ea39049fa\",\"name\":\"Reda\u00e7\u00e3o\",\"image\":{\"@type\":\"ImageObject\",\"inLanguage\":\"pt-PT\",\"@id\":\"https:\/\/brasilnoticias.org\/site\/#\/schema\/person\/image\/\",\"url\":\"https:\/\/secure.gravatar.com\/avatar\/9ecaf7327a696cb23ad926fedded5f1f04d7049de9e445375d55b48c001a6e42?s=96&d=mm&r=g\",\"contentUrl\":\"https:\/\/secure.gravatar.com\/avatar\/9ecaf7327a696cb23ad926fedded5f1f04d7049de9e445375d55b48c001a6e42?s=96&d=mm&r=g\",\"caption\":\"Reda\u00e7\u00e3o\"},\"url\":\"https:\/\/brasilnoticias.org\/site\/author\/henrique\/\"}]}<\/script>\n<!-- \/ Yoast SEO plugin. -->","yoast_head_json":{"title":"Reconhecimento facial bate recorde e captura 60 foragidos no Carnaval 2026 - Brasil not\u00edcias","robots":{"index":"index","follow":"follow","max-snippet":"max-snippet:-1","max-image-preview":"max-image-preview:large","max-video-preview":"max-video-preview:-1"},"canonical":"https:\/\/brasilnoticias.org\/site\/reconhecimento-facial-bate-recorde-e-captura-60-foragidos-no-carnaval-2026\/","og_locale":"pt_PT","og_type":"article","og_title":"Reconhecimento facial bate recorde e captura 60 foragidos no Carnaval 2026 - Brasil not\u00edcias","og_description":"A tecnologia de reconhecimento facial empregada pela Secretaria de Seguran\u00e7a P\u00fablica da Bahia bateu recorde de efici\u00eancia durante o Carnaval","og_url":"https:\/\/brasilnoticias.org\/site\/reconhecimento-facial-bate-recorde-e-captura-60-foragidos-no-carnaval-2026\/","og_site_name":"Brasil not\u00edcias","article_published_time":"2026-02-18T01:13:09+00:00","article_modified_time":"2026-02-19T01:13:30+00:00","og_image":[{"width":1600,"height":752,"url":"https:\/\/brasilnoticias.org\/site\/wp-content\/uploads\/2026\/02\/178183reconhecimento-facial-bate-recorde-e-captura-60-foragidos-no-carnaval-2026-3.jpg","type":"image\/jpeg"}],"author":"Reda\u00e7\u00e3o","twitter_card":"summary_large_image","twitter_misc":{"Escrito por":"Reda\u00e7\u00e3o","Tempo estimado de leitura":"3 minutos"},"schema":{"@context":"https:\/\/schema.org","@graph":[{"@type":"Article","@id":"https:\/\/brasilnoticias.org\/site\/reconhecimento-facial-bate-recorde-e-captura-60-foragidos-no-carnaval-2026\/#article","isPartOf":{"@id":"https:\/\/brasilnoticias.org\/site\/reconhecimento-facial-bate-recorde-e-captura-60-foragidos-no-carnaval-2026\/"},"author":{"name":"Reda\u00e7\u00e3o","@id":"https:\/\/brasilnoticias.org\/site\/#\/schema\/person\/03bbbfe6c7634ad18c26444ea39049fa"},"headline":"Reconhecimento facial bate recorde e captura 60 foragidos no Carnaval 2026","datePublished":"2026-02-18T01:13:09+00:00","dateModified":"2026-02-19T01:13:30+00:00","mainEntityOfPage":{"@id":"https:\/\/brasilnoticias.org\/site\/reconhecimento-facial-bate-recorde-e-captura-60-foragidos-no-carnaval-2026\/"},"wordCount":395,"commentCount":0,"publisher":{"@id":"https:\/\/brasilnoticias.org\/site\/#organization"},"image":{"@id":"https:\/\/brasilnoticias.org\/site\/reconhecimento-facial-bate-recorde-e-captura-60-foragidos-no-carnaval-2026\/#primaryimage"},"thumbnailUrl":"https:\/\/brasilnoticias.org\/site\/wp-content\/uploads\/2026\/02\/178183reconhecimento-facial-bate-recorde-e-captura-60-foragidos-no-carnaval-2026-3.jpg","articleSection":["Pol\u00edcia","\u00daltimas"],"inLanguage":"pt-PT","potentialAction":[{"@type":"CommentAction","name":"Comment","target":["https:\/\/brasilnoticias.org\/site\/reconhecimento-facial-bate-recorde-e-captura-60-foragidos-no-carnaval-2026\/#respond"]}]},{"@type":"WebPage","@id":"https:\/\/brasilnoticias.org\/site\/reconhecimento-facial-bate-recorde-e-captura-60-foragidos-no-carnaval-2026\/","url":"https:\/\/brasilnoticias.org\/site\/reconhecimento-facial-bate-recorde-e-captura-60-foragidos-no-carnaval-2026\/","name":"Reconhecimento facial bate recorde e captura 60 foragidos no Carnaval 2026 - Brasil not\u00edcias","isPartOf":{"@id":"https:\/\/brasilnoticias.org\/site\/#website"},"primaryImageOfPage":{"@id":"https:\/\/brasilnoticias.org\/site\/reconhecimento-facial-bate-recorde-e-captura-60-foragidos-no-carnaval-2026\/#primaryimage"},"image":{"@id":"https:\/\/brasilnoticias.org\/site\/reconhecimento-facial-bate-recorde-e-captura-60-foragidos-no-carnaval-2026\/#primaryimage"},"thumbnailUrl":"https:\/\/brasilnoticias.org\/site\/wp-content\/uploads\/2026\/02\/178183reconhecimento-facial-bate-recorde-e-captura-60-foragidos-no-carnaval-2026-3.jpg","datePublished":"2026-02-18T01:13:09+00:00","dateModified":"2026-02-19T01:13:30+00:00","breadcrumb":{"@id":"https:\/\/brasilnoticias.org\/site\/reconhecimento-facial-bate-recorde-e-captura-60-foragidos-no-carnaval-2026\/#breadcrumb"},"inLanguage":"pt-PT","potentialAction":[{"@type":"ReadAction","target":["https:\/\/brasilnoticias.org\/site\/reconhecimento-facial-bate-recorde-e-captura-60-foragidos-no-carnaval-2026\/"]}]},{"@type":"ImageObject","inLanguage":"pt-PT","@id":"https:\/\/brasilnoticias.org\/site\/reconhecimento-facial-bate-recorde-e-captura-60-foragidos-no-carnaval-2026\/#primaryimage","url":"https:\/\/brasilnoticias.org\/site\/wp-content\/uploads\/2026\/02\/178183reconhecimento-facial-bate-recorde-e-captura-60-foragidos-no-carnaval-2026-3.jpg","contentUrl":"https:\/\/brasilnoticias.org\/site\/wp-content\/uploads\/2026\/02\/178183reconhecimento-facial-bate-recorde-e-captura-60-foragidos-no-carnaval-2026-3.jpg","width":1600,"height":752},{"@type":"BreadcrumbList","@id":"https:\/\/brasilnoticias.org\/site\/reconhecimento-facial-bate-recorde-e-captura-60-foragidos-no-carnaval-2026\/#breadcrumb","itemListElement":[{"@type":"ListItem","position":1,"name":"In\u00edcio","item":"https:\/\/brasilnoticias.org\/site\/"},{"@type":"ListItem","position":2,"name":"Reconhecimento facial bate recorde e captura 60 foragidos no Carnaval 2026"}]},{"@type":"WebSite","@id":"https:\/\/brasilnoticias.org\/site\/#website","url":"https:\/\/brasilnoticias.org\/site\/","name":"Brasil not\u00edcias","description":"Brasil not\u00edcias","publisher":{"@id":"https:\/\/brasilnoticias.org\/site\/#organization"},"potentialAction":[{"@type":"SearchAction","target":{"@type":"EntryPoint","urlTemplate":"https:\/\/brasilnoticias.org\/site\/?s={search_term_string}"},"query-input":{"@type":"PropertyValueSpecification","valueRequired":true,"valueName":"search_term_string"}}],"inLanguage":"pt-PT"},{"@type":"Organization","@id":"https:\/\/brasilnoticias.org\/site\/#organization","name":"Brasil not\u00edcias","url":"https:\/\/brasilnoticias.org\/site\/","logo":{"@type":"ImageObject","inLanguage":"pt-PT","@id":"https:\/\/brasilnoticias.org\/site\/#\/schema\/logo\/image\/","url":"https:\/\/brasilnoticias.org\/site\/wp-content\/uploads\/2022\/05\/cropped-brasilnoticias-mini.jpg","contentUrl":"https:\/\/brasilnoticias.org\/site\/wp-content\/uploads\/2022\/05\/cropped-brasilnoticias-mini.jpg","width":314,"height":86,"caption":"Brasil not\u00edcias"},"image":{"@id":"https:\/\/brasilnoticias.org\/site\/#\/schema\/logo\/image\/"}},{"@type":"Person","@id":"https:\/\/brasilnoticias.org\/site\/#\/schema\/person\/03bbbfe6c7634ad18c26444ea39049fa","name":"Reda\u00e7\u00e3o","image":{"@type":"ImageObject","inLanguage":"pt-PT","@id":"https:\/\/brasilnoticias.org\/site\/#\/schema\/person\/image\/","url":"https:\/\/secure.gravatar.com\/avatar\/9ecaf7327a696cb23ad926fedded5f1f04d7049de9e445375d55b48c001a6e42?s=96&d=mm&r=g","contentUrl":"https:\/\/secure.gravatar.com\/avatar\/9ecaf7327a696cb23ad926fedded5f1f04d7049de9e445375d55b48c001a6e42?s=96&d=mm&r=g","caption":"Reda\u00e7\u00e3o"},"url":"https:\/\/brasilnoticias.org\/site\/author\/henrique\/"}]}},"_links":{"self":[{"href":"https:\/\/brasilnoticias.org\/site\/wp-json\/wp\/v2\/posts\/20330","targetHints":{"allow":["GET"]}}],"collection":[{"href":"https:\/\/brasilnoticias.org\/site\/wp-json\/wp\/v2\/posts"}],"about":[{"href":"https:\/\/brasilnoticias.org\/site\/wp-json\/wp\/v2\/types\/post"}],"author":[{"embeddable":true,"href":"https:\/\/brasilnoticias.org\/site\/wp-json\/wp\/v2\/users\/4"}],"replies":[{"embeddable":true,"href":"https:\/\/brasilnoticias.org\/site\/wp-json\/wp\/v2\/comments?post=20330"}],"version-history":[{"count":1,"href":"https:\/\/brasilnoticias.org\/site\/wp-json\/wp\/v2\/posts\/20330\/revisions"}],"predecessor-version":[{"id":20333,"href":"https:\/\/brasilnoticias.org\/site\/wp-json\/wp\/v2\/posts\/20330\/revisions\/20333"}],"wp:featuredmedia":[{"embeddable":true,"href":"https:\/\/brasilnoticias.org\/site\/wp-json\/wp\/v2\/media\/20332"}],"wp:attachment":[{"href":"https:\/\/brasilnoticias.org\/site\/wp-json\/wp\/v2\/media?parent=20330"}],"wp:term":[{"taxonomy":"category","embeddable":true,"href":"https:\/\/brasilnoticias.org\/site\/wp-json\/wp\/v2\/categories?post=20330"},{"taxonomy":"post_tag","embeddable":true,"href":"https:\/\/brasilnoticias.org\/site\/wp-json\/wp\/v2\/tags?post=20330"}],"curies":[{"name":"wp","href":"https:\/\/api.w.org\/{rel}","templated":true}]}}