{"id":20349,"date":"2026-02-19T06:59:25","date_gmt":"2026-02-19T09:59:25","guid":{"rendered":"https:\/\/brasilnoticias.org\/site\/?p=20349"},"modified":"2026-02-19T06:59:25","modified_gmt":"2026-02-19T09:59:25","slug":"vitoria-vence-o-bahia-de-feira-e-assume-a-vice-lideranca-no-campeonato-baiano","status":"publish","type":"post","link":"https:\/\/brasilnoticias.org\/site\/vitoria-vence-o-bahia-de-feira-e-assume-a-vice-lideranca-no-campeonato-baiano\/","title":{"rendered":"Vit\u00f3ria vence o Bahia de Feira e assume a vice-lideran\u00e7a no Campeonato Baiano"},"content":{"rendered":"<p>O Esporte Clube Vit\u00f3ria usou sua equipe principal e derrotou o Bahia de Feira por 1 a 0, em partida realizada na noite desta quarta-feira (18) no Barrad\u00e3o, v\u00e1lida pela oitava rodada do Campeonato Baiano 2026.<\/p>\n<p>O \u00fanico gol do jogo foi marcado pelo atacante Emmanuel Mart\u00ednez no segundo tempo, ap\u00f3s um cruzamento que encontrou espa\u00e7o dentro da \u00e1rea, garantindo a vit\u00f3ria ao Le\u00e3o da Barra.<\/p>\n<p>Com o resultado, o Vit\u00f3ria chegou a 13 pontos e subiu para a vice-lideran\u00e7a da competi\u00e7\u00e3o, colocando-se em posi\u00e7\u00e3o de vantagem rumo \u00e0s semifinais do estadual. J\u00e1 o Bahia de Feira ficou com nove pontos e ocupa a s\u00e9tima coloca\u00e7\u00e3o no momento, ainda fora da zona de classifica\u00e7\u00e3o.<\/p>\n<p>A equipe rubro-negra dominou grande parte da partida, especialmente no primeiro tempo, criando mais oportunidades e controlando as a\u00e7\u00f5es ofensivas. No entanto, foi apenas na segunda etapa que conseguiu abrir o placar e segurar o resultado at\u00e9 o apito final.<\/p>\n<p>O Campeonato Baiano ter\u00e1 sua \u00faltima rodada da fase inicial no pr\u00f3ximo domingo (22), quando o Vit\u00f3ria enfrenta o Gal\u00edcia no Barrad\u00e3o e o Bahia de Feira encara o Jacuipense em Pitua\u00e7u, em jogos que podem definir as posi\u00e7\u00f5es finais do grupo antes das semifinais.<\/p>\n<p>Foto: Victor Ferreira\/EC Vit\u00f3ria<br \/>\nFonte: Metro1\/Leandro Arag\u00e3o<\/p>\n","protected":false},"excerpt":{"rendered":"<p>O Esporte Clube Vit\u00f3ria usou sua equipe principal e derrotou o Bahia de Feira por 1 a 0, em partida<\/p>\n","protected":false},"author":4,"featured_media":20350,"comment_status":"open","ping_status":"open","sticky":false,"template":"","format":"standard","meta":{"colormag_page_container_layout":"default_layout","colormag_page_sidebar_layout":"default_layout","_FSMCFIC_featured_image_caption":"","_FSMCFIC_featured_image_nocaption":"","_FSMCFIC_featured_image_hide":"","footnotes":""},"categories":[4,1],"tags":[],"class_list":["post-20349","post","type-post","status-publish","format-standard","has-post-thumbnail","hentry","category-esporte","category-ultimas"],"yoast_head":"<!-- This site is optimized with the Yoast SEO plugin v27.1.1 - https:\/\/yoast.com\/product\/yoast-seo-wordpress\/ -->\n<title>Vit\u00f3ria vence o Bahia de Feira e assume a vice-lideran\u00e7a no Campeonato Baiano - Brasil not\u00edcias<\/title>\n<meta name=\"robots\" content=\"index, follow, max-snippet:-1, max-image-preview:large, max-video-preview:-1\" \/>\n<link rel=\"canonical\" href=\"https:\/\/brasilnoticias.org\/site\/vitoria-vence-o-bahia-de-feira-e-assume-a-vice-lideranca-no-campeonato-baiano\/\" \/>\n<meta property=\"og:locale\" content=\"pt_PT\" \/>\n<meta property=\"og:type\" content=\"article\" \/>\n<meta property=\"og:title\" content=\"Vit\u00f3ria vence o Bahia de Feira e assume a vice-lideran\u00e7a no Campeonato Baiano - Brasil not\u00edcias\" \/>\n<meta property=\"og:description\" content=\"O Esporte Clube Vit\u00f3ria usou sua equipe principal e derrotou o Bahia de Feira por 1 a 0, em partida\" \/>\n<meta property=\"og:url\" content=\"https:\/\/brasilnoticias.org\/site\/vitoria-vence-o-bahia-de-feira-e-assume-a-vice-lideranca-no-campeonato-baiano\/\" \/>\n<meta property=\"og:site_name\" content=\"Brasil not\u00edcias\" \/>\n<meta property=\"article:published_time\" content=\"2026-02-19T09:59:25+00:00\" \/>\n<meta property=\"og:image\" content=\"https:\/\/brasilnoticias.org\/site\/wp-content\/uploads\/2026\/02\/178255com-time-principal-vitoria-bate-o-bahia-de-feira-e-assume-a-vice-lideranca-do-baiano-3.jpg\" \/>\n\t<meta property=\"og:image:width\" content=\"1600\" \/>\n\t<meta property=\"og:image:height\" content=\"752\" \/>\n\t<meta property=\"og:image:type\" content=\"image\/jpeg\" \/>\n<meta name=\"author\" content=\"Reda\u00e7\u00e3o\" \/>\n<meta name=\"twitter:card\" content=\"summary_large_image\" \/>\n<meta name=\"twitter:label1\" content=\"Escrito por\" \/>\n\t<meta name=\"twitter:data1\" content=\"Reda\u00e7\u00e3o\" \/>\n\t<meta name=\"twitter:label2\" content=\"Tempo estimado de leitura\" \/>\n\t<meta name=\"twitter:data2\" content=\"1 minuto\" \/>\n<script type=\"application\/ld+json\" class=\"yoast-schema-graph\">{\"@context\":\"https:\/\/schema.org\",\"@graph\":[{\"@type\":\"Article\",\"@id\":\"https:\/\/brasilnoticias.org\/site\/vitoria-vence-o-bahia-de-feira-e-assume-a-vice-lideranca-no-campeonato-baiano\/#article\",\"isPartOf\":{\"@id\":\"https:\/\/brasilnoticias.org\/site\/vitoria-vence-o-bahia-de-feira-e-assume-a-vice-lideranca-no-campeonato-baiano\/\"},\"author\":{\"name\":\"Reda\u00e7\u00e3o\",\"@id\":\"https:\/\/brasilnoticias.org\/site\/#\/schema\/person\/03bbbfe6c7634ad18c26444ea39049fa\"},\"headline\":\"Vit\u00f3ria vence o Bahia de Feira e assume a vice-lideran\u00e7a no Campeonato Baiano\",\"datePublished\":\"2026-02-19T09:59:25+00:00\",\"mainEntityOfPage\":{\"@id\":\"https:\/\/brasilnoticias.org\/site\/vitoria-vence-o-bahia-de-feira-e-assume-a-vice-lideranca-no-campeonato-baiano\/\"},\"wordCount\":241,\"commentCount\":0,\"publisher\":{\"@id\":\"https:\/\/brasilnoticias.org\/site\/#organization\"},\"image\":{\"@id\":\"https:\/\/brasilnoticias.org\/site\/vitoria-vence-o-bahia-de-feira-e-assume-a-vice-lideranca-no-campeonato-baiano\/#primaryimage\"},\"thumbnailUrl\":\"https:\/\/brasilnoticias.org\/site\/wp-content\/uploads\/2026\/02\/178255com-time-principal-vitoria-bate-o-bahia-de-feira-e-assume-a-vice-lideranca-do-baiano-3.jpg\",\"articleSection\":[\"Esporte\",\"\u00daltimas\"],\"inLanguage\":\"pt-PT\",\"potentialAction\":[{\"@type\":\"CommentAction\",\"name\":\"Comment\",\"target\":[\"https:\/\/brasilnoticias.org\/site\/vitoria-vence-o-bahia-de-feira-e-assume-a-vice-lideranca-no-campeonato-baiano\/#respond\"]}]},{\"@type\":\"WebPage\",\"@id\":\"https:\/\/brasilnoticias.org\/site\/vitoria-vence-o-bahia-de-feira-e-assume-a-vice-lideranca-no-campeonato-baiano\/\",\"url\":\"https:\/\/brasilnoticias.org\/site\/vitoria-vence-o-bahia-de-feira-e-assume-a-vice-lideranca-no-campeonato-baiano\/\",\"name\":\"Vit\u00f3ria vence o Bahia de Feira e assume a vice-lideran\u00e7a no Campeonato Baiano - Brasil not\u00edcias\",\"isPartOf\":{\"@id\":\"https:\/\/brasilnoticias.org\/site\/#website\"},\"primaryImageOfPage\":{\"@id\":\"https:\/\/brasilnoticias.org\/site\/vitoria-vence-o-bahia-de-feira-e-assume-a-vice-lideranca-no-campeonato-baiano\/#primaryimage\"},\"image\":{\"@id\":\"https:\/\/brasilnoticias.org\/site\/vitoria-vence-o-bahia-de-feira-e-assume-a-vice-lideranca-no-campeonato-baiano\/#primaryimage\"},\"thumbnailUrl\":\"https:\/\/brasilnoticias.org\/site\/wp-content\/uploads\/2026\/02\/178255com-time-principal-vitoria-bate-o-bahia-de-feira-e-assume-a-vice-lideranca-do-baiano-3.jpg\",\"datePublished\":\"2026-02-19T09:59:25+00:00\",\"breadcrumb\":{\"@id\":\"https:\/\/brasilnoticias.org\/site\/vitoria-vence-o-bahia-de-feira-e-assume-a-vice-lideranca-no-campeonato-baiano\/#breadcrumb\"},\"inLanguage\":\"pt-PT\",\"potentialAction\":[{\"@type\":\"ReadAction\",\"target\":[\"https:\/\/brasilnoticias.org\/site\/vitoria-vence-o-bahia-de-feira-e-assume-a-vice-lideranca-no-campeonato-baiano\/\"]}]},{\"@type\":\"ImageObject\",\"inLanguage\":\"pt-PT\",\"@id\":\"https:\/\/brasilnoticias.org\/site\/vitoria-vence-o-bahia-de-feira-e-assume-a-vice-lideranca-no-campeonato-baiano\/#primaryimage\",\"url\":\"https:\/\/brasilnoticias.org\/site\/wp-content\/uploads\/2026\/02\/178255com-time-principal-vitoria-bate-o-bahia-de-feira-e-assume-a-vice-lideranca-do-baiano-3.jpg\",\"contentUrl\":\"https:\/\/brasilnoticias.org\/site\/wp-content\/uploads\/2026\/02\/178255com-time-principal-vitoria-bate-o-bahia-de-feira-e-assume-a-vice-lideranca-do-baiano-3.jpg\",\"width\":1600,\"height\":752},{\"@type\":\"BreadcrumbList\",\"@id\":\"https:\/\/brasilnoticias.org\/site\/vitoria-vence-o-bahia-de-feira-e-assume-a-vice-lideranca-no-campeonato-baiano\/#breadcrumb\",\"itemListElement\":[{\"@type\":\"ListItem\",\"position\":1,\"name\":\"In\u00edcio\",\"item\":\"https:\/\/brasilnoticias.org\/site\/\"},{\"@type\":\"ListItem\",\"position\":2,\"name\":\"Vit\u00f3ria vence o Bahia de Feira e assume a vice-lideran\u00e7a no Campeonato Baiano\"}]},{\"@type\":\"WebSite\",\"@id\":\"https:\/\/brasilnoticias.org\/site\/#website\",\"url\":\"https:\/\/brasilnoticias.org\/site\/\",\"name\":\"Brasil not\u00edcias\",\"description\":\"Brasil not\u00edcias\",\"publisher\":{\"@id\":\"https:\/\/brasilnoticias.org\/site\/#organization\"},\"potentialAction\":[{\"@type\":\"SearchAction\",\"target\":{\"@type\":\"EntryPoint\",\"urlTemplate\":\"https:\/\/brasilnoticias.org\/site\/?s={search_term_string}\"},\"query-input\":{\"@type\":\"PropertyValueSpecification\",\"valueRequired\":true,\"valueName\":\"search_term_string\"}}],\"inLanguage\":\"pt-PT\"},{\"@type\":\"Organization\",\"@id\":\"https:\/\/brasilnoticias.org\/site\/#organization\",\"name\":\"Brasil not\u00edcias\",\"url\":\"https:\/\/brasilnoticias.org\/site\/\",\"logo\":{\"@type\":\"ImageObject\",\"inLanguage\":\"pt-PT\",\"@id\":\"https:\/\/brasilnoticias.org\/site\/#\/schema\/logo\/image\/\",\"url\":\"https:\/\/brasilnoticias.org\/site\/wp-content\/uploads\/2022\/05\/cropped-brasilnoticias-mini.jpg\",\"contentUrl\":\"https:\/\/brasilnoticias.org\/site\/wp-content\/uploads\/2022\/05\/cropped-brasilnoticias-mini.jpg\",\"width\":314,\"height\":86,\"caption\":\"Brasil not\u00edcias\"},\"image\":{\"@id\":\"https:\/\/brasilnoticias.org\/site\/#\/schema\/logo\/image\/\"}},{\"@type\":\"Person\",\"@id\":\"https:\/\/brasilnoticias.org\/site\/#\/schema\/person\/03bbbfe6c7634ad18c26444ea39049fa\",\"name\":\"Reda\u00e7\u00e3o\",\"image\":{\"@type\":\"ImageObject\",\"inLanguage\":\"pt-PT\",\"@id\":\"https:\/\/brasilnoticias.org\/site\/#\/schema\/person\/image\/\",\"url\":\"https:\/\/secure.gravatar.com\/avatar\/9ecaf7327a696cb23ad926fedded5f1f04d7049de9e445375d55b48c001a6e42?s=96&d=mm&r=g\",\"contentUrl\":\"https:\/\/secure.gravatar.com\/avatar\/9ecaf7327a696cb23ad926fedded5f1f04d7049de9e445375d55b48c001a6e42?s=96&d=mm&r=g\",\"caption\":\"Reda\u00e7\u00e3o\"},\"url\":\"https:\/\/brasilnoticias.org\/site\/author\/henrique\/\"}]}<\/script>\n<!-- \/ Yoast SEO plugin. -->","yoast_head_json":{"title":"Vit\u00f3ria vence o Bahia de Feira e assume a vice-lideran\u00e7a no Campeonato Baiano - Brasil not\u00edcias","robots":{"index":"index","follow":"follow","max-snippet":"max-snippet:-1","max-image-preview":"max-image-preview:large","max-video-preview":"max-video-preview:-1"},"canonical":"https:\/\/brasilnoticias.org\/site\/vitoria-vence-o-bahia-de-feira-e-assume-a-vice-lideranca-no-campeonato-baiano\/","og_locale":"pt_PT","og_type":"article","og_title":"Vit\u00f3ria vence o Bahia de Feira e assume a vice-lideran\u00e7a no Campeonato Baiano - Brasil not\u00edcias","og_description":"O Esporte Clube Vit\u00f3ria usou sua equipe principal e derrotou o Bahia de Feira por 1 a 0, em partida","og_url":"https:\/\/brasilnoticias.org\/site\/vitoria-vence-o-bahia-de-feira-e-assume-a-vice-lideranca-no-campeonato-baiano\/","og_site_name":"Brasil not\u00edcias","article_published_time":"2026-02-19T09:59:25+00:00","og_image":[{"width":1600,"height":752,"url":"https:\/\/brasilnoticias.org\/site\/wp-content\/uploads\/2026\/02\/178255com-time-principal-vitoria-bate-o-bahia-de-feira-e-assume-a-vice-lideranca-do-baiano-3.jpg","type":"image\/jpeg"}],"author":"Reda\u00e7\u00e3o","twitter_card":"summary_large_image","twitter_misc":{"Escrito por":"Reda\u00e7\u00e3o","Tempo estimado de leitura":"1 minuto"},"schema":{"@context":"https:\/\/schema.org","@graph":[{"@type":"Article","@id":"https:\/\/brasilnoticias.org\/site\/vitoria-vence-o-bahia-de-feira-e-assume-a-vice-lideranca-no-campeonato-baiano\/#article","isPartOf":{"@id":"https:\/\/brasilnoticias.org\/site\/vitoria-vence-o-bahia-de-feira-e-assume-a-vice-lideranca-no-campeonato-baiano\/"},"author":{"name":"Reda\u00e7\u00e3o","@id":"https:\/\/brasilnoticias.org\/site\/#\/schema\/person\/03bbbfe6c7634ad18c26444ea39049fa"},"headline":"Vit\u00f3ria vence o Bahia de Feira e assume a vice-lideran\u00e7a no Campeonato Baiano","datePublished":"2026-02-19T09:59:25+00:00","mainEntityOfPage":{"@id":"https:\/\/brasilnoticias.org\/site\/vitoria-vence-o-bahia-de-feira-e-assume-a-vice-lideranca-no-campeonato-baiano\/"},"wordCount":241,"commentCount":0,"publisher":{"@id":"https:\/\/brasilnoticias.org\/site\/#organization"},"image":{"@id":"https:\/\/brasilnoticias.org\/site\/vitoria-vence-o-bahia-de-feira-e-assume-a-vice-lideranca-no-campeonato-baiano\/#primaryimage"},"thumbnailUrl":"https:\/\/brasilnoticias.org\/site\/wp-content\/uploads\/2026\/02\/178255com-time-principal-vitoria-bate-o-bahia-de-feira-e-assume-a-vice-lideranca-do-baiano-3.jpg","articleSection":["Esporte","\u00daltimas"],"inLanguage":"pt-PT","potentialAction":[{"@type":"CommentAction","name":"Comment","target":["https:\/\/brasilnoticias.org\/site\/vitoria-vence-o-bahia-de-feira-e-assume-a-vice-lideranca-no-campeonato-baiano\/#respond"]}]},{"@type":"WebPage","@id":"https:\/\/brasilnoticias.org\/site\/vitoria-vence-o-bahia-de-feira-e-assume-a-vice-lideranca-no-campeonato-baiano\/","url":"https:\/\/brasilnoticias.org\/site\/vitoria-vence-o-bahia-de-feira-e-assume-a-vice-lideranca-no-campeonato-baiano\/","name":"Vit\u00f3ria vence o Bahia de Feira e assume a vice-lideran\u00e7a no Campeonato Baiano - Brasil not\u00edcias","isPartOf":{"@id":"https:\/\/brasilnoticias.org\/site\/#website"},"primaryImageOfPage":{"@id":"https:\/\/brasilnoticias.org\/site\/vitoria-vence-o-bahia-de-feira-e-assume-a-vice-lideranca-no-campeonato-baiano\/#primaryimage"},"image":{"@id":"https:\/\/brasilnoticias.org\/site\/vitoria-vence-o-bahia-de-feira-e-assume-a-vice-lideranca-no-campeonato-baiano\/#primaryimage"},"thumbnailUrl":"https:\/\/brasilnoticias.org\/site\/wp-content\/uploads\/2026\/02\/178255com-time-principal-vitoria-bate-o-bahia-de-feira-e-assume-a-vice-lideranca-do-baiano-3.jpg","datePublished":"2026-02-19T09:59:25+00:00","breadcrumb":{"@id":"https:\/\/brasilnoticias.org\/site\/vitoria-vence-o-bahia-de-feira-e-assume-a-vice-lideranca-no-campeonato-baiano\/#breadcrumb"},"inLanguage":"pt-PT","potentialAction":[{"@type":"ReadAction","target":["https:\/\/brasilnoticias.org\/site\/vitoria-vence-o-bahia-de-feira-e-assume-a-vice-lideranca-no-campeonato-baiano\/"]}]},{"@type":"ImageObject","inLanguage":"pt-PT","@id":"https:\/\/brasilnoticias.org\/site\/vitoria-vence-o-bahia-de-feira-e-assume-a-vice-lideranca-no-campeonato-baiano\/#primaryimage","url":"https:\/\/brasilnoticias.org\/site\/wp-content\/uploads\/2026\/02\/178255com-time-principal-vitoria-bate-o-bahia-de-feira-e-assume-a-vice-lideranca-do-baiano-3.jpg","contentUrl":"https:\/\/brasilnoticias.org\/site\/wp-content\/uploads\/2026\/02\/178255com-time-principal-vitoria-bate-o-bahia-de-feira-e-assume-a-vice-lideranca-do-baiano-3.jpg","width":1600,"height":752},{"@type":"BreadcrumbList","@id":"https:\/\/brasilnoticias.org\/site\/vitoria-vence-o-bahia-de-feira-e-assume-a-vice-lideranca-no-campeonato-baiano\/#breadcrumb","itemListElement":[{"@type":"ListItem","position":1,"name":"In\u00edcio","item":"https:\/\/brasilnoticias.org\/site\/"},{"@type":"ListItem","position":2,"name":"Vit\u00f3ria vence o Bahia de Feira e assume a vice-lideran\u00e7a no Campeonato Baiano"}]},{"@type":"WebSite","@id":"https:\/\/brasilnoticias.org\/site\/#website","url":"https:\/\/brasilnoticias.org\/site\/","name":"Brasil not\u00edcias","description":"Brasil not\u00edcias","publisher":{"@id":"https:\/\/brasilnoticias.org\/site\/#organization"},"potentialAction":[{"@type":"SearchAction","target":{"@type":"EntryPoint","urlTemplate":"https:\/\/brasilnoticias.org\/site\/?s={search_term_string}"},"query-input":{"@type":"PropertyValueSpecification","valueRequired":true,"valueName":"search_term_string"}}],"inLanguage":"pt-PT"},{"@type":"Organization","@id":"https:\/\/brasilnoticias.org\/site\/#organization","name":"Brasil not\u00edcias","url":"https:\/\/brasilnoticias.org\/site\/","logo":{"@type":"ImageObject","inLanguage":"pt-PT","@id":"https:\/\/brasilnoticias.org\/site\/#\/schema\/logo\/image\/","url":"https:\/\/brasilnoticias.org\/site\/wp-content\/uploads\/2022\/05\/cropped-brasilnoticias-mini.jpg","contentUrl":"https:\/\/brasilnoticias.org\/site\/wp-content\/uploads\/2022\/05\/cropped-brasilnoticias-mini.jpg","width":314,"height":86,"caption":"Brasil not\u00edcias"},"image":{"@id":"https:\/\/brasilnoticias.org\/site\/#\/schema\/logo\/image\/"}},{"@type":"Person","@id":"https:\/\/brasilnoticias.org\/site\/#\/schema\/person\/03bbbfe6c7634ad18c26444ea39049fa","name":"Reda\u00e7\u00e3o","image":{"@type":"ImageObject","inLanguage":"pt-PT","@id":"https:\/\/brasilnoticias.org\/site\/#\/schema\/person\/image\/","url":"https:\/\/secure.gravatar.com\/avatar\/9ecaf7327a696cb23ad926fedded5f1f04d7049de9e445375d55b48c001a6e42?s=96&d=mm&r=g","contentUrl":"https:\/\/secure.gravatar.com\/avatar\/9ecaf7327a696cb23ad926fedded5f1f04d7049de9e445375d55b48c001a6e42?s=96&d=mm&r=g","caption":"Reda\u00e7\u00e3o"},"url":"https:\/\/brasilnoticias.org\/site\/author\/henrique\/"}]}},"_links":{"self":[{"href":"https:\/\/brasilnoticias.org\/site\/wp-json\/wp\/v2\/posts\/20349","targetHints":{"allow":["GET"]}}],"collection":[{"href":"https:\/\/brasilnoticias.org\/site\/wp-json\/wp\/v2\/posts"}],"about":[{"href":"https:\/\/brasilnoticias.org\/site\/wp-json\/wp\/v2\/types\/post"}],"author":[{"embeddable":true,"href":"https:\/\/brasilnoticias.org\/site\/wp-json\/wp\/v2\/users\/4"}],"replies":[{"embeddable":true,"href":"https:\/\/brasilnoticias.org\/site\/wp-json\/wp\/v2\/comments?post=20349"}],"version-history":[{"count":1,"href":"https:\/\/brasilnoticias.org\/site\/wp-json\/wp\/v2\/posts\/20349\/revisions"}],"predecessor-version":[{"id":20351,"href":"https:\/\/brasilnoticias.org\/site\/wp-json\/wp\/v2\/posts\/20349\/revisions\/20351"}],"wp:featuredmedia":[{"embeddable":true,"href":"https:\/\/brasilnoticias.org\/site\/wp-json\/wp\/v2\/media\/20350"}],"wp:attachment":[{"href":"https:\/\/brasilnoticias.org\/site\/wp-json\/wp\/v2\/media?parent=20349"}],"wp:term":[{"taxonomy":"category","embeddable":true,"href":"https:\/\/brasilnoticias.org\/site\/wp-json\/wp\/v2\/categories?post=20349"},{"taxonomy":"post_tag","embeddable":true,"href":"https:\/\/brasilnoticias.org\/site\/wp-json\/wp\/v2\/tags?post=20349"}],"curies":[{"name":"wp","href":"https:\/\/api.w.org\/{rel}","templated":true}]}}