{"id":20364,"date":"2026-02-19T20:06:01","date_gmt":"2026-02-19T23:06:01","guid":{"rendered":"https:\/\/brasilnoticias.org\/site\/?p=20364"},"modified":"2026-02-20T07:09:32","modified_gmt":"2026-02-20T10:09:32","slug":"tse-libera-para-julgamento-acoes-que-podem-cassar-claudio-castro","status":"publish","type":"post","link":"https:\/\/brasilnoticias.org\/site\/tse-libera-para-julgamento-acoes-que-podem-cassar-claudio-castro\/","title":{"rendered":"TSE libera para julgamento a\u00e7\u00f5es que podem cassar Cl\u00e1udio Castro"},"content":{"rendered":"<p>O ministro do Tribunal Superior Eleitoral (TSE), Antonio Carlos Ferreira, liberou para julgamento duas a\u00e7\u00f5es que podem levar \u00e0 cassa\u00e7\u00e3o do governador do Rio de Janeiro, Cl\u00e1udio Castro (PL) e outros nomes da c\u00fapula pol\u00edtica carioca.<\/p>\n<p>O ex-vice-governador Pampolha (MDB) e o presidente afastado da Assembleia Legislativa do Estado, Rodrigo Bacellar (Uni\u00e3o) tamb\u00e9m est\u00e3o entre os investigados no processo. De acordo com as apura\u00e7\u00f5es, Castro e Bacellar teriam criado 27 mil cargos \u201cfantasmas\u201d para empregar cabos eleitorais que garantiram a reelei\u00e7\u00e3o do governador nas elei\u00e7\u00f5es de 2022. No entanto, o julgamento das a\u00e7\u00f5es foi interrompido em novembro de 2025, ap\u00f3s pedido de vista de Antonio Carlos Ferreira.<\/p>\n<p> A relatora do caso, ministra Isabel Gallotti, votou pela cassa\u00e7\u00e3o de Cl\u00e1udio Castro e Rodrigo Bacellar e pela convoca\u00e7\u00e3o de novas elei\u00e7\u00f5es no estado antes da suspens\u00e3o do julgamento. Al\u00e9m de classificar as irregularidades praticadas pela gest\u00e3o de Castro como \u201cgraves\u201d ela tamb\u00e9m ponderou que as pr\u00e1ticas foram reconhecidas pelo TRE-RJ (Tribunal Regional Eleitoral do Rio).<\/p>\n<p>\u201cAs condutas praticadas pelos investigados revestem-se de gravidade no contexto eleitoral de 2022 no estado do Rio\u201d, afirmou a ministra.<\/p>\n<p>O que pode acontecer<br \/>\nNa \u00faltima quarta-feira (18), o prazo para devolu\u00e7\u00e3o da vista terminou e, com isso, o processo est\u00e1 apto para ser retomado pelo plen\u00e1rio. Agora, cabe \u00e0 presidente do TSE, ministra C\u00e1rmen L\u00facia, incluir o caso na pauta de julgamentos. Faltam ainda os votos de Antonio Carlos Ferreira, da pr\u00f3pria C\u00e1rmen L\u00facia e do ministro Nunes Marques, al\u00e9m de outros integrantes da Corte.<\/p>\n<p>Caso a cassa\u00e7\u00e3o seja confirmada, o governador do RJ ficaria ineleg\u00edvel por oito anos, contados a partir da elei\u00e7\u00e3o de 2022, e seria necess\u00e1ria a convoca\u00e7\u00e3o de nova elei\u00e7\u00e3o para o governo do Rio de Janeiro. Caso outro ministro solicite vista quando o julgamento for retomado, ainda existe a possibilidade de novo adiamento do processo.<\/p>\n<p>Foto: Governo do Rio de Janeiro\/Divulga\u00e7\u00e3o<br \/>\nPor: Metro1<\/p>\n","protected":false},"excerpt":{"rendered":"<p>O ministro do Tribunal Superior Eleitoral (TSE), Antonio Carlos Ferreira, liberou para julgamento duas a\u00e7\u00f5es que podem levar \u00e0 cassa\u00e7\u00e3o<\/p>\n","protected":false},"author":4,"featured_media":20365,"comment_status":"open","ping_status":"open","sticky":false,"template":"","format":"standard","meta":{"colormag_page_container_layout":"default_layout","colormag_page_sidebar_layout":"default_layout","_FSMCFIC_featured_image_caption":"","_FSMCFIC_featured_image_nocaption":"","_FSMCFIC_featured_image_hide":"","footnotes":""},"categories":[7,1],"tags":[],"class_list":["post-20364","post","type-post","status-publish","format-standard","has-post-thumbnail","hentry","category-justica","category-ultimas"],"yoast_head":"<!-- This site is optimized with the Yoast SEO plugin v27.1.1 - https:\/\/yoast.com\/product\/yoast-seo-wordpress\/ -->\n<title>TSE libera para julgamento a\u00e7\u00f5es que podem cassar Cl\u00e1udio Castro - Brasil not\u00edcias<\/title>\n<meta name=\"robots\" content=\"index, follow, max-snippet:-1, max-image-preview:large, max-video-preview:-1\" \/>\n<link rel=\"canonical\" href=\"https:\/\/brasilnoticias.org\/site\/tse-libera-para-julgamento-acoes-que-podem-cassar-claudio-castro\/\" \/>\n<meta property=\"og:locale\" content=\"pt_PT\" \/>\n<meta property=\"og:type\" content=\"article\" \/>\n<meta property=\"og:title\" content=\"TSE libera para julgamento a\u00e7\u00f5es que podem cassar Cl\u00e1udio Castro - Brasil not\u00edcias\" \/>\n<meta property=\"og:description\" content=\"O ministro do Tribunal Superior Eleitoral (TSE), Antonio Carlos Ferreira, liberou para julgamento duas a\u00e7\u00f5es que podem levar \u00e0 cassa\u00e7\u00e3o\" \/>\n<meta property=\"og:url\" content=\"https:\/\/brasilnoticias.org\/site\/tse-libera-para-julgamento-acoes-que-podem-cassar-claudio-castro\/\" \/>\n<meta property=\"og:site_name\" content=\"Brasil not\u00edcias\" \/>\n<meta property=\"article:published_time\" content=\"2026-02-19T23:06:01+00:00\" \/>\n<meta property=\"article:modified_time\" content=\"2026-02-20T10:09:32+00:00\" \/>\n<meta property=\"og:image\" content=\"https:\/\/brasilnoticias.org\/site\/wp-content\/uploads\/2026\/02\/178319tse-libera-para-julgamento-acoes-que-podem-cassar-claudio-castro-3.jpg\" \/>\n\t<meta property=\"og:image:width\" content=\"1600\" \/>\n\t<meta property=\"og:image:height\" content=\"752\" \/>\n\t<meta property=\"og:image:type\" content=\"image\/jpeg\" \/>\n<meta name=\"author\" content=\"Reda\u00e7\u00e3o\" \/>\n<meta name=\"twitter:card\" content=\"summary_large_image\" \/>\n<meta name=\"twitter:label1\" content=\"Escrito por\" \/>\n\t<meta name=\"twitter:data1\" content=\"Reda\u00e7\u00e3o\" \/>\n\t<meta name=\"twitter:label2\" content=\"Tempo estimado de leitura\" \/>\n\t<meta name=\"twitter:data2\" content=\"1 minuto\" \/>\n<script type=\"application\/ld+json\" class=\"yoast-schema-graph\">{\"@context\":\"https:\/\/schema.org\",\"@graph\":[{\"@type\":\"Article\",\"@id\":\"https:\/\/brasilnoticias.org\/site\/tse-libera-para-julgamento-acoes-que-podem-cassar-claudio-castro\/#article\",\"isPartOf\":{\"@id\":\"https:\/\/brasilnoticias.org\/site\/tse-libera-para-julgamento-acoes-que-podem-cassar-claudio-castro\/\"},\"author\":{\"name\":\"Reda\u00e7\u00e3o\",\"@id\":\"https:\/\/brasilnoticias.org\/site\/#\/schema\/person\/03bbbfe6c7634ad18c26444ea39049fa\"},\"headline\":\"TSE libera para julgamento a\u00e7\u00f5es que podem cassar Cl\u00e1udio Castro\",\"datePublished\":\"2026-02-19T23:06:01+00:00\",\"dateModified\":\"2026-02-20T10:09:32+00:00\",\"mainEntityOfPage\":{\"@id\":\"https:\/\/brasilnoticias.org\/site\/tse-libera-para-julgamento-acoes-que-podem-cassar-claudio-castro\/\"},\"wordCount\":354,\"commentCount\":0,\"publisher\":{\"@id\":\"https:\/\/brasilnoticias.org\/site\/#organization\"},\"image\":{\"@id\":\"https:\/\/brasilnoticias.org\/site\/tse-libera-para-julgamento-acoes-que-podem-cassar-claudio-castro\/#primaryimage\"},\"thumbnailUrl\":\"https:\/\/brasilnoticias.org\/site\/wp-content\/uploads\/2026\/02\/178319tse-libera-para-julgamento-acoes-que-podem-cassar-claudio-castro-3.jpg\",\"articleSection\":[\"Justi\u00e7a\",\"\u00daltimas\"],\"inLanguage\":\"pt-PT\",\"potentialAction\":[{\"@type\":\"CommentAction\",\"name\":\"Comment\",\"target\":[\"https:\/\/brasilnoticias.org\/site\/tse-libera-para-julgamento-acoes-que-podem-cassar-claudio-castro\/#respond\"]}]},{\"@type\":\"WebPage\",\"@id\":\"https:\/\/brasilnoticias.org\/site\/tse-libera-para-julgamento-acoes-que-podem-cassar-claudio-castro\/\",\"url\":\"https:\/\/brasilnoticias.org\/site\/tse-libera-para-julgamento-acoes-que-podem-cassar-claudio-castro\/\",\"name\":\"TSE libera para julgamento a\u00e7\u00f5es que podem cassar Cl\u00e1udio Castro - Brasil not\u00edcias\",\"isPartOf\":{\"@id\":\"https:\/\/brasilnoticias.org\/site\/#website\"},\"primaryImageOfPage\":{\"@id\":\"https:\/\/brasilnoticias.org\/site\/tse-libera-para-julgamento-acoes-que-podem-cassar-claudio-castro\/#primaryimage\"},\"image\":{\"@id\":\"https:\/\/brasilnoticias.org\/site\/tse-libera-para-julgamento-acoes-que-podem-cassar-claudio-castro\/#primaryimage\"},\"thumbnailUrl\":\"https:\/\/brasilnoticias.org\/site\/wp-content\/uploads\/2026\/02\/178319tse-libera-para-julgamento-acoes-que-podem-cassar-claudio-castro-3.jpg\",\"datePublished\":\"2026-02-19T23:06:01+00:00\",\"dateModified\":\"2026-02-20T10:09:32+00:00\",\"breadcrumb\":{\"@id\":\"https:\/\/brasilnoticias.org\/site\/tse-libera-para-julgamento-acoes-que-podem-cassar-claudio-castro\/#breadcrumb\"},\"inLanguage\":\"pt-PT\",\"potentialAction\":[{\"@type\":\"ReadAction\",\"target\":[\"https:\/\/brasilnoticias.org\/site\/tse-libera-para-julgamento-acoes-que-podem-cassar-claudio-castro\/\"]}]},{\"@type\":\"ImageObject\",\"inLanguage\":\"pt-PT\",\"@id\":\"https:\/\/brasilnoticias.org\/site\/tse-libera-para-julgamento-acoes-que-podem-cassar-claudio-castro\/#primaryimage\",\"url\":\"https:\/\/brasilnoticias.org\/site\/wp-content\/uploads\/2026\/02\/178319tse-libera-para-julgamento-acoes-que-podem-cassar-claudio-castro-3.jpg\",\"contentUrl\":\"https:\/\/brasilnoticias.org\/site\/wp-content\/uploads\/2026\/02\/178319tse-libera-para-julgamento-acoes-que-podem-cassar-claudio-castro-3.jpg\",\"width\":1600,\"height\":752},{\"@type\":\"BreadcrumbList\",\"@id\":\"https:\/\/brasilnoticias.org\/site\/tse-libera-para-julgamento-acoes-que-podem-cassar-claudio-castro\/#breadcrumb\",\"itemListElement\":[{\"@type\":\"ListItem\",\"position\":1,\"name\":\"In\u00edcio\",\"item\":\"https:\/\/brasilnoticias.org\/site\/\"},{\"@type\":\"ListItem\",\"position\":2,\"name\":\"TSE libera para julgamento a\u00e7\u00f5es que podem cassar Cl\u00e1udio Castro\"}]},{\"@type\":\"WebSite\",\"@id\":\"https:\/\/brasilnoticias.org\/site\/#website\",\"url\":\"https:\/\/brasilnoticias.org\/site\/\",\"name\":\"Brasil not\u00edcias\",\"description\":\"Brasil not\u00edcias\",\"publisher\":{\"@id\":\"https:\/\/brasilnoticias.org\/site\/#organization\"},\"potentialAction\":[{\"@type\":\"SearchAction\",\"target\":{\"@type\":\"EntryPoint\",\"urlTemplate\":\"https:\/\/brasilnoticias.org\/site\/?s={search_term_string}\"},\"query-input\":{\"@type\":\"PropertyValueSpecification\",\"valueRequired\":true,\"valueName\":\"search_term_string\"}}],\"inLanguage\":\"pt-PT\"},{\"@type\":\"Organization\",\"@id\":\"https:\/\/brasilnoticias.org\/site\/#organization\",\"name\":\"Brasil not\u00edcias\",\"url\":\"https:\/\/brasilnoticias.org\/site\/\",\"logo\":{\"@type\":\"ImageObject\",\"inLanguage\":\"pt-PT\",\"@id\":\"https:\/\/brasilnoticias.org\/site\/#\/schema\/logo\/image\/\",\"url\":\"https:\/\/brasilnoticias.org\/site\/wp-content\/uploads\/2022\/05\/cropped-brasilnoticias-mini.jpg\",\"contentUrl\":\"https:\/\/brasilnoticias.org\/site\/wp-content\/uploads\/2022\/05\/cropped-brasilnoticias-mini.jpg\",\"width\":314,\"height\":86,\"caption\":\"Brasil not\u00edcias\"},\"image\":{\"@id\":\"https:\/\/brasilnoticias.org\/site\/#\/schema\/logo\/image\/\"}},{\"@type\":\"Person\",\"@id\":\"https:\/\/brasilnoticias.org\/site\/#\/schema\/person\/03bbbfe6c7634ad18c26444ea39049fa\",\"name\":\"Reda\u00e7\u00e3o\",\"image\":{\"@type\":\"ImageObject\",\"inLanguage\":\"pt-PT\",\"@id\":\"https:\/\/brasilnoticias.org\/site\/#\/schema\/person\/image\/\",\"url\":\"https:\/\/secure.gravatar.com\/avatar\/9ecaf7327a696cb23ad926fedded5f1f04d7049de9e445375d55b48c001a6e42?s=96&d=mm&r=g\",\"contentUrl\":\"https:\/\/secure.gravatar.com\/avatar\/9ecaf7327a696cb23ad926fedded5f1f04d7049de9e445375d55b48c001a6e42?s=96&d=mm&r=g\",\"caption\":\"Reda\u00e7\u00e3o\"},\"url\":\"https:\/\/brasilnoticias.org\/site\/author\/henrique\/\"}]}<\/script>\n<!-- \/ Yoast SEO plugin. -->","yoast_head_json":{"title":"TSE libera para julgamento a\u00e7\u00f5es que podem cassar Cl\u00e1udio Castro - Brasil not\u00edcias","robots":{"index":"index","follow":"follow","max-snippet":"max-snippet:-1","max-image-preview":"max-image-preview:large","max-video-preview":"max-video-preview:-1"},"canonical":"https:\/\/brasilnoticias.org\/site\/tse-libera-para-julgamento-acoes-que-podem-cassar-claudio-castro\/","og_locale":"pt_PT","og_type":"article","og_title":"TSE libera para julgamento a\u00e7\u00f5es que podem cassar Cl\u00e1udio Castro - Brasil not\u00edcias","og_description":"O ministro do Tribunal Superior Eleitoral (TSE), Antonio Carlos Ferreira, liberou para julgamento duas a\u00e7\u00f5es que podem levar \u00e0 cassa\u00e7\u00e3o","og_url":"https:\/\/brasilnoticias.org\/site\/tse-libera-para-julgamento-acoes-que-podem-cassar-claudio-castro\/","og_site_name":"Brasil not\u00edcias","article_published_time":"2026-02-19T23:06:01+00:00","article_modified_time":"2026-02-20T10:09:32+00:00","og_image":[{"width":1600,"height":752,"url":"https:\/\/brasilnoticias.org\/site\/wp-content\/uploads\/2026\/02\/178319tse-libera-para-julgamento-acoes-que-podem-cassar-claudio-castro-3.jpg","type":"image\/jpeg"}],"author":"Reda\u00e7\u00e3o","twitter_card":"summary_large_image","twitter_misc":{"Escrito por":"Reda\u00e7\u00e3o","Tempo estimado de leitura":"1 minuto"},"schema":{"@context":"https:\/\/schema.org","@graph":[{"@type":"Article","@id":"https:\/\/brasilnoticias.org\/site\/tse-libera-para-julgamento-acoes-que-podem-cassar-claudio-castro\/#article","isPartOf":{"@id":"https:\/\/brasilnoticias.org\/site\/tse-libera-para-julgamento-acoes-que-podem-cassar-claudio-castro\/"},"author":{"name":"Reda\u00e7\u00e3o","@id":"https:\/\/brasilnoticias.org\/site\/#\/schema\/person\/03bbbfe6c7634ad18c26444ea39049fa"},"headline":"TSE libera para julgamento a\u00e7\u00f5es que podem cassar Cl\u00e1udio Castro","datePublished":"2026-02-19T23:06:01+00:00","dateModified":"2026-02-20T10:09:32+00:00","mainEntityOfPage":{"@id":"https:\/\/brasilnoticias.org\/site\/tse-libera-para-julgamento-acoes-que-podem-cassar-claudio-castro\/"},"wordCount":354,"commentCount":0,"publisher":{"@id":"https:\/\/brasilnoticias.org\/site\/#organization"},"image":{"@id":"https:\/\/brasilnoticias.org\/site\/tse-libera-para-julgamento-acoes-que-podem-cassar-claudio-castro\/#primaryimage"},"thumbnailUrl":"https:\/\/brasilnoticias.org\/site\/wp-content\/uploads\/2026\/02\/178319tse-libera-para-julgamento-acoes-que-podem-cassar-claudio-castro-3.jpg","articleSection":["Justi\u00e7a","\u00daltimas"],"inLanguage":"pt-PT","potentialAction":[{"@type":"CommentAction","name":"Comment","target":["https:\/\/brasilnoticias.org\/site\/tse-libera-para-julgamento-acoes-que-podem-cassar-claudio-castro\/#respond"]}]},{"@type":"WebPage","@id":"https:\/\/brasilnoticias.org\/site\/tse-libera-para-julgamento-acoes-que-podem-cassar-claudio-castro\/","url":"https:\/\/brasilnoticias.org\/site\/tse-libera-para-julgamento-acoes-que-podem-cassar-claudio-castro\/","name":"TSE libera para julgamento a\u00e7\u00f5es que podem cassar Cl\u00e1udio Castro - Brasil not\u00edcias","isPartOf":{"@id":"https:\/\/brasilnoticias.org\/site\/#website"},"primaryImageOfPage":{"@id":"https:\/\/brasilnoticias.org\/site\/tse-libera-para-julgamento-acoes-que-podem-cassar-claudio-castro\/#primaryimage"},"image":{"@id":"https:\/\/brasilnoticias.org\/site\/tse-libera-para-julgamento-acoes-que-podem-cassar-claudio-castro\/#primaryimage"},"thumbnailUrl":"https:\/\/brasilnoticias.org\/site\/wp-content\/uploads\/2026\/02\/178319tse-libera-para-julgamento-acoes-que-podem-cassar-claudio-castro-3.jpg","datePublished":"2026-02-19T23:06:01+00:00","dateModified":"2026-02-20T10:09:32+00:00","breadcrumb":{"@id":"https:\/\/brasilnoticias.org\/site\/tse-libera-para-julgamento-acoes-que-podem-cassar-claudio-castro\/#breadcrumb"},"inLanguage":"pt-PT","potentialAction":[{"@type":"ReadAction","target":["https:\/\/brasilnoticias.org\/site\/tse-libera-para-julgamento-acoes-que-podem-cassar-claudio-castro\/"]}]},{"@type":"ImageObject","inLanguage":"pt-PT","@id":"https:\/\/brasilnoticias.org\/site\/tse-libera-para-julgamento-acoes-que-podem-cassar-claudio-castro\/#primaryimage","url":"https:\/\/brasilnoticias.org\/site\/wp-content\/uploads\/2026\/02\/178319tse-libera-para-julgamento-acoes-que-podem-cassar-claudio-castro-3.jpg","contentUrl":"https:\/\/brasilnoticias.org\/site\/wp-content\/uploads\/2026\/02\/178319tse-libera-para-julgamento-acoes-que-podem-cassar-claudio-castro-3.jpg","width":1600,"height":752},{"@type":"BreadcrumbList","@id":"https:\/\/brasilnoticias.org\/site\/tse-libera-para-julgamento-acoes-que-podem-cassar-claudio-castro\/#breadcrumb","itemListElement":[{"@type":"ListItem","position":1,"name":"In\u00edcio","item":"https:\/\/brasilnoticias.org\/site\/"},{"@type":"ListItem","position":2,"name":"TSE libera para julgamento a\u00e7\u00f5es que podem cassar Cl\u00e1udio Castro"}]},{"@type":"WebSite","@id":"https:\/\/brasilnoticias.org\/site\/#website","url":"https:\/\/brasilnoticias.org\/site\/","name":"Brasil not\u00edcias","description":"Brasil not\u00edcias","publisher":{"@id":"https:\/\/brasilnoticias.org\/site\/#organization"},"potentialAction":[{"@type":"SearchAction","target":{"@type":"EntryPoint","urlTemplate":"https:\/\/brasilnoticias.org\/site\/?s={search_term_string}"},"query-input":{"@type":"PropertyValueSpecification","valueRequired":true,"valueName":"search_term_string"}}],"inLanguage":"pt-PT"},{"@type":"Organization","@id":"https:\/\/brasilnoticias.org\/site\/#organization","name":"Brasil not\u00edcias","url":"https:\/\/brasilnoticias.org\/site\/","logo":{"@type":"ImageObject","inLanguage":"pt-PT","@id":"https:\/\/brasilnoticias.org\/site\/#\/schema\/logo\/image\/","url":"https:\/\/brasilnoticias.org\/site\/wp-content\/uploads\/2022\/05\/cropped-brasilnoticias-mini.jpg","contentUrl":"https:\/\/brasilnoticias.org\/site\/wp-content\/uploads\/2022\/05\/cropped-brasilnoticias-mini.jpg","width":314,"height":86,"caption":"Brasil not\u00edcias"},"image":{"@id":"https:\/\/brasilnoticias.org\/site\/#\/schema\/logo\/image\/"}},{"@type":"Person","@id":"https:\/\/brasilnoticias.org\/site\/#\/schema\/person\/03bbbfe6c7634ad18c26444ea39049fa","name":"Reda\u00e7\u00e3o","image":{"@type":"ImageObject","inLanguage":"pt-PT","@id":"https:\/\/brasilnoticias.org\/site\/#\/schema\/person\/image\/","url":"https:\/\/secure.gravatar.com\/avatar\/9ecaf7327a696cb23ad926fedded5f1f04d7049de9e445375d55b48c001a6e42?s=96&d=mm&r=g","contentUrl":"https:\/\/secure.gravatar.com\/avatar\/9ecaf7327a696cb23ad926fedded5f1f04d7049de9e445375d55b48c001a6e42?s=96&d=mm&r=g","caption":"Reda\u00e7\u00e3o"},"url":"https:\/\/brasilnoticias.org\/site\/author\/henrique\/"}]}},"_links":{"self":[{"href":"https:\/\/brasilnoticias.org\/site\/wp-json\/wp\/v2\/posts\/20364","targetHints":{"allow":["GET"]}}],"collection":[{"href":"https:\/\/brasilnoticias.org\/site\/wp-json\/wp\/v2\/posts"}],"about":[{"href":"https:\/\/brasilnoticias.org\/site\/wp-json\/wp\/v2\/types\/post"}],"author":[{"embeddable":true,"href":"https:\/\/brasilnoticias.org\/site\/wp-json\/wp\/v2\/users\/4"}],"replies":[{"embeddable":true,"href":"https:\/\/brasilnoticias.org\/site\/wp-json\/wp\/v2\/comments?post=20364"}],"version-history":[{"count":1,"href":"https:\/\/brasilnoticias.org\/site\/wp-json\/wp\/v2\/posts\/20364\/revisions"}],"predecessor-version":[{"id":20366,"href":"https:\/\/brasilnoticias.org\/site\/wp-json\/wp\/v2\/posts\/20364\/revisions\/20366"}],"wp:featuredmedia":[{"embeddable":true,"href":"https:\/\/brasilnoticias.org\/site\/wp-json\/wp\/v2\/media\/20365"}],"wp:attachment":[{"href":"https:\/\/brasilnoticias.org\/site\/wp-json\/wp\/v2\/media?parent=20364"}],"wp:term":[{"taxonomy":"category","embeddable":true,"href":"https:\/\/brasilnoticias.org\/site\/wp-json\/wp\/v2\/categories?post=20364"},{"taxonomy":"post_tag","embeddable":true,"href":"https:\/\/brasilnoticias.org\/site\/wp-json\/wp\/v2\/tags?post=20364"}],"curies":[{"name":"wp","href":"https:\/\/api.w.org\/{rel}","templated":true}]}}