{"id":20367,"date":"2026-02-19T20:10:52","date_gmt":"2026-02-19T23:10:52","guid":{"rendered":"https:\/\/brasilnoticias.org\/site\/?p=20367"},"modified":"2026-02-20T07:12:24","modified_gmt":"2026-02-20T10:12:24","slug":"bahia-registra-dois-casos-confirmados-de-mpox-em-2026","status":"publish","type":"post","link":"https:\/\/brasilnoticias.org\/site\/bahia-registra-dois-casos-confirmados-de-mpox-em-2026\/","title":{"rendered":"Bahia registra dois casos confirmados de Mpox em 2026"},"content":{"rendered":"<p>A Bahia registrou dois casos de Mpox entre janeiro e esta quinta-feira (19), segundo a Secretaria da Sa\u00fade do Estado. Al\u00e9m das confirma\u00e7\u00f5es, outros dois casos seguem em investiga\u00e7\u00e3o e tr\u00eas j\u00e1 foram descartados ap\u00f3s exames. Nenhuma das ocorr\u00eancias tem rela\u00e7\u00e3o com o per\u00edodo do carnaval.<\/p>\n<p>Um dos casos confirmados foi atendido em Vit\u00f3ria da Conquista. A paciente \u00e9 uma mulher que n\u00e3o reside no munic\u00edpio, mas procurou atendimento no Hospital Geral da cidade. De acordo com a prefeitura, ela est\u00e1 em isolamento e apresenta boa evolu\u00e7\u00e3o cl\u00ednica.<\/p>\n<p>O outro paciente recebeu atendimento em uma unidade de sa\u00fade de Salvador. Ele \u00e9 natural de Osasco, em S\u00e3o Paulo.<\/p>\n<p>A Mpox \u00e9 provocada por um v\u00edrus da mesma fam\u00edlia da antiga var\u00edola. A transmiss\u00e3o ocorre principalmente pelo contato direto com a pele de uma pessoa infectada, sobretudo quando h\u00e1 les\u00f5es, mas tamb\u00e9m pode acontecer por meio de secre\u00e7\u00f5es e pelo compartilhamento de objetos pessoais, como roupas e toalhas.<\/p>\n<p>Os sintomas mais comuns incluem febre, dor de cabe\u00e7a e muscular, cansa\u00e7o, incha\u00e7o dos g\u00e2nglios e erup\u00e7\u00f5es na pele que come\u00e7am no rosto e podem se espalhar pelo corpo, principalmente para m\u00e3os e p\u00e9s.<\/p>\n<p>Foto: Freepik<br \/>\nFonte: Metro1<\/p>\n","protected":false},"excerpt":{"rendered":"<p>A Bahia registrou dois casos de Mpox entre janeiro e esta quinta-feira (19), segundo a Secretaria da Sa\u00fade do Estado.<\/p>\n","protected":false},"author":4,"featured_media":20368,"comment_status":"open","ping_status":"open","sticky":false,"template":"","format":"standard","meta":{"colormag_page_container_layout":"default_layout","colormag_page_sidebar_layout":"default_layout","_FSMCFIC_featured_image_caption":"","_FSMCFIC_featured_image_nocaption":"","_FSMCFIC_featured_image_hide":"","footnotes":""},"categories":[7,1],"tags":[],"class_list":["post-20367","post","type-post","status-publish","format-standard","has-post-thumbnail","hentry","category-justica","category-ultimas"],"yoast_head":"<!-- This site is optimized with the Yoast SEO plugin v27.1.1 - https:\/\/yoast.com\/product\/yoast-seo-wordpress\/ -->\n<title>Bahia registra dois casos confirmados de Mpox em 2026 - Brasil not\u00edcias<\/title>\n<meta name=\"robots\" content=\"index, follow, max-snippet:-1, max-image-preview:large, max-video-preview:-1\" \/>\n<link rel=\"canonical\" href=\"https:\/\/brasilnoticias.org\/site\/bahia-registra-dois-casos-confirmados-de-mpox-em-2026\/\" \/>\n<meta property=\"og:locale\" content=\"pt_PT\" \/>\n<meta property=\"og:type\" content=\"article\" \/>\n<meta property=\"og:title\" content=\"Bahia registra dois casos confirmados de Mpox em 2026 - Brasil not\u00edcias\" \/>\n<meta property=\"og:description\" content=\"A Bahia registrou dois casos de Mpox entre janeiro e esta quinta-feira (19), segundo a Secretaria da Sa\u00fade do Estado.\" \/>\n<meta property=\"og:url\" content=\"https:\/\/brasilnoticias.org\/site\/bahia-registra-dois-casos-confirmados-de-mpox-em-2026\/\" \/>\n<meta property=\"og:site_name\" content=\"Brasil not\u00edcias\" \/>\n<meta property=\"article:published_time\" content=\"2026-02-19T23:10:52+00:00\" \/>\n<meta property=\"article:modified_time\" content=\"2026-02-20T10:12:24+00:00\" \/>\n<meta property=\"og:image\" content=\"https:\/\/brasilnoticias.org\/site\/wp-content\/uploads\/2026\/02\/178327bahia-registra-dois-casos-confirmados-de-mpox-em-2026-3.jpg\" \/>\n\t<meta property=\"og:image:width\" content=\"1600\" \/>\n\t<meta property=\"og:image:height\" content=\"752\" \/>\n\t<meta property=\"og:image:type\" content=\"image\/jpeg\" \/>\n<meta name=\"author\" content=\"Reda\u00e7\u00e3o\" \/>\n<meta name=\"twitter:card\" content=\"summary_large_image\" \/>\n<meta name=\"twitter:label1\" content=\"Escrito por\" \/>\n\t<meta name=\"twitter:data1\" content=\"Reda\u00e7\u00e3o\" \/>\n\t<meta name=\"twitter:label2\" content=\"Tempo estimado de leitura\" \/>\n\t<meta name=\"twitter:data2\" content=\"1 minuto\" \/>\n<script type=\"application\/ld+json\" class=\"yoast-schema-graph\">{\"@context\":\"https:\/\/schema.org\",\"@graph\":[{\"@type\":\"Article\",\"@id\":\"https:\/\/brasilnoticias.org\/site\/bahia-registra-dois-casos-confirmados-de-mpox-em-2026\/#article\",\"isPartOf\":{\"@id\":\"https:\/\/brasilnoticias.org\/site\/bahia-registra-dois-casos-confirmados-de-mpox-em-2026\/\"},\"author\":{\"name\":\"Reda\u00e7\u00e3o\",\"@id\":\"https:\/\/brasilnoticias.org\/site\/#\/schema\/person\/03bbbfe6c7634ad18c26444ea39049fa\"},\"headline\":\"Bahia registra dois casos confirmados de Mpox em 2026\",\"datePublished\":\"2026-02-19T23:10:52+00:00\",\"dateModified\":\"2026-02-20T10:12:24+00:00\",\"mainEntityOfPage\":{\"@id\":\"https:\/\/brasilnoticias.org\/site\/bahia-registra-dois-casos-confirmados-de-mpox-em-2026\/\"},\"wordCount\":230,\"commentCount\":0,\"publisher\":{\"@id\":\"https:\/\/brasilnoticias.org\/site\/#organization\"},\"image\":{\"@id\":\"https:\/\/brasilnoticias.org\/site\/bahia-registra-dois-casos-confirmados-de-mpox-em-2026\/#primaryimage\"},\"thumbnailUrl\":\"https:\/\/brasilnoticias.org\/site\/wp-content\/uploads\/2026\/02\/178327bahia-registra-dois-casos-confirmados-de-mpox-em-2026-3.jpg\",\"articleSection\":[\"Justi\u00e7a\",\"\u00daltimas\"],\"inLanguage\":\"pt-PT\",\"potentialAction\":[{\"@type\":\"CommentAction\",\"name\":\"Comment\",\"target\":[\"https:\/\/brasilnoticias.org\/site\/bahia-registra-dois-casos-confirmados-de-mpox-em-2026\/#respond\"]}]},{\"@type\":\"WebPage\",\"@id\":\"https:\/\/brasilnoticias.org\/site\/bahia-registra-dois-casos-confirmados-de-mpox-em-2026\/\",\"url\":\"https:\/\/brasilnoticias.org\/site\/bahia-registra-dois-casos-confirmados-de-mpox-em-2026\/\",\"name\":\"Bahia registra dois casos confirmados de Mpox em 2026 - Brasil not\u00edcias\",\"isPartOf\":{\"@id\":\"https:\/\/brasilnoticias.org\/site\/#website\"},\"primaryImageOfPage\":{\"@id\":\"https:\/\/brasilnoticias.org\/site\/bahia-registra-dois-casos-confirmados-de-mpox-em-2026\/#primaryimage\"},\"image\":{\"@id\":\"https:\/\/brasilnoticias.org\/site\/bahia-registra-dois-casos-confirmados-de-mpox-em-2026\/#primaryimage\"},\"thumbnailUrl\":\"https:\/\/brasilnoticias.org\/site\/wp-content\/uploads\/2026\/02\/178327bahia-registra-dois-casos-confirmados-de-mpox-em-2026-3.jpg\",\"datePublished\":\"2026-02-19T23:10:52+00:00\",\"dateModified\":\"2026-02-20T10:12:24+00:00\",\"breadcrumb\":{\"@id\":\"https:\/\/brasilnoticias.org\/site\/bahia-registra-dois-casos-confirmados-de-mpox-em-2026\/#breadcrumb\"},\"inLanguage\":\"pt-PT\",\"potentialAction\":[{\"@type\":\"ReadAction\",\"target\":[\"https:\/\/brasilnoticias.org\/site\/bahia-registra-dois-casos-confirmados-de-mpox-em-2026\/\"]}]},{\"@type\":\"ImageObject\",\"inLanguage\":\"pt-PT\",\"@id\":\"https:\/\/brasilnoticias.org\/site\/bahia-registra-dois-casos-confirmados-de-mpox-em-2026\/#primaryimage\",\"url\":\"https:\/\/brasilnoticias.org\/site\/wp-content\/uploads\/2026\/02\/178327bahia-registra-dois-casos-confirmados-de-mpox-em-2026-3.jpg\",\"contentUrl\":\"https:\/\/brasilnoticias.org\/site\/wp-content\/uploads\/2026\/02\/178327bahia-registra-dois-casos-confirmados-de-mpox-em-2026-3.jpg\",\"width\":1600,\"height\":752},{\"@type\":\"BreadcrumbList\",\"@id\":\"https:\/\/brasilnoticias.org\/site\/bahia-registra-dois-casos-confirmados-de-mpox-em-2026\/#breadcrumb\",\"itemListElement\":[{\"@type\":\"ListItem\",\"position\":1,\"name\":\"In\u00edcio\",\"item\":\"https:\/\/brasilnoticias.org\/site\/\"},{\"@type\":\"ListItem\",\"position\":2,\"name\":\"Bahia registra dois casos confirmados de Mpox em 2026\"}]},{\"@type\":\"WebSite\",\"@id\":\"https:\/\/brasilnoticias.org\/site\/#website\",\"url\":\"https:\/\/brasilnoticias.org\/site\/\",\"name\":\"Brasil not\u00edcias\",\"description\":\"Brasil not\u00edcias\",\"publisher\":{\"@id\":\"https:\/\/brasilnoticias.org\/site\/#organization\"},\"potentialAction\":[{\"@type\":\"SearchAction\",\"target\":{\"@type\":\"EntryPoint\",\"urlTemplate\":\"https:\/\/brasilnoticias.org\/site\/?s={search_term_string}\"},\"query-input\":{\"@type\":\"PropertyValueSpecification\",\"valueRequired\":true,\"valueName\":\"search_term_string\"}}],\"inLanguage\":\"pt-PT\"},{\"@type\":\"Organization\",\"@id\":\"https:\/\/brasilnoticias.org\/site\/#organization\",\"name\":\"Brasil not\u00edcias\",\"url\":\"https:\/\/brasilnoticias.org\/site\/\",\"logo\":{\"@type\":\"ImageObject\",\"inLanguage\":\"pt-PT\",\"@id\":\"https:\/\/brasilnoticias.org\/site\/#\/schema\/logo\/image\/\",\"url\":\"https:\/\/brasilnoticias.org\/site\/wp-content\/uploads\/2022\/05\/cropped-brasilnoticias-mini.jpg\",\"contentUrl\":\"https:\/\/brasilnoticias.org\/site\/wp-content\/uploads\/2022\/05\/cropped-brasilnoticias-mini.jpg\",\"width\":314,\"height\":86,\"caption\":\"Brasil not\u00edcias\"},\"image\":{\"@id\":\"https:\/\/brasilnoticias.org\/site\/#\/schema\/logo\/image\/\"}},{\"@type\":\"Person\",\"@id\":\"https:\/\/brasilnoticias.org\/site\/#\/schema\/person\/03bbbfe6c7634ad18c26444ea39049fa\",\"name\":\"Reda\u00e7\u00e3o\",\"image\":{\"@type\":\"ImageObject\",\"inLanguage\":\"pt-PT\",\"@id\":\"https:\/\/brasilnoticias.org\/site\/#\/schema\/person\/image\/\",\"url\":\"https:\/\/secure.gravatar.com\/avatar\/9ecaf7327a696cb23ad926fedded5f1f04d7049de9e445375d55b48c001a6e42?s=96&d=mm&r=g\",\"contentUrl\":\"https:\/\/secure.gravatar.com\/avatar\/9ecaf7327a696cb23ad926fedded5f1f04d7049de9e445375d55b48c001a6e42?s=96&d=mm&r=g\",\"caption\":\"Reda\u00e7\u00e3o\"},\"url\":\"https:\/\/brasilnoticias.org\/site\/author\/henrique\/\"}]}<\/script>\n<!-- \/ Yoast SEO plugin. -->","yoast_head_json":{"title":"Bahia registra dois casos confirmados de Mpox em 2026 - Brasil not\u00edcias","robots":{"index":"index","follow":"follow","max-snippet":"max-snippet:-1","max-image-preview":"max-image-preview:large","max-video-preview":"max-video-preview:-1"},"canonical":"https:\/\/brasilnoticias.org\/site\/bahia-registra-dois-casos-confirmados-de-mpox-em-2026\/","og_locale":"pt_PT","og_type":"article","og_title":"Bahia registra dois casos confirmados de Mpox em 2026 - Brasil not\u00edcias","og_description":"A Bahia registrou dois casos de Mpox entre janeiro e esta quinta-feira (19), segundo a Secretaria da Sa\u00fade do Estado.","og_url":"https:\/\/brasilnoticias.org\/site\/bahia-registra-dois-casos-confirmados-de-mpox-em-2026\/","og_site_name":"Brasil not\u00edcias","article_published_time":"2026-02-19T23:10:52+00:00","article_modified_time":"2026-02-20T10:12:24+00:00","og_image":[{"width":1600,"height":752,"url":"https:\/\/brasilnoticias.org\/site\/wp-content\/uploads\/2026\/02\/178327bahia-registra-dois-casos-confirmados-de-mpox-em-2026-3.jpg","type":"image\/jpeg"}],"author":"Reda\u00e7\u00e3o","twitter_card":"summary_large_image","twitter_misc":{"Escrito por":"Reda\u00e7\u00e3o","Tempo estimado de leitura":"1 minuto"},"schema":{"@context":"https:\/\/schema.org","@graph":[{"@type":"Article","@id":"https:\/\/brasilnoticias.org\/site\/bahia-registra-dois-casos-confirmados-de-mpox-em-2026\/#article","isPartOf":{"@id":"https:\/\/brasilnoticias.org\/site\/bahia-registra-dois-casos-confirmados-de-mpox-em-2026\/"},"author":{"name":"Reda\u00e7\u00e3o","@id":"https:\/\/brasilnoticias.org\/site\/#\/schema\/person\/03bbbfe6c7634ad18c26444ea39049fa"},"headline":"Bahia registra dois casos confirmados de Mpox em 2026","datePublished":"2026-02-19T23:10:52+00:00","dateModified":"2026-02-20T10:12:24+00:00","mainEntityOfPage":{"@id":"https:\/\/brasilnoticias.org\/site\/bahia-registra-dois-casos-confirmados-de-mpox-em-2026\/"},"wordCount":230,"commentCount":0,"publisher":{"@id":"https:\/\/brasilnoticias.org\/site\/#organization"},"image":{"@id":"https:\/\/brasilnoticias.org\/site\/bahia-registra-dois-casos-confirmados-de-mpox-em-2026\/#primaryimage"},"thumbnailUrl":"https:\/\/brasilnoticias.org\/site\/wp-content\/uploads\/2026\/02\/178327bahia-registra-dois-casos-confirmados-de-mpox-em-2026-3.jpg","articleSection":["Justi\u00e7a","\u00daltimas"],"inLanguage":"pt-PT","potentialAction":[{"@type":"CommentAction","name":"Comment","target":["https:\/\/brasilnoticias.org\/site\/bahia-registra-dois-casos-confirmados-de-mpox-em-2026\/#respond"]}]},{"@type":"WebPage","@id":"https:\/\/brasilnoticias.org\/site\/bahia-registra-dois-casos-confirmados-de-mpox-em-2026\/","url":"https:\/\/brasilnoticias.org\/site\/bahia-registra-dois-casos-confirmados-de-mpox-em-2026\/","name":"Bahia registra dois casos confirmados de Mpox em 2026 - Brasil not\u00edcias","isPartOf":{"@id":"https:\/\/brasilnoticias.org\/site\/#website"},"primaryImageOfPage":{"@id":"https:\/\/brasilnoticias.org\/site\/bahia-registra-dois-casos-confirmados-de-mpox-em-2026\/#primaryimage"},"image":{"@id":"https:\/\/brasilnoticias.org\/site\/bahia-registra-dois-casos-confirmados-de-mpox-em-2026\/#primaryimage"},"thumbnailUrl":"https:\/\/brasilnoticias.org\/site\/wp-content\/uploads\/2026\/02\/178327bahia-registra-dois-casos-confirmados-de-mpox-em-2026-3.jpg","datePublished":"2026-02-19T23:10:52+00:00","dateModified":"2026-02-20T10:12:24+00:00","breadcrumb":{"@id":"https:\/\/brasilnoticias.org\/site\/bahia-registra-dois-casos-confirmados-de-mpox-em-2026\/#breadcrumb"},"inLanguage":"pt-PT","potentialAction":[{"@type":"ReadAction","target":["https:\/\/brasilnoticias.org\/site\/bahia-registra-dois-casos-confirmados-de-mpox-em-2026\/"]}]},{"@type":"ImageObject","inLanguage":"pt-PT","@id":"https:\/\/brasilnoticias.org\/site\/bahia-registra-dois-casos-confirmados-de-mpox-em-2026\/#primaryimage","url":"https:\/\/brasilnoticias.org\/site\/wp-content\/uploads\/2026\/02\/178327bahia-registra-dois-casos-confirmados-de-mpox-em-2026-3.jpg","contentUrl":"https:\/\/brasilnoticias.org\/site\/wp-content\/uploads\/2026\/02\/178327bahia-registra-dois-casos-confirmados-de-mpox-em-2026-3.jpg","width":1600,"height":752},{"@type":"BreadcrumbList","@id":"https:\/\/brasilnoticias.org\/site\/bahia-registra-dois-casos-confirmados-de-mpox-em-2026\/#breadcrumb","itemListElement":[{"@type":"ListItem","position":1,"name":"In\u00edcio","item":"https:\/\/brasilnoticias.org\/site\/"},{"@type":"ListItem","position":2,"name":"Bahia registra dois casos confirmados de Mpox em 2026"}]},{"@type":"WebSite","@id":"https:\/\/brasilnoticias.org\/site\/#website","url":"https:\/\/brasilnoticias.org\/site\/","name":"Brasil not\u00edcias","description":"Brasil not\u00edcias","publisher":{"@id":"https:\/\/brasilnoticias.org\/site\/#organization"},"potentialAction":[{"@type":"SearchAction","target":{"@type":"EntryPoint","urlTemplate":"https:\/\/brasilnoticias.org\/site\/?s={search_term_string}"},"query-input":{"@type":"PropertyValueSpecification","valueRequired":true,"valueName":"search_term_string"}}],"inLanguage":"pt-PT"},{"@type":"Organization","@id":"https:\/\/brasilnoticias.org\/site\/#organization","name":"Brasil not\u00edcias","url":"https:\/\/brasilnoticias.org\/site\/","logo":{"@type":"ImageObject","inLanguage":"pt-PT","@id":"https:\/\/brasilnoticias.org\/site\/#\/schema\/logo\/image\/","url":"https:\/\/brasilnoticias.org\/site\/wp-content\/uploads\/2022\/05\/cropped-brasilnoticias-mini.jpg","contentUrl":"https:\/\/brasilnoticias.org\/site\/wp-content\/uploads\/2022\/05\/cropped-brasilnoticias-mini.jpg","width":314,"height":86,"caption":"Brasil not\u00edcias"},"image":{"@id":"https:\/\/brasilnoticias.org\/site\/#\/schema\/logo\/image\/"}},{"@type":"Person","@id":"https:\/\/brasilnoticias.org\/site\/#\/schema\/person\/03bbbfe6c7634ad18c26444ea39049fa","name":"Reda\u00e7\u00e3o","image":{"@type":"ImageObject","inLanguage":"pt-PT","@id":"https:\/\/brasilnoticias.org\/site\/#\/schema\/person\/image\/","url":"https:\/\/secure.gravatar.com\/avatar\/9ecaf7327a696cb23ad926fedded5f1f04d7049de9e445375d55b48c001a6e42?s=96&d=mm&r=g","contentUrl":"https:\/\/secure.gravatar.com\/avatar\/9ecaf7327a696cb23ad926fedded5f1f04d7049de9e445375d55b48c001a6e42?s=96&d=mm&r=g","caption":"Reda\u00e7\u00e3o"},"url":"https:\/\/brasilnoticias.org\/site\/author\/henrique\/"}]}},"_links":{"self":[{"href":"https:\/\/brasilnoticias.org\/site\/wp-json\/wp\/v2\/posts\/20367","targetHints":{"allow":["GET"]}}],"collection":[{"href":"https:\/\/brasilnoticias.org\/site\/wp-json\/wp\/v2\/posts"}],"about":[{"href":"https:\/\/brasilnoticias.org\/site\/wp-json\/wp\/v2\/types\/post"}],"author":[{"embeddable":true,"href":"https:\/\/brasilnoticias.org\/site\/wp-json\/wp\/v2\/users\/4"}],"replies":[{"embeddable":true,"href":"https:\/\/brasilnoticias.org\/site\/wp-json\/wp\/v2\/comments?post=20367"}],"version-history":[{"count":1,"href":"https:\/\/brasilnoticias.org\/site\/wp-json\/wp\/v2\/posts\/20367\/revisions"}],"predecessor-version":[{"id":20369,"href":"https:\/\/brasilnoticias.org\/site\/wp-json\/wp\/v2\/posts\/20367\/revisions\/20369"}],"wp:featuredmedia":[{"embeddable":true,"href":"https:\/\/brasilnoticias.org\/site\/wp-json\/wp\/v2\/media\/20368"}],"wp:attachment":[{"href":"https:\/\/brasilnoticias.org\/site\/wp-json\/wp\/v2\/media?parent=20367"}],"wp:term":[{"taxonomy":"category","embeddable":true,"href":"https:\/\/brasilnoticias.org\/site\/wp-json\/wp\/v2\/categories?post=20367"},{"taxonomy":"post_tag","embeddable":true,"href":"https:\/\/brasilnoticias.org\/site\/wp-json\/wp\/v2\/tags?post=20367"}],"curies":[{"name":"wp","href":"https:\/\/api.w.org\/{rel}","templated":true}]}}