{"id":20390,"date":"2026-02-23T06:32:40","date_gmt":"2026-02-23T09:32:40","guid":{"rendered":"https:\/\/brasilnoticias.org\/site\/?p=20390"},"modified":"2026-02-23T06:32:40","modified_gmt":"2026-02-23T09:32:40","slug":"lula-diz-que-paises-do-sul-global-podem-mudar-a-logica-economica-do-mundo","status":"publish","type":"post","link":"https:\/\/brasilnoticias.org\/site\/lula-diz-que-paises-do-sul-global-podem-mudar-a-logica-economica-do-mundo\/","title":{"rendered":"Lula diz que pa\u00edses do Sul Global podem mudar a l\u00f3gica econ\u00f4mica do mundo"},"content":{"rendered":"<p>O presidente Luiz In\u00e1cio Lula da Silva afirmou que os pa\u00edses em desenvolvimento \u2014 especialmente os que comp\u00f5em o chamado Sul Global \u2014 t\u00eam potencial para alterar a l\u00f3gica econ\u00f4mica que hoje domina as rela\u00e7\u00f5es internacionais, desde que atuem de forma unida e estrat\u00e9gica. A declara\u00e7\u00e3o foi dada na madrugada de 22 de fevereiro de 2026, pouco antes de ele encerrar sua visita oficial \u00e0 \u00cdndia e embarcar para a Coreia do Sul em uma agenda diplom\u00e1tica na \u00c1sia.<\/p>\n<p>Segundo Lula, na negocia\u00e7\u00e3o isolada com as superpot\u00eancias econ\u00f4micas, na\u00e7\u00f5es menores costumam sair em desvantagem. Por isso, ele destacou a import\u00e2ncia de articula\u00e7\u00f5es conjuntas entre Brasil, \u00cdndia, Austr\u00e1lia e outros pa\u00edses em desenvolvimento para fortalecer sua presen\u00e7a no cen\u00e1rio global e equilibrar o poder econ\u00f4mico mundial.<\/p>\n<p>O presidente tamb\u00e9m criticou o legado hist\u00f3rico de desigualdades entre pa\u00edses, lembrando que muitos pa\u00edses em desenvolvimento ainda enfrentam limita\u00e7\u00f5es tecnol\u00f3gicas e econ\u00f4micas que refletem antigos processos coloniais. Para ele, construir parcerias entre na\u00e7\u00f5es com desafios semelhantes \u00e9 essencial para ampliar a for\u00e7a negociadora coletiva.<\/p>\n<p>Lula mencionou ainda o papel crescente do BRICS (bloco formado por Brasil, R\u00fassia, \u00cdndia, China e \u00c1frica do Sul) na busca por uma nova din\u00e2mica nas rela\u00e7\u00f5es econ\u00f4micas internacionais, ressaltando que o grupo tem ganhado proje\u00e7\u00e3o e criado instrumentos, como o banco do bloco, para apoiar objetivos comuns.<\/p>\n<p>Al\u00e9m disso, o presidente refor\u00e7ou a import\u00e2ncia do multilateralismo e do fortalecimento de institui\u00e7\u00f5es como a ONU, argumentando que a organiza\u00e7\u00e3o \u00e9 essencial para resolver conflitos e promover um ambiente mais equitativo entre pa\u00edses.<\/p>\n<p>Essas declara\u00e7\u00f5es foram feitas no contexto de sua visita \u00e0 \u00c1sia, em que Lula tamb\u00e9m tratou de parcerias estrat\u00e9gicas e acordos comerciais com a \u00cdndia e deve seguir para a Coreia do Sul com compromissos similares<\/p>\n<p>Fonte: Ag\u00eancia brasil<br \/>\nFoto: Ricardo Stuckert\/PR<\/p>\n","protected":false},"excerpt":{"rendered":"<p>O presidente Luiz In\u00e1cio Lula da Silva afirmou que os pa\u00edses em desenvolvimento \u2014 especialmente os que comp\u00f5em o chamado<\/p>\n","protected":false},"author":4,"featured_media":20391,"comment_status":"open","ping_status":"open","sticky":false,"template":"","format":"standard","meta":{"colormag_page_container_layout":"default_layout","colormag_page_sidebar_layout":"default_layout","_FSMCFIC_featured_image_caption":"","_FSMCFIC_featured_image_nocaption":"","_FSMCFIC_featured_image_hide":"","footnotes":""},"categories":[5,1],"tags":[],"class_list":["post-20390","post","type-post","status-publish","format-standard","has-post-thumbnail","hentry","category-politica","category-ultimas"],"yoast_head":"<!-- This site is optimized with the Yoast SEO plugin v27.1.1 - https:\/\/yoast.com\/product\/yoast-seo-wordpress\/ -->\n<title>Lula diz que pa\u00edses do Sul Global podem mudar a l\u00f3gica econ\u00f4mica do mundo - Brasil not\u00edcias<\/title>\n<meta name=\"robots\" content=\"index, follow, max-snippet:-1, max-image-preview:large, max-video-preview:-1\" \/>\n<link rel=\"canonical\" href=\"https:\/\/brasilnoticias.org\/site\/lula-diz-que-paises-do-sul-global-podem-mudar-a-logica-economica-do-mundo\/\" \/>\n<meta property=\"og:locale\" content=\"pt_PT\" \/>\n<meta property=\"og:type\" content=\"article\" \/>\n<meta property=\"og:title\" content=\"Lula diz que pa\u00edses do Sul Global podem mudar a l\u00f3gica econ\u00f4mica do mundo - Brasil not\u00edcias\" \/>\n<meta property=\"og:description\" content=\"O presidente Luiz In\u00e1cio Lula da Silva afirmou que os pa\u00edses em desenvolvimento \u2014 especialmente os que comp\u00f5em o chamado\" \/>\n<meta property=\"og:url\" content=\"https:\/\/brasilnoticias.org\/site\/lula-diz-que-paises-do-sul-global-podem-mudar-a-logica-economica-do-mundo\/\" \/>\n<meta property=\"og:site_name\" content=\"Brasil not\u00edcias\" \/>\n<meta property=\"article:published_time\" content=\"2026-02-23T09:32:40+00:00\" \/>\n<meta property=\"og:image\" content=\"https:\/\/brasilnoticias.org\/site\/wp-content\/uploads\/2026\/02\/lula-coletiva.webp\" \/>\n\t<meta property=\"og:image:width\" content=\"1170\" \/>\n\t<meta property=\"og:image:height\" content=\"700\" \/>\n\t<meta property=\"og:image:type\" content=\"image\/webp\" \/>\n<meta name=\"author\" content=\"Reda\u00e7\u00e3o\" \/>\n<meta name=\"twitter:card\" content=\"summary_large_image\" \/>\n<meta name=\"twitter:label1\" content=\"Escrito por\" \/>\n\t<meta name=\"twitter:data1\" content=\"Reda\u00e7\u00e3o\" \/>\n\t<meta name=\"twitter:label2\" content=\"Tempo estimado de leitura\" \/>\n\t<meta name=\"twitter:data2\" content=\"1 minuto\" \/>\n<script type=\"application\/ld+json\" class=\"yoast-schema-graph\">{\"@context\":\"https:\/\/schema.org\",\"@graph\":[{\"@type\":\"Article\",\"@id\":\"https:\/\/brasilnoticias.org\/site\/lula-diz-que-paises-do-sul-global-podem-mudar-a-logica-economica-do-mundo\/#article\",\"isPartOf\":{\"@id\":\"https:\/\/brasilnoticias.org\/site\/lula-diz-que-paises-do-sul-global-podem-mudar-a-logica-economica-do-mundo\/\"},\"author\":{\"name\":\"Reda\u00e7\u00e3o\",\"@id\":\"https:\/\/brasilnoticias.org\/site\/#\/schema\/person\/03bbbfe6c7634ad18c26444ea39049fa\"},\"headline\":\"Lula diz que pa\u00edses do Sul Global podem mudar a l\u00f3gica econ\u00f4mica do mundo\",\"datePublished\":\"2026-02-23T09:32:40+00:00\",\"mainEntityOfPage\":{\"@id\":\"https:\/\/brasilnoticias.org\/site\/lula-diz-que-paises-do-sul-global-podem-mudar-a-logica-economica-do-mundo\/\"},\"wordCount\":349,\"commentCount\":0,\"publisher\":{\"@id\":\"https:\/\/brasilnoticias.org\/site\/#organization\"},\"image\":{\"@id\":\"https:\/\/brasilnoticias.org\/site\/lula-diz-que-paises-do-sul-global-podem-mudar-a-logica-economica-do-mundo\/#primaryimage\"},\"thumbnailUrl\":\"https:\/\/brasilnoticias.org\/site\/wp-content\/uploads\/2026\/02\/lula-coletiva.webp\",\"articleSection\":[\"Pol\u00edtica\",\"\u00daltimas\"],\"inLanguage\":\"pt-PT\",\"potentialAction\":[{\"@type\":\"CommentAction\",\"name\":\"Comment\",\"target\":[\"https:\/\/brasilnoticias.org\/site\/lula-diz-que-paises-do-sul-global-podem-mudar-a-logica-economica-do-mundo\/#respond\"]}]},{\"@type\":\"WebPage\",\"@id\":\"https:\/\/brasilnoticias.org\/site\/lula-diz-que-paises-do-sul-global-podem-mudar-a-logica-economica-do-mundo\/\",\"url\":\"https:\/\/brasilnoticias.org\/site\/lula-diz-que-paises-do-sul-global-podem-mudar-a-logica-economica-do-mundo\/\",\"name\":\"Lula diz que pa\u00edses do Sul Global podem mudar a l\u00f3gica econ\u00f4mica do mundo - Brasil not\u00edcias\",\"isPartOf\":{\"@id\":\"https:\/\/brasilnoticias.org\/site\/#website\"},\"primaryImageOfPage\":{\"@id\":\"https:\/\/brasilnoticias.org\/site\/lula-diz-que-paises-do-sul-global-podem-mudar-a-logica-economica-do-mundo\/#primaryimage\"},\"image\":{\"@id\":\"https:\/\/brasilnoticias.org\/site\/lula-diz-que-paises-do-sul-global-podem-mudar-a-logica-economica-do-mundo\/#primaryimage\"},\"thumbnailUrl\":\"https:\/\/brasilnoticias.org\/site\/wp-content\/uploads\/2026\/02\/lula-coletiva.webp\",\"datePublished\":\"2026-02-23T09:32:40+00:00\",\"breadcrumb\":{\"@id\":\"https:\/\/brasilnoticias.org\/site\/lula-diz-que-paises-do-sul-global-podem-mudar-a-logica-economica-do-mundo\/#breadcrumb\"},\"inLanguage\":\"pt-PT\",\"potentialAction\":[{\"@type\":\"ReadAction\",\"target\":[\"https:\/\/brasilnoticias.org\/site\/lula-diz-que-paises-do-sul-global-podem-mudar-a-logica-economica-do-mundo\/\"]}]},{\"@type\":\"ImageObject\",\"inLanguage\":\"pt-PT\",\"@id\":\"https:\/\/brasilnoticias.org\/site\/lula-diz-que-paises-do-sul-global-podem-mudar-a-logica-economica-do-mundo\/#primaryimage\",\"url\":\"https:\/\/brasilnoticias.org\/site\/wp-content\/uploads\/2026\/02\/lula-coletiva.webp\",\"contentUrl\":\"https:\/\/brasilnoticias.org\/site\/wp-content\/uploads\/2026\/02\/lula-coletiva.webp\",\"width\":1170,\"height\":700},{\"@type\":\"BreadcrumbList\",\"@id\":\"https:\/\/brasilnoticias.org\/site\/lula-diz-que-paises-do-sul-global-podem-mudar-a-logica-economica-do-mundo\/#breadcrumb\",\"itemListElement\":[{\"@type\":\"ListItem\",\"position\":1,\"name\":\"In\u00edcio\",\"item\":\"https:\/\/brasilnoticias.org\/site\/\"},{\"@type\":\"ListItem\",\"position\":2,\"name\":\"Lula diz que pa\u00edses do Sul Global podem mudar a l\u00f3gica econ\u00f4mica do mundo\"}]},{\"@type\":\"WebSite\",\"@id\":\"https:\/\/brasilnoticias.org\/site\/#website\",\"url\":\"https:\/\/brasilnoticias.org\/site\/\",\"name\":\"Brasil not\u00edcias\",\"description\":\"Brasil not\u00edcias\",\"publisher\":{\"@id\":\"https:\/\/brasilnoticias.org\/site\/#organization\"},\"potentialAction\":[{\"@type\":\"SearchAction\",\"target\":{\"@type\":\"EntryPoint\",\"urlTemplate\":\"https:\/\/brasilnoticias.org\/site\/?s={search_term_string}\"},\"query-input\":{\"@type\":\"PropertyValueSpecification\",\"valueRequired\":true,\"valueName\":\"search_term_string\"}}],\"inLanguage\":\"pt-PT\"},{\"@type\":\"Organization\",\"@id\":\"https:\/\/brasilnoticias.org\/site\/#organization\",\"name\":\"Brasil not\u00edcias\",\"url\":\"https:\/\/brasilnoticias.org\/site\/\",\"logo\":{\"@type\":\"ImageObject\",\"inLanguage\":\"pt-PT\",\"@id\":\"https:\/\/brasilnoticias.org\/site\/#\/schema\/logo\/image\/\",\"url\":\"https:\/\/brasilnoticias.org\/site\/wp-content\/uploads\/2022\/05\/cropped-brasilnoticias-mini.jpg\",\"contentUrl\":\"https:\/\/brasilnoticias.org\/site\/wp-content\/uploads\/2022\/05\/cropped-brasilnoticias-mini.jpg\",\"width\":314,\"height\":86,\"caption\":\"Brasil not\u00edcias\"},\"image\":{\"@id\":\"https:\/\/brasilnoticias.org\/site\/#\/schema\/logo\/image\/\"}},{\"@type\":\"Person\",\"@id\":\"https:\/\/brasilnoticias.org\/site\/#\/schema\/person\/03bbbfe6c7634ad18c26444ea39049fa\",\"name\":\"Reda\u00e7\u00e3o\",\"image\":{\"@type\":\"ImageObject\",\"inLanguage\":\"pt-PT\",\"@id\":\"https:\/\/brasilnoticias.org\/site\/#\/schema\/person\/image\/\",\"url\":\"https:\/\/secure.gravatar.com\/avatar\/9ecaf7327a696cb23ad926fedded5f1f04d7049de9e445375d55b48c001a6e42?s=96&d=mm&r=g\",\"contentUrl\":\"https:\/\/secure.gravatar.com\/avatar\/9ecaf7327a696cb23ad926fedded5f1f04d7049de9e445375d55b48c001a6e42?s=96&d=mm&r=g\",\"caption\":\"Reda\u00e7\u00e3o\"},\"url\":\"https:\/\/brasilnoticias.org\/site\/author\/henrique\/\"}]}<\/script>\n<!-- \/ Yoast SEO plugin. -->","yoast_head_json":{"title":"Lula diz que pa\u00edses do Sul Global podem mudar a l\u00f3gica econ\u00f4mica do mundo - Brasil not\u00edcias","robots":{"index":"index","follow":"follow","max-snippet":"max-snippet:-1","max-image-preview":"max-image-preview:large","max-video-preview":"max-video-preview:-1"},"canonical":"https:\/\/brasilnoticias.org\/site\/lula-diz-que-paises-do-sul-global-podem-mudar-a-logica-economica-do-mundo\/","og_locale":"pt_PT","og_type":"article","og_title":"Lula diz que pa\u00edses do Sul Global podem mudar a l\u00f3gica econ\u00f4mica do mundo - Brasil not\u00edcias","og_description":"O presidente Luiz In\u00e1cio Lula da Silva afirmou que os pa\u00edses em desenvolvimento \u2014 especialmente os que comp\u00f5em o chamado","og_url":"https:\/\/brasilnoticias.org\/site\/lula-diz-que-paises-do-sul-global-podem-mudar-a-logica-economica-do-mundo\/","og_site_name":"Brasil not\u00edcias","article_published_time":"2026-02-23T09:32:40+00:00","og_image":[{"width":1170,"height":700,"url":"https:\/\/brasilnoticias.org\/site\/wp-content\/uploads\/2026\/02\/lula-coletiva.webp","type":"image\/webp"}],"author":"Reda\u00e7\u00e3o","twitter_card":"summary_large_image","twitter_misc":{"Escrito por":"Reda\u00e7\u00e3o","Tempo estimado de leitura":"1 minuto"},"schema":{"@context":"https:\/\/schema.org","@graph":[{"@type":"Article","@id":"https:\/\/brasilnoticias.org\/site\/lula-diz-que-paises-do-sul-global-podem-mudar-a-logica-economica-do-mundo\/#article","isPartOf":{"@id":"https:\/\/brasilnoticias.org\/site\/lula-diz-que-paises-do-sul-global-podem-mudar-a-logica-economica-do-mundo\/"},"author":{"name":"Reda\u00e7\u00e3o","@id":"https:\/\/brasilnoticias.org\/site\/#\/schema\/person\/03bbbfe6c7634ad18c26444ea39049fa"},"headline":"Lula diz que pa\u00edses do Sul Global podem mudar a l\u00f3gica econ\u00f4mica do mundo","datePublished":"2026-02-23T09:32:40+00:00","mainEntityOfPage":{"@id":"https:\/\/brasilnoticias.org\/site\/lula-diz-que-paises-do-sul-global-podem-mudar-a-logica-economica-do-mundo\/"},"wordCount":349,"commentCount":0,"publisher":{"@id":"https:\/\/brasilnoticias.org\/site\/#organization"},"image":{"@id":"https:\/\/brasilnoticias.org\/site\/lula-diz-que-paises-do-sul-global-podem-mudar-a-logica-economica-do-mundo\/#primaryimage"},"thumbnailUrl":"https:\/\/brasilnoticias.org\/site\/wp-content\/uploads\/2026\/02\/lula-coletiva.webp","articleSection":["Pol\u00edtica","\u00daltimas"],"inLanguage":"pt-PT","potentialAction":[{"@type":"CommentAction","name":"Comment","target":["https:\/\/brasilnoticias.org\/site\/lula-diz-que-paises-do-sul-global-podem-mudar-a-logica-economica-do-mundo\/#respond"]}]},{"@type":"WebPage","@id":"https:\/\/brasilnoticias.org\/site\/lula-diz-que-paises-do-sul-global-podem-mudar-a-logica-economica-do-mundo\/","url":"https:\/\/brasilnoticias.org\/site\/lula-diz-que-paises-do-sul-global-podem-mudar-a-logica-economica-do-mundo\/","name":"Lula diz que pa\u00edses do Sul Global podem mudar a l\u00f3gica econ\u00f4mica do mundo - Brasil not\u00edcias","isPartOf":{"@id":"https:\/\/brasilnoticias.org\/site\/#website"},"primaryImageOfPage":{"@id":"https:\/\/brasilnoticias.org\/site\/lula-diz-que-paises-do-sul-global-podem-mudar-a-logica-economica-do-mundo\/#primaryimage"},"image":{"@id":"https:\/\/brasilnoticias.org\/site\/lula-diz-que-paises-do-sul-global-podem-mudar-a-logica-economica-do-mundo\/#primaryimage"},"thumbnailUrl":"https:\/\/brasilnoticias.org\/site\/wp-content\/uploads\/2026\/02\/lula-coletiva.webp","datePublished":"2026-02-23T09:32:40+00:00","breadcrumb":{"@id":"https:\/\/brasilnoticias.org\/site\/lula-diz-que-paises-do-sul-global-podem-mudar-a-logica-economica-do-mundo\/#breadcrumb"},"inLanguage":"pt-PT","potentialAction":[{"@type":"ReadAction","target":["https:\/\/brasilnoticias.org\/site\/lula-diz-que-paises-do-sul-global-podem-mudar-a-logica-economica-do-mundo\/"]}]},{"@type":"ImageObject","inLanguage":"pt-PT","@id":"https:\/\/brasilnoticias.org\/site\/lula-diz-que-paises-do-sul-global-podem-mudar-a-logica-economica-do-mundo\/#primaryimage","url":"https:\/\/brasilnoticias.org\/site\/wp-content\/uploads\/2026\/02\/lula-coletiva.webp","contentUrl":"https:\/\/brasilnoticias.org\/site\/wp-content\/uploads\/2026\/02\/lula-coletiva.webp","width":1170,"height":700},{"@type":"BreadcrumbList","@id":"https:\/\/brasilnoticias.org\/site\/lula-diz-que-paises-do-sul-global-podem-mudar-a-logica-economica-do-mundo\/#breadcrumb","itemListElement":[{"@type":"ListItem","position":1,"name":"In\u00edcio","item":"https:\/\/brasilnoticias.org\/site\/"},{"@type":"ListItem","position":2,"name":"Lula diz que pa\u00edses do Sul Global podem mudar a l\u00f3gica econ\u00f4mica do mundo"}]},{"@type":"WebSite","@id":"https:\/\/brasilnoticias.org\/site\/#website","url":"https:\/\/brasilnoticias.org\/site\/","name":"Brasil not\u00edcias","description":"Brasil not\u00edcias","publisher":{"@id":"https:\/\/brasilnoticias.org\/site\/#organization"},"potentialAction":[{"@type":"SearchAction","target":{"@type":"EntryPoint","urlTemplate":"https:\/\/brasilnoticias.org\/site\/?s={search_term_string}"},"query-input":{"@type":"PropertyValueSpecification","valueRequired":true,"valueName":"search_term_string"}}],"inLanguage":"pt-PT"},{"@type":"Organization","@id":"https:\/\/brasilnoticias.org\/site\/#organization","name":"Brasil not\u00edcias","url":"https:\/\/brasilnoticias.org\/site\/","logo":{"@type":"ImageObject","inLanguage":"pt-PT","@id":"https:\/\/brasilnoticias.org\/site\/#\/schema\/logo\/image\/","url":"https:\/\/brasilnoticias.org\/site\/wp-content\/uploads\/2022\/05\/cropped-brasilnoticias-mini.jpg","contentUrl":"https:\/\/brasilnoticias.org\/site\/wp-content\/uploads\/2022\/05\/cropped-brasilnoticias-mini.jpg","width":314,"height":86,"caption":"Brasil not\u00edcias"},"image":{"@id":"https:\/\/brasilnoticias.org\/site\/#\/schema\/logo\/image\/"}},{"@type":"Person","@id":"https:\/\/brasilnoticias.org\/site\/#\/schema\/person\/03bbbfe6c7634ad18c26444ea39049fa","name":"Reda\u00e7\u00e3o","image":{"@type":"ImageObject","inLanguage":"pt-PT","@id":"https:\/\/brasilnoticias.org\/site\/#\/schema\/person\/image\/","url":"https:\/\/secure.gravatar.com\/avatar\/9ecaf7327a696cb23ad926fedded5f1f04d7049de9e445375d55b48c001a6e42?s=96&d=mm&r=g","contentUrl":"https:\/\/secure.gravatar.com\/avatar\/9ecaf7327a696cb23ad926fedded5f1f04d7049de9e445375d55b48c001a6e42?s=96&d=mm&r=g","caption":"Reda\u00e7\u00e3o"},"url":"https:\/\/brasilnoticias.org\/site\/author\/henrique\/"}]}},"_links":{"self":[{"href":"https:\/\/brasilnoticias.org\/site\/wp-json\/wp\/v2\/posts\/20390","targetHints":{"allow":["GET"]}}],"collection":[{"href":"https:\/\/brasilnoticias.org\/site\/wp-json\/wp\/v2\/posts"}],"about":[{"href":"https:\/\/brasilnoticias.org\/site\/wp-json\/wp\/v2\/types\/post"}],"author":[{"embeddable":true,"href":"https:\/\/brasilnoticias.org\/site\/wp-json\/wp\/v2\/users\/4"}],"replies":[{"embeddable":true,"href":"https:\/\/brasilnoticias.org\/site\/wp-json\/wp\/v2\/comments?post=20390"}],"version-history":[{"count":1,"href":"https:\/\/brasilnoticias.org\/site\/wp-json\/wp\/v2\/posts\/20390\/revisions"}],"predecessor-version":[{"id":20392,"href":"https:\/\/brasilnoticias.org\/site\/wp-json\/wp\/v2\/posts\/20390\/revisions\/20392"}],"wp:featuredmedia":[{"embeddable":true,"href":"https:\/\/brasilnoticias.org\/site\/wp-json\/wp\/v2\/media\/20391"}],"wp:attachment":[{"href":"https:\/\/brasilnoticias.org\/site\/wp-json\/wp\/v2\/media?parent=20390"}],"wp:term":[{"taxonomy":"category","embeddable":true,"href":"https:\/\/brasilnoticias.org\/site\/wp-json\/wp\/v2\/categories?post=20390"},{"taxonomy":"post_tag","embeddable":true,"href":"https:\/\/brasilnoticias.org\/site\/wp-json\/wp\/v2\/tags?post=20390"}],"curies":[{"name":"wp","href":"https:\/\/api.w.org\/{rel}","templated":true}]}}