{"id":20393,"date":"2026-02-23T07:58:37","date_gmt":"2026-02-23T10:58:37","guid":{"rendered":"https:\/\/brasilnoticias.org\/site\/?p=20393"},"modified":"2026-02-23T07:58:37","modified_gmt":"2026-02-23T10:58:37","slug":"pcdob-reivindica-suplencia-ao-senado-e-projeta-eleger-tres-deputados-federais-na-bahia","status":"publish","type":"post","link":"https:\/\/brasilnoticias.org\/site\/pcdob-reivindica-suplencia-ao-senado-e-projeta-eleger-tres-deputados-federais-na-bahia\/","title":{"rendered":"PCdoB reivindica supl\u00eancia ao Senado e projeta eleger tr\u00eas deputados federais na Bahia"},"content":{"rendered":"<p>A deputada federal Alice Portugal (PCdoB) afirmou que o partido pretende ocupar espa\u00e7o na chapa majorit\u00e1ria governista em 2026, com a ocupa\u00e7\u00e3o de uma das supl\u00eancias do Senado. Ela defendeu que a legenda seja contemplada diante do hist\u00f3rico de participa\u00e7\u00e3o no grupo pol\u00edtico liderado pelo governador Jer\u00f4nimo Rodrigues (PT).<\/p>\n<p>Segundo a parlamentar, \u00e9 natural que os partidos que integram a alian\u00e7a apresentem nomes para a composi\u00e7\u00e3o.<\/p>\n<p>\u201cO PCdoB tem hist\u00f3ria e colabora\u00e7\u00e3o com essa frente ampla coordenada por Jer\u00f4nimo. Ent\u00e3o entendemos que \u00e9 natural que todos os partidos coloquem seus nomes\u201d, declarou, em entrevista ao Blog do Vila.<\/p>\n<p>Alice citou como exemplo a vereadora de Salvador Aladilce Souza, um dos principais quadros da sigla no estado.<\/p>\n<p>\u201cN\u00f3s temos nomes \u00f3timos, como o da vereadora Aladilce Souza. Seria uma \u00f3tima escolha, uma escolha afinada com os anseios dos trabalhadores\u201d, afirmou.<\/p>\n<p>A deputada ressaltou ainda que o PCdoB pretende participar ativamente do processo eleitoral e seguir integrado ao projeto pol\u00edtico do grupo governista.<\/p>\n<p>\u201cO PCdoB participaria de maneira integral desse processo, na medida em que a gente mergulha profundamente em defesa desse projeto\u201d, disse.<\/p>\n<p>Al\u00e9m da disputa majorit\u00e1ria, Alice Portugal tamb\u00e9m apresentou as metas eleitorais da legenda para o Legislativo. De acordo com ela, o objetivo \u00e9 ampliar a bancada baiana na C\u00e2mara dos Deputados.<\/p>\n<p>\u201cN\u00f3s pretendemos fazer tr\u00eas federais, reelegendo dois [ela pr\u00f3pria e Daniel Almeida] e elegendo mais um\u201d, projetou.<\/p>\n<p>J\u00e1 em rela\u00e7\u00e3o \u00e0 Assembleia Legislativa da Bahia, a expectativa m\u00ednima \u00e9 manter o atual tamanho da bancada, sem descartar crescimento.<\/p>\n<p>\u201cNo caso dos estaduais, no m\u00ednimo mantemos os nossos quatro excelentes deputados\u201d, concluiu.<\/p>\n<p>Entre os comunistas da Alba, Ol\u00edvia Santana disputar\u00e1 uma vaga na C\u00e2mara, mas Bob\u00f4, Fabr\u00edcio Falc\u00e3o e Z\u00f3 ir\u00e3o disputar a reelei\u00e7\u00e3o.<\/p>\n<p>Foto: Vinicius Loures \/ C\u00e2mara dos Deputados<\/p>\n","protected":false},"excerpt":{"rendered":"<p>A deputada federal Alice Portugal (PCdoB) afirmou que o partido pretende ocupar espa\u00e7o na chapa majorit\u00e1ria governista em 2026, com<\/p>\n","protected":false},"author":4,"featured_media":20394,"comment_status":"open","ping_status":"open","sticky":false,"template":"","format":"standard","meta":{"colormag_page_container_layout":"default_layout","colormag_page_sidebar_layout":"default_layout","_FSMCFIC_featured_image_caption":"","_FSMCFIC_featured_image_nocaption":"","_FSMCFIC_featured_image_hide":"","footnotes":""},"categories":[5,1],"tags":[],"class_list":["post-20393","post","type-post","status-publish","format-standard","has-post-thumbnail","hentry","category-politica","category-ultimas"],"yoast_head":"<!-- This site is optimized with the Yoast SEO plugin v27.1.1 - https:\/\/yoast.com\/product\/yoast-seo-wordpress\/ -->\n<title>PCdoB reivindica supl\u00eancia ao Senado e projeta eleger tr\u00eas deputados federais na Bahia - Brasil not\u00edcias<\/title>\n<meta name=\"robots\" content=\"index, follow, max-snippet:-1, max-image-preview:large, max-video-preview:-1\" \/>\n<link rel=\"canonical\" href=\"https:\/\/brasilnoticias.org\/site\/pcdob-reivindica-suplencia-ao-senado-e-projeta-eleger-tres-deputados-federais-na-bahia\/\" \/>\n<meta property=\"og:locale\" content=\"pt_PT\" \/>\n<meta property=\"og:type\" content=\"article\" \/>\n<meta property=\"og:title\" content=\"PCdoB reivindica supl\u00eancia ao Senado e projeta eleger tr\u00eas deputados federais na Bahia - Brasil not\u00edcias\" \/>\n<meta property=\"og:description\" content=\"A deputada federal Alice Portugal (PCdoB) afirmou que o partido pretende ocupar espa\u00e7o na chapa majorit\u00e1ria governista em 2026, com\" \/>\n<meta property=\"og:url\" content=\"https:\/\/brasilnoticias.org\/site\/pcdob-reivindica-suplencia-ao-senado-e-projeta-eleger-tres-deputados-federais-na-bahia\/\" \/>\n<meta property=\"og:site_name\" content=\"Brasil not\u00edcias\" \/>\n<meta property=\"article:published_time\" content=\"2026-02-23T10:58:37+00:00\" \/>\n<meta property=\"og:image\" content=\"https:\/\/brasilnoticias.org\/site\/wp-content\/uploads\/2026\/02\/WhatsApp-Image-2026-02-22-at-22.32.40.jpeg\" \/>\n\t<meta property=\"og:image:width\" content=\"1000\" \/>\n\t<meta property=\"og:image:height\" content=\"616\" \/>\n\t<meta property=\"og:image:type\" content=\"image\/jpeg\" \/>\n<meta name=\"author\" content=\"Reda\u00e7\u00e3o\" \/>\n<meta name=\"twitter:card\" content=\"summary_large_image\" \/>\n<meta name=\"twitter:label1\" content=\"Escrito por\" \/>\n\t<meta name=\"twitter:data1\" content=\"Reda\u00e7\u00e3o\" \/>\n\t<meta name=\"twitter:label2\" content=\"Tempo estimado de leitura\" \/>\n\t<meta name=\"twitter:data2\" content=\"1 minuto\" \/>\n<script type=\"application\/ld+json\" class=\"yoast-schema-graph\">{\"@context\":\"https:\/\/schema.org\",\"@graph\":[{\"@type\":\"Article\",\"@id\":\"https:\/\/brasilnoticias.org\/site\/pcdob-reivindica-suplencia-ao-senado-e-projeta-eleger-tres-deputados-federais-na-bahia\/#article\",\"isPartOf\":{\"@id\":\"https:\/\/brasilnoticias.org\/site\/pcdob-reivindica-suplencia-ao-senado-e-projeta-eleger-tres-deputados-federais-na-bahia\/\"},\"author\":{\"name\":\"Reda\u00e7\u00e3o\",\"@id\":\"https:\/\/brasilnoticias.org\/site\/#\/schema\/person\/03bbbfe6c7634ad18c26444ea39049fa\"},\"headline\":\"PCdoB reivindica supl\u00eancia ao Senado e projeta eleger tr\u00eas deputados federais na Bahia\",\"datePublished\":\"2026-02-23T10:58:37+00:00\",\"mainEntityOfPage\":{\"@id\":\"https:\/\/brasilnoticias.org\/site\/pcdob-reivindica-suplencia-ao-senado-e-projeta-eleger-tres-deputados-federais-na-bahia\/\"},\"wordCount\":334,\"commentCount\":0,\"publisher\":{\"@id\":\"https:\/\/brasilnoticias.org\/site\/#organization\"},\"image\":{\"@id\":\"https:\/\/brasilnoticias.org\/site\/pcdob-reivindica-suplencia-ao-senado-e-projeta-eleger-tres-deputados-federais-na-bahia\/#primaryimage\"},\"thumbnailUrl\":\"https:\/\/brasilnoticias.org\/site\/wp-content\/uploads\/2026\/02\/WhatsApp-Image-2026-02-22-at-22.32.40.jpeg\",\"articleSection\":[\"Pol\u00edtica\",\"\u00daltimas\"],\"inLanguage\":\"pt-PT\",\"potentialAction\":[{\"@type\":\"CommentAction\",\"name\":\"Comment\",\"target\":[\"https:\/\/brasilnoticias.org\/site\/pcdob-reivindica-suplencia-ao-senado-e-projeta-eleger-tres-deputados-federais-na-bahia\/#respond\"]}]},{\"@type\":\"WebPage\",\"@id\":\"https:\/\/brasilnoticias.org\/site\/pcdob-reivindica-suplencia-ao-senado-e-projeta-eleger-tres-deputados-federais-na-bahia\/\",\"url\":\"https:\/\/brasilnoticias.org\/site\/pcdob-reivindica-suplencia-ao-senado-e-projeta-eleger-tres-deputados-federais-na-bahia\/\",\"name\":\"PCdoB reivindica supl\u00eancia ao Senado e projeta eleger tr\u00eas deputados federais na Bahia - Brasil not\u00edcias\",\"isPartOf\":{\"@id\":\"https:\/\/brasilnoticias.org\/site\/#website\"},\"primaryImageOfPage\":{\"@id\":\"https:\/\/brasilnoticias.org\/site\/pcdob-reivindica-suplencia-ao-senado-e-projeta-eleger-tres-deputados-federais-na-bahia\/#primaryimage\"},\"image\":{\"@id\":\"https:\/\/brasilnoticias.org\/site\/pcdob-reivindica-suplencia-ao-senado-e-projeta-eleger-tres-deputados-federais-na-bahia\/#primaryimage\"},\"thumbnailUrl\":\"https:\/\/brasilnoticias.org\/site\/wp-content\/uploads\/2026\/02\/WhatsApp-Image-2026-02-22-at-22.32.40.jpeg\",\"datePublished\":\"2026-02-23T10:58:37+00:00\",\"breadcrumb\":{\"@id\":\"https:\/\/brasilnoticias.org\/site\/pcdob-reivindica-suplencia-ao-senado-e-projeta-eleger-tres-deputados-federais-na-bahia\/#breadcrumb\"},\"inLanguage\":\"pt-PT\",\"potentialAction\":[{\"@type\":\"ReadAction\",\"target\":[\"https:\/\/brasilnoticias.org\/site\/pcdob-reivindica-suplencia-ao-senado-e-projeta-eleger-tres-deputados-federais-na-bahia\/\"]}]},{\"@type\":\"ImageObject\",\"inLanguage\":\"pt-PT\",\"@id\":\"https:\/\/brasilnoticias.org\/site\/pcdob-reivindica-suplencia-ao-senado-e-projeta-eleger-tres-deputados-federais-na-bahia\/#primaryimage\",\"url\":\"https:\/\/brasilnoticias.org\/site\/wp-content\/uploads\/2026\/02\/WhatsApp-Image-2026-02-22-at-22.32.40.jpeg\",\"contentUrl\":\"https:\/\/brasilnoticias.org\/site\/wp-content\/uploads\/2026\/02\/WhatsApp-Image-2026-02-22-at-22.32.40.jpeg\",\"width\":1000,\"height\":616},{\"@type\":\"BreadcrumbList\",\"@id\":\"https:\/\/brasilnoticias.org\/site\/pcdob-reivindica-suplencia-ao-senado-e-projeta-eleger-tres-deputados-federais-na-bahia\/#breadcrumb\",\"itemListElement\":[{\"@type\":\"ListItem\",\"position\":1,\"name\":\"In\u00edcio\",\"item\":\"https:\/\/brasilnoticias.org\/site\/\"},{\"@type\":\"ListItem\",\"position\":2,\"name\":\"PCdoB reivindica supl\u00eancia ao Senado e projeta eleger tr\u00eas deputados federais na Bahia\"}]},{\"@type\":\"WebSite\",\"@id\":\"https:\/\/brasilnoticias.org\/site\/#website\",\"url\":\"https:\/\/brasilnoticias.org\/site\/\",\"name\":\"Brasil not\u00edcias\",\"description\":\"Brasil not\u00edcias\",\"publisher\":{\"@id\":\"https:\/\/brasilnoticias.org\/site\/#organization\"},\"potentialAction\":[{\"@type\":\"SearchAction\",\"target\":{\"@type\":\"EntryPoint\",\"urlTemplate\":\"https:\/\/brasilnoticias.org\/site\/?s={search_term_string}\"},\"query-input\":{\"@type\":\"PropertyValueSpecification\",\"valueRequired\":true,\"valueName\":\"search_term_string\"}}],\"inLanguage\":\"pt-PT\"},{\"@type\":\"Organization\",\"@id\":\"https:\/\/brasilnoticias.org\/site\/#organization\",\"name\":\"Brasil not\u00edcias\",\"url\":\"https:\/\/brasilnoticias.org\/site\/\",\"logo\":{\"@type\":\"ImageObject\",\"inLanguage\":\"pt-PT\",\"@id\":\"https:\/\/brasilnoticias.org\/site\/#\/schema\/logo\/image\/\",\"url\":\"https:\/\/brasilnoticias.org\/site\/wp-content\/uploads\/2022\/05\/cropped-brasilnoticias-mini.jpg\",\"contentUrl\":\"https:\/\/brasilnoticias.org\/site\/wp-content\/uploads\/2022\/05\/cropped-brasilnoticias-mini.jpg\",\"width\":314,\"height\":86,\"caption\":\"Brasil not\u00edcias\"},\"image\":{\"@id\":\"https:\/\/brasilnoticias.org\/site\/#\/schema\/logo\/image\/\"}},{\"@type\":\"Person\",\"@id\":\"https:\/\/brasilnoticias.org\/site\/#\/schema\/person\/03bbbfe6c7634ad18c26444ea39049fa\",\"name\":\"Reda\u00e7\u00e3o\",\"image\":{\"@type\":\"ImageObject\",\"inLanguage\":\"pt-PT\",\"@id\":\"https:\/\/brasilnoticias.org\/site\/#\/schema\/person\/image\/\",\"url\":\"https:\/\/secure.gravatar.com\/avatar\/9ecaf7327a696cb23ad926fedded5f1f04d7049de9e445375d55b48c001a6e42?s=96&d=mm&r=g\",\"contentUrl\":\"https:\/\/secure.gravatar.com\/avatar\/9ecaf7327a696cb23ad926fedded5f1f04d7049de9e445375d55b48c001a6e42?s=96&d=mm&r=g\",\"caption\":\"Reda\u00e7\u00e3o\"},\"url\":\"https:\/\/brasilnoticias.org\/site\/author\/henrique\/\"}]}<\/script>\n<!-- \/ Yoast SEO plugin. -->","yoast_head_json":{"title":"PCdoB reivindica supl\u00eancia ao Senado e projeta eleger tr\u00eas deputados federais na Bahia - Brasil not\u00edcias","robots":{"index":"index","follow":"follow","max-snippet":"max-snippet:-1","max-image-preview":"max-image-preview:large","max-video-preview":"max-video-preview:-1"},"canonical":"https:\/\/brasilnoticias.org\/site\/pcdob-reivindica-suplencia-ao-senado-e-projeta-eleger-tres-deputados-federais-na-bahia\/","og_locale":"pt_PT","og_type":"article","og_title":"PCdoB reivindica supl\u00eancia ao Senado e projeta eleger tr\u00eas deputados federais na Bahia - Brasil not\u00edcias","og_description":"A deputada federal Alice Portugal (PCdoB) afirmou que o partido pretende ocupar espa\u00e7o na chapa majorit\u00e1ria governista em 2026, com","og_url":"https:\/\/brasilnoticias.org\/site\/pcdob-reivindica-suplencia-ao-senado-e-projeta-eleger-tres-deputados-federais-na-bahia\/","og_site_name":"Brasil not\u00edcias","article_published_time":"2026-02-23T10:58:37+00:00","og_image":[{"width":1000,"height":616,"url":"https:\/\/brasilnoticias.org\/site\/wp-content\/uploads\/2026\/02\/WhatsApp-Image-2026-02-22-at-22.32.40.jpeg","type":"image\/jpeg"}],"author":"Reda\u00e7\u00e3o","twitter_card":"summary_large_image","twitter_misc":{"Escrito por":"Reda\u00e7\u00e3o","Tempo estimado de leitura":"1 minuto"},"schema":{"@context":"https:\/\/schema.org","@graph":[{"@type":"Article","@id":"https:\/\/brasilnoticias.org\/site\/pcdob-reivindica-suplencia-ao-senado-e-projeta-eleger-tres-deputados-federais-na-bahia\/#article","isPartOf":{"@id":"https:\/\/brasilnoticias.org\/site\/pcdob-reivindica-suplencia-ao-senado-e-projeta-eleger-tres-deputados-federais-na-bahia\/"},"author":{"name":"Reda\u00e7\u00e3o","@id":"https:\/\/brasilnoticias.org\/site\/#\/schema\/person\/03bbbfe6c7634ad18c26444ea39049fa"},"headline":"PCdoB reivindica supl\u00eancia ao Senado e projeta eleger tr\u00eas deputados federais na Bahia","datePublished":"2026-02-23T10:58:37+00:00","mainEntityOfPage":{"@id":"https:\/\/brasilnoticias.org\/site\/pcdob-reivindica-suplencia-ao-senado-e-projeta-eleger-tres-deputados-federais-na-bahia\/"},"wordCount":334,"commentCount":0,"publisher":{"@id":"https:\/\/brasilnoticias.org\/site\/#organization"},"image":{"@id":"https:\/\/brasilnoticias.org\/site\/pcdob-reivindica-suplencia-ao-senado-e-projeta-eleger-tres-deputados-federais-na-bahia\/#primaryimage"},"thumbnailUrl":"https:\/\/brasilnoticias.org\/site\/wp-content\/uploads\/2026\/02\/WhatsApp-Image-2026-02-22-at-22.32.40.jpeg","articleSection":["Pol\u00edtica","\u00daltimas"],"inLanguage":"pt-PT","potentialAction":[{"@type":"CommentAction","name":"Comment","target":["https:\/\/brasilnoticias.org\/site\/pcdob-reivindica-suplencia-ao-senado-e-projeta-eleger-tres-deputados-federais-na-bahia\/#respond"]}]},{"@type":"WebPage","@id":"https:\/\/brasilnoticias.org\/site\/pcdob-reivindica-suplencia-ao-senado-e-projeta-eleger-tres-deputados-federais-na-bahia\/","url":"https:\/\/brasilnoticias.org\/site\/pcdob-reivindica-suplencia-ao-senado-e-projeta-eleger-tres-deputados-federais-na-bahia\/","name":"PCdoB reivindica supl\u00eancia ao Senado e projeta eleger tr\u00eas deputados federais na Bahia - Brasil not\u00edcias","isPartOf":{"@id":"https:\/\/brasilnoticias.org\/site\/#website"},"primaryImageOfPage":{"@id":"https:\/\/brasilnoticias.org\/site\/pcdob-reivindica-suplencia-ao-senado-e-projeta-eleger-tres-deputados-federais-na-bahia\/#primaryimage"},"image":{"@id":"https:\/\/brasilnoticias.org\/site\/pcdob-reivindica-suplencia-ao-senado-e-projeta-eleger-tres-deputados-federais-na-bahia\/#primaryimage"},"thumbnailUrl":"https:\/\/brasilnoticias.org\/site\/wp-content\/uploads\/2026\/02\/WhatsApp-Image-2026-02-22-at-22.32.40.jpeg","datePublished":"2026-02-23T10:58:37+00:00","breadcrumb":{"@id":"https:\/\/brasilnoticias.org\/site\/pcdob-reivindica-suplencia-ao-senado-e-projeta-eleger-tres-deputados-federais-na-bahia\/#breadcrumb"},"inLanguage":"pt-PT","potentialAction":[{"@type":"ReadAction","target":["https:\/\/brasilnoticias.org\/site\/pcdob-reivindica-suplencia-ao-senado-e-projeta-eleger-tres-deputados-federais-na-bahia\/"]}]},{"@type":"ImageObject","inLanguage":"pt-PT","@id":"https:\/\/brasilnoticias.org\/site\/pcdob-reivindica-suplencia-ao-senado-e-projeta-eleger-tres-deputados-federais-na-bahia\/#primaryimage","url":"https:\/\/brasilnoticias.org\/site\/wp-content\/uploads\/2026\/02\/WhatsApp-Image-2026-02-22-at-22.32.40.jpeg","contentUrl":"https:\/\/brasilnoticias.org\/site\/wp-content\/uploads\/2026\/02\/WhatsApp-Image-2026-02-22-at-22.32.40.jpeg","width":1000,"height":616},{"@type":"BreadcrumbList","@id":"https:\/\/brasilnoticias.org\/site\/pcdob-reivindica-suplencia-ao-senado-e-projeta-eleger-tres-deputados-federais-na-bahia\/#breadcrumb","itemListElement":[{"@type":"ListItem","position":1,"name":"In\u00edcio","item":"https:\/\/brasilnoticias.org\/site\/"},{"@type":"ListItem","position":2,"name":"PCdoB reivindica supl\u00eancia ao Senado e projeta eleger tr\u00eas deputados federais na Bahia"}]},{"@type":"WebSite","@id":"https:\/\/brasilnoticias.org\/site\/#website","url":"https:\/\/brasilnoticias.org\/site\/","name":"Brasil not\u00edcias","description":"Brasil not\u00edcias","publisher":{"@id":"https:\/\/brasilnoticias.org\/site\/#organization"},"potentialAction":[{"@type":"SearchAction","target":{"@type":"EntryPoint","urlTemplate":"https:\/\/brasilnoticias.org\/site\/?s={search_term_string}"},"query-input":{"@type":"PropertyValueSpecification","valueRequired":true,"valueName":"search_term_string"}}],"inLanguage":"pt-PT"},{"@type":"Organization","@id":"https:\/\/brasilnoticias.org\/site\/#organization","name":"Brasil not\u00edcias","url":"https:\/\/brasilnoticias.org\/site\/","logo":{"@type":"ImageObject","inLanguage":"pt-PT","@id":"https:\/\/brasilnoticias.org\/site\/#\/schema\/logo\/image\/","url":"https:\/\/brasilnoticias.org\/site\/wp-content\/uploads\/2022\/05\/cropped-brasilnoticias-mini.jpg","contentUrl":"https:\/\/brasilnoticias.org\/site\/wp-content\/uploads\/2022\/05\/cropped-brasilnoticias-mini.jpg","width":314,"height":86,"caption":"Brasil not\u00edcias"},"image":{"@id":"https:\/\/brasilnoticias.org\/site\/#\/schema\/logo\/image\/"}},{"@type":"Person","@id":"https:\/\/brasilnoticias.org\/site\/#\/schema\/person\/03bbbfe6c7634ad18c26444ea39049fa","name":"Reda\u00e7\u00e3o","image":{"@type":"ImageObject","inLanguage":"pt-PT","@id":"https:\/\/brasilnoticias.org\/site\/#\/schema\/person\/image\/","url":"https:\/\/secure.gravatar.com\/avatar\/9ecaf7327a696cb23ad926fedded5f1f04d7049de9e445375d55b48c001a6e42?s=96&d=mm&r=g","contentUrl":"https:\/\/secure.gravatar.com\/avatar\/9ecaf7327a696cb23ad926fedded5f1f04d7049de9e445375d55b48c001a6e42?s=96&d=mm&r=g","caption":"Reda\u00e7\u00e3o"},"url":"https:\/\/brasilnoticias.org\/site\/author\/henrique\/"}]}},"_links":{"self":[{"href":"https:\/\/brasilnoticias.org\/site\/wp-json\/wp\/v2\/posts\/20393","targetHints":{"allow":["GET"]}}],"collection":[{"href":"https:\/\/brasilnoticias.org\/site\/wp-json\/wp\/v2\/posts"}],"about":[{"href":"https:\/\/brasilnoticias.org\/site\/wp-json\/wp\/v2\/types\/post"}],"author":[{"embeddable":true,"href":"https:\/\/brasilnoticias.org\/site\/wp-json\/wp\/v2\/users\/4"}],"replies":[{"embeddable":true,"href":"https:\/\/brasilnoticias.org\/site\/wp-json\/wp\/v2\/comments?post=20393"}],"version-history":[{"count":1,"href":"https:\/\/brasilnoticias.org\/site\/wp-json\/wp\/v2\/posts\/20393\/revisions"}],"predecessor-version":[{"id":20395,"href":"https:\/\/brasilnoticias.org\/site\/wp-json\/wp\/v2\/posts\/20393\/revisions\/20395"}],"wp:featuredmedia":[{"embeddable":true,"href":"https:\/\/brasilnoticias.org\/site\/wp-json\/wp\/v2\/media\/20394"}],"wp:attachment":[{"href":"https:\/\/brasilnoticias.org\/site\/wp-json\/wp\/v2\/media?parent=20393"}],"wp:term":[{"taxonomy":"category","embeddable":true,"href":"https:\/\/brasilnoticias.org\/site\/wp-json\/wp\/v2\/categories?post=20393"},{"taxonomy":"post_tag","embeddable":true,"href":"https:\/\/brasilnoticias.org\/site\/wp-json\/wp\/v2\/tags?post=20393"}],"curies":[{"name":"wp","href":"https:\/\/api.w.org\/{rel}","templated":true}]}}