{"id":20409,"date":"2026-02-23T12:40:11","date_gmt":"2026-02-23T15:40:11","guid":{"rendered":"https:\/\/brasilnoticias.org\/site\/?p=20409"},"modified":"2026-02-23T12:44:39","modified_gmt":"2026-02-23T15:44:39","slug":"cotada-a-vice-governadora-da-bahia-explica-candidatura-do-marido-e-acordo-com-aliados","status":"publish","type":"post","link":"https:\/\/brasilnoticias.org\/site\/cotada-a-vice-governadora-da-bahia-explica-candidatura-do-marido-e-acordo-com-aliados\/","title":{"rendered":"Cotada a vice-governadora da Bahia explica candidatura do marido e acordo com aliados"},"content":{"rendered":"<p>Cotada para vice-governadora na chapa do pr\u00e9-candidato ao governo da Bahia, a prefeita de Vit\u00f3ria da Conquista, Sheila Lemos, negou exist\u00eancia de crise com o deputado estadual Tiago Correia (PSDB) ap\u00f3s anunciar a pr\u00e9-candidatura de seu marido, Wagner Alves, \u00e0 Assembleia Legislativa da Bahia (Alba). A pr\u00f3pria movimenta\u00e7\u00e3o tinha gerado especula\u00e7\u00e3o de um poss\u00edvel conflito entre os aliados por causa da divis\u00e3o de votos na principal base pol\u00edtica da regi\u00e3o sudoeste do estado \u2014 o munic\u00edpio de Vit\u00f3ria da Conquista.<\/p>\n<p>Sheila afirmou que n\u00e3o h\u00e1 animosidade com Tiago Correia, lembrando que os dois t\u00eam uma rela\u00e7\u00e3o de amizade de longa data e destacando que o deputado foi o mais votado na cidade com o apoio dela nas elei\u00e7\u00f5es anteriores. Para ela, a candidatura do marido atende a uma demanda identificada em pesquisas locais, que apontaram o desejo dos eleitores por um representante da centro-direita que seja residente e atuante na cidade.<\/p>\n<p>Segundo a prefeita, as lideran\u00e7as \u2014 incluindo Correia, o deputado federal Adolfo Viana (PSDB-BA) e o pr\u00e9-candidato ao governo ACM Neto \u2014 discutiram o assunto em Salvador e chegaram a um acordo para respeitar as bases eleitorais dos envolvidos, refor\u00e7ando que h\u00e1 espa\u00e7o suficiente para todos os candidatos competirem sem prejudicar uns aos outros. Sheila acredita que tanto Wagner quanto o deputado podem obter votos expressivos na regi\u00e3o sem causar preju\u00edzo pol\u00edtico.<\/p>\n<p>Esse di\u00e1logo entre aliados ocorre em um momento de intensa articula\u00e7\u00e3o para as elei\u00e7\u00f5es de outubro de 2026 na Bahia, em que lideran\u00e7as buscam consolidar chapas que equilibrem for\u00e7a regional e unidade dentro dos blocos pol\u00edticos.<\/p>\n<p>Foto: Divulga\u00e7\u00e3o<br \/>\nFonte: <a href=\"https:\/\/atarde.com.br\/politica\/cotada-a-vice-governadora-da-bahia-explica-candidatura-do-marido-e-acordo-com-aliados-1380591\">A Tarde<\/a><\/p>\n","protected":false},"excerpt":{"rendered":"<p>Cotada para vice-governadora na chapa do pr\u00e9-candidato ao governo da Bahia, a prefeita de Vit\u00f3ria da Conquista, Sheila Lemos, negou<\/p>\n","protected":false},"author":4,"featured_media":20412,"comment_status":"open","ping_status":"open","sticky":false,"template":"","format":"standard","meta":{"colormag_page_container_layout":"default_layout","colormag_page_sidebar_layout":"default_layout","_FSMCFIC_featured_image_caption":"","_FSMCFIC_featured_image_nocaption":"","_FSMCFIC_featured_image_hide":"","footnotes":""},"categories":[5,1],"tags":[],"class_list":["post-20409","post","type-post","status-publish","format-standard","has-post-thumbnail","hentry","category-politica","category-ultimas"],"yoast_head":"<!-- This site is optimized with the Yoast SEO plugin v27.1.1 - https:\/\/yoast.com\/product\/yoast-seo-wordpress\/ -->\n<title>Cotada a vice-governadora da Bahia explica candidatura do marido e acordo com aliados - Brasil not\u00edcias<\/title>\n<meta name=\"robots\" content=\"index, follow, max-snippet:-1, max-image-preview:large, max-video-preview:-1\" \/>\n<link rel=\"canonical\" href=\"https:\/\/brasilnoticias.org\/site\/cotada-a-vice-governadora-da-bahia-explica-candidatura-do-marido-e-acordo-com-aliados\/\" \/>\n<meta property=\"og:locale\" content=\"pt_PT\" \/>\n<meta property=\"og:type\" content=\"article\" \/>\n<meta property=\"og:title\" content=\"Cotada a vice-governadora da Bahia explica candidatura do marido e acordo com aliados - Brasil not\u00edcias\" \/>\n<meta property=\"og:description\" content=\"Cotada para vice-governadora na chapa do pr\u00e9-candidato ao governo da Bahia, a prefeita de Vit\u00f3ria da Conquista, Sheila Lemos, negou\" \/>\n<meta property=\"og:url\" content=\"https:\/\/brasilnoticias.org\/site\/cotada-a-vice-governadora-da-bahia-explica-candidatura-do-marido-e-acordo-com-aliados\/\" \/>\n<meta property=\"og:site_name\" content=\"Brasil not\u00edcias\" \/>\n<meta property=\"article:published_time\" content=\"2026-02-23T15:40:11+00:00\" \/>\n<meta property=\"article:modified_time\" content=\"2026-02-23T15:44:39+00:00\" \/>\n<meta property=\"og:image\" content=\"https:\/\/brasilnoticias.org\/site\/wp-content\/uploads\/2026\/02\/Vitoria-da-Conquista-Sheila-Lemos-jpg.webp\" \/>\n\t<meta property=\"og:image:width\" content=\"660\" \/>\n\t<meta property=\"og:image:height\" content=\"400\" \/>\n\t<meta property=\"og:image:type\" content=\"image\/webp\" \/>\n<meta name=\"author\" content=\"Reda\u00e7\u00e3o\" \/>\n<meta name=\"twitter:card\" content=\"summary_large_image\" \/>\n<meta name=\"twitter:label1\" content=\"Escrito por\" \/>\n\t<meta name=\"twitter:data1\" content=\"Reda\u00e7\u00e3o\" \/>\n\t<meta name=\"twitter:label2\" content=\"Tempo estimado de leitura\" \/>\n\t<meta name=\"twitter:data2\" content=\"2 minutos\" \/>\n<script type=\"application\/ld+json\" class=\"yoast-schema-graph\">{\"@context\":\"https:\/\/schema.org\",\"@graph\":[{\"@type\":\"Article\",\"@id\":\"https:\/\/brasilnoticias.org\/site\/cotada-a-vice-governadora-da-bahia-explica-candidatura-do-marido-e-acordo-com-aliados\/#article\",\"isPartOf\":{\"@id\":\"https:\/\/brasilnoticias.org\/site\/cotada-a-vice-governadora-da-bahia-explica-candidatura-do-marido-e-acordo-com-aliados\/\"},\"author\":{\"name\":\"Reda\u00e7\u00e3o\",\"@id\":\"https:\/\/brasilnoticias.org\/site\/#\/schema\/person\/03bbbfe6c7634ad18c26444ea39049fa\"},\"headline\":\"Cotada a vice-governadora da Bahia explica candidatura do marido e acordo com aliados\",\"datePublished\":\"2026-02-23T15:40:11+00:00\",\"dateModified\":\"2026-02-23T15:44:39+00:00\",\"mainEntityOfPage\":{\"@id\":\"https:\/\/brasilnoticias.org\/site\/cotada-a-vice-governadora-da-bahia-explica-candidatura-do-marido-e-acordo-com-aliados\/\"},\"wordCount\":304,\"commentCount\":0,\"publisher\":{\"@id\":\"https:\/\/brasilnoticias.org\/site\/#organization\"},\"image\":{\"@id\":\"https:\/\/brasilnoticias.org\/site\/cotada-a-vice-governadora-da-bahia-explica-candidatura-do-marido-e-acordo-com-aliados\/#primaryimage\"},\"thumbnailUrl\":\"https:\/\/brasilnoticias.org\/site\/wp-content\/uploads\/2026\/02\/Vitoria-da-Conquista-Sheila-Lemos-jpg.webp\",\"articleSection\":[\"Pol\u00edtica\",\"\u00daltimas\"],\"inLanguage\":\"pt-PT\",\"potentialAction\":[{\"@type\":\"CommentAction\",\"name\":\"Comment\",\"target\":[\"https:\/\/brasilnoticias.org\/site\/cotada-a-vice-governadora-da-bahia-explica-candidatura-do-marido-e-acordo-com-aliados\/#respond\"]}]},{\"@type\":\"WebPage\",\"@id\":\"https:\/\/brasilnoticias.org\/site\/cotada-a-vice-governadora-da-bahia-explica-candidatura-do-marido-e-acordo-com-aliados\/\",\"url\":\"https:\/\/brasilnoticias.org\/site\/cotada-a-vice-governadora-da-bahia-explica-candidatura-do-marido-e-acordo-com-aliados\/\",\"name\":\"Cotada a vice-governadora da Bahia explica candidatura do marido e acordo com aliados - Brasil not\u00edcias\",\"isPartOf\":{\"@id\":\"https:\/\/brasilnoticias.org\/site\/#website\"},\"primaryImageOfPage\":{\"@id\":\"https:\/\/brasilnoticias.org\/site\/cotada-a-vice-governadora-da-bahia-explica-candidatura-do-marido-e-acordo-com-aliados\/#primaryimage\"},\"image\":{\"@id\":\"https:\/\/brasilnoticias.org\/site\/cotada-a-vice-governadora-da-bahia-explica-candidatura-do-marido-e-acordo-com-aliados\/#primaryimage\"},\"thumbnailUrl\":\"https:\/\/brasilnoticias.org\/site\/wp-content\/uploads\/2026\/02\/Vitoria-da-Conquista-Sheila-Lemos-jpg.webp\",\"datePublished\":\"2026-02-23T15:40:11+00:00\",\"dateModified\":\"2026-02-23T15:44:39+00:00\",\"breadcrumb\":{\"@id\":\"https:\/\/brasilnoticias.org\/site\/cotada-a-vice-governadora-da-bahia-explica-candidatura-do-marido-e-acordo-com-aliados\/#breadcrumb\"},\"inLanguage\":\"pt-PT\",\"potentialAction\":[{\"@type\":\"ReadAction\",\"target\":[\"https:\/\/brasilnoticias.org\/site\/cotada-a-vice-governadora-da-bahia-explica-candidatura-do-marido-e-acordo-com-aliados\/\"]}]},{\"@type\":\"ImageObject\",\"inLanguage\":\"pt-PT\",\"@id\":\"https:\/\/brasilnoticias.org\/site\/cotada-a-vice-governadora-da-bahia-explica-candidatura-do-marido-e-acordo-com-aliados\/#primaryimage\",\"url\":\"https:\/\/brasilnoticias.org\/site\/wp-content\/uploads\/2026\/02\/Vitoria-da-Conquista-Sheila-Lemos-jpg.webp\",\"contentUrl\":\"https:\/\/brasilnoticias.org\/site\/wp-content\/uploads\/2026\/02\/Vitoria-da-Conquista-Sheila-Lemos-jpg.webp\",\"width\":660,\"height\":400},{\"@type\":\"BreadcrumbList\",\"@id\":\"https:\/\/brasilnoticias.org\/site\/cotada-a-vice-governadora-da-bahia-explica-candidatura-do-marido-e-acordo-com-aliados\/#breadcrumb\",\"itemListElement\":[{\"@type\":\"ListItem\",\"position\":1,\"name\":\"In\u00edcio\",\"item\":\"https:\/\/brasilnoticias.org\/site\/\"},{\"@type\":\"ListItem\",\"position\":2,\"name\":\"Cotada a vice-governadora da Bahia explica candidatura do marido e acordo com aliados\"}]},{\"@type\":\"WebSite\",\"@id\":\"https:\/\/brasilnoticias.org\/site\/#website\",\"url\":\"https:\/\/brasilnoticias.org\/site\/\",\"name\":\"Brasil not\u00edcias\",\"description\":\"Brasil not\u00edcias\",\"publisher\":{\"@id\":\"https:\/\/brasilnoticias.org\/site\/#organization\"},\"potentialAction\":[{\"@type\":\"SearchAction\",\"target\":{\"@type\":\"EntryPoint\",\"urlTemplate\":\"https:\/\/brasilnoticias.org\/site\/?s={search_term_string}\"},\"query-input\":{\"@type\":\"PropertyValueSpecification\",\"valueRequired\":true,\"valueName\":\"search_term_string\"}}],\"inLanguage\":\"pt-PT\"},{\"@type\":\"Organization\",\"@id\":\"https:\/\/brasilnoticias.org\/site\/#organization\",\"name\":\"Brasil not\u00edcias\",\"url\":\"https:\/\/brasilnoticias.org\/site\/\",\"logo\":{\"@type\":\"ImageObject\",\"inLanguage\":\"pt-PT\",\"@id\":\"https:\/\/brasilnoticias.org\/site\/#\/schema\/logo\/image\/\",\"url\":\"https:\/\/brasilnoticias.org\/site\/wp-content\/uploads\/2022\/05\/cropped-brasilnoticias-mini.jpg\",\"contentUrl\":\"https:\/\/brasilnoticias.org\/site\/wp-content\/uploads\/2022\/05\/cropped-brasilnoticias-mini.jpg\",\"width\":314,\"height\":86,\"caption\":\"Brasil not\u00edcias\"},\"image\":{\"@id\":\"https:\/\/brasilnoticias.org\/site\/#\/schema\/logo\/image\/\"}},{\"@type\":\"Person\",\"@id\":\"https:\/\/brasilnoticias.org\/site\/#\/schema\/person\/03bbbfe6c7634ad18c26444ea39049fa\",\"name\":\"Reda\u00e7\u00e3o\",\"image\":{\"@type\":\"ImageObject\",\"inLanguage\":\"pt-PT\",\"@id\":\"https:\/\/brasilnoticias.org\/site\/#\/schema\/person\/image\/\",\"url\":\"https:\/\/secure.gravatar.com\/avatar\/9ecaf7327a696cb23ad926fedded5f1f04d7049de9e445375d55b48c001a6e42?s=96&d=mm&r=g\",\"contentUrl\":\"https:\/\/secure.gravatar.com\/avatar\/9ecaf7327a696cb23ad926fedded5f1f04d7049de9e445375d55b48c001a6e42?s=96&d=mm&r=g\",\"caption\":\"Reda\u00e7\u00e3o\"},\"url\":\"https:\/\/brasilnoticias.org\/site\/author\/henrique\/\"}]}<\/script>\n<!-- \/ Yoast SEO plugin. -->","yoast_head_json":{"title":"Cotada a vice-governadora da Bahia explica candidatura do marido e acordo com aliados - Brasil not\u00edcias","robots":{"index":"index","follow":"follow","max-snippet":"max-snippet:-1","max-image-preview":"max-image-preview:large","max-video-preview":"max-video-preview:-1"},"canonical":"https:\/\/brasilnoticias.org\/site\/cotada-a-vice-governadora-da-bahia-explica-candidatura-do-marido-e-acordo-com-aliados\/","og_locale":"pt_PT","og_type":"article","og_title":"Cotada a vice-governadora da Bahia explica candidatura do marido e acordo com aliados - Brasil not\u00edcias","og_description":"Cotada para vice-governadora na chapa do pr\u00e9-candidato ao governo da Bahia, a prefeita de Vit\u00f3ria da Conquista, Sheila Lemos, negou","og_url":"https:\/\/brasilnoticias.org\/site\/cotada-a-vice-governadora-da-bahia-explica-candidatura-do-marido-e-acordo-com-aliados\/","og_site_name":"Brasil not\u00edcias","article_published_time":"2026-02-23T15:40:11+00:00","article_modified_time":"2026-02-23T15:44:39+00:00","og_image":[{"width":660,"height":400,"url":"https:\/\/brasilnoticias.org\/site\/wp-content\/uploads\/2026\/02\/Vitoria-da-Conquista-Sheila-Lemos-jpg.webp","type":"image\/webp"}],"author":"Reda\u00e7\u00e3o","twitter_card":"summary_large_image","twitter_misc":{"Escrito por":"Reda\u00e7\u00e3o","Tempo estimado de leitura":"2 minutos"},"schema":{"@context":"https:\/\/schema.org","@graph":[{"@type":"Article","@id":"https:\/\/brasilnoticias.org\/site\/cotada-a-vice-governadora-da-bahia-explica-candidatura-do-marido-e-acordo-com-aliados\/#article","isPartOf":{"@id":"https:\/\/brasilnoticias.org\/site\/cotada-a-vice-governadora-da-bahia-explica-candidatura-do-marido-e-acordo-com-aliados\/"},"author":{"name":"Reda\u00e7\u00e3o","@id":"https:\/\/brasilnoticias.org\/site\/#\/schema\/person\/03bbbfe6c7634ad18c26444ea39049fa"},"headline":"Cotada a vice-governadora da Bahia explica candidatura do marido e acordo com aliados","datePublished":"2026-02-23T15:40:11+00:00","dateModified":"2026-02-23T15:44:39+00:00","mainEntityOfPage":{"@id":"https:\/\/brasilnoticias.org\/site\/cotada-a-vice-governadora-da-bahia-explica-candidatura-do-marido-e-acordo-com-aliados\/"},"wordCount":304,"commentCount":0,"publisher":{"@id":"https:\/\/brasilnoticias.org\/site\/#organization"},"image":{"@id":"https:\/\/brasilnoticias.org\/site\/cotada-a-vice-governadora-da-bahia-explica-candidatura-do-marido-e-acordo-com-aliados\/#primaryimage"},"thumbnailUrl":"https:\/\/brasilnoticias.org\/site\/wp-content\/uploads\/2026\/02\/Vitoria-da-Conquista-Sheila-Lemos-jpg.webp","articleSection":["Pol\u00edtica","\u00daltimas"],"inLanguage":"pt-PT","potentialAction":[{"@type":"CommentAction","name":"Comment","target":["https:\/\/brasilnoticias.org\/site\/cotada-a-vice-governadora-da-bahia-explica-candidatura-do-marido-e-acordo-com-aliados\/#respond"]}]},{"@type":"WebPage","@id":"https:\/\/brasilnoticias.org\/site\/cotada-a-vice-governadora-da-bahia-explica-candidatura-do-marido-e-acordo-com-aliados\/","url":"https:\/\/brasilnoticias.org\/site\/cotada-a-vice-governadora-da-bahia-explica-candidatura-do-marido-e-acordo-com-aliados\/","name":"Cotada a vice-governadora da Bahia explica candidatura do marido e acordo com aliados - Brasil not\u00edcias","isPartOf":{"@id":"https:\/\/brasilnoticias.org\/site\/#website"},"primaryImageOfPage":{"@id":"https:\/\/brasilnoticias.org\/site\/cotada-a-vice-governadora-da-bahia-explica-candidatura-do-marido-e-acordo-com-aliados\/#primaryimage"},"image":{"@id":"https:\/\/brasilnoticias.org\/site\/cotada-a-vice-governadora-da-bahia-explica-candidatura-do-marido-e-acordo-com-aliados\/#primaryimage"},"thumbnailUrl":"https:\/\/brasilnoticias.org\/site\/wp-content\/uploads\/2026\/02\/Vitoria-da-Conquista-Sheila-Lemos-jpg.webp","datePublished":"2026-02-23T15:40:11+00:00","dateModified":"2026-02-23T15:44:39+00:00","breadcrumb":{"@id":"https:\/\/brasilnoticias.org\/site\/cotada-a-vice-governadora-da-bahia-explica-candidatura-do-marido-e-acordo-com-aliados\/#breadcrumb"},"inLanguage":"pt-PT","potentialAction":[{"@type":"ReadAction","target":["https:\/\/brasilnoticias.org\/site\/cotada-a-vice-governadora-da-bahia-explica-candidatura-do-marido-e-acordo-com-aliados\/"]}]},{"@type":"ImageObject","inLanguage":"pt-PT","@id":"https:\/\/brasilnoticias.org\/site\/cotada-a-vice-governadora-da-bahia-explica-candidatura-do-marido-e-acordo-com-aliados\/#primaryimage","url":"https:\/\/brasilnoticias.org\/site\/wp-content\/uploads\/2026\/02\/Vitoria-da-Conquista-Sheila-Lemos-jpg.webp","contentUrl":"https:\/\/brasilnoticias.org\/site\/wp-content\/uploads\/2026\/02\/Vitoria-da-Conquista-Sheila-Lemos-jpg.webp","width":660,"height":400},{"@type":"BreadcrumbList","@id":"https:\/\/brasilnoticias.org\/site\/cotada-a-vice-governadora-da-bahia-explica-candidatura-do-marido-e-acordo-com-aliados\/#breadcrumb","itemListElement":[{"@type":"ListItem","position":1,"name":"In\u00edcio","item":"https:\/\/brasilnoticias.org\/site\/"},{"@type":"ListItem","position":2,"name":"Cotada a vice-governadora da Bahia explica candidatura do marido e acordo com aliados"}]},{"@type":"WebSite","@id":"https:\/\/brasilnoticias.org\/site\/#website","url":"https:\/\/brasilnoticias.org\/site\/","name":"Brasil not\u00edcias","description":"Brasil not\u00edcias","publisher":{"@id":"https:\/\/brasilnoticias.org\/site\/#organization"},"potentialAction":[{"@type":"SearchAction","target":{"@type":"EntryPoint","urlTemplate":"https:\/\/brasilnoticias.org\/site\/?s={search_term_string}"},"query-input":{"@type":"PropertyValueSpecification","valueRequired":true,"valueName":"search_term_string"}}],"inLanguage":"pt-PT"},{"@type":"Organization","@id":"https:\/\/brasilnoticias.org\/site\/#organization","name":"Brasil not\u00edcias","url":"https:\/\/brasilnoticias.org\/site\/","logo":{"@type":"ImageObject","inLanguage":"pt-PT","@id":"https:\/\/brasilnoticias.org\/site\/#\/schema\/logo\/image\/","url":"https:\/\/brasilnoticias.org\/site\/wp-content\/uploads\/2022\/05\/cropped-brasilnoticias-mini.jpg","contentUrl":"https:\/\/brasilnoticias.org\/site\/wp-content\/uploads\/2022\/05\/cropped-brasilnoticias-mini.jpg","width":314,"height":86,"caption":"Brasil not\u00edcias"},"image":{"@id":"https:\/\/brasilnoticias.org\/site\/#\/schema\/logo\/image\/"}},{"@type":"Person","@id":"https:\/\/brasilnoticias.org\/site\/#\/schema\/person\/03bbbfe6c7634ad18c26444ea39049fa","name":"Reda\u00e7\u00e3o","image":{"@type":"ImageObject","inLanguage":"pt-PT","@id":"https:\/\/brasilnoticias.org\/site\/#\/schema\/person\/image\/","url":"https:\/\/secure.gravatar.com\/avatar\/9ecaf7327a696cb23ad926fedded5f1f04d7049de9e445375d55b48c001a6e42?s=96&d=mm&r=g","contentUrl":"https:\/\/secure.gravatar.com\/avatar\/9ecaf7327a696cb23ad926fedded5f1f04d7049de9e445375d55b48c001a6e42?s=96&d=mm&r=g","caption":"Reda\u00e7\u00e3o"},"url":"https:\/\/brasilnoticias.org\/site\/author\/henrique\/"}]}},"_links":{"self":[{"href":"https:\/\/brasilnoticias.org\/site\/wp-json\/wp\/v2\/posts\/20409","targetHints":{"allow":["GET"]}}],"collection":[{"href":"https:\/\/brasilnoticias.org\/site\/wp-json\/wp\/v2\/posts"}],"about":[{"href":"https:\/\/brasilnoticias.org\/site\/wp-json\/wp\/v2\/types\/post"}],"author":[{"embeddable":true,"href":"https:\/\/brasilnoticias.org\/site\/wp-json\/wp\/v2\/users\/4"}],"replies":[{"embeddable":true,"href":"https:\/\/brasilnoticias.org\/site\/wp-json\/wp\/v2\/comments?post=20409"}],"version-history":[{"count":3,"href":"https:\/\/brasilnoticias.org\/site\/wp-json\/wp\/v2\/posts\/20409\/revisions"}],"predecessor-version":[{"id":20414,"href":"https:\/\/brasilnoticias.org\/site\/wp-json\/wp\/v2\/posts\/20409\/revisions\/20414"}],"wp:featuredmedia":[{"embeddable":true,"href":"https:\/\/brasilnoticias.org\/site\/wp-json\/wp\/v2\/media\/20412"}],"wp:attachment":[{"href":"https:\/\/brasilnoticias.org\/site\/wp-json\/wp\/v2\/media?parent=20409"}],"wp:term":[{"taxonomy":"category","embeddable":true,"href":"https:\/\/brasilnoticias.org\/site\/wp-json\/wp\/v2\/categories?post=20409"},{"taxonomy":"post_tag","embeddable":true,"href":"https:\/\/brasilnoticias.org\/site\/wp-json\/wp\/v2\/tags?post=20409"}],"curies":[{"name":"wp","href":"https:\/\/api.w.org\/{rel}","templated":true}]}}