{"id":20419,"date":"2026-02-24T07:05:42","date_gmt":"2026-02-24T10:05:42","guid":{"rendered":"https:\/\/brasilnoticias.org\/site\/?p=20419"},"modified":"2026-02-24T07:05:42","modified_gmt":"2026-02-24T10:05:42","slug":"justica-federal-anula-leilao-de-area-na-encosta-da-vitoria-e-impede-nova-venda-do-terreno-em-salvador","status":"publish","type":"post","link":"https:\/\/brasilnoticias.org\/site\/justica-federal-anula-leilao-de-area-na-encosta-da-vitoria-e-impede-nova-venda-do-terreno-em-salvador\/","title":{"rendered":"Justi\u00e7a Federal anula leil\u00e3o de \u00e1rea na Encosta da Vit\u00f3ria e impede nova venda do terreno em Salvador"},"content":{"rendered":"<p>Segundo informa\u00e7\u00f5es divulgadas pelo Metro1, a Justi\u00e7a Federal anulou o leil\u00e3o de um terreno da Encosta da Vit\u00f3ria, no Corredor da Vit\u00f3ria, em Salvador, e proibiu a Prefeitura de Salvador de tentar realizar novo certame para vender a \u00e1rea p\u00fablica. A decis\u00e3o atende a uma a\u00e7\u00e3o civil p\u00fablica movida pelo Conselho de Arquitetura e Urbanismo da Bahia (CAU-BA), com o apoio do Minist\u00e9rio P\u00fablico Federal (MPF).<\/p>\n<p>O terreno, identificado como im\u00f3vel C044, havia sido inclu\u00eddo no Edital de Leil\u00e3o Presencial n\u00ba 01\/2024, com base na Lei Municipal n\u00ba 9.775\/2023, que prev\u00ea a desafeta\u00e7\u00e3o e aliena\u00e7\u00e3o de im\u00f3veis p\u00fablicos. A Prefeitura justificava que a \u00e1rea era \u201cn\u00e3o edific\u00e1vel\u201d e que a venda poderia gerar recursos para investimentos municipais.<\/p>\n<p>No entanto, o juiz da 6\u00aa Vara Federal, Marcel Peres, considerou que, mesmo com a cl\u00e1usula de n\u00e3o edificabilidade, a transfer\u00eancia para a iniciativa privada poderia ampliar o risco de degrada\u00e7\u00e3o ambiental no futuro. Para o magistrado, a justificativa econ\u00f4mica apresentada pelo Munic\u00edpio n\u00e3o supera o risco ambiental previsto pela Constitui\u00e7\u00e3o Federal, que garante a prote\u00e7\u00e3o do meio ambiente.<\/p>\n<p>Al\u00e9m disso, a Justi\u00e7a declarou inconstitucional, em parte, o artigo da lei municipal que autorizava a venda do im\u00f3vel e determinou que a Prefeitura se abstenha de qualquer aliena\u00e7\u00e3o ou altera\u00e7\u00e3o no regime de prote\u00e7\u00e3o da \u00e1rea. Todos os atos administrativos relacionados ao leil\u00e3o foram anulados.<\/p>\n<p>O CAU-BA avaliou a decis\u00e3o como um passo importante para garantir que as decis\u00f5es sobre \u00e1reas p\u00fablicas urban\u00edsticas e ambientais sigam crit\u00e9rios t\u00e9cnicos e de interesse coletivo, e informou que seguir\u00e1 atuando para proteger outras \u00e1reas que possam estar sob risco de venda inadequada.<\/p>\n<p>A decis\u00e3o ainda pode ser objeto de recurso no Tribunal Regional Federal da 1\u00aa Regi\u00e3o (TRF-1).<\/p>\n<p>Foto: Reprodu\u00e7\u00e3o<\/p>\n","protected":false},"excerpt":{"rendered":"<p>Segundo informa\u00e7\u00f5es divulgadas pelo Metro1, a Justi\u00e7a Federal anulou o leil\u00e3o de um terreno da Encosta da Vit\u00f3ria, no Corredor<\/p>\n","protected":false},"author":4,"featured_media":20420,"comment_status":"open","ping_status":"open","sticky":false,"template":"","format":"standard","meta":{"colormag_page_container_layout":"default_layout","colormag_page_sidebar_layout":"default_layout","_FSMCFIC_featured_image_caption":"","_FSMCFIC_featured_image_nocaption":"","_FSMCFIC_featured_image_hide":"","footnotes":""},"categories":[7,1],"tags":[],"class_list":["post-20419","post","type-post","status-publish","format-standard","has-post-thumbnail","hentry","category-justica","category-ultimas"],"yoast_head":"<!-- This site is optimized with the Yoast SEO plugin v27.1.1 - https:\/\/yoast.com\/product\/yoast-seo-wordpress\/ -->\n<title>Justi\u00e7a Federal anula leil\u00e3o de \u00e1rea na Encosta da Vit\u00f3ria e impede nova venda do terreno em Salvador - Brasil not\u00edcias<\/title>\n<meta name=\"robots\" content=\"index, follow, max-snippet:-1, max-image-preview:large, max-video-preview:-1\" \/>\n<link rel=\"canonical\" href=\"https:\/\/brasilnoticias.org\/site\/justica-federal-anula-leilao-de-area-na-encosta-da-vitoria-e-impede-nova-venda-do-terreno-em-salvador\/\" \/>\n<meta property=\"og:locale\" content=\"pt_PT\" \/>\n<meta property=\"og:type\" content=\"article\" \/>\n<meta property=\"og:title\" content=\"Justi\u00e7a Federal anula leil\u00e3o de \u00e1rea na Encosta da Vit\u00f3ria e impede nova venda do terreno em Salvador - Brasil not\u00edcias\" \/>\n<meta property=\"og:description\" content=\"Segundo informa\u00e7\u00f5es divulgadas pelo Metro1, a Justi\u00e7a Federal anulou o leil\u00e3o de um terreno da Encosta da Vit\u00f3ria, no Corredor\" \/>\n<meta property=\"og:url\" content=\"https:\/\/brasilnoticias.org\/site\/justica-federal-anula-leilao-de-area-na-encosta-da-vitoria-e-impede-nova-venda-do-terreno-em-salvador\/\" \/>\n<meta property=\"og:site_name\" content=\"Brasil not\u00edcias\" \/>\n<meta property=\"article:published_time\" content=\"2026-02-24T10:05:42+00:00\" \/>\n<meta property=\"og:image\" content=\"https:\/\/brasilnoticias.org\/site\/wp-content\/uploads\/2026\/02\/178463justica-federal-anula-leilao-de-area-na-encosta-da-vitoria-apos-acoes-do-cau-da-bahia-3.jpg\" \/>\n\t<meta property=\"og:image:width\" content=\"1600\" \/>\n\t<meta property=\"og:image:height\" content=\"752\" \/>\n\t<meta property=\"og:image:type\" content=\"image\/jpeg\" \/>\n<meta name=\"author\" content=\"Reda\u00e7\u00e3o\" \/>\n<meta name=\"twitter:card\" content=\"summary_large_image\" \/>\n<meta name=\"twitter:label1\" content=\"Escrito por\" \/>\n\t<meta name=\"twitter:data1\" content=\"Reda\u00e7\u00e3o\" \/>\n\t<meta name=\"twitter:label2\" content=\"Tempo estimado de leitura\" \/>\n\t<meta name=\"twitter:data2\" content=\"1 minuto\" \/>\n<script type=\"application\/ld+json\" class=\"yoast-schema-graph\">{\"@context\":\"https:\/\/schema.org\",\"@graph\":[{\"@type\":\"Article\",\"@id\":\"https:\/\/brasilnoticias.org\/site\/justica-federal-anula-leilao-de-area-na-encosta-da-vitoria-e-impede-nova-venda-do-terreno-em-salvador\/#article\",\"isPartOf\":{\"@id\":\"https:\/\/brasilnoticias.org\/site\/justica-federal-anula-leilao-de-area-na-encosta-da-vitoria-e-impede-nova-venda-do-terreno-em-salvador\/\"},\"author\":{\"name\":\"Reda\u00e7\u00e3o\",\"@id\":\"https:\/\/brasilnoticias.org\/site\/#\/schema\/person\/03bbbfe6c7634ad18c26444ea39049fa\"},\"headline\":\"Justi\u00e7a Federal anula leil\u00e3o de \u00e1rea na Encosta da Vit\u00f3ria e impede nova venda do terreno em Salvador\",\"datePublished\":\"2026-02-24T10:05:42+00:00\",\"mainEntityOfPage\":{\"@id\":\"https:\/\/brasilnoticias.org\/site\/justica-federal-anula-leilao-de-area-na-encosta-da-vitoria-e-impede-nova-venda-do-terreno-em-salvador\/\"},\"wordCount\":346,\"commentCount\":0,\"publisher\":{\"@id\":\"https:\/\/brasilnoticias.org\/site\/#organization\"},\"image\":{\"@id\":\"https:\/\/brasilnoticias.org\/site\/justica-federal-anula-leilao-de-area-na-encosta-da-vitoria-e-impede-nova-venda-do-terreno-em-salvador\/#primaryimage\"},\"thumbnailUrl\":\"https:\/\/brasilnoticias.org\/site\/wp-content\/uploads\/2026\/02\/178463justica-federal-anula-leilao-de-area-na-encosta-da-vitoria-apos-acoes-do-cau-da-bahia-3.jpg\",\"articleSection\":[\"Justi\u00e7a\",\"\u00daltimas\"],\"inLanguage\":\"pt-PT\",\"potentialAction\":[{\"@type\":\"CommentAction\",\"name\":\"Comment\",\"target\":[\"https:\/\/brasilnoticias.org\/site\/justica-federal-anula-leilao-de-area-na-encosta-da-vitoria-e-impede-nova-venda-do-terreno-em-salvador\/#respond\"]}]},{\"@type\":\"WebPage\",\"@id\":\"https:\/\/brasilnoticias.org\/site\/justica-federal-anula-leilao-de-area-na-encosta-da-vitoria-e-impede-nova-venda-do-terreno-em-salvador\/\",\"url\":\"https:\/\/brasilnoticias.org\/site\/justica-federal-anula-leilao-de-area-na-encosta-da-vitoria-e-impede-nova-venda-do-terreno-em-salvador\/\",\"name\":\"Justi\u00e7a Federal anula leil\u00e3o de \u00e1rea na Encosta da Vit\u00f3ria e impede nova venda do terreno em Salvador - Brasil not\u00edcias\",\"isPartOf\":{\"@id\":\"https:\/\/brasilnoticias.org\/site\/#website\"},\"primaryImageOfPage\":{\"@id\":\"https:\/\/brasilnoticias.org\/site\/justica-federal-anula-leilao-de-area-na-encosta-da-vitoria-e-impede-nova-venda-do-terreno-em-salvador\/#primaryimage\"},\"image\":{\"@id\":\"https:\/\/brasilnoticias.org\/site\/justica-federal-anula-leilao-de-area-na-encosta-da-vitoria-e-impede-nova-venda-do-terreno-em-salvador\/#primaryimage\"},\"thumbnailUrl\":\"https:\/\/brasilnoticias.org\/site\/wp-content\/uploads\/2026\/02\/178463justica-federal-anula-leilao-de-area-na-encosta-da-vitoria-apos-acoes-do-cau-da-bahia-3.jpg\",\"datePublished\":\"2026-02-24T10:05:42+00:00\",\"breadcrumb\":{\"@id\":\"https:\/\/brasilnoticias.org\/site\/justica-federal-anula-leilao-de-area-na-encosta-da-vitoria-e-impede-nova-venda-do-terreno-em-salvador\/#breadcrumb\"},\"inLanguage\":\"pt-PT\",\"potentialAction\":[{\"@type\":\"ReadAction\",\"target\":[\"https:\/\/brasilnoticias.org\/site\/justica-federal-anula-leilao-de-area-na-encosta-da-vitoria-e-impede-nova-venda-do-terreno-em-salvador\/\"]}]},{\"@type\":\"ImageObject\",\"inLanguage\":\"pt-PT\",\"@id\":\"https:\/\/brasilnoticias.org\/site\/justica-federal-anula-leilao-de-area-na-encosta-da-vitoria-e-impede-nova-venda-do-terreno-em-salvador\/#primaryimage\",\"url\":\"https:\/\/brasilnoticias.org\/site\/wp-content\/uploads\/2026\/02\/178463justica-federal-anula-leilao-de-area-na-encosta-da-vitoria-apos-acoes-do-cau-da-bahia-3.jpg\",\"contentUrl\":\"https:\/\/brasilnoticias.org\/site\/wp-content\/uploads\/2026\/02\/178463justica-federal-anula-leilao-de-area-na-encosta-da-vitoria-apos-acoes-do-cau-da-bahia-3.jpg\",\"width\":1600,\"height\":752},{\"@type\":\"BreadcrumbList\",\"@id\":\"https:\/\/brasilnoticias.org\/site\/justica-federal-anula-leilao-de-area-na-encosta-da-vitoria-e-impede-nova-venda-do-terreno-em-salvador\/#breadcrumb\",\"itemListElement\":[{\"@type\":\"ListItem\",\"position\":1,\"name\":\"In\u00edcio\",\"item\":\"https:\/\/brasilnoticias.org\/site\/\"},{\"@type\":\"ListItem\",\"position\":2,\"name\":\"Justi\u00e7a Federal anula leil\u00e3o de \u00e1rea na Encosta da Vit\u00f3ria e impede nova venda do terreno em Salvador\"}]},{\"@type\":\"WebSite\",\"@id\":\"https:\/\/brasilnoticias.org\/site\/#website\",\"url\":\"https:\/\/brasilnoticias.org\/site\/\",\"name\":\"Brasil not\u00edcias\",\"description\":\"Brasil not\u00edcias\",\"publisher\":{\"@id\":\"https:\/\/brasilnoticias.org\/site\/#organization\"},\"potentialAction\":[{\"@type\":\"SearchAction\",\"target\":{\"@type\":\"EntryPoint\",\"urlTemplate\":\"https:\/\/brasilnoticias.org\/site\/?s={search_term_string}\"},\"query-input\":{\"@type\":\"PropertyValueSpecification\",\"valueRequired\":true,\"valueName\":\"search_term_string\"}}],\"inLanguage\":\"pt-PT\"},{\"@type\":\"Organization\",\"@id\":\"https:\/\/brasilnoticias.org\/site\/#organization\",\"name\":\"Brasil not\u00edcias\",\"url\":\"https:\/\/brasilnoticias.org\/site\/\",\"logo\":{\"@type\":\"ImageObject\",\"inLanguage\":\"pt-PT\",\"@id\":\"https:\/\/brasilnoticias.org\/site\/#\/schema\/logo\/image\/\",\"url\":\"https:\/\/brasilnoticias.org\/site\/wp-content\/uploads\/2022\/05\/cropped-brasilnoticias-mini.jpg\",\"contentUrl\":\"https:\/\/brasilnoticias.org\/site\/wp-content\/uploads\/2022\/05\/cropped-brasilnoticias-mini.jpg\",\"width\":314,\"height\":86,\"caption\":\"Brasil not\u00edcias\"},\"image\":{\"@id\":\"https:\/\/brasilnoticias.org\/site\/#\/schema\/logo\/image\/\"}},{\"@type\":\"Person\",\"@id\":\"https:\/\/brasilnoticias.org\/site\/#\/schema\/person\/03bbbfe6c7634ad18c26444ea39049fa\",\"name\":\"Reda\u00e7\u00e3o\",\"image\":{\"@type\":\"ImageObject\",\"inLanguage\":\"pt-PT\",\"@id\":\"https:\/\/brasilnoticias.org\/site\/#\/schema\/person\/image\/\",\"url\":\"https:\/\/secure.gravatar.com\/avatar\/9ecaf7327a696cb23ad926fedded5f1f04d7049de9e445375d55b48c001a6e42?s=96&d=mm&r=g\",\"contentUrl\":\"https:\/\/secure.gravatar.com\/avatar\/9ecaf7327a696cb23ad926fedded5f1f04d7049de9e445375d55b48c001a6e42?s=96&d=mm&r=g\",\"caption\":\"Reda\u00e7\u00e3o\"},\"url\":\"https:\/\/brasilnoticias.org\/site\/author\/henrique\/\"}]}<\/script>\n<!-- \/ Yoast SEO plugin. -->","yoast_head_json":{"title":"Justi\u00e7a Federal anula leil\u00e3o de \u00e1rea na Encosta da Vit\u00f3ria e impede nova venda do terreno em Salvador - Brasil not\u00edcias","robots":{"index":"index","follow":"follow","max-snippet":"max-snippet:-1","max-image-preview":"max-image-preview:large","max-video-preview":"max-video-preview:-1"},"canonical":"https:\/\/brasilnoticias.org\/site\/justica-federal-anula-leilao-de-area-na-encosta-da-vitoria-e-impede-nova-venda-do-terreno-em-salvador\/","og_locale":"pt_PT","og_type":"article","og_title":"Justi\u00e7a Federal anula leil\u00e3o de \u00e1rea na Encosta da Vit\u00f3ria e impede nova venda do terreno em Salvador - Brasil not\u00edcias","og_description":"Segundo informa\u00e7\u00f5es divulgadas pelo Metro1, a Justi\u00e7a Federal anulou o leil\u00e3o de um terreno da Encosta da Vit\u00f3ria, no Corredor","og_url":"https:\/\/brasilnoticias.org\/site\/justica-federal-anula-leilao-de-area-na-encosta-da-vitoria-e-impede-nova-venda-do-terreno-em-salvador\/","og_site_name":"Brasil not\u00edcias","article_published_time":"2026-02-24T10:05:42+00:00","og_image":[{"width":1600,"height":752,"url":"https:\/\/brasilnoticias.org\/site\/wp-content\/uploads\/2026\/02\/178463justica-federal-anula-leilao-de-area-na-encosta-da-vitoria-apos-acoes-do-cau-da-bahia-3.jpg","type":"image\/jpeg"}],"author":"Reda\u00e7\u00e3o","twitter_card":"summary_large_image","twitter_misc":{"Escrito por":"Reda\u00e7\u00e3o","Tempo estimado de leitura":"1 minuto"},"schema":{"@context":"https:\/\/schema.org","@graph":[{"@type":"Article","@id":"https:\/\/brasilnoticias.org\/site\/justica-federal-anula-leilao-de-area-na-encosta-da-vitoria-e-impede-nova-venda-do-terreno-em-salvador\/#article","isPartOf":{"@id":"https:\/\/brasilnoticias.org\/site\/justica-federal-anula-leilao-de-area-na-encosta-da-vitoria-e-impede-nova-venda-do-terreno-em-salvador\/"},"author":{"name":"Reda\u00e7\u00e3o","@id":"https:\/\/brasilnoticias.org\/site\/#\/schema\/person\/03bbbfe6c7634ad18c26444ea39049fa"},"headline":"Justi\u00e7a Federal anula leil\u00e3o de \u00e1rea na Encosta da Vit\u00f3ria e impede nova venda do terreno em Salvador","datePublished":"2026-02-24T10:05:42+00:00","mainEntityOfPage":{"@id":"https:\/\/brasilnoticias.org\/site\/justica-federal-anula-leilao-de-area-na-encosta-da-vitoria-e-impede-nova-venda-do-terreno-em-salvador\/"},"wordCount":346,"commentCount":0,"publisher":{"@id":"https:\/\/brasilnoticias.org\/site\/#organization"},"image":{"@id":"https:\/\/brasilnoticias.org\/site\/justica-federal-anula-leilao-de-area-na-encosta-da-vitoria-e-impede-nova-venda-do-terreno-em-salvador\/#primaryimage"},"thumbnailUrl":"https:\/\/brasilnoticias.org\/site\/wp-content\/uploads\/2026\/02\/178463justica-federal-anula-leilao-de-area-na-encosta-da-vitoria-apos-acoes-do-cau-da-bahia-3.jpg","articleSection":["Justi\u00e7a","\u00daltimas"],"inLanguage":"pt-PT","potentialAction":[{"@type":"CommentAction","name":"Comment","target":["https:\/\/brasilnoticias.org\/site\/justica-federal-anula-leilao-de-area-na-encosta-da-vitoria-e-impede-nova-venda-do-terreno-em-salvador\/#respond"]}]},{"@type":"WebPage","@id":"https:\/\/brasilnoticias.org\/site\/justica-federal-anula-leilao-de-area-na-encosta-da-vitoria-e-impede-nova-venda-do-terreno-em-salvador\/","url":"https:\/\/brasilnoticias.org\/site\/justica-federal-anula-leilao-de-area-na-encosta-da-vitoria-e-impede-nova-venda-do-terreno-em-salvador\/","name":"Justi\u00e7a Federal anula leil\u00e3o de \u00e1rea na Encosta da Vit\u00f3ria e impede nova venda do terreno em Salvador - Brasil not\u00edcias","isPartOf":{"@id":"https:\/\/brasilnoticias.org\/site\/#website"},"primaryImageOfPage":{"@id":"https:\/\/brasilnoticias.org\/site\/justica-federal-anula-leilao-de-area-na-encosta-da-vitoria-e-impede-nova-venda-do-terreno-em-salvador\/#primaryimage"},"image":{"@id":"https:\/\/brasilnoticias.org\/site\/justica-federal-anula-leilao-de-area-na-encosta-da-vitoria-e-impede-nova-venda-do-terreno-em-salvador\/#primaryimage"},"thumbnailUrl":"https:\/\/brasilnoticias.org\/site\/wp-content\/uploads\/2026\/02\/178463justica-federal-anula-leilao-de-area-na-encosta-da-vitoria-apos-acoes-do-cau-da-bahia-3.jpg","datePublished":"2026-02-24T10:05:42+00:00","breadcrumb":{"@id":"https:\/\/brasilnoticias.org\/site\/justica-federal-anula-leilao-de-area-na-encosta-da-vitoria-e-impede-nova-venda-do-terreno-em-salvador\/#breadcrumb"},"inLanguage":"pt-PT","potentialAction":[{"@type":"ReadAction","target":["https:\/\/brasilnoticias.org\/site\/justica-federal-anula-leilao-de-area-na-encosta-da-vitoria-e-impede-nova-venda-do-terreno-em-salvador\/"]}]},{"@type":"ImageObject","inLanguage":"pt-PT","@id":"https:\/\/brasilnoticias.org\/site\/justica-federal-anula-leilao-de-area-na-encosta-da-vitoria-e-impede-nova-venda-do-terreno-em-salvador\/#primaryimage","url":"https:\/\/brasilnoticias.org\/site\/wp-content\/uploads\/2026\/02\/178463justica-federal-anula-leilao-de-area-na-encosta-da-vitoria-apos-acoes-do-cau-da-bahia-3.jpg","contentUrl":"https:\/\/brasilnoticias.org\/site\/wp-content\/uploads\/2026\/02\/178463justica-federal-anula-leilao-de-area-na-encosta-da-vitoria-apos-acoes-do-cau-da-bahia-3.jpg","width":1600,"height":752},{"@type":"BreadcrumbList","@id":"https:\/\/brasilnoticias.org\/site\/justica-federal-anula-leilao-de-area-na-encosta-da-vitoria-e-impede-nova-venda-do-terreno-em-salvador\/#breadcrumb","itemListElement":[{"@type":"ListItem","position":1,"name":"In\u00edcio","item":"https:\/\/brasilnoticias.org\/site\/"},{"@type":"ListItem","position":2,"name":"Justi\u00e7a Federal anula leil\u00e3o de \u00e1rea na Encosta da Vit\u00f3ria e impede nova venda do terreno em Salvador"}]},{"@type":"WebSite","@id":"https:\/\/brasilnoticias.org\/site\/#website","url":"https:\/\/brasilnoticias.org\/site\/","name":"Brasil not\u00edcias","description":"Brasil not\u00edcias","publisher":{"@id":"https:\/\/brasilnoticias.org\/site\/#organization"},"potentialAction":[{"@type":"SearchAction","target":{"@type":"EntryPoint","urlTemplate":"https:\/\/brasilnoticias.org\/site\/?s={search_term_string}"},"query-input":{"@type":"PropertyValueSpecification","valueRequired":true,"valueName":"search_term_string"}}],"inLanguage":"pt-PT"},{"@type":"Organization","@id":"https:\/\/brasilnoticias.org\/site\/#organization","name":"Brasil not\u00edcias","url":"https:\/\/brasilnoticias.org\/site\/","logo":{"@type":"ImageObject","inLanguage":"pt-PT","@id":"https:\/\/brasilnoticias.org\/site\/#\/schema\/logo\/image\/","url":"https:\/\/brasilnoticias.org\/site\/wp-content\/uploads\/2022\/05\/cropped-brasilnoticias-mini.jpg","contentUrl":"https:\/\/brasilnoticias.org\/site\/wp-content\/uploads\/2022\/05\/cropped-brasilnoticias-mini.jpg","width":314,"height":86,"caption":"Brasil not\u00edcias"},"image":{"@id":"https:\/\/brasilnoticias.org\/site\/#\/schema\/logo\/image\/"}},{"@type":"Person","@id":"https:\/\/brasilnoticias.org\/site\/#\/schema\/person\/03bbbfe6c7634ad18c26444ea39049fa","name":"Reda\u00e7\u00e3o","image":{"@type":"ImageObject","inLanguage":"pt-PT","@id":"https:\/\/brasilnoticias.org\/site\/#\/schema\/person\/image\/","url":"https:\/\/secure.gravatar.com\/avatar\/9ecaf7327a696cb23ad926fedded5f1f04d7049de9e445375d55b48c001a6e42?s=96&d=mm&r=g","contentUrl":"https:\/\/secure.gravatar.com\/avatar\/9ecaf7327a696cb23ad926fedded5f1f04d7049de9e445375d55b48c001a6e42?s=96&d=mm&r=g","caption":"Reda\u00e7\u00e3o"},"url":"https:\/\/brasilnoticias.org\/site\/author\/henrique\/"}]}},"_links":{"self":[{"href":"https:\/\/brasilnoticias.org\/site\/wp-json\/wp\/v2\/posts\/20419","targetHints":{"allow":["GET"]}}],"collection":[{"href":"https:\/\/brasilnoticias.org\/site\/wp-json\/wp\/v2\/posts"}],"about":[{"href":"https:\/\/brasilnoticias.org\/site\/wp-json\/wp\/v2\/types\/post"}],"author":[{"embeddable":true,"href":"https:\/\/brasilnoticias.org\/site\/wp-json\/wp\/v2\/users\/4"}],"replies":[{"embeddable":true,"href":"https:\/\/brasilnoticias.org\/site\/wp-json\/wp\/v2\/comments?post=20419"}],"version-history":[{"count":1,"href":"https:\/\/brasilnoticias.org\/site\/wp-json\/wp\/v2\/posts\/20419\/revisions"}],"predecessor-version":[{"id":20421,"href":"https:\/\/brasilnoticias.org\/site\/wp-json\/wp\/v2\/posts\/20419\/revisions\/20421"}],"wp:featuredmedia":[{"embeddable":true,"href":"https:\/\/brasilnoticias.org\/site\/wp-json\/wp\/v2\/media\/20420"}],"wp:attachment":[{"href":"https:\/\/brasilnoticias.org\/site\/wp-json\/wp\/v2\/media?parent=20419"}],"wp:term":[{"taxonomy":"category","embeddable":true,"href":"https:\/\/brasilnoticias.org\/site\/wp-json\/wp\/v2\/categories?post=20419"},{"taxonomy":"post_tag","embeddable":true,"href":"https:\/\/brasilnoticias.org\/site\/wp-json\/wp\/v2\/tags?post=20419"}],"curies":[{"name":"wp","href":"https:\/\/api.w.org\/{rel}","templated":true}]}}