{"id":20422,"date":"2026-02-24T07:10:54","date_gmt":"2026-02-24T10:10:54","guid":{"rendered":"https:\/\/brasilnoticias.org\/site\/?p=20422"},"modified":"2026-02-24T07:10:54","modified_gmt":"2026-02-24T10:10:54","slug":"moradores-de-costa-azul-reforcam-relatos-de-troca-de-tiros-entre-criminosos","status":"publish","type":"post","link":"https:\/\/brasilnoticias.org\/site\/moradores-de-costa-azul-reforcam-relatos-de-troca-de-tiros-entre-criminosos\/","title":{"rendered":"Moradores de Costa Azul refor\u00e7am relatos de troca de tiros entre criminosos"},"content":{"rendered":"<p>Segundo informa\u00e7\u00f5es divulgadas pelo BNews, moradores do bairro Costa Azul, em Salvador, voltaram a registrar uma troca de tiros entre criminosos na madrugada desta ter\u00e7a-feira (24). O caso mais recente \u00e9 parte de uma sequ\u00eancia de confrontos que v\u00eam ocorrendo entre grupos rivais na regi\u00e3o conhecida como Inferninho.<\/p>\n<p>De acordo com relatos de quem vive na \u00e1rea, os disparos come\u00e7aram por volta de 00h14, e os barulhos foram t\u00e3o intensos que moradores afirmaram que pareciam de fuzil, n\u00e3o de pistola, gerando medo e tens\u00e3o entre quem estava acordado no momento. Alguns moradores enviaram v\u00eddeos que captam o som dos tiros, refor\u00e7ando a sensa\u00e7\u00e3o de inseguran\u00e7a.<\/p>\n<p>Esse tipo de ocorr\u00eancia n\u00e3o \u00e9 isolada no bairro. Confrontos entre fac\u00e7\u00f5es t\u00eam sido relatados na localidade h\u00e1 dias, com epis\u00f3dios semelhantes registrados desde a \u00faltima sexta-feira (20), segundo moradores, motivados por disputas territoriais entre grupos criminosos que atuam na regi\u00e3o.<\/p>\n<p>Costa Azul \u00e9 um bairro situado na capital baiana e, ao longo dos \u00faltimos meses, tem registrado epis\u00f3dios de viol\u00eancia associados \u00e0 disputa por \u00e1reas de atua\u00e7\u00e3o de organiza\u00e7\u00f5es criminosas, o que tem deixado a popula\u00e7\u00e3o em alerta e tem levado a uma crescente preocupa\u00e7\u00e3o dos residentes com a seguran\u00e7a local.<\/p>\n<p>Foto: Divulga\u00e7\u00e3o<\/p>\n","protected":false},"excerpt":{"rendered":"<p>Segundo informa\u00e7\u00f5es divulgadas pelo BNews, moradores do bairro Costa Azul, em Salvador, voltaram a registrar uma troca de tiros entre<\/p>\n","protected":false},"author":4,"featured_media":20423,"comment_status":"open","ping_status":"open","sticky":false,"template":"","format":"standard","meta":{"colormag_page_container_layout":"default_layout","colormag_page_sidebar_layout":"default_layout","_FSMCFIC_featured_image_caption":"","_FSMCFIC_featured_image_nocaption":"","_FSMCFIC_featured_image_hide":"","footnotes":""},"categories":[3,1],"tags":[],"class_list":["post-20422","post","type-post","status-publish","format-standard","has-post-thumbnail","hentry","category-policia","category-ultimas"],"yoast_head":"<!-- This site is optimized with the Yoast SEO plugin v27.1.1 - https:\/\/yoast.com\/product\/yoast-seo-wordpress\/ -->\n<title>Moradores de Costa Azul refor\u00e7am relatos de troca de tiros entre criminosos - Brasil not\u00edcias<\/title>\n<meta name=\"robots\" content=\"index, follow, max-snippet:-1, max-image-preview:large, max-video-preview:-1\" \/>\n<link rel=\"canonical\" href=\"https:\/\/brasilnoticias.org\/site\/moradores-de-costa-azul-reforcam-relatos-de-troca-de-tiros-entre-criminosos\/\" \/>\n<meta property=\"og:locale\" content=\"pt_PT\" \/>\n<meta property=\"og:type\" content=\"article\" \/>\n<meta property=\"og:title\" content=\"Moradores de Costa Azul refor\u00e7am relatos de troca de tiros entre criminosos - Brasil not\u00edcias\" \/>\n<meta property=\"og:description\" content=\"Segundo informa\u00e7\u00f5es divulgadas pelo BNews, moradores do bairro Costa Azul, em Salvador, voltaram a registrar uma troca de tiros entre\" \/>\n<meta property=\"og:url\" content=\"https:\/\/brasilnoticias.org\/site\/moradores-de-costa-azul-reforcam-relatos-de-troca-de-tiros-entre-criminosos\/\" \/>\n<meta property=\"og:site_name\" content=\"Brasil not\u00edcias\" \/>\n<meta property=\"article:published_time\" content=\"2026-02-24T10:10:54+00:00\" \/>\n<meta property=\"og:image\" content=\"https:\/\/brasilnoticias.org\/site\/wp-content\/uploads\/2026\/02\/tiroteio_widelg.jpg\" \/>\n\t<meta property=\"og:image:width\" content=\"800\" \/>\n\t<meta property=\"og:image:height\" content=\"450\" \/>\n\t<meta property=\"og:image:type\" content=\"image\/jpeg\" \/>\n<meta name=\"author\" content=\"Reda\u00e7\u00e3o\" \/>\n<meta name=\"twitter:card\" content=\"summary_large_image\" \/>\n<meta name=\"twitter:label1\" content=\"Escrito por\" \/>\n\t<meta name=\"twitter:data1\" content=\"Reda\u00e7\u00e3o\" \/>\n\t<meta name=\"twitter:label2\" content=\"Tempo estimado de leitura\" \/>\n\t<meta name=\"twitter:data2\" content=\"1 minuto\" \/>\n<script type=\"application\/ld+json\" class=\"yoast-schema-graph\">{\"@context\":\"https:\/\/schema.org\",\"@graph\":[{\"@type\":\"Article\",\"@id\":\"https:\/\/brasilnoticias.org\/site\/moradores-de-costa-azul-reforcam-relatos-de-troca-de-tiros-entre-criminosos\/#article\",\"isPartOf\":{\"@id\":\"https:\/\/brasilnoticias.org\/site\/moradores-de-costa-azul-reforcam-relatos-de-troca-de-tiros-entre-criminosos\/\"},\"author\":{\"name\":\"Reda\u00e7\u00e3o\",\"@id\":\"https:\/\/brasilnoticias.org\/site\/#\/schema\/person\/03bbbfe6c7634ad18c26444ea39049fa\"},\"headline\":\"Moradores de Costa Azul refor\u00e7am relatos de troca de tiros entre criminosos\",\"datePublished\":\"2026-02-24T10:10:54+00:00\",\"mainEntityOfPage\":{\"@id\":\"https:\/\/brasilnoticias.org\/site\/moradores-de-costa-azul-reforcam-relatos-de-troca-de-tiros-entre-criminosos\/\"},\"wordCount\":233,\"commentCount\":0,\"publisher\":{\"@id\":\"https:\/\/brasilnoticias.org\/site\/#organization\"},\"image\":{\"@id\":\"https:\/\/brasilnoticias.org\/site\/moradores-de-costa-azul-reforcam-relatos-de-troca-de-tiros-entre-criminosos\/#primaryimage\"},\"thumbnailUrl\":\"https:\/\/brasilnoticias.org\/site\/wp-content\/uploads\/2026\/02\/tiroteio_widelg.jpg\",\"articleSection\":[\"Pol\u00edcia\",\"\u00daltimas\"],\"inLanguage\":\"pt-PT\",\"potentialAction\":[{\"@type\":\"CommentAction\",\"name\":\"Comment\",\"target\":[\"https:\/\/brasilnoticias.org\/site\/moradores-de-costa-azul-reforcam-relatos-de-troca-de-tiros-entre-criminosos\/#respond\"]}]},{\"@type\":\"WebPage\",\"@id\":\"https:\/\/brasilnoticias.org\/site\/moradores-de-costa-azul-reforcam-relatos-de-troca-de-tiros-entre-criminosos\/\",\"url\":\"https:\/\/brasilnoticias.org\/site\/moradores-de-costa-azul-reforcam-relatos-de-troca-de-tiros-entre-criminosos\/\",\"name\":\"Moradores de Costa Azul refor\u00e7am relatos de troca de tiros entre criminosos - Brasil not\u00edcias\",\"isPartOf\":{\"@id\":\"https:\/\/brasilnoticias.org\/site\/#website\"},\"primaryImageOfPage\":{\"@id\":\"https:\/\/brasilnoticias.org\/site\/moradores-de-costa-azul-reforcam-relatos-de-troca-de-tiros-entre-criminosos\/#primaryimage\"},\"image\":{\"@id\":\"https:\/\/brasilnoticias.org\/site\/moradores-de-costa-azul-reforcam-relatos-de-troca-de-tiros-entre-criminosos\/#primaryimage\"},\"thumbnailUrl\":\"https:\/\/brasilnoticias.org\/site\/wp-content\/uploads\/2026\/02\/tiroteio_widelg.jpg\",\"datePublished\":\"2026-02-24T10:10:54+00:00\",\"breadcrumb\":{\"@id\":\"https:\/\/brasilnoticias.org\/site\/moradores-de-costa-azul-reforcam-relatos-de-troca-de-tiros-entre-criminosos\/#breadcrumb\"},\"inLanguage\":\"pt-PT\",\"potentialAction\":[{\"@type\":\"ReadAction\",\"target\":[\"https:\/\/brasilnoticias.org\/site\/moradores-de-costa-azul-reforcam-relatos-de-troca-de-tiros-entre-criminosos\/\"]}]},{\"@type\":\"ImageObject\",\"inLanguage\":\"pt-PT\",\"@id\":\"https:\/\/brasilnoticias.org\/site\/moradores-de-costa-azul-reforcam-relatos-de-troca-de-tiros-entre-criminosos\/#primaryimage\",\"url\":\"https:\/\/brasilnoticias.org\/site\/wp-content\/uploads\/2026\/02\/tiroteio_widelg.jpg\",\"contentUrl\":\"https:\/\/brasilnoticias.org\/site\/wp-content\/uploads\/2026\/02\/tiroteio_widelg.jpg\",\"width\":800,\"height\":450},{\"@type\":\"BreadcrumbList\",\"@id\":\"https:\/\/brasilnoticias.org\/site\/moradores-de-costa-azul-reforcam-relatos-de-troca-de-tiros-entre-criminosos\/#breadcrumb\",\"itemListElement\":[{\"@type\":\"ListItem\",\"position\":1,\"name\":\"In\u00edcio\",\"item\":\"https:\/\/brasilnoticias.org\/site\/\"},{\"@type\":\"ListItem\",\"position\":2,\"name\":\"Moradores de Costa Azul refor\u00e7am relatos de troca de tiros entre criminosos\"}]},{\"@type\":\"WebSite\",\"@id\":\"https:\/\/brasilnoticias.org\/site\/#website\",\"url\":\"https:\/\/brasilnoticias.org\/site\/\",\"name\":\"Brasil not\u00edcias\",\"description\":\"Brasil not\u00edcias\",\"publisher\":{\"@id\":\"https:\/\/brasilnoticias.org\/site\/#organization\"},\"potentialAction\":[{\"@type\":\"SearchAction\",\"target\":{\"@type\":\"EntryPoint\",\"urlTemplate\":\"https:\/\/brasilnoticias.org\/site\/?s={search_term_string}\"},\"query-input\":{\"@type\":\"PropertyValueSpecification\",\"valueRequired\":true,\"valueName\":\"search_term_string\"}}],\"inLanguage\":\"pt-PT\"},{\"@type\":\"Organization\",\"@id\":\"https:\/\/brasilnoticias.org\/site\/#organization\",\"name\":\"Brasil not\u00edcias\",\"url\":\"https:\/\/brasilnoticias.org\/site\/\",\"logo\":{\"@type\":\"ImageObject\",\"inLanguage\":\"pt-PT\",\"@id\":\"https:\/\/brasilnoticias.org\/site\/#\/schema\/logo\/image\/\",\"url\":\"https:\/\/brasilnoticias.org\/site\/wp-content\/uploads\/2022\/05\/cropped-brasilnoticias-mini.jpg\",\"contentUrl\":\"https:\/\/brasilnoticias.org\/site\/wp-content\/uploads\/2022\/05\/cropped-brasilnoticias-mini.jpg\",\"width\":314,\"height\":86,\"caption\":\"Brasil not\u00edcias\"},\"image\":{\"@id\":\"https:\/\/brasilnoticias.org\/site\/#\/schema\/logo\/image\/\"}},{\"@type\":\"Person\",\"@id\":\"https:\/\/brasilnoticias.org\/site\/#\/schema\/person\/03bbbfe6c7634ad18c26444ea39049fa\",\"name\":\"Reda\u00e7\u00e3o\",\"image\":{\"@type\":\"ImageObject\",\"inLanguage\":\"pt-PT\",\"@id\":\"https:\/\/brasilnoticias.org\/site\/#\/schema\/person\/image\/\",\"url\":\"https:\/\/secure.gravatar.com\/avatar\/9ecaf7327a696cb23ad926fedded5f1f04d7049de9e445375d55b48c001a6e42?s=96&d=mm&r=g\",\"contentUrl\":\"https:\/\/secure.gravatar.com\/avatar\/9ecaf7327a696cb23ad926fedded5f1f04d7049de9e445375d55b48c001a6e42?s=96&d=mm&r=g\",\"caption\":\"Reda\u00e7\u00e3o\"},\"url\":\"https:\/\/brasilnoticias.org\/site\/author\/henrique\/\"}]}<\/script>\n<!-- \/ Yoast SEO plugin. -->","yoast_head_json":{"title":"Moradores de Costa Azul refor\u00e7am relatos de troca de tiros entre criminosos - Brasil not\u00edcias","robots":{"index":"index","follow":"follow","max-snippet":"max-snippet:-1","max-image-preview":"max-image-preview:large","max-video-preview":"max-video-preview:-1"},"canonical":"https:\/\/brasilnoticias.org\/site\/moradores-de-costa-azul-reforcam-relatos-de-troca-de-tiros-entre-criminosos\/","og_locale":"pt_PT","og_type":"article","og_title":"Moradores de Costa Azul refor\u00e7am relatos de troca de tiros entre criminosos - Brasil not\u00edcias","og_description":"Segundo informa\u00e7\u00f5es divulgadas pelo BNews, moradores do bairro Costa Azul, em Salvador, voltaram a registrar uma troca de tiros entre","og_url":"https:\/\/brasilnoticias.org\/site\/moradores-de-costa-azul-reforcam-relatos-de-troca-de-tiros-entre-criminosos\/","og_site_name":"Brasil not\u00edcias","article_published_time":"2026-02-24T10:10:54+00:00","og_image":[{"width":800,"height":450,"url":"https:\/\/brasilnoticias.org\/site\/wp-content\/uploads\/2026\/02\/tiroteio_widelg.jpg","type":"image\/jpeg"}],"author":"Reda\u00e7\u00e3o","twitter_card":"summary_large_image","twitter_misc":{"Escrito por":"Reda\u00e7\u00e3o","Tempo estimado de leitura":"1 minuto"},"schema":{"@context":"https:\/\/schema.org","@graph":[{"@type":"Article","@id":"https:\/\/brasilnoticias.org\/site\/moradores-de-costa-azul-reforcam-relatos-de-troca-de-tiros-entre-criminosos\/#article","isPartOf":{"@id":"https:\/\/brasilnoticias.org\/site\/moradores-de-costa-azul-reforcam-relatos-de-troca-de-tiros-entre-criminosos\/"},"author":{"name":"Reda\u00e7\u00e3o","@id":"https:\/\/brasilnoticias.org\/site\/#\/schema\/person\/03bbbfe6c7634ad18c26444ea39049fa"},"headline":"Moradores de Costa Azul refor\u00e7am relatos de troca de tiros entre criminosos","datePublished":"2026-02-24T10:10:54+00:00","mainEntityOfPage":{"@id":"https:\/\/brasilnoticias.org\/site\/moradores-de-costa-azul-reforcam-relatos-de-troca-de-tiros-entre-criminosos\/"},"wordCount":233,"commentCount":0,"publisher":{"@id":"https:\/\/brasilnoticias.org\/site\/#organization"},"image":{"@id":"https:\/\/brasilnoticias.org\/site\/moradores-de-costa-azul-reforcam-relatos-de-troca-de-tiros-entre-criminosos\/#primaryimage"},"thumbnailUrl":"https:\/\/brasilnoticias.org\/site\/wp-content\/uploads\/2026\/02\/tiroteio_widelg.jpg","articleSection":["Pol\u00edcia","\u00daltimas"],"inLanguage":"pt-PT","potentialAction":[{"@type":"CommentAction","name":"Comment","target":["https:\/\/brasilnoticias.org\/site\/moradores-de-costa-azul-reforcam-relatos-de-troca-de-tiros-entre-criminosos\/#respond"]}]},{"@type":"WebPage","@id":"https:\/\/brasilnoticias.org\/site\/moradores-de-costa-azul-reforcam-relatos-de-troca-de-tiros-entre-criminosos\/","url":"https:\/\/brasilnoticias.org\/site\/moradores-de-costa-azul-reforcam-relatos-de-troca-de-tiros-entre-criminosos\/","name":"Moradores de Costa Azul refor\u00e7am relatos de troca de tiros entre criminosos - Brasil not\u00edcias","isPartOf":{"@id":"https:\/\/brasilnoticias.org\/site\/#website"},"primaryImageOfPage":{"@id":"https:\/\/brasilnoticias.org\/site\/moradores-de-costa-azul-reforcam-relatos-de-troca-de-tiros-entre-criminosos\/#primaryimage"},"image":{"@id":"https:\/\/brasilnoticias.org\/site\/moradores-de-costa-azul-reforcam-relatos-de-troca-de-tiros-entre-criminosos\/#primaryimage"},"thumbnailUrl":"https:\/\/brasilnoticias.org\/site\/wp-content\/uploads\/2026\/02\/tiroteio_widelg.jpg","datePublished":"2026-02-24T10:10:54+00:00","breadcrumb":{"@id":"https:\/\/brasilnoticias.org\/site\/moradores-de-costa-azul-reforcam-relatos-de-troca-de-tiros-entre-criminosos\/#breadcrumb"},"inLanguage":"pt-PT","potentialAction":[{"@type":"ReadAction","target":["https:\/\/brasilnoticias.org\/site\/moradores-de-costa-azul-reforcam-relatos-de-troca-de-tiros-entre-criminosos\/"]}]},{"@type":"ImageObject","inLanguage":"pt-PT","@id":"https:\/\/brasilnoticias.org\/site\/moradores-de-costa-azul-reforcam-relatos-de-troca-de-tiros-entre-criminosos\/#primaryimage","url":"https:\/\/brasilnoticias.org\/site\/wp-content\/uploads\/2026\/02\/tiroteio_widelg.jpg","contentUrl":"https:\/\/brasilnoticias.org\/site\/wp-content\/uploads\/2026\/02\/tiroteio_widelg.jpg","width":800,"height":450},{"@type":"BreadcrumbList","@id":"https:\/\/brasilnoticias.org\/site\/moradores-de-costa-azul-reforcam-relatos-de-troca-de-tiros-entre-criminosos\/#breadcrumb","itemListElement":[{"@type":"ListItem","position":1,"name":"In\u00edcio","item":"https:\/\/brasilnoticias.org\/site\/"},{"@type":"ListItem","position":2,"name":"Moradores de Costa Azul refor\u00e7am relatos de troca de tiros entre criminosos"}]},{"@type":"WebSite","@id":"https:\/\/brasilnoticias.org\/site\/#website","url":"https:\/\/brasilnoticias.org\/site\/","name":"Brasil not\u00edcias","description":"Brasil not\u00edcias","publisher":{"@id":"https:\/\/brasilnoticias.org\/site\/#organization"},"potentialAction":[{"@type":"SearchAction","target":{"@type":"EntryPoint","urlTemplate":"https:\/\/brasilnoticias.org\/site\/?s={search_term_string}"},"query-input":{"@type":"PropertyValueSpecification","valueRequired":true,"valueName":"search_term_string"}}],"inLanguage":"pt-PT"},{"@type":"Organization","@id":"https:\/\/brasilnoticias.org\/site\/#organization","name":"Brasil not\u00edcias","url":"https:\/\/brasilnoticias.org\/site\/","logo":{"@type":"ImageObject","inLanguage":"pt-PT","@id":"https:\/\/brasilnoticias.org\/site\/#\/schema\/logo\/image\/","url":"https:\/\/brasilnoticias.org\/site\/wp-content\/uploads\/2022\/05\/cropped-brasilnoticias-mini.jpg","contentUrl":"https:\/\/brasilnoticias.org\/site\/wp-content\/uploads\/2022\/05\/cropped-brasilnoticias-mini.jpg","width":314,"height":86,"caption":"Brasil not\u00edcias"},"image":{"@id":"https:\/\/brasilnoticias.org\/site\/#\/schema\/logo\/image\/"}},{"@type":"Person","@id":"https:\/\/brasilnoticias.org\/site\/#\/schema\/person\/03bbbfe6c7634ad18c26444ea39049fa","name":"Reda\u00e7\u00e3o","image":{"@type":"ImageObject","inLanguage":"pt-PT","@id":"https:\/\/brasilnoticias.org\/site\/#\/schema\/person\/image\/","url":"https:\/\/secure.gravatar.com\/avatar\/9ecaf7327a696cb23ad926fedded5f1f04d7049de9e445375d55b48c001a6e42?s=96&d=mm&r=g","contentUrl":"https:\/\/secure.gravatar.com\/avatar\/9ecaf7327a696cb23ad926fedded5f1f04d7049de9e445375d55b48c001a6e42?s=96&d=mm&r=g","caption":"Reda\u00e7\u00e3o"},"url":"https:\/\/brasilnoticias.org\/site\/author\/henrique\/"}]}},"_links":{"self":[{"href":"https:\/\/brasilnoticias.org\/site\/wp-json\/wp\/v2\/posts\/20422","targetHints":{"allow":["GET"]}}],"collection":[{"href":"https:\/\/brasilnoticias.org\/site\/wp-json\/wp\/v2\/posts"}],"about":[{"href":"https:\/\/brasilnoticias.org\/site\/wp-json\/wp\/v2\/types\/post"}],"author":[{"embeddable":true,"href":"https:\/\/brasilnoticias.org\/site\/wp-json\/wp\/v2\/users\/4"}],"replies":[{"embeddable":true,"href":"https:\/\/brasilnoticias.org\/site\/wp-json\/wp\/v2\/comments?post=20422"}],"version-history":[{"count":1,"href":"https:\/\/brasilnoticias.org\/site\/wp-json\/wp\/v2\/posts\/20422\/revisions"}],"predecessor-version":[{"id":20424,"href":"https:\/\/brasilnoticias.org\/site\/wp-json\/wp\/v2\/posts\/20422\/revisions\/20424"}],"wp:featuredmedia":[{"embeddable":true,"href":"https:\/\/brasilnoticias.org\/site\/wp-json\/wp\/v2\/media\/20423"}],"wp:attachment":[{"href":"https:\/\/brasilnoticias.org\/site\/wp-json\/wp\/v2\/media?parent=20422"}],"wp:term":[{"taxonomy":"category","embeddable":true,"href":"https:\/\/brasilnoticias.org\/site\/wp-json\/wp\/v2\/categories?post=20422"},{"taxonomy":"post_tag","embeddable":true,"href":"https:\/\/brasilnoticias.org\/site\/wp-json\/wp\/v2\/tags?post=20422"}],"curies":[{"name":"wp","href":"https:\/\/api.w.org\/{rel}","templated":true}]}}