{"id":20442,"date":"2026-02-24T12:30:19","date_gmt":"2026-02-24T15:30:19","guid":{"rendered":"https:\/\/brasilnoticias.org\/site\/?p=20442"},"modified":"2026-02-24T12:30:19","modified_gmt":"2026-02-24T15:30:19","slug":"chuvas-fortes-deixam-22-mortos-na-zona-da-mata-mineira-entre-juiz-de-fora-e-uba","status":"publish","type":"post","link":"https:\/\/brasilnoticias.org\/site\/chuvas-fortes-deixam-22-mortos-na-zona-da-mata-mineira-entre-juiz-de-fora-e-uba\/","title":{"rendered":"Chuvas fortes deixam 22 mortos na Zona da Mata mineira entre Juiz de Fora e Ub\u00e1"},"content":{"rendered":"<p>Segundo informa\u00e7\u00f5es divulgadas pela Ag\u00eancia Brasil, o n\u00famero de mortes causadas pelas fortes chuvas que atingiram a Zona da Mata de Minas Gerais subiu para 22 pessoas at\u00e9 a manh\u00e3 desta ter\u00e7a-feira (24). Os munic\u00edpios mais afetados foram Juiz de Fora, com 16 \u00f3bitos, e Ub\u00e1, com seis v\u00edtimas fatais, em decorr\u00eancia de enchentes, deslizamentos de terra e alagamentos provocados pelas precipita\u00e7\u00f5es intensas.<\/p>\n<p>A situa\u00e7\u00e3o na regi\u00e3o foi considerada cr\u00edtica, com aulas suspensas em toda a rede municipal de Juiz de Fora e um decreto de estado de calamidade p\u00fablica emitido pelas autoridades locais para organizar o atendimento \u00e0s v\u00edtimas e facilitar a libera\u00e7\u00e3o de recursos emergenciais.<\/p>\n<p>Autoridades tamb\u00e9m relatam que dezenas de pessoas ficaram desabrigadas ou desalojadas, com estimativas de cerca de 440 moradores sem teto temporariamente, al\u00e9m de equipes de resgate em busca de desaparecidos ap\u00f3s o temporal que atingiu v\u00e1rias partes da cidade e munic\u00edpios vizinhos.<\/p>\n<p>A prefeitura local, junto com a Defesa Civil e o Corpo de Bombeiros, segue mobilizada para atendimento emergencial, enquanto comunidades enfrentam ruas alagadas, deslizamentos e interrup\u00e7\u00f5es de infraestrutura causados pelas chuvas hist\u00f3ricas na regi\u00e3o.<\/p>\n<p>Foto: Prefeitura de Juiz de Fora\/Divulga\u00e7\u00e3o<\/p>\n","protected":false},"excerpt":{"rendered":"<p>Segundo informa\u00e7\u00f5es divulgadas pela Ag\u00eancia Brasil, o n\u00famero de mortes causadas pelas fortes chuvas que atingiram a Zona da Mata<\/p>\n","protected":false},"author":4,"featured_media":20443,"comment_status":"open","ping_status":"open","sticky":false,"template":"","format":"standard","meta":{"colormag_page_container_layout":"default_layout","colormag_page_sidebar_layout":"default_layout","_FSMCFIC_featured_image_caption":"","_FSMCFIC_featured_image_nocaption":"","_FSMCFIC_featured_image_hide":"","footnotes":""},"categories":[6,1],"tags":[],"class_list":["post-20442","post","type-post","status-publish","format-standard","has-post-thumbnail","hentry","category-mundo","category-ultimas"],"yoast_head":"<!-- This site is optimized with the Yoast SEO plugin v27.1.1 - https:\/\/yoast.com\/product\/yoast-seo-wordpress\/ -->\n<title>Chuvas fortes deixam 22 mortos na Zona da Mata mineira entre Juiz de Fora e Ub\u00e1 - Brasil not\u00edcias<\/title>\n<meta name=\"robots\" content=\"index, follow, max-snippet:-1, max-image-preview:large, max-video-preview:-1\" \/>\n<link rel=\"canonical\" href=\"https:\/\/brasilnoticias.org\/site\/chuvas-fortes-deixam-22-mortos-na-zona-da-mata-mineira-entre-juiz-de-fora-e-uba\/\" \/>\n<meta property=\"og:locale\" content=\"pt_PT\" \/>\n<meta property=\"og:type\" content=\"article\" \/>\n<meta property=\"og:title\" content=\"Chuvas fortes deixam 22 mortos na Zona da Mata mineira entre Juiz de Fora e Ub\u00e1 - Brasil not\u00edcias\" \/>\n<meta property=\"og:description\" content=\"Segundo informa\u00e7\u00f5es divulgadas pela Ag\u00eancia Brasil, o n\u00famero de mortes causadas pelas fortes chuvas que atingiram a Zona da Mata\" \/>\n<meta property=\"og:url\" content=\"https:\/\/brasilnoticias.org\/site\/chuvas-fortes-deixam-22-mortos-na-zona-da-mata-mineira-entre-juiz-de-fora-e-uba\/\" \/>\n<meta property=\"og:site_name\" content=\"Brasil not\u00edcias\" \/>\n<meta property=\"article:published_time\" content=\"2026-02-24T15:30:19+00:00\" \/>\n<meta property=\"og:image\" content=\"https:\/\/brasilnoticias.org\/site\/wp-content\/uploads\/2026\/02\/chuva_em_uiz_fora.webp\" \/>\n\t<meta property=\"og:image:width\" content=\"1170\" \/>\n\t<meta property=\"og:image:height\" content=\"700\" \/>\n\t<meta property=\"og:image:type\" content=\"image\/webp\" \/>\n<meta name=\"author\" content=\"Reda\u00e7\u00e3o\" \/>\n<meta name=\"twitter:card\" content=\"summary_large_image\" \/>\n<meta name=\"twitter:label1\" content=\"Escrito por\" \/>\n\t<meta name=\"twitter:data1\" content=\"Reda\u00e7\u00e3o\" \/>\n\t<meta name=\"twitter:label2\" content=\"Tempo estimado de leitura\" \/>\n\t<meta name=\"twitter:data2\" content=\"1 minuto\" \/>\n<script type=\"application\/ld+json\" class=\"yoast-schema-graph\">{\"@context\":\"https:\/\/schema.org\",\"@graph\":[{\"@type\":\"Article\",\"@id\":\"https:\/\/brasilnoticias.org\/site\/chuvas-fortes-deixam-22-mortos-na-zona-da-mata-mineira-entre-juiz-de-fora-e-uba\/#article\",\"isPartOf\":{\"@id\":\"https:\/\/brasilnoticias.org\/site\/chuvas-fortes-deixam-22-mortos-na-zona-da-mata-mineira-entre-juiz-de-fora-e-uba\/\"},\"author\":{\"name\":\"Reda\u00e7\u00e3o\",\"@id\":\"https:\/\/brasilnoticias.org\/site\/#\/schema\/person\/03bbbfe6c7634ad18c26444ea39049fa\"},\"headline\":\"Chuvas fortes deixam 22 mortos na Zona da Mata mineira entre Juiz de Fora e Ub\u00e1\",\"datePublished\":\"2026-02-24T15:30:19+00:00\",\"mainEntityOfPage\":{\"@id\":\"https:\/\/brasilnoticias.org\/site\/chuvas-fortes-deixam-22-mortos-na-zona-da-mata-mineira-entre-juiz-de-fora-e-uba\/\"},\"wordCount\":224,\"commentCount\":0,\"publisher\":{\"@id\":\"https:\/\/brasilnoticias.org\/site\/#organization\"},\"image\":{\"@id\":\"https:\/\/brasilnoticias.org\/site\/chuvas-fortes-deixam-22-mortos-na-zona-da-mata-mineira-entre-juiz-de-fora-e-uba\/#primaryimage\"},\"thumbnailUrl\":\"https:\/\/brasilnoticias.org\/site\/wp-content\/uploads\/2026\/02\/chuva_em_uiz_fora.webp\",\"articleSection\":[\"Mundo\",\"\u00daltimas\"],\"inLanguage\":\"pt-PT\",\"potentialAction\":[{\"@type\":\"CommentAction\",\"name\":\"Comment\",\"target\":[\"https:\/\/brasilnoticias.org\/site\/chuvas-fortes-deixam-22-mortos-na-zona-da-mata-mineira-entre-juiz-de-fora-e-uba\/#respond\"]}]},{\"@type\":\"WebPage\",\"@id\":\"https:\/\/brasilnoticias.org\/site\/chuvas-fortes-deixam-22-mortos-na-zona-da-mata-mineira-entre-juiz-de-fora-e-uba\/\",\"url\":\"https:\/\/brasilnoticias.org\/site\/chuvas-fortes-deixam-22-mortos-na-zona-da-mata-mineira-entre-juiz-de-fora-e-uba\/\",\"name\":\"Chuvas fortes deixam 22 mortos na Zona da Mata mineira entre Juiz de Fora e Ub\u00e1 - Brasil not\u00edcias\",\"isPartOf\":{\"@id\":\"https:\/\/brasilnoticias.org\/site\/#website\"},\"primaryImageOfPage\":{\"@id\":\"https:\/\/brasilnoticias.org\/site\/chuvas-fortes-deixam-22-mortos-na-zona-da-mata-mineira-entre-juiz-de-fora-e-uba\/#primaryimage\"},\"image\":{\"@id\":\"https:\/\/brasilnoticias.org\/site\/chuvas-fortes-deixam-22-mortos-na-zona-da-mata-mineira-entre-juiz-de-fora-e-uba\/#primaryimage\"},\"thumbnailUrl\":\"https:\/\/brasilnoticias.org\/site\/wp-content\/uploads\/2026\/02\/chuva_em_uiz_fora.webp\",\"datePublished\":\"2026-02-24T15:30:19+00:00\",\"breadcrumb\":{\"@id\":\"https:\/\/brasilnoticias.org\/site\/chuvas-fortes-deixam-22-mortos-na-zona-da-mata-mineira-entre-juiz-de-fora-e-uba\/#breadcrumb\"},\"inLanguage\":\"pt-PT\",\"potentialAction\":[{\"@type\":\"ReadAction\",\"target\":[\"https:\/\/brasilnoticias.org\/site\/chuvas-fortes-deixam-22-mortos-na-zona-da-mata-mineira-entre-juiz-de-fora-e-uba\/\"]}]},{\"@type\":\"ImageObject\",\"inLanguage\":\"pt-PT\",\"@id\":\"https:\/\/brasilnoticias.org\/site\/chuvas-fortes-deixam-22-mortos-na-zona-da-mata-mineira-entre-juiz-de-fora-e-uba\/#primaryimage\",\"url\":\"https:\/\/brasilnoticias.org\/site\/wp-content\/uploads\/2026\/02\/chuva_em_uiz_fora.webp\",\"contentUrl\":\"https:\/\/brasilnoticias.org\/site\/wp-content\/uploads\/2026\/02\/chuva_em_uiz_fora.webp\",\"width\":1170,\"height\":700},{\"@type\":\"BreadcrumbList\",\"@id\":\"https:\/\/brasilnoticias.org\/site\/chuvas-fortes-deixam-22-mortos-na-zona-da-mata-mineira-entre-juiz-de-fora-e-uba\/#breadcrumb\",\"itemListElement\":[{\"@type\":\"ListItem\",\"position\":1,\"name\":\"In\u00edcio\",\"item\":\"https:\/\/brasilnoticias.org\/site\/\"},{\"@type\":\"ListItem\",\"position\":2,\"name\":\"Chuvas fortes deixam 22 mortos na Zona da Mata mineira entre Juiz de Fora e Ub\u00e1\"}]},{\"@type\":\"WebSite\",\"@id\":\"https:\/\/brasilnoticias.org\/site\/#website\",\"url\":\"https:\/\/brasilnoticias.org\/site\/\",\"name\":\"Brasil not\u00edcias\",\"description\":\"Brasil not\u00edcias\",\"publisher\":{\"@id\":\"https:\/\/brasilnoticias.org\/site\/#organization\"},\"potentialAction\":[{\"@type\":\"SearchAction\",\"target\":{\"@type\":\"EntryPoint\",\"urlTemplate\":\"https:\/\/brasilnoticias.org\/site\/?s={search_term_string}\"},\"query-input\":{\"@type\":\"PropertyValueSpecification\",\"valueRequired\":true,\"valueName\":\"search_term_string\"}}],\"inLanguage\":\"pt-PT\"},{\"@type\":\"Organization\",\"@id\":\"https:\/\/brasilnoticias.org\/site\/#organization\",\"name\":\"Brasil not\u00edcias\",\"url\":\"https:\/\/brasilnoticias.org\/site\/\",\"logo\":{\"@type\":\"ImageObject\",\"inLanguage\":\"pt-PT\",\"@id\":\"https:\/\/brasilnoticias.org\/site\/#\/schema\/logo\/image\/\",\"url\":\"https:\/\/brasilnoticias.org\/site\/wp-content\/uploads\/2022\/05\/cropped-brasilnoticias-mini.jpg\",\"contentUrl\":\"https:\/\/brasilnoticias.org\/site\/wp-content\/uploads\/2022\/05\/cropped-brasilnoticias-mini.jpg\",\"width\":314,\"height\":86,\"caption\":\"Brasil not\u00edcias\"},\"image\":{\"@id\":\"https:\/\/brasilnoticias.org\/site\/#\/schema\/logo\/image\/\"}},{\"@type\":\"Person\",\"@id\":\"https:\/\/brasilnoticias.org\/site\/#\/schema\/person\/03bbbfe6c7634ad18c26444ea39049fa\",\"name\":\"Reda\u00e7\u00e3o\",\"image\":{\"@type\":\"ImageObject\",\"inLanguage\":\"pt-PT\",\"@id\":\"https:\/\/brasilnoticias.org\/site\/#\/schema\/person\/image\/\",\"url\":\"https:\/\/secure.gravatar.com\/avatar\/9ecaf7327a696cb23ad926fedded5f1f04d7049de9e445375d55b48c001a6e42?s=96&d=mm&r=g\",\"contentUrl\":\"https:\/\/secure.gravatar.com\/avatar\/9ecaf7327a696cb23ad926fedded5f1f04d7049de9e445375d55b48c001a6e42?s=96&d=mm&r=g\",\"caption\":\"Reda\u00e7\u00e3o\"},\"url\":\"https:\/\/brasilnoticias.org\/site\/author\/henrique\/\"}]}<\/script>\n<!-- \/ Yoast SEO plugin. -->","yoast_head_json":{"title":"Chuvas fortes deixam 22 mortos na Zona da Mata mineira entre Juiz de Fora e Ub\u00e1 - Brasil not\u00edcias","robots":{"index":"index","follow":"follow","max-snippet":"max-snippet:-1","max-image-preview":"max-image-preview:large","max-video-preview":"max-video-preview:-1"},"canonical":"https:\/\/brasilnoticias.org\/site\/chuvas-fortes-deixam-22-mortos-na-zona-da-mata-mineira-entre-juiz-de-fora-e-uba\/","og_locale":"pt_PT","og_type":"article","og_title":"Chuvas fortes deixam 22 mortos na Zona da Mata mineira entre Juiz de Fora e Ub\u00e1 - Brasil not\u00edcias","og_description":"Segundo informa\u00e7\u00f5es divulgadas pela Ag\u00eancia Brasil, o n\u00famero de mortes causadas pelas fortes chuvas que atingiram a Zona da Mata","og_url":"https:\/\/brasilnoticias.org\/site\/chuvas-fortes-deixam-22-mortos-na-zona-da-mata-mineira-entre-juiz-de-fora-e-uba\/","og_site_name":"Brasil not\u00edcias","article_published_time":"2026-02-24T15:30:19+00:00","og_image":[{"width":1170,"height":700,"url":"https:\/\/brasilnoticias.org\/site\/wp-content\/uploads\/2026\/02\/chuva_em_uiz_fora.webp","type":"image\/webp"}],"author":"Reda\u00e7\u00e3o","twitter_card":"summary_large_image","twitter_misc":{"Escrito por":"Reda\u00e7\u00e3o","Tempo estimado de leitura":"1 minuto"},"schema":{"@context":"https:\/\/schema.org","@graph":[{"@type":"Article","@id":"https:\/\/brasilnoticias.org\/site\/chuvas-fortes-deixam-22-mortos-na-zona-da-mata-mineira-entre-juiz-de-fora-e-uba\/#article","isPartOf":{"@id":"https:\/\/brasilnoticias.org\/site\/chuvas-fortes-deixam-22-mortos-na-zona-da-mata-mineira-entre-juiz-de-fora-e-uba\/"},"author":{"name":"Reda\u00e7\u00e3o","@id":"https:\/\/brasilnoticias.org\/site\/#\/schema\/person\/03bbbfe6c7634ad18c26444ea39049fa"},"headline":"Chuvas fortes deixam 22 mortos na Zona da Mata mineira entre Juiz de Fora e Ub\u00e1","datePublished":"2026-02-24T15:30:19+00:00","mainEntityOfPage":{"@id":"https:\/\/brasilnoticias.org\/site\/chuvas-fortes-deixam-22-mortos-na-zona-da-mata-mineira-entre-juiz-de-fora-e-uba\/"},"wordCount":224,"commentCount":0,"publisher":{"@id":"https:\/\/brasilnoticias.org\/site\/#organization"},"image":{"@id":"https:\/\/brasilnoticias.org\/site\/chuvas-fortes-deixam-22-mortos-na-zona-da-mata-mineira-entre-juiz-de-fora-e-uba\/#primaryimage"},"thumbnailUrl":"https:\/\/brasilnoticias.org\/site\/wp-content\/uploads\/2026\/02\/chuva_em_uiz_fora.webp","articleSection":["Mundo","\u00daltimas"],"inLanguage":"pt-PT","potentialAction":[{"@type":"CommentAction","name":"Comment","target":["https:\/\/brasilnoticias.org\/site\/chuvas-fortes-deixam-22-mortos-na-zona-da-mata-mineira-entre-juiz-de-fora-e-uba\/#respond"]}]},{"@type":"WebPage","@id":"https:\/\/brasilnoticias.org\/site\/chuvas-fortes-deixam-22-mortos-na-zona-da-mata-mineira-entre-juiz-de-fora-e-uba\/","url":"https:\/\/brasilnoticias.org\/site\/chuvas-fortes-deixam-22-mortos-na-zona-da-mata-mineira-entre-juiz-de-fora-e-uba\/","name":"Chuvas fortes deixam 22 mortos na Zona da Mata mineira entre Juiz de Fora e Ub\u00e1 - Brasil not\u00edcias","isPartOf":{"@id":"https:\/\/brasilnoticias.org\/site\/#website"},"primaryImageOfPage":{"@id":"https:\/\/brasilnoticias.org\/site\/chuvas-fortes-deixam-22-mortos-na-zona-da-mata-mineira-entre-juiz-de-fora-e-uba\/#primaryimage"},"image":{"@id":"https:\/\/brasilnoticias.org\/site\/chuvas-fortes-deixam-22-mortos-na-zona-da-mata-mineira-entre-juiz-de-fora-e-uba\/#primaryimage"},"thumbnailUrl":"https:\/\/brasilnoticias.org\/site\/wp-content\/uploads\/2026\/02\/chuva_em_uiz_fora.webp","datePublished":"2026-02-24T15:30:19+00:00","breadcrumb":{"@id":"https:\/\/brasilnoticias.org\/site\/chuvas-fortes-deixam-22-mortos-na-zona-da-mata-mineira-entre-juiz-de-fora-e-uba\/#breadcrumb"},"inLanguage":"pt-PT","potentialAction":[{"@type":"ReadAction","target":["https:\/\/brasilnoticias.org\/site\/chuvas-fortes-deixam-22-mortos-na-zona-da-mata-mineira-entre-juiz-de-fora-e-uba\/"]}]},{"@type":"ImageObject","inLanguage":"pt-PT","@id":"https:\/\/brasilnoticias.org\/site\/chuvas-fortes-deixam-22-mortos-na-zona-da-mata-mineira-entre-juiz-de-fora-e-uba\/#primaryimage","url":"https:\/\/brasilnoticias.org\/site\/wp-content\/uploads\/2026\/02\/chuva_em_uiz_fora.webp","contentUrl":"https:\/\/brasilnoticias.org\/site\/wp-content\/uploads\/2026\/02\/chuva_em_uiz_fora.webp","width":1170,"height":700},{"@type":"BreadcrumbList","@id":"https:\/\/brasilnoticias.org\/site\/chuvas-fortes-deixam-22-mortos-na-zona-da-mata-mineira-entre-juiz-de-fora-e-uba\/#breadcrumb","itemListElement":[{"@type":"ListItem","position":1,"name":"In\u00edcio","item":"https:\/\/brasilnoticias.org\/site\/"},{"@type":"ListItem","position":2,"name":"Chuvas fortes deixam 22 mortos na Zona da Mata mineira entre Juiz de Fora e Ub\u00e1"}]},{"@type":"WebSite","@id":"https:\/\/brasilnoticias.org\/site\/#website","url":"https:\/\/brasilnoticias.org\/site\/","name":"Brasil not\u00edcias","description":"Brasil not\u00edcias","publisher":{"@id":"https:\/\/brasilnoticias.org\/site\/#organization"},"potentialAction":[{"@type":"SearchAction","target":{"@type":"EntryPoint","urlTemplate":"https:\/\/brasilnoticias.org\/site\/?s={search_term_string}"},"query-input":{"@type":"PropertyValueSpecification","valueRequired":true,"valueName":"search_term_string"}}],"inLanguage":"pt-PT"},{"@type":"Organization","@id":"https:\/\/brasilnoticias.org\/site\/#organization","name":"Brasil not\u00edcias","url":"https:\/\/brasilnoticias.org\/site\/","logo":{"@type":"ImageObject","inLanguage":"pt-PT","@id":"https:\/\/brasilnoticias.org\/site\/#\/schema\/logo\/image\/","url":"https:\/\/brasilnoticias.org\/site\/wp-content\/uploads\/2022\/05\/cropped-brasilnoticias-mini.jpg","contentUrl":"https:\/\/brasilnoticias.org\/site\/wp-content\/uploads\/2022\/05\/cropped-brasilnoticias-mini.jpg","width":314,"height":86,"caption":"Brasil not\u00edcias"},"image":{"@id":"https:\/\/brasilnoticias.org\/site\/#\/schema\/logo\/image\/"}},{"@type":"Person","@id":"https:\/\/brasilnoticias.org\/site\/#\/schema\/person\/03bbbfe6c7634ad18c26444ea39049fa","name":"Reda\u00e7\u00e3o","image":{"@type":"ImageObject","inLanguage":"pt-PT","@id":"https:\/\/brasilnoticias.org\/site\/#\/schema\/person\/image\/","url":"https:\/\/secure.gravatar.com\/avatar\/9ecaf7327a696cb23ad926fedded5f1f04d7049de9e445375d55b48c001a6e42?s=96&d=mm&r=g","contentUrl":"https:\/\/secure.gravatar.com\/avatar\/9ecaf7327a696cb23ad926fedded5f1f04d7049de9e445375d55b48c001a6e42?s=96&d=mm&r=g","caption":"Reda\u00e7\u00e3o"},"url":"https:\/\/brasilnoticias.org\/site\/author\/henrique\/"}]}},"_links":{"self":[{"href":"https:\/\/brasilnoticias.org\/site\/wp-json\/wp\/v2\/posts\/20442","targetHints":{"allow":["GET"]}}],"collection":[{"href":"https:\/\/brasilnoticias.org\/site\/wp-json\/wp\/v2\/posts"}],"about":[{"href":"https:\/\/brasilnoticias.org\/site\/wp-json\/wp\/v2\/types\/post"}],"author":[{"embeddable":true,"href":"https:\/\/brasilnoticias.org\/site\/wp-json\/wp\/v2\/users\/4"}],"replies":[{"embeddable":true,"href":"https:\/\/brasilnoticias.org\/site\/wp-json\/wp\/v2\/comments?post=20442"}],"version-history":[{"count":1,"href":"https:\/\/brasilnoticias.org\/site\/wp-json\/wp\/v2\/posts\/20442\/revisions"}],"predecessor-version":[{"id":20444,"href":"https:\/\/brasilnoticias.org\/site\/wp-json\/wp\/v2\/posts\/20442\/revisions\/20444"}],"wp:featuredmedia":[{"embeddable":true,"href":"https:\/\/brasilnoticias.org\/site\/wp-json\/wp\/v2\/media\/20443"}],"wp:attachment":[{"href":"https:\/\/brasilnoticias.org\/site\/wp-json\/wp\/v2\/media?parent=20442"}],"wp:term":[{"taxonomy":"category","embeddable":true,"href":"https:\/\/brasilnoticias.org\/site\/wp-json\/wp\/v2\/categories?post=20442"},{"taxonomy":"post_tag","embeddable":true,"href":"https:\/\/brasilnoticias.org\/site\/wp-json\/wp\/v2\/tags?post=20442"}],"curies":[{"name":"wp","href":"https:\/\/api.w.org\/{rel}","templated":true}]}}