{"id":20456,"date":"2026-02-25T06:28:53","date_gmt":"2026-02-25T09:28:53","guid":{"rendered":"https:\/\/brasilnoticias.org\/site\/?p=20456"},"modified":"2026-02-25T06:28:53","modified_gmt":"2026-02-25T09:28:53","slug":"numero-de-mortos-em-minas-gerais-por-causa-das-chuvas-chega-a-30-e-estado-segue-em-emergencia","status":"publish","type":"post","link":"https:\/\/brasilnoticias.org\/site\/numero-de-mortos-em-minas-gerais-por-causa-das-chuvas-chega-a-30-e-estado-segue-em-emergencia\/","title":{"rendered":"N\u00famero de mortos em Minas Gerais por causa das chuvas chega a 30 e estado segue em emerg\u00eancia"},"content":{"rendered":"<p>Segundo informa\u00e7\u00f5es divulgadas pela Ag\u00eancia Brasil, o n\u00famero de pessoas mortas em decorr\u00eancia das fortes chuvas que atingem Minas Gerais subiu para 30 v\u00edtimas, com registros em v\u00e1rias cidades da Zona da Mata e do Campo das Vertentes.<\/p>\n<p>As chuvas intensas t\u00eam causado enchentes, deslizamentos de terra, alagamentos e preju\u00edzos generalizados, afetando especialmente Juiz de Fora, Ub\u00e1 e outras cidades vizinhas. A situa\u00e7\u00e3o, considerada cr\u00edtica pelas autoridades, levou governos municipais e o estadual a declararem estado de emerg\u00eancia para agilizar o envio de ajuda \u00e0s \u00e1reas mais atingidas.<\/p>\n<p>S\u00f3 em Juiz de Fora, munic\u00edpio que tem sido um dos mais afetados, 16 mortes j\u00e1 foram confirmadas, com dezenas de pessoas desabrigadas, fam\u00edlias isoladas e equipes de resgate trabalhando em diversos pontos da cidade. Em Ub\u00e1, tamb\u00e9m na Zona da Mata, o n\u00famero de mortos atingiu seis pessoas, com v\u00e1rios desaparecidos e comunidades em \u00e1reas de risco.<\/p>\n<p>As equipes da Defesa Civil, Corpo de Bombeiros e governos municipal e estadual seguem mobilizadas em opera\u00e7\u00f5es de busca, atendimento \u00e0s v\u00edtimas e realojamento de moradores que perderam suas casas ou tiveram suas resid\u00eancias isoladas pela \u00e1gua e deslizamentos. O volume de chuva registrado na regi\u00e3o tem sido considerado acima da m\u00e9dia hist\u00f3rica, intensificando os impactos sociais e estruturais.<\/p>\n<p>Autoridades tamb\u00e9m refor\u00e7am alertas meteorol\u00f3gicos para as pr\u00f3ximas horas, com possibilidade de mais precipita\u00e7\u00f5es, o que aumenta a preocupa\u00e7\u00e3o com novos deslizamentos e riscos para moradores das \u00e1reas vulner\u00e1veis. <\/p>\n<p>Foto: T\u00e2nia R\u00eago\/Ag\u00eancia Brasil<\/p>\n","protected":false},"excerpt":{"rendered":"<p>Segundo informa\u00e7\u00f5es divulgadas pela Ag\u00eancia Brasil, o n\u00famero de pessoas mortas em decorr\u00eancia das fortes chuvas que atingem Minas Gerais<\/p>\n","protected":false},"author":4,"featured_media":20457,"comment_status":"open","ping_status":"open","sticky":false,"template":"","format":"standard","meta":{"colormag_page_container_layout":"default_layout","colormag_page_sidebar_layout":"default_layout","_FSMCFIC_featured_image_caption":"","_FSMCFIC_featured_image_nocaption":"","_FSMCFIC_featured_image_hide":"","footnotes":""},"categories":[6],"tags":[],"class_list":["post-20456","post","type-post","status-publish","format-standard","has-post-thumbnail","hentry","category-mundo"],"yoast_head":"<!-- This site is optimized with the Yoast SEO plugin v27.1.1 - https:\/\/yoast.com\/product\/yoast-seo-wordpress\/ -->\n<title>N\u00famero de mortos em Minas Gerais por causa das chuvas chega a 30 e estado segue em emerg\u00eancia - Brasil not\u00edcias<\/title>\n<meta name=\"robots\" content=\"index, follow, max-snippet:-1, max-image-preview:large, max-video-preview:-1\" \/>\n<link rel=\"canonical\" href=\"https:\/\/brasilnoticias.org\/site\/numero-de-mortos-em-minas-gerais-por-causa-das-chuvas-chega-a-30-e-estado-segue-em-emergencia\/\" \/>\n<meta property=\"og:locale\" content=\"pt_PT\" \/>\n<meta property=\"og:type\" content=\"article\" \/>\n<meta property=\"og:title\" content=\"N\u00famero de mortos em Minas Gerais por causa das chuvas chega a 30 e estado segue em emerg\u00eancia - Brasil not\u00edcias\" \/>\n<meta property=\"og:description\" content=\"Segundo informa\u00e7\u00f5es divulgadas pela Ag\u00eancia Brasil, o n\u00famero de pessoas mortas em decorr\u00eancia das fortes chuvas que atingem Minas Gerais\" \/>\n<meta property=\"og:url\" content=\"https:\/\/brasilnoticias.org\/site\/numero-de-mortos-em-minas-gerais-por-causa-das-chuvas-chega-a-30-e-estado-segue-em-emergencia\/\" \/>\n<meta property=\"og:site_name\" content=\"Brasil not\u00edcias\" \/>\n<meta property=\"article:published_time\" content=\"2026-02-25T09:28:53+00:00\" \/>\n<meta property=\"og:image\" content=\"https:\/\/brasilnoticias.org\/site\/wp-content\/uploads\/2026\/02\/rbr0946.jpg_0.webp\" \/>\n\t<meta property=\"og:image:width\" content=\"1170\" \/>\n\t<meta property=\"og:image:height\" content=\"700\" \/>\n\t<meta property=\"og:image:type\" content=\"image\/webp\" \/>\n<meta name=\"author\" content=\"Reda\u00e7\u00e3o\" \/>\n<meta name=\"twitter:card\" content=\"summary_large_image\" \/>\n<meta name=\"twitter:label1\" content=\"Escrito por\" \/>\n\t<meta name=\"twitter:data1\" content=\"Reda\u00e7\u00e3o\" \/>\n\t<meta name=\"twitter:label2\" content=\"Tempo estimado de leitura\" \/>\n\t<meta name=\"twitter:data2\" content=\"1 minuto\" \/>\n<script type=\"application\/ld+json\" class=\"yoast-schema-graph\">{\"@context\":\"https:\/\/schema.org\",\"@graph\":[{\"@type\":\"Article\",\"@id\":\"https:\/\/brasilnoticias.org\/site\/numero-de-mortos-em-minas-gerais-por-causa-das-chuvas-chega-a-30-e-estado-segue-em-emergencia\/#article\",\"isPartOf\":{\"@id\":\"https:\/\/brasilnoticias.org\/site\/numero-de-mortos-em-minas-gerais-por-causa-das-chuvas-chega-a-30-e-estado-segue-em-emergencia\/\"},\"author\":{\"name\":\"Reda\u00e7\u00e3o\",\"@id\":\"https:\/\/brasilnoticias.org\/site\/#\/schema\/person\/03bbbfe6c7634ad18c26444ea39049fa\"},\"headline\":\"N\u00famero de mortos em Minas Gerais por causa das chuvas chega a 30 e estado segue em emerg\u00eancia\",\"datePublished\":\"2026-02-25T09:28:53+00:00\",\"mainEntityOfPage\":{\"@id\":\"https:\/\/brasilnoticias.org\/site\/numero-de-mortos-em-minas-gerais-por-causa-das-chuvas-chega-a-30-e-estado-segue-em-emergencia\/\"},\"wordCount\":288,\"commentCount\":0,\"publisher\":{\"@id\":\"https:\/\/brasilnoticias.org\/site\/#organization\"},\"image\":{\"@id\":\"https:\/\/brasilnoticias.org\/site\/numero-de-mortos-em-minas-gerais-por-causa-das-chuvas-chega-a-30-e-estado-segue-em-emergencia\/#primaryimage\"},\"thumbnailUrl\":\"https:\/\/brasilnoticias.org\/site\/wp-content\/uploads\/2026\/02\/rbr0946.jpg_0.webp\",\"articleSection\":[\"Mundo\"],\"inLanguage\":\"pt-PT\",\"potentialAction\":[{\"@type\":\"CommentAction\",\"name\":\"Comment\",\"target\":[\"https:\/\/brasilnoticias.org\/site\/numero-de-mortos-em-minas-gerais-por-causa-das-chuvas-chega-a-30-e-estado-segue-em-emergencia\/#respond\"]}]},{\"@type\":\"WebPage\",\"@id\":\"https:\/\/brasilnoticias.org\/site\/numero-de-mortos-em-minas-gerais-por-causa-das-chuvas-chega-a-30-e-estado-segue-em-emergencia\/\",\"url\":\"https:\/\/brasilnoticias.org\/site\/numero-de-mortos-em-minas-gerais-por-causa-das-chuvas-chega-a-30-e-estado-segue-em-emergencia\/\",\"name\":\"N\u00famero de mortos em Minas Gerais por causa das chuvas chega a 30 e estado segue em emerg\u00eancia - Brasil not\u00edcias\",\"isPartOf\":{\"@id\":\"https:\/\/brasilnoticias.org\/site\/#website\"},\"primaryImageOfPage\":{\"@id\":\"https:\/\/brasilnoticias.org\/site\/numero-de-mortos-em-minas-gerais-por-causa-das-chuvas-chega-a-30-e-estado-segue-em-emergencia\/#primaryimage\"},\"image\":{\"@id\":\"https:\/\/brasilnoticias.org\/site\/numero-de-mortos-em-minas-gerais-por-causa-das-chuvas-chega-a-30-e-estado-segue-em-emergencia\/#primaryimage\"},\"thumbnailUrl\":\"https:\/\/brasilnoticias.org\/site\/wp-content\/uploads\/2026\/02\/rbr0946.jpg_0.webp\",\"datePublished\":\"2026-02-25T09:28:53+00:00\",\"breadcrumb\":{\"@id\":\"https:\/\/brasilnoticias.org\/site\/numero-de-mortos-em-minas-gerais-por-causa-das-chuvas-chega-a-30-e-estado-segue-em-emergencia\/#breadcrumb\"},\"inLanguage\":\"pt-PT\",\"potentialAction\":[{\"@type\":\"ReadAction\",\"target\":[\"https:\/\/brasilnoticias.org\/site\/numero-de-mortos-em-minas-gerais-por-causa-das-chuvas-chega-a-30-e-estado-segue-em-emergencia\/\"]}]},{\"@type\":\"ImageObject\",\"inLanguage\":\"pt-PT\",\"@id\":\"https:\/\/brasilnoticias.org\/site\/numero-de-mortos-em-minas-gerais-por-causa-das-chuvas-chega-a-30-e-estado-segue-em-emergencia\/#primaryimage\",\"url\":\"https:\/\/brasilnoticias.org\/site\/wp-content\/uploads\/2026\/02\/rbr0946.jpg_0.webp\",\"contentUrl\":\"https:\/\/brasilnoticias.org\/site\/wp-content\/uploads\/2026\/02\/rbr0946.jpg_0.webp\",\"width\":1170,\"height\":700},{\"@type\":\"BreadcrumbList\",\"@id\":\"https:\/\/brasilnoticias.org\/site\/numero-de-mortos-em-minas-gerais-por-causa-das-chuvas-chega-a-30-e-estado-segue-em-emergencia\/#breadcrumb\",\"itemListElement\":[{\"@type\":\"ListItem\",\"position\":1,\"name\":\"In\u00edcio\",\"item\":\"https:\/\/brasilnoticias.org\/site\/\"},{\"@type\":\"ListItem\",\"position\":2,\"name\":\"N\u00famero de mortos em Minas Gerais por causa das chuvas chega a 30 e estado segue em emerg\u00eancia\"}]},{\"@type\":\"WebSite\",\"@id\":\"https:\/\/brasilnoticias.org\/site\/#website\",\"url\":\"https:\/\/brasilnoticias.org\/site\/\",\"name\":\"Brasil not\u00edcias\",\"description\":\"Brasil not\u00edcias\",\"publisher\":{\"@id\":\"https:\/\/brasilnoticias.org\/site\/#organization\"},\"potentialAction\":[{\"@type\":\"SearchAction\",\"target\":{\"@type\":\"EntryPoint\",\"urlTemplate\":\"https:\/\/brasilnoticias.org\/site\/?s={search_term_string}\"},\"query-input\":{\"@type\":\"PropertyValueSpecification\",\"valueRequired\":true,\"valueName\":\"search_term_string\"}}],\"inLanguage\":\"pt-PT\"},{\"@type\":\"Organization\",\"@id\":\"https:\/\/brasilnoticias.org\/site\/#organization\",\"name\":\"Brasil not\u00edcias\",\"url\":\"https:\/\/brasilnoticias.org\/site\/\",\"logo\":{\"@type\":\"ImageObject\",\"inLanguage\":\"pt-PT\",\"@id\":\"https:\/\/brasilnoticias.org\/site\/#\/schema\/logo\/image\/\",\"url\":\"https:\/\/brasilnoticias.org\/site\/wp-content\/uploads\/2022\/05\/cropped-brasilnoticias-mini.jpg\",\"contentUrl\":\"https:\/\/brasilnoticias.org\/site\/wp-content\/uploads\/2022\/05\/cropped-brasilnoticias-mini.jpg\",\"width\":314,\"height\":86,\"caption\":\"Brasil not\u00edcias\"},\"image\":{\"@id\":\"https:\/\/brasilnoticias.org\/site\/#\/schema\/logo\/image\/\"}},{\"@type\":\"Person\",\"@id\":\"https:\/\/brasilnoticias.org\/site\/#\/schema\/person\/03bbbfe6c7634ad18c26444ea39049fa\",\"name\":\"Reda\u00e7\u00e3o\",\"image\":{\"@type\":\"ImageObject\",\"inLanguage\":\"pt-PT\",\"@id\":\"https:\/\/brasilnoticias.org\/site\/#\/schema\/person\/image\/\",\"url\":\"https:\/\/secure.gravatar.com\/avatar\/9ecaf7327a696cb23ad926fedded5f1f04d7049de9e445375d55b48c001a6e42?s=96&d=mm&r=g\",\"contentUrl\":\"https:\/\/secure.gravatar.com\/avatar\/9ecaf7327a696cb23ad926fedded5f1f04d7049de9e445375d55b48c001a6e42?s=96&d=mm&r=g\",\"caption\":\"Reda\u00e7\u00e3o\"},\"url\":\"https:\/\/brasilnoticias.org\/site\/author\/henrique\/\"}]}<\/script>\n<!-- \/ Yoast SEO plugin. -->","yoast_head_json":{"title":"N\u00famero de mortos em Minas Gerais por causa das chuvas chega a 30 e estado segue em emerg\u00eancia - Brasil not\u00edcias","robots":{"index":"index","follow":"follow","max-snippet":"max-snippet:-1","max-image-preview":"max-image-preview:large","max-video-preview":"max-video-preview:-1"},"canonical":"https:\/\/brasilnoticias.org\/site\/numero-de-mortos-em-minas-gerais-por-causa-das-chuvas-chega-a-30-e-estado-segue-em-emergencia\/","og_locale":"pt_PT","og_type":"article","og_title":"N\u00famero de mortos em Minas Gerais por causa das chuvas chega a 30 e estado segue em emerg\u00eancia - Brasil not\u00edcias","og_description":"Segundo informa\u00e7\u00f5es divulgadas pela Ag\u00eancia Brasil, o n\u00famero de pessoas mortas em decorr\u00eancia das fortes chuvas que atingem Minas Gerais","og_url":"https:\/\/brasilnoticias.org\/site\/numero-de-mortos-em-minas-gerais-por-causa-das-chuvas-chega-a-30-e-estado-segue-em-emergencia\/","og_site_name":"Brasil not\u00edcias","article_published_time":"2026-02-25T09:28:53+00:00","og_image":[{"width":1170,"height":700,"url":"https:\/\/brasilnoticias.org\/site\/wp-content\/uploads\/2026\/02\/rbr0946.jpg_0.webp","type":"image\/webp"}],"author":"Reda\u00e7\u00e3o","twitter_card":"summary_large_image","twitter_misc":{"Escrito por":"Reda\u00e7\u00e3o","Tempo estimado de leitura":"1 minuto"},"schema":{"@context":"https:\/\/schema.org","@graph":[{"@type":"Article","@id":"https:\/\/brasilnoticias.org\/site\/numero-de-mortos-em-minas-gerais-por-causa-das-chuvas-chega-a-30-e-estado-segue-em-emergencia\/#article","isPartOf":{"@id":"https:\/\/brasilnoticias.org\/site\/numero-de-mortos-em-minas-gerais-por-causa-das-chuvas-chega-a-30-e-estado-segue-em-emergencia\/"},"author":{"name":"Reda\u00e7\u00e3o","@id":"https:\/\/brasilnoticias.org\/site\/#\/schema\/person\/03bbbfe6c7634ad18c26444ea39049fa"},"headline":"N\u00famero de mortos em Minas Gerais por causa das chuvas chega a 30 e estado segue em emerg\u00eancia","datePublished":"2026-02-25T09:28:53+00:00","mainEntityOfPage":{"@id":"https:\/\/brasilnoticias.org\/site\/numero-de-mortos-em-minas-gerais-por-causa-das-chuvas-chega-a-30-e-estado-segue-em-emergencia\/"},"wordCount":288,"commentCount":0,"publisher":{"@id":"https:\/\/brasilnoticias.org\/site\/#organization"},"image":{"@id":"https:\/\/brasilnoticias.org\/site\/numero-de-mortos-em-minas-gerais-por-causa-das-chuvas-chega-a-30-e-estado-segue-em-emergencia\/#primaryimage"},"thumbnailUrl":"https:\/\/brasilnoticias.org\/site\/wp-content\/uploads\/2026\/02\/rbr0946.jpg_0.webp","articleSection":["Mundo"],"inLanguage":"pt-PT","potentialAction":[{"@type":"CommentAction","name":"Comment","target":["https:\/\/brasilnoticias.org\/site\/numero-de-mortos-em-minas-gerais-por-causa-das-chuvas-chega-a-30-e-estado-segue-em-emergencia\/#respond"]}]},{"@type":"WebPage","@id":"https:\/\/brasilnoticias.org\/site\/numero-de-mortos-em-minas-gerais-por-causa-das-chuvas-chega-a-30-e-estado-segue-em-emergencia\/","url":"https:\/\/brasilnoticias.org\/site\/numero-de-mortos-em-minas-gerais-por-causa-das-chuvas-chega-a-30-e-estado-segue-em-emergencia\/","name":"N\u00famero de mortos em Minas Gerais por causa das chuvas chega a 30 e estado segue em emerg\u00eancia - Brasil not\u00edcias","isPartOf":{"@id":"https:\/\/brasilnoticias.org\/site\/#website"},"primaryImageOfPage":{"@id":"https:\/\/brasilnoticias.org\/site\/numero-de-mortos-em-minas-gerais-por-causa-das-chuvas-chega-a-30-e-estado-segue-em-emergencia\/#primaryimage"},"image":{"@id":"https:\/\/brasilnoticias.org\/site\/numero-de-mortos-em-minas-gerais-por-causa-das-chuvas-chega-a-30-e-estado-segue-em-emergencia\/#primaryimage"},"thumbnailUrl":"https:\/\/brasilnoticias.org\/site\/wp-content\/uploads\/2026\/02\/rbr0946.jpg_0.webp","datePublished":"2026-02-25T09:28:53+00:00","breadcrumb":{"@id":"https:\/\/brasilnoticias.org\/site\/numero-de-mortos-em-minas-gerais-por-causa-das-chuvas-chega-a-30-e-estado-segue-em-emergencia\/#breadcrumb"},"inLanguage":"pt-PT","potentialAction":[{"@type":"ReadAction","target":["https:\/\/brasilnoticias.org\/site\/numero-de-mortos-em-minas-gerais-por-causa-das-chuvas-chega-a-30-e-estado-segue-em-emergencia\/"]}]},{"@type":"ImageObject","inLanguage":"pt-PT","@id":"https:\/\/brasilnoticias.org\/site\/numero-de-mortos-em-minas-gerais-por-causa-das-chuvas-chega-a-30-e-estado-segue-em-emergencia\/#primaryimage","url":"https:\/\/brasilnoticias.org\/site\/wp-content\/uploads\/2026\/02\/rbr0946.jpg_0.webp","contentUrl":"https:\/\/brasilnoticias.org\/site\/wp-content\/uploads\/2026\/02\/rbr0946.jpg_0.webp","width":1170,"height":700},{"@type":"BreadcrumbList","@id":"https:\/\/brasilnoticias.org\/site\/numero-de-mortos-em-minas-gerais-por-causa-das-chuvas-chega-a-30-e-estado-segue-em-emergencia\/#breadcrumb","itemListElement":[{"@type":"ListItem","position":1,"name":"In\u00edcio","item":"https:\/\/brasilnoticias.org\/site\/"},{"@type":"ListItem","position":2,"name":"N\u00famero de mortos em Minas Gerais por causa das chuvas chega a 30 e estado segue em emerg\u00eancia"}]},{"@type":"WebSite","@id":"https:\/\/brasilnoticias.org\/site\/#website","url":"https:\/\/brasilnoticias.org\/site\/","name":"Brasil not\u00edcias","description":"Brasil not\u00edcias","publisher":{"@id":"https:\/\/brasilnoticias.org\/site\/#organization"},"potentialAction":[{"@type":"SearchAction","target":{"@type":"EntryPoint","urlTemplate":"https:\/\/brasilnoticias.org\/site\/?s={search_term_string}"},"query-input":{"@type":"PropertyValueSpecification","valueRequired":true,"valueName":"search_term_string"}}],"inLanguage":"pt-PT"},{"@type":"Organization","@id":"https:\/\/brasilnoticias.org\/site\/#organization","name":"Brasil not\u00edcias","url":"https:\/\/brasilnoticias.org\/site\/","logo":{"@type":"ImageObject","inLanguage":"pt-PT","@id":"https:\/\/brasilnoticias.org\/site\/#\/schema\/logo\/image\/","url":"https:\/\/brasilnoticias.org\/site\/wp-content\/uploads\/2022\/05\/cropped-brasilnoticias-mini.jpg","contentUrl":"https:\/\/brasilnoticias.org\/site\/wp-content\/uploads\/2022\/05\/cropped-brasilnoticias-mini.jpg","width":314,"height":86,"caption":"Brasil not\u00edcias"},"image":{"@id":"https:\/\/brasilnoticias.org\/site\/#\/schema\/logo\/image\/"}},{"@type":"Person","@id":"https:\/\/brasilnoticias.org\/site\/#\/schema\/person\/03bbbfe6c7634ad18c26444ea39049fa","name":"Reda\u00e7\u00e3o","image":{"@type":"ImageObject","inLanguage":"pt-PT","@id":"https:\/\/brasilnoticias.org\/site\/#\/schema\/person\/image\/","url":"https:\/\/secure.gravatar.com\/avatar\/9ecaf7327a696cb23ad926fedded5f1f04d7049de9e445375d55b48c001a6e42?s=96&d=mm&r=g","contentUrl":"https:\/\/secure.gravatar.com\/avatar\/9ecaf7327a696cb23ad926fedded5f1f04d7049de9e445375d55b48c001a6e42?s=96&d=mm&r=g","caption":"Reda\u00e7\u00e3o"},"url":"https:\/\/brasilnoticias.org\/site\/author\/henrique\/"}]}},"_links":{"self":[{"href":"https:\/\/brasilnoticias.org\/site\/wp-json\/wp\/v2\/posts\/20456","targetHints":{"allow":["GET"]}}],"collection":[{"href":"https:\/\/brasilnoticias.org\/site\/wp-json\/wp\/v2\/posts"}],"about":[{"href":"https:\/\/brasilnoticias.org\/site\/wp-json\/wp\/v2\/types\/post"}],"author":[{"embeddable":true,"href":"https:\/\/brasilnoticias.org\/site\/wp-json\/wp\/v2\/users\/4"}],"replies":[{"embeddable":true,"href":"https:\/\/brasilnoticias.org\/site\/wp-json\/wp\/v2\/comments?post=20456"}],"version-history":[{"count":1,"href":"https:\/\/brasilnoticias.org\/site\/wp-json\/wp\/v2\/posts\/20456\/revisions"}],"predecessor-version":[{"id":20458,"href":"https:\/\/brasilnoticias.org\/site\/wp-json\/wp\/v2\/posts\/20456\/revisions\/20458"}],"wp:featuredmedia":[{"embeddable":true,"href":"https:\/\/brasilnoticias.org\/site\/wp-json\/wp\/v2\/media\/20457"}],"wp:attachment":[{"href":"https:\/\/brasilnoticias.org\/site\/wp-json\/wp\/v2\/media?parent=20456"}],"wp:term":[{"taxonomy":"category","embeddable":true,"href":"https:\/\/brasilnoticias.org\/site\/wp-json\/wp\/v2\/categories?post=20456"},{"taxonomy":"post_tag","embeddable":true,"href":"https:\/\/brasilnoticias.org\/site\/wp-json\/wp\/v2\/tags?post=20456"}],"curies":[{"name":"wp","href":"https:\/\/api.w.org\/{rel}","templated":true}]}}