{"id":20484,"date":"2026-02-26T08:49:58","date_gmt":"2026-02-26T11:49:58","guid":{"rendered":"https:\/\/brasilnoticias.org\/site\/?p=20484"},"modified":"2026-02-26T08:49:58","modified_gmt":"2026-02-26T11:49:58","slug":"desastre-em-juiz-de-fora-reflete-negligencia-com-aquecimento-global-dizem-especialistas","status":"publish","type":"post","link":"https:\/\/brasilnoticias.org\/site\/desastre-em-juiz-de-fora-reflete-negligencia-com-aquecimento-global-dizem-especialistas\/","title":{"rendered":"Desastre em Juiz de Fora reflete neglig\u00eancia com aquecimento global, dizem especialistas"},"content":{"rendered":"<p>Segundo informa\u00e7\u00f5es divulgadas pela Ag\u00eancia Brasil, o forte temporal que atingiu a cidade de Juiz de Fora (MG) e outros munic\u00edpios da Zona da Mata mineira evidencia os impactos da neglig\u00eancia global no enfrentamento do aquecimento clim\u00e1tico, conforme alertam especialistas e pesquisadores da \u00e1rea ambiental.<\/p>\n<p>As chuvas intensas provocaram enchentes, deslizamentos de terra, destrui\u00e7\u00e3o de resid\u00eancias, interdi\u00e7\u00f5es de vias e deixaram centenas de pessoas desabrigadas, al\u00e9m de um elevado n\u00famero de mortes na regi\u00e3o. O epis\u00f3dio \u00e9 considerado um dos mais graves j\u00e1 registrados nos \u00faltimos anos no munic\u00edpio e em cidades vizinhas, como Ub\u00e1 e Matias Barbosa.<\/p>\n<p>De acordo com especialistas ouvidos na reportagem, eventos extremos como esse est\u00e3o se tornando cada vez mais frequentes e intensos, consequ\u00eancia direta do aumento da temperatura global, que altera o regime de chuvas e intensifica fen\u00f4menos clim\u00e1ticos severos em curtos per\u00edodos de tempo.<\/p>\n<p>Os pesquisadores destacam ainda que a falta de planejamento urbano adequado, a ocupa\u00e7\u00e3o de \u00e1reas de risco e a aus\u00eancia de pol\u00edticas p\u00fablicas consistentes de preven\u00e7\u00e3o agravam os impactos das mudan\u00e7as clim\u00e1ticas, ampliando os preju\u00edzos sociais, ambientais e econ\u00f4micos.<\/p>\n<p>O desastre reacende o debate sobre a necessidade urgente de a\u00e7\u00f5es de adapta\u00e7\u00e3o clim\u00e1tica, investimentos em infraestrutura resiliente e medidas eficazes para reduzir as emiss\u00f5es de gases de efeito estufa. Especialistas defendem que governos e sociedade precisam tratar o aquecimento global como uma prioridade para evitar trag\u00e9dias semelhantes no futuro.<\/p>\n<p>Foto: Tomaz Silva\/Ag\u00eancia Brasil<\/p>\n","protected":false},"excerpt":{"rendered":"<p>Segundo informa\u00e7\u00f5es divulgadas pela Ag\u00eancia Brasil, o forte temporal que atingiu a cidade de Juiz de Fora (MG) e outros<\/p>\n","protected":false},"author":4,"featured_media":20485,"comment_status":"open","ping_status":"open","sticky":false,"template":"","format":"standard","meta":{"colormag_page_container_layout":"default_layout","colormag_page_sidebar_layout":"default_layout","_FSMCFIC_featured_image_caption":"","_FSMCFIC_featured_image_nocaption":"","_FSMCFIC_featured_image_hide":"","footnotes":""},"categories":[2,1],"tags":[],"class_list":["post-20484","post","type-post","status-publish","format-standard","has-post-thumbnail","hentry","category-noticias","category-ultimas"],"yoast_head":"<!-- This site is optimized with the Yoast SEO plugin v27.1.1 - https:\/\/yoast.com\/product\/yoast-seo-wordpress\/ -->\n<title>Desastre em Juiz de Fora reflete neglig\u00eancia com aquecimento global, dizem especialistas - Brasil not\u00edcias<\/title>\n<meta name=\"robots\" content=\"index, follow, max-snippet:-1, max-image-preview:large, max-video-preview:-1\" \/>\n<link rel=\"canonical\" href=\"https:\/\/brasilnoticias.org\/site\/desastre-em-juiz-de-fora-reflete-negligencia-com-aquecimento-global-dizem-especialistas\/\" \/>\n<meta property=\"og:locale\" content=\"pt_PT\" \/>\n<meta property=\"og:type\" content=\"article\" \/>\n<meta property=\"og:title\" content=\"Desastre em Juiz de Fora reflete neglig\u00eancia com aquecimento global, dizem especialistas - Brasil not\u00edcias\" \/>\n<meta property=\"og:description\" content=\"Segundo informa\u00e7\u00f5es divulgadas pela Ag\u00eancia Brasil, o forte temporal que atingiu a cidade de Juiz de Fora (MG) e outros\" \/>\n<meta property=\"og:url\" content=\"https:\/\/brasilnoticias.org\/site\/desastre-em-juiz-de-fora-reflete-negligencia-com-aquecimento-global-dizem-especialistas\/\" \/>\n<meta property=\"og:site_name\" content=\"Brasil not\u00edcias\" \/>\n<meta property=\"article:published_time\" content=\"2026-02-26T11:49:58+00:00\" \/>\n<meta property=\"og:image\" content=\"https:\/\/brasilnoticias.org\/site\/wp-content\/uploads\/2026\/02\/toms4156.webp\" \/>\n\t<meta property=\"og:image:width\" content=\"1170\" \/>\n\t<meta property=\"og:image:height\" content=\"700\" \/>\n\t<meta property=\"og:image:type\" content=\"image\/webp\" \/>\n<meta name=\"author\" content=\"Reda\u00e7\u00e3o\" \/>\n<meta name=\"twitter:card\" content=\"summary_large_image\" \/>\n<meta name=\"twitter:label1\" content=\"Escrito por\" \/>\n\t<meta name=\"twitter:data1\" content=\"Reda\u00e7\u00e3o\" \/>\n\t<meta name=\"twitter:label2\" content=\"Tempo estimado de leitura\" \/>\n\t<meta name=\"twitter:data2\" content=\"1 minuto\" \/>\n<script type=\"application\/ld+json\" class=\"yoast-schema-graph\">{\"@context\":\"https:\/\/schema.org\",\"@graph\":[{\"@type\":\"Article\",\"@id\":\"https:\/\/brasilnoticias.org\/site\/desastre-em-juiz-de-fora-reflete-negligencia-com-aquecimento-global-dizem-especialistas\/#article\",\"isPartOf\":{\"@id\":\"https:\/\/brasilnoticias.org\/site\/desastre-em-juiz-de-fora-reflete-negligencia-com-aquecimento-global-dizem-especialistas\/\"},\"author\":{\"name\":\"Reda\u00e7\u00e3o\",\"@id\":\"https:\/\/brasilnoticias.org\/site\/#\/schema\/person\/03bbbfe6c7634ad18c26444ea39049fa\"},\"headline\":\"Desastre em Juiz de Fora reflete neglig\u00eancia com aquecimento global, dizem especialistas\",\"datePublished\":\"2026-02-26T11:49:58+00:00\",\"mainEntityOfPage\":{\"@id\":\"https:\/\/brasilnoticias.org\/site\/desastre-em-juiz-de-fora-reflete-negligencia-com-aquecimento-global-dizem-especialistas\/\"},\"wordCount\":280,\"commentCount\":0,\"publisher\":{\"@id\":\"https:\/\/brasilnoticias.org\/site\/#organization\"},\"image\":{\"@id\":\"https:\/\/brasilnoticias.org\/site\/desastre-em-juiz-de-fora-reflete-negligencia-com-aquecimento-global-dizem-especialistas\/#primaryimage\"},\"thumbnailUrl\":\"https:\/\/brasilnoticias.org\/site\/wp-content\/uploads\/2026\/02\/toms4156.webp\",\"articleSection\":[\"Not\u00edcias\",\"\u00daltimas\"],\"inLanguage\":\"pt-PT\",\"potentialAction\":[{\"@type\":\"CommentAction\",\"name\":\"Comment\",\"target\":[\"https:\/\/brasilnoticias.org\/site\/desastre-em-juiz-de-fora-reflete-negligencia-com-aquecimento-global-dizem-especialistas\/#respond\"]}]},{\"@type\":\"WebPage\",\"@id\":\"https:\/\/brasilnoticias.org\/site\/desastre-em-juiz-de-fora-reflete-negligencia-com-aquecimento-global-dizem-especialistas\/\",\"url\":\"https:\/\/brasilnoticias.org\/site\/desastre-em-juiz-de-fora-reflete-negligencia-com-aquecimento-global-dizem-especialistas\/\",\"name\":\"Desastre em Juiz de Fora reflete neglig\u00eancia com aquecimento global, dizem especialistas - Brasil not\u00edcias\",\"isPartOf\":{\"@id\":\"https:\/\/brasilnoticias.org\/site\/#website\"},\"primaryImageOfPage\":{\"@id\":\"https:\/\/brasilnoticias.org\/site\/desastre-em-juiz-de-fora-reflete-negligencia-com-aquecimento-global-dizem-especialistas\/#primaryimage\"},\"image\":{\"@id\":\"https:\/\/brasilnoticias.org\/site\/desastre-em-juiz-de-fora-reflete-negligencia-com-aquecimento-global-dizem-especialistas\/#primaryimage\"},\"thumbnailUrl\":\"https:\/\/brasilnoticias.org\/site\/wp-content\/uploads\/2026\/02\/toms4156.webp\",\"datePublished\":\"2026-02-26T11:49:58+00:00\",\"breadcrumb\":{\"@id\":\"https:\/\/brasilnoticias.org\/site\/desastre-em-juiz-de-fora-reflete-negligencia-com-aquecimento-global-dizem-especialistas\/#breadcrumb\"},\"inLanguage\":\"pt-PT\",\"potentialAction\":[{\"@type\":\"ReadAction\",\"target\":[\"https:\/\/brasilnoticias.org\/site\/desastre-em-juiz-de-fora-reflete-negligencia-com-aquecimento-global-dizem-especialistas\/\"]}]},{\"@type\":\"ImageObject\",\"inLanguage\":\"pt-PT\",\"@id\":\"https:\/\/brasilnoticias.org\/site\/desastre-em-juiz-de-fora-reflete-negligencia-com-aquecimento-global-dizem-especialistas\/#primaryimage\",\"url\":\"https:\/\/brasilnoticias.org\/site\/wp-content\/uploads\/2026\/02\/toms4156.webp\",\"contentUrl\":\"https:\/\/brasilnoticias.org\/site\/wp-content\/uploads\/2026\/02\/toms4156.webp\",\"width\":1170,\"height\":700},{\"@type\":\"BreadcrumbList\",\"@id\":\"https:\/\/brasilnoticias.org\/site\/desastre-em-juiz-de-fora-reflete-negligencia-com-aquecimento-global-dizem-especialistas\/#breadcrumb\",\"itemListElement\":[{\"@type\":\"ListItem\",\"position\":1,\"name\":\"In\u00edcio\",\"item\":\"https:\/\/brasilnoticias.org\/site\/\"},{\"@type\":\"ListItem\",\"position\":2,\"name\":\"Desastre em Juiz de Fora reflete neglig\u00eancia com aquecimento global, dizem especialistas\"}]},{\"@type\":\"WebSite\",\"@id\":\"https:\/\/brasilnoticias.org\/site\/#website\",\"url\":\"https:\/\/brasilnoticias.org\/site\/\",\"name\":\"Brasil not\u00edcias\",\"description\":\"Brasil not\u00edcias\",\"publisher\":{\"@id\":\"https:\/\/brasilnoticias.org\/site\/#organization\"},\"potentialAction\":[{\"@type\":\"SearchAction\",\"target\":{\"@type\":\"EntryPoint\",\"urlTemplate\":\"https:\/\/brasilnoticias.org\/site\/?s={search_term_string}\"},\"query-input\":{\"@type\":\"PropertyValueSpecification\",\"valueRequired\":true,\"valueName\":\"search_term_string\"}}],\"inLanguage\":\"pt-PT\"},{\"@type\":\"Organization\",\"@id\":\"https:\/\/brasilnoticias.org\/site\/#organization\",\"name\":\"Brasil not\u00edcias\",\"url\":\"https:\/\/brasilnoticias.org\/site\/\",\"logo\":{\"@type\":\"ImageObject\",\"inLanguage\":\"pt-PT\",\"@id\":\"https:\/\/brasilnoticias.org\/site\/#\/schema\/logo\/image\/\",\"url\":\"https:\/\/brasilnoticias.org\/site\/wp-content\/uploads\/2022\/05\/cropped-brasilnoticias-mini.jpg\",\"contentUrl\":\"https:\/\/brasilnoticias.org\/site\/wp-content\/uploads\/2022\/05\/cropped-brasilnoticias-mini.jpg\",\"width\":314,\"height\":86,\"caption\":\"Brasil not\u00edcias\"},\"image\":{\"@id\":\"https:\/\/brasilnoticias.org\/site\/#\/schema\/logo\/image\/\"}},{\"@type\":\"Person\",\"@id\":\"https:\/\/brasilnoticias.org\/site\/#\/schema\/person\/03bbbfe6c7634ad18c26444ea39049fa\",\"name\":\"Reda\u00e7\u00e3o\",\"image\":{\"@type\":\"ImageObject\",\"inLanguage\":\"pt-PT\",\"@id\":\"https:\/\/brasilnoticias.org\/site\/#\/schema\/person\/image\/\",\"url\":\"https:\/\/secure.gravatar.com\/avatar\/9ecaf7327a696cb23ad926fedded5f1f04d7049de9e445375d55b48c001a6e42?s=96&d=mm&r=g\",\"contentUrl\":\"https:\/\/secure.gravatar.com\/avatar\/9ecaf7327a696cb23ad926fedded5f1f04d7049de9e445375d55b48c001a6e42?s=96&d=mm&r=g\",\"caption\":\"Reda\u00e7\u00e3o\"},\"url\":\"https:\/\/brasilnoticias.org\/site\/author\/henrique\/\"}]}<\/script>\n<!-- \/ Yoast SEO plugin. -->","yoast_head_json":{"title":"Desastre em Juiz de Fora reflete neglig\u00eancia com aquecimento global, dizem especialistas - Brasil not\u00edcias","robots":{"index":"index","follow":"follow","max-snippet":"max-snippet:-1","max-image-preview":"max-image-preview:large","max-video-preview":"max-video-preview:-1"},"canonical":"https:\/\/brasilnoticias.org\/site\/desastre-em-juiz-de-fora-reflete-negligencia-com-aquecimento-global-dizem-especialistas\/","og_locale":"pt_PT","og_type":"article","og_title":"Desastre em Juiz de Fora reflete neglig\u00eancia com aquecimento global, dizem especialistas - Brasil not\u00edcias","og_description":"Segundo informa\u00e7\u00f5es divulgadas pela Ag\u00eancia Brasil, o forte temporal que atingiu a cidade de Juiz de Fora (MG) e outros","og_url":"https:\/\/brasilnoticias.org\/site\/desastre-em-juiz-de-fora-reflete-negligencia-com-aquecimento-global-dizem-especialistas\/","og_site_name":"Brasil not\u00edcias","article_published_time":"2026-02-26T11:49:58+00:00","og_image":[{"width":1170,"height":700,"url":"https:\/\/brasilnoticias.org\/site\/wp-content\/uploads\/2026\/02\/toms4156.webp","type":"image\/webp"}],"author":"Reda\u00e7\u00e3o","twitter_card":"summary_large_image","twitter_misc":{"Escrito por":"Reda\u00e7\u00e3o","Tempo estimado de leitura":"1 minuto"},"schema":{"@context":"https:\/\/schema.org","@graph":[{"@type":"Article","@id":"https:\/\/brasilnoticias.org\/site\/desastre-em-juiz-de-fora-reflete-negligencia-com-aquecimento-global-dizem-especialistas\/#article","isPartOf":{"@id":"https:\/\/brasilnoticias.org\/site\/desastre-em-juiz-de-fora-reflete-negligencia-com-aquecimento-global-dizem-especialistas\/"},"author":{"name":"Reda\u00e7\u00e3o","@id":"https:\/\/brasilnoticias.org\/site\/#\/schema\/person\/03bbbfe6c7634ad18c26444ea39049fa"},"headline":"Desastre em Juiz de Fora reflete neglig\u00eancia com aquecimento global, dizem especialistas","datePublished":"2026-02-26T11:49:58+00:00","mainEntityOfPage":{"@id":"https:\/\/brasilnoticias.org\/site\/desastre-em-juiz-de-fora-reflete-negligencia-com-aquecimento-global-dizem-especialistas\/"},"wordCount":280,"commentCount":0,"publisher":{"@id":"https:\/\/brasilnoticias.org\/site\/#organization"},"image":{"@id":"https:\/\/brasilnoticias.org\/site\/desastre-em-juiz-de-fora-reflete-negligencia-com-aquecimento-global-dizem-especialistas\/#primaryimage"},"thumbnailUrl":"https:\/\/brasilnoticias.org\/site\/wp-content\/uploads\/2026\/02\/toms4156.webp","articleSection":["Not\u00edcias","\u00daltimas"],"inLanguage":"pt-PT","potentialAction":[{"@type":"CommentAction","name":"Comment","target":["https:\/\/brasilnoticias.org\/site\/desastre-em-juiz-de-fora-reflete-negligencia-com-aquecimento-global-dizem-especialistas\/#respond"]}]},{"@type":"WebPage","@id":"https:\/\/brasilnoticias.org\/site\/desastre-em-juiz-de-fora-reflete-negligencia-com-aquecimento-global-dizem-especialistas\/","url":"https:\/\/brasilnoticias.org\/site\/desastre-em-juiz-de-fora-reflete-negligencia-com-aquecimento-global-dizem-especialistas\/","name":"Desastre em Juiz de Fora reflete neglig\u00eancia com aquecimento global, dizem especialistas - Brasil not\u00edcias","isPartOf":{"@id":"https:\/\/brasilnoticias.org\/site\/#website"},"primaryImageOfPage":{"@id":"https:\/\/brasilnoticias.org\/site\/desastre-em-juiz-de-fora-reflete-negligencia-com-aquecimento-global-dizem-especialistas\/#primaryimage"},"image":{"@id":"https:\/\/brasilnoticias.org\/site\/desastre-em-juiz-de-fora-reflete-negligencia-com-aquecimento-global-dizem-especialistas\/#primaryimage"},"thumbnailUrl":"https:\/\/brasilnoticias.org\/site\/wp-content\/uploads\/2026\/02\/toms4156.webp","datePublished":"2026-02-26T11:49:58+00:00","breadcrumb":{"@id":"https:\/\/brasilnoticias.org\/site\/desastre-em-juiz-de-fora-reflete-negligencia-com-aquecimento-global-dizem-especialistas\/#breadcrumb"},"inLanguage":"pt-PT","potentialAction":[{"@type":"ReadAction","target":["https:\/\/brasilnoticias.org\/site\/desastre-em-juiz-de-fora-reflete-negligencia-com-aquecimento-global-dizem-especialistas\/"]}]},{"@type":"ImageObject","inLanguage":"pt-PT","@id":"https:\/\/brasilnoticias.org\/site\/desastre-em-juiz-de-fora-reflete-negligencia-com-aquecimento-global-dizem-especialistas\/#primaryimage","url":"https:\/\/brasilnoticias.org\/site\/wp-content\/uploads\/2026\/02\/toms4156.webp","contentUrl":"https:\/\/brasilnoticias.org\/site\/wp-content\/uploads\/2026\/02\/toms4156.webp","width":1170,"height":700},{"@type":"BreadcrumbList","@id":"https:\/\/brasilnoticias.org\/site\/desastre-em-juiz-de-fora-reflete-negligencia-com-aquecimento-global-dizem-especialistas\/#breadcrumb","itemListElement":[{"@type":"ListItem","position":1,"name":"In\u00edcio","item":"https:\/\/brasilnoticias.org\/site\/"},{"@type":"ListItem","position":2,"name":"Desastre em Juiz de Fora reflete neglig\u00eancia com aquecimento global, dizem especialistas"}]},{"@type":"WebSite","@id":"https:\/\/brasilnoticias.org\/site\/#website","url":"https:\/\/brasilnoticias.org\/site\/","name":"Brasil not\u00edcias","description":"Brasil not\u00edcias","publisher":{"@id":"https:\/\/brasilnoticias.org\/site\/#organization"},"potentialAction":[{"@type":"SearchAction","target":{"@type":"EntryPoint","urlTemplate":"https:\/\/brasilnoticias.org\/site\/?s={search_term_string}"},"query-input":{"@type":"PropertyValueSpecification","valueRequired":true,"valueName":"search_term_string"}}],"inLanguage":"pt-PT"},{"@type":"Organization","@id":"https:\/\/brasilnoticias.org\/site\/#organization","name":"Brasil not\u00edcias","url":"https:\/\/brasilnoticias.org\/site\/","logo":{"@type":"ImageObject","inLanguage":"pt-PT","@id":"https:\/\/brasilnoticias.org\/site\/#\/schema\/logo\/image\/","url":"https:\/\/brasilnoticias.org\/site\/wp-content\/uploads\/2022\/05\/cropped-brasilnoticias-mini.jpg","contentUrl":"https:\/\/brasilnoticias.org\/site\/wp-content\/uploads\/2022\/05\/cropped-brasilnoticias-mini.jpg","width":314,"height":86,"caption":"Brasil not\u00edcias"},"image":{"@id":"https:\/\/brasilnoticias.org\/site\/#\/schema\/logo\/image\/"}},{"@type":"Person","@id":"https:\/\/brasilnoticias.org\/site\/#\/schema\/person\/03bbbfe6c7634ad18c26444ea39049fa","name":"Reda\u00e7\u00e3o","image":{"@type":"ImageObject","inLanguage":"pt-PT","@id":"https:\/\/brasilnoticias.org\/site\/#\/schema\/person\/image\/","url":"https:\/\/secure.gravatar.com\/avatar\/9ecaf7327a696cb23ad926fedded5f1f04d7049de9e445375d55b48c001a6e42?s=96&d=mm&r=g","contentUrl":"https:\/\/secure.gravatar.com\/avatar\/9ecaf7327a696cb23ad926fedded5f1f04d7049de9e445375d55b48c001a6e42?s=96&d=mm&r=g","caption":"Reda\u00e7\u00e3o"},"url":"https:\/\/brasilnoticias.org\/site\/author\/henrique\/"}]}},"_links":{"self":[{"href":"https:\/\/brasilnoticias.org\/site\/wp-json\/wp\/v2\/posts\/20484","targetHints":{"allow":["GET"]}}],"collection":[{"href":"https:\/\/brasilnoticias.org\/site\/wp-json\/wp\/v2\/posts"}],"about":[{"href":"https:\/\/brasilnoticias.org\/site\/wp-json\/wp\/v2\/types\/post"}],"author":[{"embeddable":true,"href":"https:\/\/brasilnoticias.org\/site\/wp-json\/wp\/v2\/users\/4"}],"replies":[{"embeddable":true,"href":"https:\/\/brasilnoticias.org\/site\/wp-json\/wp\/v2\/comments?post=20484"}],"version-history":[{"count":1,"href":"https:\/\/brasilnoticias.org\/site\/wp-json\/wp\/v2\/posts\/20484\/revisions"}],"predecessor-version":[{"id":20486,"href":"https:\/\/brasilnoticias.org\/site\/wp-json\/wp\/v2\/posts\/20484\/revisions\/20486"}],"wp:featuredmedia":[{"embeddable":true,"href":"https:\/\/brasilnoticias.org\/site\/wp-json\/wp\/v2\/media\/20485"}],"wp:attachment":[{"href":"https:\/\/brasilnoticias.org\/site\/wp-json\/wp\/v2\/media?parent=20484"}],"wp:term":[{"taxonomy":"category","embeddable":true,"href":"https:\/\/brasilnoticias.org\/site\/wp-json\/wp\/v2\/categories?post=20484"},{"taxonomy":"post_tag","embeddable":true,"href":"https:\/\/brasilnoticias.org\/site\/wp-json\/wp\/v2\/tags?post=20484"}],"curies":[{"name":"wp","href":"https:\/\/api.w.org\/{rel}","templated":true}]}}