{"id":2050,"date":"2022-10-21T07:30:55","date_gmt":"2022-10-21T10:30:55","guid":{"rendered":"https:\/\/brasilnoticias.org\/site\/?p=2050"},"modified":"2022-10-20T15:11:03","modified_gmt":"2022-10-20T18:11:03","slug":"salvador-e-a-capital-com-a-gasolina-mais-cara-do-brasil-aponta-anp","status":"publish","type":"post","link":"https:\/\/brasilnoticias.org\/site\/salvador-e-a-capital-com-a-gasolina-mais-cara-do-brasil-aponta-anp\/","title":{"rendered":"Salvador \u00e9 a capital com a gasolina mais cara do Brasil, aponta ANP"},"content":{"rendered":"<p>Com o pre\u00e7o m\u00e9dio da gasolina comum em R$ 5,56, quem mora em Salvador n\u00e3o tem muito o que comemorar. A cidade \u00e9 a capital brasileira com o combust\u00edvel mais caro, segundo apontam dados da Ag\u00eancia Nacional do Petr\u00f3leo, G\u00e1s Natural e Biocombust\u00edveis (ANP), divulgados na \u00faltima segunda-feira (17).<\/p>\n<p>Entre os dias 9 e 15 de outubro, o pre\u00e7o mais baixo encontrado foi de R$ 5,44, j\u00e1 o maior gasto ao consumidor ficou em R$ 5,59 pelo litro do combust\u00edvel, uma varia\u00e7\u00e3o de R$ 0,52 ou cerca de 10,3%.<\/p>\n<p>O aumento na capital baiana supera o maior aumento de pre\u00e7o m\u00e9dio no Brasil, que foi de 1,5% na semana de refer\u00eancia. J\u00e1 Macap\u00e1 (AP) bateu o menor pre\u00e7o m\u00e9dio, de R$ 4,48.<\/p>\n<p>Foto: Marcelo Camargo\/Ag\u00eancia Brasil<br \/>\nPor: Metro1 <\/p>\n","protected":false},"excerpt":{"rendered":"<p>Com o pre\u00e7o m\u00e9dio da gasolina comum em R$ 5,56, quem mora em Salvador n\u00e3o tem muito o que comemorar.<\/p>\n","protected":false},"author":1,"featured_media":2051,"comment_status":"open","ping_status":"open","sticky":false,"template":"","format":"standard","meta":{"colormag_page_container_layout":"default_layout","colormag_page_sidebar_layout":"default_layout","_FSMCFIC_featured_image_caption":"","_FSMCFIC_featured_image_nocaption":"","_FSMCFIC_featured_image_hide":"","footnotes":""},"categories":[2,1],"tags":[],"class_list":["post-2050","post","type-post","status-publish","format-standard","has-post-thumbnail","hentry","category-noticias","category-ultimas"],"yoast_head":"<!-- This site is optimized with the Yoast SEO plugin v27.1.1 - https:\/\/yoast.com\/product\/yoast-seo-wordpress\/ -->\n<title>Salvador \u00e9 a capital com a gasolina mais cara do Brasil, aponta ANP - Brasil not\u00edcias<\/title>\n<meta name=\"robots\" content=\"index, follow, max-snippet:-1, max-image-preview:large, max-video-preview:-1\" \/>\n<link rel=\"canonical\" href=\"https:\/\/brasilnoticias.org\/site\/salvador-e-a-capital-com-a-gasolina-mais-cara-do-brasil-aponta-anp\/\" \/>\n<meta property=\"og:locale\" content=\"pt_PT\" \/>\n<meta property=\"og:type\" content=\"article\" \/>\n<meta property=\"og:title\" content=\"Salvador \u00e9 a capital com a gasolina mais cara do Brasil, aponta ANP - Brasil not\u00edcias\" \/>\n<meta property=\"og:description\" content=\"Com o pre\u00e7o m\u00e9dio da gasolina comum em R$ 5,56, quem mora em Salvador n\u00e3o tem muito o que comemorar.\" \/>\n<meta property=\"og:url\" content=\"https:\/\/brasilnoticias.org\/site\/salvador-e-a-capital-com-a-gasolina-mais-cara-do-brasil-aponta-anp\/\" \/>\n<meta property=\"og:site_name\" content=\"Brasil not\u00edcias\" \/>\n<meta property=\"article:published_time\" content=\"2022-10-21T10:30:55+00:00\" \/>\n<meta property=\"og:image\" content=\"https:\/\/brasilnoticias.org\/site\/wp-content\/uploads\/2022\/10\/129553salvador-e-a-capital-com-a-gasolina-mais-cara-do-brasil-aponta-anp-3.jpg\" \/>\n\t<meta property=\"og:image:width\" content=\"1600\" \/>\n\t<meta property=\"og:image:height\" content=\"752\" \/>\n\t<meta property=\"og:image:type\" content=\"image\/jpeg\" \/>\n<meta name=\"author\" content=\"Reda\u00e7\u00e3o\" \/>\n<meta name=\"twitter:card\" content=\"summary_large_image\" \/>\n<meta name=\"twitter:label1\" content=\"Escrito por\" \/>\n\t<meta name=\"twitter:data1\" content=\"Reda\u00e7\u00e3o\" \/>\n\t<meta name=\"twitter:label2\" content=\"Tempo estimado de leitura\" \/>\n\t<meta name=\"twitter:data2\" content=\"1 minuto\" \/>\n<script type=\"application\/ld+json\" class=\"yoast-schema-graph\">{\"@context\":\"https:\/\/schema.org\",\"@graph\":[{\"@type\":\"Article\",\"@id\":\"https:\/\/brasilnoticias.org\/site\/salvador-e-a-capital-com-a-gasolina-mais-cara-do-brasil-aponta-anp\/#article\",\"isPartOf\":{\"@id\":\"https:\/\/brasilnoticias.org\/site\/salvador-e-a-capital-com-a-gasolina-mais-cara-do-brasil-aponta-anp\/\"},\"author\":{\"name\":\"Reda\u00e7\u00e3o\",\"@id\":\"https:\/\/brasilnoticias.org\/site\/#\/schema\/person\/a0e05b973ec4d15c658d51911e53507b\"},\"headline\":\"Salvador \u00e9 a capital com a gasolina mais cara do Brasil, aponta ANP\",\"datePublished\":\"2022-10-21T10:30:55+00:00\",\"mainEntityOfPage\":{\"@id\":\"https:\/\/brasilnoticias.org\/site\/salvador-e-a-capital-com-a-gasolina-mais-cara-do-brasil-aponta-anp\/\"},\"wordCount\":147,\"commentCount\":0,\"publisher\":{\"@id\":\"https:\/\/brasilnoticias.org\/site\/#organization\"},\"image\":{\"@id\":\"https:\/\/brasilnoticias.org\/site\/salvador-e-a-capital-com-a-gasolina-mais-cara-do-brasil-aponta-anp\/#primaryimage\"},\"thumbnailUrl\":\"https:\/\/brasilnoticias.org\/site\/wp-content\/uploads\/2022\/10\/129553salvador-e-a-capital-com-a-gasolina-mais-cara-do-brasil-aponta-anp-3.jpg\",\"articleSection\":[\"Not\u00edcias\",\"\u00daltimas\"],\"inLanguage\":\"pt-PT\",\"potentialAction\":[{\"@type\":\"CommentAction\",\"name\":\"Comment\",\"target\":[\"https:\/\/brasilnoticias.org\/site\/salvador-e-a-capital-com-a-gasolina-mais-cara-do-brasil-aponta-anp\/#respond\"]}]},{\"@type\":\"WebPage\",\"@id\":\"https:\/\/brasilnoticias.org\/site\/salvador-e-a-capital-com-a-gasolina-mais-cara-do-brasil-aponta-anp\/\",\"url\":\"https:\/\/brasilnoticias.org\/site\/salvador-e-a-capital-com-a-gasolina-mais-cara-do-brasil-aponta-anp\/\",\"name\":\"Salvador \u00e9 a capital com a gasolina mais cara do Brasil, aponta ANP - Brasil not\u00edcias\",\"isPartOf\":{\"@id\":\"https:\/\/brasilnoticias.org\/site\/#website\"},\"primaryImageOfPage\":{\"@id\":\"https:\/\/brasilnoticias.org\/site\/salvador-e-a-capital-com-a-gasolina-mais-cara-do-brasil-aponta-anp\/#primaryimage\"},\"image\":{\"@id\":\"https:\/\/brasilnoticias.org\/site\/salvador-e-a-capital-com-a-gasolina-mais-cara-do-brasil-aponta-anp\/#primaryimage\"},\"thumbnailUrl\":\"https:\/\/brasilnoticias.org\/site\/wp-content\/uploads\/2022\/10\/129553salvador-e-a-capital-com-a-gasolina-mais-cara-do-brasil-aponta-anp-3.jpg\",\"datePublished\":\"2022-10-21T10:30:55+00:00\",\"breadcrumb\":{\"@id\":\"https:\/\/brasilnoticias.org\/site\/salvador-e-a-capital-com-a-gasolina-mais-cara-do-brasil-aponta-anp\/#breadcrumb\"},\"inLanguage\":\"pt-PT\",\"potentialAction\":[{\"@type\":\"ReadAction\",\"target\":[\"https:\/\/brasilnoticias.org\/site\/salvador-e-a-capital-com-a-gasolina-mais-cara-do-brasil-aponta-anp\/\"]}]},{\"@type\":\"ImageObject\",\"inLanguage\":\"pt-PT\",\"@id\":\"https:\/\/brasilnoticias.org\/site\/salvador-e-a-capital-com-a-gasolina-mais-cara-do-brasil-aponta-anp\/#primaryimage\",\"url\":\"https:\/\/brasilnoticias.org\/site\/wp-content\/uploads\/2022\/10\/129553salvador-e-a-capital-com-a-gasolina-mais-cara-do-brasil-aponta-anp-3.jpg\",\"contentUrl\":\"https:\/\/brasilnoticias.org\/site\/wp-content\/uploads\/2022\/10\/129553salvador-e-a-capital-com-a-gasolina-mais-cara-do-brasil-aponta-anp-3.jpg\",\"width\":1600,\"height\":752},{\"@type\":\"BreadcrumbList\",\"@id\":\"https:\/\/brasilnoticias.org\/site\/salvador-e-a-capital-com-a-gasolina-mais-cara-do-brasil-aponta-anp\/#breadcrumb\",\"itemListElement\":[{\"@type\":\"ListItem\",\"position\":1,\"name\":\"In\u00edcio\",\"item\":\"https:\/\/brasilnoticias.org\/site\/\"},{\"@type\":\"ListItem\",\"position\":2,\"name\":\"Salvador \u00e9 a capital com a gasolina mais cara do Brasil, aponta ANP\"}]},{\"@type\":\"WebSite\",\"@id\":\"https:\/\/brasilnoticias.org\/site\/#website\",\"url\":\"https:\/\/brasilnoticias.org\/site\/\",\"name\":\"Brasil not\u00edcias\",\"description\":\"Brasil not\u00edcias\",\"publisher\":{\"@id\":\"https:\/\/brasilnoticias.org\/site\/#organization\"},\"potentialAction\":[{\"@type\":\"SearchAction\",\"target\":{\"@type\":\"EntryPoint\",\"urlTemplate\":\"https:\/\/brasilnoticias.org\/site\/?s={search_term_string}\"},\"query-input\":{\"@type\":\"PropertyValueSpecification\",\"valueRequired\":true,\"valueName\":\"search_term_string\"}}],\"inLanguage\":\"pt-PT\"},{\"@type\":\"Organization\",\"@id\":\"https:\/\/brasilnoticias.org\/site\/#organization\",\"name\":\"Brasil not\u00edcias\",\"url\":\"https:\/\/brasilnoticias.org\/site\/\",\"logo\":{\"@type\":\"ImageObject\",\"inLanguage\":\"pt-PT\",\"@id\":\"https:\/\/brasilnoticias.org\/site\/#\/schema\/logo\/image\/\",\"url\":\"https:\/\/brasilnoticias.org\/site\/wp-content\/uploads\/2022\/05\/cropped-brasilnoticias-mini.jpg\",\"contentUrl\":\"https:\/\/brasilnoticias.org\/site\/wp-content\/uploads\/2022\/05\/cropped-brasilnoticias-mini.jpg\",\"width\":314,\"height\":86,\"caption\":\"Brasil not\u00edcias\"},\"image\":{\"@id\":\"https:\/\/brasilnoticias.org\/site\/#\/schema\/logo\/image\/\"}},{\"@type\":\"Person\",\"@id\":\"https:\/\/brasilnoticias.org\/site\/#\/schema\/person\/a0e05b973ec4d15c658d51911e53507b\",\"name\":\"Reda\u00e7\u00e3o\",\"image\":{\"@type\":\"ImageObject\",\"inLanguage\":\"pt-PT\",\"@id\":\"https:\/\/brasilnoticias.org\/site\/#\/schema\/person\/image\/\",\"url\":\"https:\/\/secure.gravatar.com\/avatar\/75d8b050df2de108b08ae78dfb8e374892df24a383c67db9c46a9c604f6aee9c?s=96&d=mm&r=g\",\"contentUrl\":\"https:\/\/secure.gravatar.com\/avatar\/75d8b050df2de108b08ae78dfb8e374892df24a383c67db9c46a9c604f6aee9c?s=96&d=mm&r=g\",\"caption\":\"Reda\u00e7\u00e3o\"},\"sameAs\":[\"https:\/\/brasilnoticias.org\/site\"],\"url\":\"https:\/\/brasilnoticias.org\/site\/author\/fernandozsngmail-com\/\"}]}<\/script>\n<!-- \/ Yoast SEO plugin. -->","yoast_head_json":{"title":"Salvador \u00e9 a capital com a gasolina mais cara do Brasil, aponta ANP - Brasil not\u00edcias","robots":{"index":"index","follow":"follow","max-snippet":"max-snippet:-1","max-image-preview":"max-image-preview:large","max-video-preview":"max-video-preview:-1"},"canonical":"https:\/\/brasilnoticias.org\/site\/salvador-e-a-capital-com-a-gasolina-mais-cara-do-brasil-aponta-anp\/","og_locale":"pt_PT","og_type":"article","og_title":"Salvador \u00e9 a capital com a gasolina mais cara do Brasil, aponta ANP - Brasil not\u00edcias","og_description":"Com o pre\u00e7o m\u00e9dio da gasolina comum em R$ 5,56, quem mora em Salvador n\u00e3o tem muito o que comemorar.","og_url":"https:\/\/brasilnoticias.org\/site\/salvador-e-a-capital-com-a-gasolina-mais-cara-do-brasil-aponta-anp\/","og_site_name":"Brasil not\u00edcias","article_published_time":"2022-10-21T10:30:55+00:00","og_image":[{"width":1600,"height":752,"url":"https:\/\/brasilnoticias.org\/site\/wp-content\/uploads\/2022\/10\/129553salvador-e-a-capital-com-a-gasolina-mais-cara-do-brasil-aponta-anp-3.jpg","type":"image\/jpeg"}],"author":"Reda\u00e7\u00e3o","twitter_card":"summary_large_image","twitter_misc":{"Escrito por":"Reda\u00e7\u00e3o","Tempo estimado de leitura":"1 minuto"},"schema":{"@context":"https:\/\/schema.org","@graph":[{"@type":"Article","@id":"https:\/\/brasilnoticias.org\/site\/salvador-e-a-capital-com-a-gasolina-mais-cara-do-brasil-aponta-anp\/#article","isPartOf":{"@id":"https:\/\/brasilnoticias.org\/site\/salvador-e-a-capital-com-a-gasolina-mais-cara-do-brasil-aponta-anp\/"},"author":{"name":"Reda\u00e7\u00e3o","@id":"https:\/\/brasilnoticias.org\/site\/#\/schema\/person\/a0e05b973ec4d15c658d51911e53507b"},"headline":"Salvador \u00e9 a capital com a gasolina mais cara do Brasil, aponta ANP","datePublished":"2022-10-21T10:30:55+00:00","mainEntityOfPage":{"@id":"https:\/\/brasilnoticias.org\/site\/salvador-e-a-capital-com-a-gasolina-mais-cara-do-brasil-aponta-anp\/"},"wordCount":147,"commentCount":0,"publisher":{"@id":"https:\/\/brasilnoticias.org\/site\/#organization"},"image":{"@id":"https:\/\/brasilnoticias.org\/site\/salvador-e-a-capital-com-a-gasolina-mais-cara-do-brasil-aponta-anp\/#primaryimage"},"thumbnailUrl":"https:\/\/brasilnoticias.org\/site\/wp-content\/uploads\/2022\/10\/129553salvador-e-a-capital-com-a-gasolina-mais-cara-do-brasil-aponta-anp-3.jpg","articleSection":["Not\u00edcias","\u00daltimas"],"inLanguage":"pt-PT","potentialAction":[{"@type":"CommentAction","name":"Comment","target":["https:\/\/brasilnoticias.org\/site\/salvador-e-a-capital-com-a-gasolina-mais-cara-do-brasil-aponta-anp\/#respond"]}]},{"@type":"WebPage","@id":"https:\/\/brasilnoticias.org\/site\/salvador-e-a-capital-com-a-gasolina-mais-cara-do-brasil-aponta-anp\/","url":"https:\/\/brasilnoticias.org\/site\/salvador-e-a-capital-com-a-gasolina-mais-cara-do-brasil-aponta-anp\/","name":"Salvador \u00e9 a capital com a gasolina mais cara do Brasil, aponta ANP - Brasil not\u00edcias","isPartOf":{"@id":"https:\/\/brasilnoticias.org\/site\/#website"},"primaryImageOfPage":{"@id":"https:\/\/brasilnoticias.org\/site\/salvador-e-a-capital-com-a-gasolina-mais-cara-do-brasil-aponta-anp\/#primaryimage"},"image":{"@id":"https:\/\/brasilnoticias.org\/site\/salvador-e-a-capital-com-a-gasolina-mais-cara-do-brasil-aponta-anp\/#primaryimage"},"thumbnailUrl":"https:\/\/brasilnoticias.org\/site\/wp-content\/uploads\/2022\/10\/129553salvador-e-a-capital-com-a-gasolina-mais-cara-do-brasil-aponta-anp-3.jpg","datePublished":"2022-10-21T10:30:55+00:00","breadcrumb":{"@id":"https:\/\/brasilnoticias.org\/site\/salvador-e-a-capital-com-a-gasolina-mais-cara-do-brasil-aponta-anp\/#breadcrumb"},"inLanguage":"pt-PT","potentialAction":[{"@type":"ReadAction","target":["https:\/\/brasilnoticias.org\/site\/salvador-e-a-capital-com-a-gasolina-mais-cara-do-brasil-aponta-anp\/"]}]},{"@type":"ImageObject","inLanguage":"pt-PT","@id":"https:\/\/brasilnoticias.org\/site\/salvador-e-a-capital-com-a-gasolina-mais-cara-do-brasil-aponta-anp\/#primaryimage","url":"https:\/\/brasilnoticias.org\/site\/wp-content\/uploads\/2022\/10\/129553salvador-e-a-capital-com-a-gasolina-mais-cara-do-brasil-aponta-anp-3.jpg","contentUrl":"https:\/\/brasilnoticias.org\/site\/wp-content\/uploads\/2022\/10\/129553salvador-e-a-capital-com-a-gasolina-mais-cara-do-brasil-aponta-anp-3.jpg","width":1600,"height":752},{"@type":"BreadcrumbList","@id":"https:\/\/brasilnoticias.org\/site\/salvador-e-a-capital-com-a-gasolina-mais-cara-do-brasil-aponta-anp\/#breadcrumb","itemListElement":[{"@type":"ListItem","position":1,"name":"In\u00edcio","item":"https:\/\/brasilnoticias.org\/site\/"},{"@type":"ListItem","position":2,"name":"Salvador \u00e9 a capital com a gasolina mais cara do Brasil, aponta ANP"}]},{"@type":"WebSite","@id":"https:\/\/brasilnoticias.org\/site\/#website","url":"https:\/\/brasilnoticias.org\/site\/","name":"Brasil not\u00edcias","description":"Brasil not\u00edcias","publisher":{"@id":"https:\/\/brasilnoticias.org\/site\/#organization"},"potentialAction":[{"@type":"SearchAction","target":{"@type":"EntryPoint","urlTemplate":"https:\/\/brasilnoticias.org\/site\/?s={search_term_string}"},"query-input":{"@type":"PropertyValueSpecification","valueRequired":true,"valueName":"search_term_string"}}],"inLanguage":"pt-PT"},{"@type":"Organization","@id":"https:\/\/brasilnoticias.org\/site\/#organization","name":"Brasil not\u00edcias","url":"https:\/\/brasilnoticias.org\/site\/","logo":{"@type":"ImageObject","inLanguage":"pt-PT","@id":"https:\/\/brasilnoticias.org\/site\/#\/schema\/logo\/image\/","url":"https:\/\/brasilnoticias.org\/site\/wp-content\/uploads\/2022\/05\/cropped-brasilnoticias-mini.jpg","contentUrl":"https:\/\/brasilnoticias.org\/site\/wp-content\/uploads\/2022\/05\/cropped-brasilnoticias-mini.jpg","width":314,"height":86,"caption":"Brasil not\u00edcias"},"image":{"@id":"https:\/\/brasilnoticias.org\/site\/#\/schema\/logo\/image\/"}},{"@type":"Person","@id":"https:\/\/brasilnoticias.org\/site\/#\/schema\/person\/a0e05b973ec4d15c658d51911e53507b","name":"Reda\u00e7\u00e3o","image":{"@type":"ImageObject","inLanguage":"pt-PT","@id":"https:\/\/brasilnoticias.org\/site\/#\/schema\/person\/image\/","url":"https:\/\/secure.gravatar.com\/avatar\/75d8b050df2de108b08ae78dfb8e374892df24a383c67db9c46a9c604f6aee9c?s=96&d=mm&r=g","contentUrl":"https:\/\/secure.gravatar.com\/avatar\/75d8b050df2de108b08ae78dfb8e374892df24a383c67db9c46a9c604f6aee9c?s=96&d=mm&r=g","caption":"Reda\u00e7\u00e3o"},"sameAs":["https:\/\/brasilnoticias.org\/site"],"url":"https:\/\/brasilnoticias.org\/site\/author\/fernandozsngmail-com\/"}]}},"_links":{"self":[{"href":"https:\/\/brasilnoticias.org\/site\/wp-json\/wp\/v2\/posts\/2050","targetHints":{"allow":["GET"]}}],"collection":[{"href":"https:\/\/brasilnoticias.org\/site\/wp-json\/wp\/v2\/posts"}],"about":[{"href":"https:\/\/brasilnoticias.org\/site\/wp-json\/wp\/v2\/types\/post"}],"author":[{"embeddable":true,"href":"https:\/\/brasilnoticias.org\/site\/wp-json\/wp\/v2\/users\/1"}],"replies":[{"embeddable":true,"href":"https:\/\/brasilnoticias.org\/site\/wp-json\/wp\/v2\/comments?post=2050"}],"version-history":[{"count":1,"href":"https:\/\/brasilnoticias.org\/site\/wp-json\/wp\/v2\/posts\/2050\/revisions"}],"predecessor-version":[{"id":2052,"href":"https:\/\/brasilnoticias.org\/site\/wp-json\/wp\/v2\/posts\/2050\/revisions\/2052"}],"wp:featuredmedia":[{"embeddable":true,"href":"https:\/\/brasilnoticias.org\/site\/wp-json\/wp\/v2\/media\/2051"}],"wp:attachment":[{"href":"https:\/\/brasilnoticias.org\/site\/wp-json\/wp\/v2\/media?parent=2050"}],"wp:term":[{"taxonomy":"category","embeddable":true,"href":"https:\/\/brasilnoticias.org\/site\/wp-json\/wp\/v2\/categories?post=2050"},{"taxonomy":"post_tag","embeddable":true,"href":"https:\/\/brasilnoticias.org\/site\/wp-json\/wp\/v2\/tags?post=2050"}],"curies":[{"name":"wp","href":"https:\/\/api.w.org\/{rel}","templated":true}]}}