{"id":20510,"date":"2026-02-27T06:21:35","date_gmt":"2026-02-27T09:21:35","guid":{"rendered":"https:\/\/brasilnoticias.org\/site\/?p=20510"},"modified":"2026-02-27T06:21:35","modified_gmt":"2026-02-27T09:21:35","slug":"taxista-e-sequestrado-e-mantido-refem-por-trio-durante-serie-de-assaltos-em-lauro-de-freitas","status":"publish","type":"post","link":"https:\/\/brasilnoticias.org\/site\/taxista-e-sequestrado-e-mantido-refem-por-trio-durante-serie-de-assaltos-em-lauro-de-freitas\/","title":{"rendered":"Taxista \u00e9 sequestrado e mantido ref\u00e9m por trio durante s\u00e9rie de assaltos em Lauro de Freitas"},"content":{"rendered":"<p>Segundo informa\u00e7\u00f5es divulgadas pelo Bahia Not\u00edcias, um taxista foi sequestrado e obrigado a participar de uma s\u00e9rie de assaltos em rodovias e ruas de Lauro de Freitas, na Regi\u00e3o Metropolitana de Salvador, na madrugada desta quarta-feira (25).<\/p>\n<p>De acordo com testemunhas e relatos policiais, o motorista foi abordado por tr\u00eas criminosos armados, que o colocaram \u00e0 for\u00e7a no ve\u00edculo e o mantiveram ref\u00e9m enquanto cometiam diversos roubos em pontos diferentes da cidade, usando o t\u00e1xi como ferramenta para fugir e atacar v\u00edtimas.<\/p>\n<p>A pol\u00edcia foi acionada e, ap\u00f3s dilig\u00eancias na regi\u00e3o, conseguiu localizar o taxista e libert\u00e1-lo, sem que ele tivesse sofrido ferimentos graves. Os suspeitos, no entanto, conseguiram escapar antes da chegada das equipes, e s\u00e3o procurados pelas autoridades.<\/p>\n<p>O caso segue sob investiga\u00e7\u00e3o da Delegacia de Repress\u00e3o a Furtos e Roubos (DRFR), que est\u00e1 coletando imagens de c\u00e2meras de seguran\u00e7a e depoimentos de v\u00edtimas para identificar e prender os envolvidos.<\/p>\n<p>O epis\u00f3dio refor\u00e7a a preocupa\u00e7\u00e3o com a viol\u00eancia e a criminalidade em rodovias e \u00e1reas urbanas da Regi\u00e3o Metropolitana de Salvador, al\u00e9m de alertar motoristas e popula\u00e7\u00e3o para casos semelhantes na regi\u00e3o.<\/p>\n<p>Foto: Reprodu\u00e7\u00e3o \/ Ascom \/ PC-BA<\/p>\n","protected":false},"excerpt":{"rendered":"<p>Segundo informa\u00e7\u00f5es divulgadas pelo Bahia Not\u00edcias, um taxista foi sequestrado e obrigado a participar de uma s\u00e9rie de assaltos em<\/p>\n","protected":false},"author":4,"featured_media":20511,"comment_status":"open","ping_status":"open","sticky":false,"template":"","format":"standard","meta":{"colormag_page_container_layout":"default_layout","colormag_page_sidebar_layout":"default_layout","_FSMCFIC_featured_image_caption":"","_FSMCFIC_featured_image_nocaption":"","_FSMCFIC_featured_image_hide":"","footnotes":""},"categories":[3,1],"tags":[],"class_list":["post-20510","post","type-post","status-publish","format-standard","has-post-thumbnail","hentry","category-policia","category-ultimas"],"yoast_head":"<!-- This site is optimized with the Yoast SEO plugin v27.1.1 - https:\/\/yoast.com\/product\/yoast-seo-wordpress\/ -->\n<title>Taxista \u00e9 sequestrado e mantido ref\u00e9m por trio durante s\u00e9rie de assaltos em Lauro de Freitas - Brasil not\u00edcias<\/title>\n<meta name=\"robots\" content=\"index, follow, max-snippet:-1, max-image-preview:large, max-video-preview:-1\" \/>\n<link rel=\"canonical\" href=\"https:\/\/brasilnoticias.org\/site\/taxista-e-sequestrado-e-mantido-refem-por-trio-durante-serie-de-assaltos-em-lauro-de-freitas\/\" \/>\n<meta property=\"og:locale\" content=\"pt_PT\" \/>\n<meta property=\"og:type\" content=\"article\" \/>\n<meta property=\"og:title\" content=\"Taxista \u00e9 sequestrado e mantido ref\u00e9m por trio durante s\u00e9rie de assaltos em Lauro de Freitas - Brasil not\u00edcias\" \/>\n<meta property=\"og:description\" content=\"Segundo informa\u00e7\u00f5es divulgadas pelo Bahia Not\u00edcias, um taxista foi sequestrado e obrigado a participar de uma s\u00e9rie de assaltos em\" \/>\n<meta property=\"og:url\" content=\"https:\/\/brasilnoticias.org\/site\/taxista-e-sequestrado-e-mantido-refem-por-trio-durante-serie-de-assaltos-em-lauro-de-freitas\/\" \/>\n<meta property=\"og:site_name\" content=\"Brasil not\u00edcias\" \/>\n<meta property=\"article:published_time\" content=\"2026-02-27T09:21:35+00:00\" \/>\n<meta property=\"og:image\" content=\"https:\/\/brasilnoticias.org\/site\/wp-content\/uploads\/2026\/02\/IMAGEM_NOTICIA_9-1-3.webp\" \/>\n\t<meta property=\"og:image:width\" content=\"1200\" \/>\n\t<meta property=\"og:image:height\" content=\"630\" \/>\n\t<meta property=\"og:image:type\" content=\"image\/webp\" \/>\n<meta name=\"author\" content=\"Reda\u00e7\u00e3o\" \/>\n<meta name=\"twitter:card\" content=\"summary_large_image\" \/>\n<meta name=\"twitter:label1\" content=\"Escrito por\" \/>\n\t<meta name=\"twitter:data1\" content=\"Reda\u00e7\u00e3o\" \/>\n\t<meta name=\"twitter:label2\" content=\"Tempo estimado de leitura\" \/>\n\t<meta name=\"twitter:data2\" content=\"1 minuto\" \/>\n<script type=\"application\/ld+json\" class=\"yoast-schema-graph\">{\"@context\":\"https:\/\/schema.org\",\"@graph\":[{\"@type\":\"Article\",\"@id\":\"https:\/\/brasilnoticias.org\/site\/taxista-e-sequestrado-e-mantido-refem-por-trio-durante-serie-de-assaltos-em-lauro-de-freitas\/#article\",\"isPartOf\":{\"@id\":\"https:\/\/brasilnoticias.org\/site\/taxista-e-sequestrado-e-mantido-refem-por-trio-durante-serie-de-assaltos-em-lauro-de-freitas\/\"},\"author\":{\"name\":\"Reda\u00e7\u00e3o\",\"@id\":\"https:\/\/brasilnoticias.org\/site\/#\/schema\/person\/03bbbfe6c7634ad18c26444ea39049fa\"},\"headline\":\"Taxista \u00e9 sequestrado e mantido ref\u00e9m por trio durante s\u00e9rie de assaltos em Lauro de Freitas\",\"datePublished\":\"2026-02-27T09:21:35+00:00\",\"mainEntityOfPage\":{\"@id\":\"https:\/\/brasilnoticias.org\/site\/taxista-e-sequestrado-e-mantido-refem-por-trio-durante-serie-de-assaltos-em-lauro-de-freitas\/\"},\"wordCount\":233,\"commentCount\":0,\"publisher\":{\"@id\":\"https:\/\/brasilnoticias.org\/site\/#organization\"},\"image\":{\"@id\":\"https:\/\/brasilnoticias.org\/site\/taxista-e-sequestrado-e-mantido-refem-por-trio-durante-serie-de-assaltos-em-lauro-de-freitas\/#primaryimage\"},\"thumbnailUrl\":\"https:\/\/brasilnoticias.org\/site\/wp-content\/uploads\/2026\/02\/IMAGEM_NOTICIA_9-1-3.webp\",\"articleSection\":[\"Pol\u00edcia\",\"\u00daltimas\"],\"inLanguage\":\"pt-PT\",\"potentialAction\":[{\"@type\":\"CommentAction\",\"name\":\"Comment\",\"target\":[\"https:\/\/brasilnoticias.org\/site\/taxista-e-sequestrado-e-mantido-refem-por-trio-durante-serie-de-assaltos-em-lauro-de-freitas\/#respond\"]}]},{\"@type\":\"WebPage\",\"@id\":\"https:\/\/brasilnoticias.org\/site\/taxista-e-sequestrado-e-mantido-refem-por-trio-durante-serie-de-assaltos-em-lauro-de-freitas\/\",\"url\":\"https:\/\/brasilnoticias.org\/site\/taxista-e-sequestrado-e-mantido-refem-por-trio-durante-serie-de-assaltos-em-lauro-de-freitas\/\",\"name\":\"Taxista \u00e9 sequestrado e mantido ref\u00e9m por trio durante s\u00e9rie de assaltos em Lauro de Freitas - Brasil not\u00edcias\",\"isPartOf\":{\"@id\":\"https:\/\/brasilnoticias.org\/site\/#website\"},\"primaryImageOfPage\":{\"@id\":\"https:\/\/brasilnoticias.org\/site\/taxista-e-sequestrado-e-mantido-refem-por-trio-durante-serie-de-assaltos-em-lauro-de-freitas\/#primaryimage\"},\"image\":{\"@id\":\"https:\/\/brasilnoticias.org\/site\/taxista-e-sequestrado-e-mantido-refem-por-trio-durante-serie-de-assaltos-em-lauro-de-freitas\/#primaryimage\"},\"thumbnailUrl\":\"https:\/\/brasilnoticias.org\/site\/wp-content\/uploads\/2026\/02\/IMAGEM_NOTICIA_9-1-3.webp\",\"datePublished\":\"2026-02-27T09:21:35+00:00\",\"breadcrumb\":{\"@id\":\"https:\/\/brasilnoticias.org\/site\/taxista-e-sequestrado-e-mantido-refem-por-trio-durante-serie-de-assaltos-em-lauro-de-freitas\/#breadcrumb\"},\"inLanguage\":\"pt-PT\",\"potentialAction\":[{\"@type\":\"ReadAction\",\"target\":[\"https:\/\/brasilnoticias.org\/site\/taxista-e-sequestrado-e-mantido-refem-por-trio-durante-serie-de-assaltos-em-lauro-de-freitas\/\"]}]},{\"@type\":\"ImageObject\",\"inLanguage\":\"pt-PT\",\"@id\":\"https:\/\/brasilnoticias.org\/site\/taxista-e-sequestrado-e-mantido-refem-por-trio-durante-serie-de-assaltos-em-lauro-de-freitas\/#primaryimage\",\"url\":\"https:\/\/brasilnoticias.org\/site\/wp-content\/uploads\/2026\/02\/IMAGEM_NOTICIA_9-1-3.webp\",\"contentUrl\":\"https:\/\/brasilnoticias.org\/site\/wp-content\/uploads\/2026\/02\/IMAGEM_NOTICIA_9-1-3.webp\",\"width\":1200,\"height\":630},{\"@type\":\"BreadcrumbList\",\"@id\":\"https:\/\/brasilnoticias.org\/site\/taxista-e-sequestrado-e-mantido-refem-por-trio-durante-serie-de-assaltos-em-lauro-de-freitas\/#breadcrumb\",\"itemListElement\":[{\"@type\":\"ListItem\",\"position\":1,\"name\":\"In\u00edcio\",\"item\":\"https:\/\/brasilnoticias.org\/site\/\"},{\"@type\":\"ListItem\",\"position\":2,\"name\":\"Taxista \u00e9 sequestrado e mantido ref\u00e9m por trio durante s\u00e9rie de assaltos em Lauro de Freitas\"}]},{\"@type\":\"WebSite\",\"@id\":\"https:\/\/brasilnoticias.org\/site\/#website\",\"url\":\"https:\/\/brasilnoticias.org\/site\/\",\"name\":\"Brasil not\u00edcias\",\"description\":\"Brasil not\u00edcias\",\"publisher\":{\"@id\":\"https:\/\/brasilnoticias.org\/site\/#organization\"},\"potentialAction\":[{\"@type\":\"SearchAction\",\"target\":{\"@type\":\"EntryPoint\",\"urlTemplate\":\"https:\/\/brasilnoticias.org\/site\/?s={search_term_string}\"},\"query-input\":{\"@type\":\"PropertyValueSpecification\",\"valueRequired\":true,\"valueName\":\"search_term_string\"}}],\"inLanguage\":\"pt-PT\"},{\"@type\":\"Organization\",\"@id\":\"https:\/\/brasilnoticias.org\/site\/#organization\",\"name\":\"Brasil not\u00edcias\",\"url\":\"https:\/\/brasilnoticias.org\/site\/\",\"logo\":{\"@type\":\"ImageObject\",\"inLanguage\":\"pt-PT\",\"@id\":\"https:\/\/brasilnoticias.org\/site\/#\/schema\/logo\/image\/\",\"url\":\"https:\/\/brasilnoticias.org\/site\/wp-content\/uploads\/2022\/05\/cropped-brasilnoticias-mini.jpg\",\"contentUrl\":\"https:\/\/brasilnoticias.org\/site\/wp-content\/uploads\/2022\/05\/cropped-brasilnoticias-mini.jpg\",\"width\":314,\"height\":86,\"caption\":\"Brasil not\u00edcias\"},\"image\":{\"@id\":\"https:\/\/brasilnoticias.org\/site\/#\/schema\/logo\/image\/\"}},{\"@type\":\"Person\",\"@id\":\"https:\/\/brasilnoticias.org\/site\/#\/schema\/person\/03bbbfe6c7634ad18c26444ea39049fa\",\"name\":\"Reda\u00e7\u00e3o\",\"image\":{\"@type\":\"ImageObject\",\"inLanguage\":\"pt-PT\",\"@id\":\"https:\/\/brasilnoticias.org\/site\/#\/schema\/person\/image\/\",\"url\":\"https:\/\/secure.gravatar.com\/avatar\/9ecaf7327a696cb23ad926fedded5f1f04d7049de9e445375d55b48c001a6e42?s=96&d=mm&r=g\",\"contentUrl\":\"https:\/\/secure.gravatar.com\/avatar\/9ecaf7327a696cb23ad926fedded5f1f04d7049de9e445375d55b48c001a6e42?s=96&d=mm&r=g\",\"caption\":\"Reda\u00e7\u00e3o\"},\"url\":\"https:\/\/brasilnoticias.org\/site\/author\/henrique\/\"}]}<\/script>\n<!-- \/ Yoast SEO plugin. -->","yoast_head_json":{"title":"Taxista \u00e9 sequestrado e mantido ref\u00e9m por trio durante s\u00e9rie de assaltos em Lauro de Freitas - Brasil not\u00edcias","robots":{"index":"index","follow":"follow","max-snippet":"max-snippet:-1","max-image-preview":"max-image-preview:large","max-video-preview":"max-video-preview:-1"},"canonical":"https:\/\/brasilnoticias.org\/site\/taxista-e-sequestrado-e-mantido-refem-por-trio-durante-serie-de-assaltos-em-lauro-de-freitas\/","og_locale":"pt_PT","og_type":"article","og_title":"Taxista \u00e9 sequestrado e mantido ref\u00e9m por trio durante s\u00e9rie de assaltos em Lauro de Freitas - Brasil not\u00edcias","og_description":"Segundo informa\u00e7\u00f5es divulgadas pelo Bahia Not\u00edcias, um taxista foi sequestrado e obrigado a participar de uma s\u00e9rie de assaltos em","og_url":"https:\/\/brasilnoticias.org\/site\/taxista-e-sequestrado-e-mantido-refem-por-trio-durante-serie-de-assaltos-em-lauro-de-freitas\/","og_site_name":"Brasil not\u00edcias","article_published_time":"2026-02-27T09:21:35+00:00","og_image":[{"width":1200,"height":630,"url":"https:\/\/brasilnoticias.org\/site\/wp-content\/uploads\/2026\/02\/IMAGEM_NOTICIA_9-1-3.webp","type":"image\/webp"}],"author":"Reda\u00e7\u00e3o","twitter_card":"summary_large_image","twitter_misc":{"Escrito por":"Reda\u00e7\u00e3o","Tempo estimado de leitura":"1 minuto"},"schema":{"@context":"https:\/\/schema.org","@graph":[{"@type":"Article","@id":"https:\/\/brasilnoticias.org\/site\/taxista-e-sequestrado-e-mantido-refem-por-trio-durante-serie-de-assaltos-em-lauro-de-freitas\/#article","isPartOf":{"@id":"https:\/\/brasilnoticias.org\/site\/taxista-e-sequestrado-e-mantido-refem-por-trio-durante-serie-de-assaltos-em-lauro-de-freitas\/"},"author":{"name":"Reda\u00e7\u00e3o","@id":"https:\/\/brasilnoticias.org\/site\/#\/schema\/person\/03bbbfe6c7634ad18c26444ea39049fa"},"headline":"Taxista \u00e9 sequestrado e mantido ref\u00e9m por trio durante s\u00e9rie de assaltos em Lauro de Freitas","datePublished":"2026-02-27T09:21:35+00:00","mainEntityOfPage":{"@id":"https:\/\/brasilnoticias.org\/site\/taxista-e-sequestrado-e-mantido-refem-por-trio-durante-serie-de-assaltos-em-lauro-de-freitas\/"},"wordCount":233,"commentCount":0,"publisher":{"@id":"https:\/\/brasilnoticias.org\/site\/#organization"},"image":{"@id":"https:\/\/brasilnoticias.org\/site\/taxista-e-sequestrado-e-mantido-refem-por-trio-durante-serie-de-assaltos-em-lauro-de-freitas\/#primaryimage"},"thumbnailUrl":"https:\/\/brasilnoticias.org\/site\/wp-content\/uploads\/2026\/02\/IMAGEM_NOTICIA_9-1-3.webp","articleSection":["Pol\u00edcia","\u00daltimas"],"inLanguage":"pt-PT","potentialAction":[{"@type":"CommentAction","name":"Comment","target":["https:\/\/brasilnoticias.org\/site\/taxista-e-sequestrado-e-mantido-refem-por-trio-durante-serie-de-assaltos-em-lauro-de-freitas\/#respond"]}]},{"@type":"WebPage","@id":"https:\/\/brasilnoticias.org\/site\/taxista-e-sequestrado-e-mantido-refem-por-trio-durante-serie-de-assaltos-em-lauro-de-freitas\/","url":"https:\/\/brasilnoticias.org\/site\/taxista-e-sequestrado-e-mantido-refem-por-trio-durante-serie-de-assaltos-em-lauro-de-freitas\/","name":"Taxista \u00e9 sequestrado e mantido ref\u00e9m por trio durante s\u00e9rie de assaltos em Lauro de Freitas - Brasil not\u00edcias","isPartOf":{"@id":"https:\/\/brasilnoticias.org\/site\/#website"},"primaryImageOfPage":{"@id":"https:\/\/brasilnoticias.org\/site\/taxista-e-sequestrado-e-mantido-refem-por-trio-durante-serie-de-assaltos-em-lauro-de-freitas\/#primaryimage"},"image":{"@id":"https:\/\/brasilnoticias.org\/site\/taxista-e-sequestrado-e-mantido-refem-por-trio-durante-serie-de-assaltos-em-lauro-de-freitas\/#primaryimage"},"thumbnailUrl":"https:\/\/brasilnoticias.org\/site\/wp-content\/uploads\/2026\/02\/IMAGEM_NOTICIA_9-1-3.webp","datePublished":"2026-02-27T09:21:35+00:00","breadcrumb":{"@id":"https:\/\/brasilnoticias.org\/site\/taxista-e-sequestrado-e-mantido-refem-por-trio-durante-serie-de-assaltos-em-lauro-de-freitas\/#breadcrumb"},"inLanguage":"pt-PT","potentialAction":[{"@type":"ReadAction","target":["https:\/\/brasilnoticias.org\/site\/taxista-e-sequestrado-e-mantido-refem-por-trio-durante-serie-de-assaltos-em-lauro-de-freitas\/"]}]},{"@type":"ImageObject","inLanguage":"pt-PT","@id":"https:\/\/brasilnoticias.org\/site\/taxista-e-sequestrado-e-mantido-refem-por-trio-durante-serie-de-assaltos-em-lauro-de-freitas\/#primaryimage","url":"https:\/\/brasilnoticias.org\/site\/wp-content\/uploads\/2026\/02\/IMAGEM_NOTICIA_9-1-3.webp","contentUrl":"https:\/\/brasilnoticias.org\/site\/wp-content\/uploads\/2026\/02\/IMAGEM_NOTICIA_9-1-3.webp","width":1200,"height":630},{"@type":"BreadcrumbList","@id":"https:\/\/brasilnoticias.org\/site\/taxista-e-sequestrado-e-mantido-refem-por-trio-durante-serie-de-assaltos-em-lauro-de-freitas\/#breadcrumb","itemListElement":[{"@type":"ListItem","position":1,"name":"In\u00edcio","item":"https:\/\/brasilnoticias.org\/site\/"},{"@type":"ListItem","position":2,"name":"Taxista \u00e9 sequestrado e mantido ref\u00e9m por trio durante s\u00e9rie de assaltos em Lauro de Freitas"}]},{"@type":"WebSite","@id":"https:\/\/brasilnoticias.org\/site\/#website","url":"https:\/\/brasilnoticias.org\/site\/","name":"Brasil not\u00edcias","description":"Brasil not\u00edcias","publisher":{"@id":"https:\/\/brasilnoticias.org\/site\/#organization"},"potentialAction":[{"@type":"SearchAction","target":{"@type":"EntryPoint","urlTemplate":"https:\/\/brasilnoticias.org\/site\/?s={search_term_string}"},"query-input":{"@type":"PropertyValueSpecification","valueRequired":true,"valueName":"search_term_string"}}],"inLanguage":"pt-PT"},{"@type":"Organization","@id":"https:\/\/brasilnoticias.org\/site\/#organization","name":"Brasil not\u00edcias","url":"https:\/\/brasilnoticias.org\/site\/","logo":{"@type":"ImageObject","inLanguage":"pt-PT","@id":"https:\/\/brasilnoticias.org\/site\/#\/schema\/logo\/image\/","url":"https:\/\/brasilnoticias.org\/site\/wp-content\/uploads\/2022\/05\/cropped-brasilnoticias-mini.jpg","contentUrl":"https:\/\/brasilnoticias.org\/site\/wp-content\/uploads\/2022\/05\/cropped-brasilnoticias-mini.jpg","width":314,"height":86,"caption":"Brasil not\u00edcias"},"image":{"@id":"https:\/\/brasilnoticias.org\/site\/#\/schema\/logo\/image\/"}},{"@type":"Person","@id":"https:\/\/brasilnoticias.org\/site\/#\/schema\/person\/03bbbfe6c7634ad18c26444ea39049fa","name":"Reda\u00e7\u00e3o","image":{"@type":"ImageObject","inLanguage":"pt-PT","@id":"https:\/\/brasilnoticias.org\/site\/#\/schema\/person\/image\/","url":"https:\/\/secure.gravatar.com\/avatar\/9ecaf7327a696cb23ad926fedded5f1f04d7049de9e445375d55b48c001a6e42?s=96&d=mm&r=g","contentUrl":"https:\/\/secure.gravatar.com\/avatar\/9ecaf7327a696cb23ad926fedded5f1f04d7049de9e445375d55b48c001a6e42?s=96&d=mm&r=g","caption":"Reda\u00e7\u00e3o"},"url":"https:\/\/brasilnoticias.org\/site\/author\/henrique\/"}]}},"_links":{"self":[{"href":"https:\/\/brasilnoticias.org\/site\/wp-json\/wp\/v2\/posts\/20510","targetHints":{"allow":["GET"]}}],"collection":[{"href":"https:\/\/brasilnoticias.org\/site\/wp-json\/wp\/v2\/posts"}],"about":[{"href":"https:\/\/brasilnoticias.org\/site\/wp-json\/wp\/v2\/types\/post"}],"author":[{"embeddable":true,"href":"https:\/\/brasilnoticias.org\/site\/wp-json\/wp\/v2\/users\/4"}],"replies":[{"embeddable":true,"href":"https:\/\/brasilnoticias.org\/site\/wp-json\/wp\/v2\/comments?post=20510"}],"version-history":[{"count":1,"href":"https:\/\/brasilnoticias.org\/site\/wp-json\/wp\/v2\/posts\/20510\/revisions"}],"predecessor-version":[{"id":20512,"href":"https:\/\/brasilnoticias.org\/site\/wp-json\/wp\/v2\/posts\/20510\/revisions\/20512"}],"wp:featuredmedia":[{"embeddable":true,"href":"https:\/\/brasilnoticias.org\/site\/wp-json\/wp\/v2\/media\/20511"}],"wp:attachment":[{"href":"https:\/\/brasilnoticias.org\/site\/wp-json\/wp\/v2\/media?parent=20510"}],"wp:term":[{"taxonomy":"category","embeddable":true,"href":"https:\/\/brasilnoticias.org\/site\/wp-json\/wp\/v2\/categories?post=20510"},{"taxonomy":"post_tag","embeddable":true,"href":"https:\/\/brasilnoticias.org\/site\/wp-json\/wp\/v2\/tags?post=20510"}],"curies":[{"name":"wp","href":"https:\/\/api.w.org\/{rel}","templated":true}]}}