{"id":20513,"date":"2026-02-27T06:25:31","date_gmt":"2026-02-27T09:25:31","guid":{"rendered":"https:\/\/brasilnoticias.org\/site\/?p=20513"},"modified":"2026-02-27T06:25:31","modified_gmt":"2026-02-27T09:25:31","slug":"flamengo-luta-mas-sucumbe-diante-do-lanus-e-perde-titulo-da-recopa-sul-americana","status":"publish","type":"post","link":"https:\/\/brasilnoticias.org\/site\/flamengo-luta-mas-sucumbe-diante-do-lanus-e-perde-titulo-da-recopa-sul-americana\/","title":{"rendered":"Flamengo luta, mas sucumbe diante do Lan\u00fas e perde t\u00edtulo da Recopa Sul-Americana"},"content":{"rendered":"<p>Segundo informa\u00e7\u00f5es divulgadas pela Ag\u00eancia Brasil, o Flamengo foi derrotado por 3 a 2 pelo Lan\u00fas, da Argentina, na prorroga\u00e7\u00e3o, e acabou ficando com o **vice-campeonato da Recopa Sul-Americana 2026. A partida decisiva foi disputada na noite desta quinta-feira (26) no Est\u00e1dio do Maracan\u00e3, no Rio de Janeiro.<\/p>\n<p>O confronto foi bastante disputado. Depois de sair atr\u00e1s no placar, o Flamengo conseguiu empatar e virar o jogo no tempo normal, levando a decis\u00e3o para a prorroga\u00e7\u00e3o. No tempo extra, o desgaste f\u00edsico pesou e o time argentino marcou dois gols, garantindo o t\u00edtulo continental.<\/p>\n<p>A derrota tamb\u00e9m foi reflexo do resultado agregado da final: no jogo de ida, disputado na Argentina, o Lan\u00fas havia vencido por 1 a 0. Com isso, mesmo com a atua\u00e7\u00e3o esfor\u00e7ada no Maracan\u00e3, o Flamengo ficou com o vice-campeonato da Recopa, marcando mais uma perda de t\u00edtulo na temporada.<\/p>\n<p>O rev\u00e9s tamb\u00e9m aumenta a press\u00e3o sobre a equipe, que vinha buscando um t\u00edtulo internacional para coroar a temporada. A conquista do Lan\u00fas representa seu primeiro t\u00edtulo da Recopa Sul-Americana, enquanto o Flamengo segue com o vice na competi\u00e7\u00e3o.<\/p>\n<p>Foto: Reuters\/Sergio Moraes\/Direitos Reservados<\/p>\n","protected":false},"excerpt":{"rendered":"<p>Segundo informa\u00e7\u00f5es divulgadas pela Ag\u00eancia Brasil, o Flamengo foi derrotado por 3 a 2 pelo Lan\u00fas, da Argentina, na prorroga\u00e7\u00e3o,<\/p>\n","protected":false},"author":4,"featured_media":20514,"comment_status":"open","ping_status":"open","sticky":false,"template":"","format":"standard","meta":{"colormag_page_container_layout":"default_layout","colormag_page_sidebar_layout":"default_layout","_FSMCFIC_featured_image_caption":"","_FSMCFIC_featured_image_nocaption":"","_FSMCFIC_featured_image_hide":"","footnotes":""},"categories":[4,1],"tags":[],"class_list":["post-20513","post","type-post","status-publish","format-standard","has-post-thumbnail","hentry","category-esporte","category-ultimas"],"yoast_head":"<!-- This site is optimized with the Yoast SEO plugin v27.1.1 - https:\/\/yoast.com\/product\/yoast-seo-wordpress\/ -->\n<title>Flamengo luta, mas sucumbe diante do Lan\u00fas e perde t\u00edtulo da Recopa Sul-Americana - Brasil not\u00edcias<\/title>\n<meta name=\"robots\" content=\"index, follow, max-snippet:-1, max-image-preview:large, max-video-preview:-1\" \/>\n<link rel=\"canonical\" href=\"https:\/\/brasilnoticias.org\/site\/flamengo-luta-mas-sucumbe-diante-do-lanus-e-perde-titulo-da-recopa-sul-americana\/\" \/>\n<meta property=\"og:locale\" content=\"pt_PT\" \/>\n<meta property=\"og:type\" content=\"article\" \/>\n<meta property=\"og:title\" content=\"Flamengo luta, mas sucumbe diante do Lan\u00fas e perde t\u00edtulo da Recopa Sul-Americana - Brasil not\u00edcias\" \/>\n<meta property=\"og:description\" content=\"Segundo informa\u00e7\u00f5es divulgadas pela Ag\u00eancia Brasil, o Flamengo foi derrotado por 3 a 2 pelo Lan\u00fas, da Argentina, na prorroga\u00e7\u00e3o,\" \/>\n<meta property=\"og:url\" content=\"https:\/\/brasilnoticias.org\/site\/flamengo-luta-mas-sucumbe-diante-do-lanus-e-perde-titulo-da-recopa-sul-americana\/\" \/>\n<meta property=\"og:site_name\" content=\"Brasil not\u00edcias\" \/>\n<meta property=\"article:published_time\" content=\"2026-02-27T09:25:31+00:00\" \/>\n<meta property=\"og:image\" content=\"https:\/\/brasilnoticias.org\/site\/wp-content\/uploads\/2026\/02\/2026-02-27t023206z_356967823_up1em2r071gf9_rtrmadp_3_soccer-recopa-fla-lan.webp\" \/>\n\t<meta property=\"og:image:width\" content=\"1170\" \/>\n\t<meta property=\"og:image:height\" content=\"700\" \/>\n\t<meta property=\"og:image:type\" content=\"image\/webp\" \/>\n<meta name=\"author\" content=\"Reda\u00e7\u00e3o\" \/>\n<meta name=\"twitter:card\" content=\"summary_large_image\" \/>\n<meta name=\"twitter:label1\" content=\"Escrito por\" \/>\n\t<meta name=\"twitter:data1\" content=\"Reda\u00e7\u00e3o\" \/>\n\t<meta name=\"twitter:label2\" content=\"Tempo estimado de leitura\" \/>\n\t<meta name=\"twitter:data2\" content=\"1 minuto\" \/>\n<script type=\"application\/ld+json\" class=\"yoast-schema-graph\">{\"@context\":\"https:\/\/schema.org\",\"@graph\":[{\"@type\":\"Article\",\"@id\":\"https:\/\/brasilnoticias.org\/site\/flamengo-luta-mas-sucumbe-diante-do-lanus-e-perde-titulo-da-recopa-sul-americana\/#article\",\"isPartOf\":{\"@id\":\"https:\/\/brasilnoticias.org\/site\/flamengo-luta-mas-sucumbe-diante-do-lanus-e-perde-titulo-da-recopa-sul-americana\/\"},\"author\":{\"name\":\"Reda\u00e7\u00e3o\",\"@id\":\"https:\/\/brasilnoticias.org\/site\/#\/schema\/person\/03bbbfe6c7634ad18c26444ea39049fa\"},\"headline\":\"Flamengo luta, mas sucumbe diante do Lan\u00fas e perde t\u00edtulo da Recopa Sul-Americana\",\"datePublished\":\"2026-02-27T09:25:31+00:00\",\"mainEntityOfPage\":{\"@id\":\"https:\/\/brasilnoticias.org\/site\/flamengo-luta-mas-sucumbe-diante-do-lanus-e-perde-titulo-da-recopa-sul-americana\/\"},\"wordCount\":220,\"commentCount\":0,\"publisher\":{\"@id\":\"https:\/\/brasilnoticias.org\/site\/#organization\"},\"image\":{\"@id\":\"https:\/\/brasilnoticias.org\/site\/flamengo-luta-mas-sucumbe-diante-do-lanus-e-perde-titulo-da-recopa-sul-americana\/#primaryimage\"},\"thumbnailUrl\":\"https:\/\/brasilnoticias.org\/site\/wp-content\/uploads\/2026\/02\/2026-02-27t023206z_356967823_up1em2r071gf9_rtrmadp_3_soccer-recopa-fla-lan.webp\",\"articleSection\":[\"Esporte\",\"\u00daltimas\"],\"inLanguage\":\"pt-PT\",\"potentialAction\":[{\"@type\":\"CommentAction\",\"name\":\"Comment\",\"target\":[\"https:\/\/brasilnoticias.org\/site\/flamengo-luta-mas-sucumbe-diante-do-lanus-e-perde-titulo-da-recopa-sul-americana\/#respond\"]}]},{\"@type\":\"WebPage\",\"@id\":\"https:\/\/brasilnoticias.org\/site\/flamengo-luta-mas-sucumbe-diante-do-lanus-e-perde-titulo-da-recopa-sul-americana\/\",\"url\":\"https:\/\/brasilnoticias.org\/site\/flamengo-luta-mas-sucumbe-diante-do-lanus-e-perde-titulo-da-recopa-sul-americana\/\",\"name\":\"Flamengo luta, mas sucumbe diante do Lan\u00fas e perde t\u00edtulo da Recopa Sul-Americana - Brasil not\u00edcias\",\"isPartOf\":{\"@id\":\"https:\/\/brasilnoticias.org\/site\/#website\"},\"primaryImageOfPage\":{\"@id\":\"https:\/\/brasilnoticias.org\/site\/flamengo-luta-mas-sucumbe-diante-do-lanus-e-perde-titulo-da-recopa-sul-americana\/#primaryimage\"},\"image\":{\"@id\":\"https:\/\/brasilnoticias.org\/site\/flamengo-luta-mas-sucumbe-diante-do-lanus-e-perde-titulo-da-recopa-sul-americana\/#primaryimage\"},\"thumbnailUrl\":\"https:\/\/brasilnoticias.org\/site\/wp-content\/uploads\/2026\/02\/2026-02-27t023206z_356967823_up1em2r071gf9_rtrmadp_3_soccer-recopa-fla-lan.webp\",\"datePublished\":\"2026-02-27T09:25:31+00:00\",\"breadcrumb\":{\"@id\":\"https:\/\/brasilnoticias.org\/site\/flamengo-luta-mas-sucumbe-diante-do-lanus-e-perde-titulo-da-recopa-sul-americana\/#breadcrumb\"},\"inLanguage\":\"pt-PT\",\"potentialAction\":[{\"@type\":\"ReadAction\",\"target\":[\"https:\/\/brasilnoticias.org\/site\/flamengo-luta-mas-sucumbe-diante-do-lanus-e-perde-titulo-da-recopa-sul-americana\/\"]}]},{\"@type\":\"ImageObject\",\"inLanguage\":\"pt-PT\",\"@id\":\"https:\/\/brasilnoticias.org\/site\/flamengo-luta-mas-sucumbe-diante-do-lanus-e-perde-titulo-da-recopa-sul-americana\/#primaryimage\",\"url\":\"https:\/\/brasilnoticias.org\/site\/wp-content\/uploads\/2026\/02\/2026-02-27t023206z_356967823_up1em2r071gf9_rtrmadp_3_soccer-recopa-fla-lan.webp\",\"contentUrl\":\"https:\/\/brasilnoticias.org\/site\/wp-content\/uploads\/2026\/02\/2026-02-27t023206z_356967823_up1em2r071gf9_rtrmadp_3_soccer-recopa-fla-lan.webp\",\"width\":1170,\"height\":700},{\"@type\":\"BreadcrumbList\",\"@id\":\"https:\/\/brasilnoticias.org\/site\/flamengo-luta-mas-sucumbe-diante-do-lanus-e-perde-titulo-da-recopa-sul-americana\/#breadcrumb\",\"itemListElement\":[{\"@type\":\"ListItem\",\"position\":1,\"name\":\"In\u00edcio\",\"item\":\"https:\/\/brasilnoticias.org\/site\/\"},{\"@type\":\"ListItem\",\"position\":2,\"name\":\"Flamengo luta, mas sucumbe diante do Lan\u00fas e perde t\u00edtulo da Recopa Sul-Americana\"}]},{\"@type\":\"WebSite\",\"@id\":\"https:\/\/brasilnoticias.org\/site\/#website\",\"url\":\"https:\/\/brasilnoticias.org\/site\/\",\"name\":\"Brasil not\u00edcias\",\"description\":\"Brasil not\u00edcias\",\"publisher\":{\"@id\":\"https:\/\/brasilnoticias.org\/site\/#organization\"},\"potentialAction\":[{\"@type\":\"SearchAction\",\"target\":{\"@type\":\"EntryPoint\",\"urlTemplate\":\"https:\/\/brasilnoticias.org\/site\/?s={search_term_string}\"},\"query-input\":{\"@type\":\"PropertyValueSpecification\",\"valueRequired\":true,\"valueName\":\"search_term_string\"}}],\"inLanguage\":\"pt-PT\"},{\"@type\":\"Organization\",\"@id\":\"https:\/\/brasilnoticias.org\/site\/#organization\",\"name\":\"Brasil not\u00edcias\",\"url\":\"https:\/\/brasilnoticias.org\/site\/\",\"logo\":{\"@type\":\"ImageObject\",\"inLanguage\":\"pt-PT\",\"@id\":\"https:\/\/brasilnoticias.org\/site\/#\/schema\/logo\/image\/\",\"url\":\"https:\/\/brasilnoticias.org\/site\/wp-content\/uploads\/2022\/05\/cropped-brasilnoticias-mini.jpg\",\"contentUrl\":\"https:\/\/brasilnoticias.org\/site\/wp-content\/uploads\/2022\/05\/cropped-brasilnoticias-mini.jpg\",\"width\":314,\"height\":86,\"caption\":\"Brasil not\u00edcias\"},\"image\":{\"@id\":\"https:\/\/brasilnoticias.org\/site\/#\/schema\/logo\/image\/\"}},{\"@type\":\"Person\",\"@id\":\"https:\/\/brasilnoticias.org\/site\/#\/schema\/person\/03bbbfe6c7634ad18c26444ea39049fa\",\"name\":\"Reda\u00e7\u00e3o\",\"image\":{\"@type\":\"ImageObject\",\"inLanguage\":\"pt-PT\",\"@id\":\"https:\/\/brasilnoticias.org\/site\/#\/schema\/person\/image\/\",\"url\":\"https:\/\/secure.gravatar.com\/avatar\/9ecaf7327a696cb23ad926fedded5f1f04d7049de9e445375d55b48c001a6e42?s=96&d=mm&r=g\",\"contentUrl\":\"https:\/\/secure.gravatar.com\/avatar\/9ecaf7327a696cb23ad926fedded5f1f04d7049de9e445375d55b48c001a6e42?s=96&d=mm&r=g\",\"caption\":\"Reda\u00e7\u00e3o\"},\"url\":\"https:\/\/brasilnoticias.org\/site\/author\/henrique\/\"}]}<\/script>\n<!-- \/ Yoast SEO plugin. -->","yoast_head_json":{"title":"Flamengo luta, mas sucumbe diante do Lan\u00fas e perde t\u00edtulo da Recopa Sul-Americana - Brasil not\u00edcias","robots":{"index":"index","follow":"follow","max-snippet":"max-snippet:-1","max-image-preview":"max-image-preview:large","max-video-preview":"max-video-preview:-1"},"canonical":"https:\/\/brasilnoticias.org\/site\/flamengo-luta-mas-sucumbe-diante-do-lanus-e-perde-titulo-da-recopa-sul-americana\/","og_locale":"pt_PT","og_type":"article","og_title":"Flamengo luta, mas sucumbe diante do Lan\u00fas e perde t\u00edtulo da Recopa Sul-Americana - Brasil not\u00edcias","og_description":"Segundo informa\u00e7\u00f5es divulgadas pela Ag\u00eancia Brasil, o Flamengo foi derrotado por 3 a 2 pelo Lan\u00fas, da Argentina, na prorroga\u00e7\u00e3o,","og_url":"https:\/\/brasilnoticias.org\/site\/flamengo-luta-mas-sucumbe-diante-do-lanus-e-perde-titulo-da-recopa-sul-americana\/","og_site_name":"Brasil not\u00edcias","article_published_time":"2026-02-27T09:25:31+00:00","og_image":[{"width":1170,"height":700,"url":"https:\/\/brasilnoticias.org\/site\/wp-content\/uploads\/2026\/02\/2026-02-27t023206z_356967823_up1em2r071gf9_rtrmadp_3_soccer-recopa-fla-lan.webp","type":"image\/webp"}],"author":"Reda\u00e7\u00e3o","twitter_card":"summary_large_image","twitter_misc":{"Escrito por":"Reda\u00e7\u00e3o","Tempo estimado de leitura":"1 minuto"},"schema":{"@context":"https:\/\/schema.org","@graph":[{"@type":"Article","@id":"https:\/\/brasilnoticias.org\/site\/flamengo-luta-mas-sucumbe-diante-do-lanus-e-perde-titulo-da-recopa-sul-americana\/#article","isPartOf":{"@id":"https:\/\/brasilnoticias.org\/site\/flamengo-luta-mas-sucumbe-diante-do-lanus-e-perde-titulo-da-recopa-sul-americana\/"},"author":{"name":"Reda\u00e7\u00e3o","@id":"https:\/\/brasilnoticias.org\/site\/#\/schema\/person\/03bbbfe6c7634ad18c26444ea39049fa"},"headline":"Flamengo luta, mas sucumbe diante do Lan\u00fas e perde t\u00edtulo da Recopa Sul-Americana","datePublished":"2026-02-27T09:25:31+00:00","mainEntityOfPage":{"@id":"https:\/\/brasilnoticias.org\/site\/flamengo-luta-mas-sucumbe-diante-do-lanus-e-perde-titulo-da-recopa-sul-americana\/"},"wordCount":220,"commentCount":0,"publisher":{"@id":"https:\/\/brasilnoticias.org\/site\/#organization"},"image":{"@id":"https:\/\/brasilnoticias.org\/site\/flamengo-luta-mas-sucumbe-diante-do-lanus-e-perde-titulo-da-recopa-sul-americana\/#primaryimage"},"thumbnailUrl":"https:\/\/brasilnoticias.org\/site\/wp-content\/uploads\/2026\/02\/2026-02-27t023206z_356967823_up1em2r071gf9_rtrmadp_3_soccer-recopa-fla-lan.webp","articleSection":["Esporte","\u00daltimas"],"inLanguage":"pt-PT","potentialAction":[{"@type":"CommentAction","name":"Comment","target":["https:\/\/brasilnoticias.org\/site\/flamengo-luta-mas-sucumbe-diante-do-lanus-e-perde-titulo-da-recopa-sul-americana\/#respond"]}]},{"@type":"WebPage","@id":"https:\/\/brasilnoticias.org\/site\/flamengo-luta-mas-sucumbe-diante-do-lanus-e-perde-titulo-da-recopa-sul-americana\/","url":"https:\/\/brasilnoticias.org\/site\/flamengo-luta-mas-sucumbe-diante-do-lanus-e-perde-titulo-da-recopa-sul-americana\/","name":"Flamengo luta, mas sucumbe diante do Lan\u00fas e perde t\u00edtulo da Recopa Sul-Americana - Brasil not\u00edcias","isPartOf":{"@id":"https:\/\/brasilnoticias.org\/site\/#website"},"primaryImageOfPage":{"@id":"https:\/\/brasilnoticias.org\/site\/flamengo-luta-mas-sucumbe-diante-do-lanus-e-perde-titulo-da-recopa-sul-americana\/#primaryimage"},"image":{"@id":"https:\/\/brasilnoticias.org\/site\/flamengo-luta-mas-sucumbe-diante-do-lanus-e-perde-titulo-da-recopa-sul-americana\/#primaryimage"},"thumbnailUrl":"https:\/\/brasilnoticias.org\/site\/wp-content\/uploads\/2026\/02\/2026-02-27t023206z_356967823_up1em2r071gf9_rtrmadp_3_soccer-recopa-fla-lan.webp","datePublished":"2026-02-27T09:25:31+00:00","breadcrumb":{"@id":"https:\/\/brasilnoticias.org\/site\/flamengo-luta-mas-sucumbe-diante-do-lanus-e-perde-titulo-da-recopa-sul-americana\/#breadcrumb"},"inLanguage":"pt-PT","potentialAction":[{"@type":"ReadAction","target":["https:\/\/brasilnoticias.org\/site\/flamengo-luta-mas-sucumbe-diante-do-lanus-e-perde-titulo-da-recopa-sul-americana\/"]}]},{"@type":"ImageObject","inLanguage":"pt-PT","@id":"https:\/\/brasilnoticias.org\/site\/flamengo-luta-mas-sucumbe-diante-do-lanus-e-perde-titulo-da-recopa-sul-americana\/#primaryimage","url":"https:\/\/brasilnoticias.org\/site\/wp-content\/uploads\/2026\/02\/2026-02-27t023206z_356967823_up1em2r071gf9_rtrmadp_3_soccer-recopa-fla-lan.webp","contentUrl":"https:\/\/brasilnoticias.org\/site\/wp-content\/uploads\/2026\/02\/2026-02-27t023206z_356967823_up1em2r071gf9_rtrmadp_3_soccer-recopa-fla-lan.webp","width":1170,"height":700},{"@type":"BreadcrumbList","@id":"https:\/\/brasilnoticias.org\/site\/flamengo-luta-mas-sucumbe-diante-do-lanus-e-perde-titulo-da-recopa-sul-americana\/#breadcrumb","itemListElement":[{"@type":"ListItem","position":1,"name":"In\u00edcio","item":"https:\/\/brasilnoticias.org\/site\/"},{"@type":"ListItem","position":2,"name":"Flamengo luta, mas sucumbe diante do Lan\u00fas e perde t\u00edtulo da Recopa Sul-Americana"}]},{"@type":"WebSite","@id":"https:\/\/brasilnoticias.org\/site\/#website","url":"https:\/\/brasilnoticias.org\/site\/","name":"Brasil not\u00edcias","description":"Brasil not\u00edcias","publisher":{"@id":"https:\/\/brasilnoticias.org\/site\/#organization"},"potentialAction":[{"@type":"SearchAction","target":{"@type":"EntryPoint","urlTemplate":"https:\/\/brasilnoticias.org\/site\/?s={search_term_string}"},"query-input":{"@type":"PropertyValueSpecification","valueRequired":true,"valueName":"search_term_string"}}],"inLanguage":"pt-PT"},{"@type":"Organization","@id":"https:\/\/brasilnoticias.org\/site\/#organization","name":"Brasil not\u00edcias","url":"https:\/\/brasilnoticias.org\/site\/","logo":{"@type":"ImageObject","inLanguage":"pt-PT","@id":"https:\/\/brasilnoticias.org\/site\/#\/schema\/logo\/image\/","url":"https:\/\/brasilnoticias.org\/site\/wp-content\/uploads\/2022\/05\/cropped-brasilnoticias-mini.jpg","contentUrl":"https:\/\/brasilnoticias.org\/site\/wp-content\/uploads\/2022\/05\/cropped-brasilnoticias-mini.jpg","width":314,"height":86,"caption":"Brasil not\u00edcias"},"image":{"@id":"https:\/\/brasilnoticias.org\/site\/#\/schema\/logo\/image\/"}},{"@type":"Person","@id":"https:\/\/brasilnoticias.org\/site\/#\/schema\/person\/03bbbfe6c7634ad18c26444ea39049fa","name":"Reda\u00e7\u00e3o","image":{"@type":"ImageObject","inLanguage":"pt-PT","@id":"https:\/\/brasilnoticias.org\/site\/#\/schema\/person\/image\/","url":"https:\/\/secure.gravatar.com\/avatar\/9ecaf7327a696cb23ad926fedded5f1f04d7049de9e445375d55b48c001a6e42?s=96&d=mm&r=g","contentUrl":"https:\/\/secure.gravatar.com\/avatar\/9ecaf7327a696cb23ad926fedded5f1f04d7049de9e445375d55b48c001a6e42?s=96&d=mm&r=g","caption":"Reda\u00e7\u00e3o"},"url":"https:\/\/brasilnoticias.org\/site\/author\/henrique\/"}]}},"_links":{"self":[{"href":"https:\/\/brasilnoticias.org\/site\/wp-json\/wp\/v2\/posts\/20513","targetHints":{"allow":["GET"]}}],"collection":[{"href":"https:\/\/brasilnoticias.org\/site\/wp-json\/wp\/v2\/posts"}],"about":[{"href":"https:\/\/brasilnoticias.org\/site\/wp-json\/wp\/v2\/types\/post"}],"author":[{"embeddable":true,"href":"https:\/\/brasilnoticias.org\/site\/wp-json\/wp\/v2\/users\/4"}],"replies":[{"embeddable":true,"href":"https:\/\/brasilnoticias.org\/site\/wp-json\/wp\/v2\/comments?post=20513"}],"version-history":[{"count":1,"href":"https:\/\/brasilnoticias.org\/site\/wp-json\/wp\/v2\/posts\/20513\/revisions"}],"predecessor-version":[{"id":20515,"href":"https:\/\/brasilnoticias.org\/site\/wp-json\/wp\/v2\/posts\/20513\/revisions\/20515"}],"wp:featuredmedia":[{"embeddable":true,"href":"https:\/\/brasilnoticias.org\/site\/wp-json\/wp\/v2\/media\/20514"}],"wp:attachment":[{"href":"https:\/\/brasilnoticias.org\/site\/wp-json\/wp\/v2\/media?parent=20513"}],"wp:term":[{"taxonomy":"category","embeddable":true,"href":"https:\/\/brasilnoticias.org\/site\/wp-json\/wp\/v2\/categories?post=20513"},{"taxonomy":"post_tag","embeddable":true,"href":"https:\/\/brasilnoticias.org\/site\/wp-json\/wp\/v2\/tags?post=20513"}],"curies":[{"name":"wp","href":"https:\/\/api.w.org\/{rel}","templated":true}]}}