{"id":20516,"date":"2026-02-27T06:29:10","date_gmt":"2026-02-27T09:29:10","guid":{"rendered":"https:\/\/brasilnoticias.org\/site\/?p=20516"},"modified":"2026-02-27T06:29:10","modified_gmt":"2026-02-27T09:29:10","slug":"mendonca-autorizou-quebra-de-sigilos-de-lulinha-antes-da-cpmi-do-inss-dizem-parlamentares","status":"publish","type":"post","link":"https:\/\/brasilnoticias.org\/site\/mendonca-autorizou-quebra-de-sigilos-de-lulinha-antes-da-cpmi-do-inss-dizem-parlamentares\/","title":{"rendered":"Mendon\u00e7a autorizou quebra de sigilos de Lulinha antes da CPMI do INSS, dizem parlamentares"},"content":{"rendered":"<p>Segundo informa\u00e7\u00f5es divulgadas pelo Metro1, o ministro do **Supremo Tribunal Federal (STF), Andr\u00e9 Mendon\u00e7a, autorizou a quebra de sigilos fiscal e banc\u00e1rio do empres\u00e1rio **F\u00e1bio Lu\u00eds Lula da Silva \u2014 conhecido como Lulinha \u2014 antes mesmo de a Comiss\u00e3o Parlamentar Mista de Inqu\u00e9rito (CPMI) do INSS realizar a vota\u00e7\u00e3o que deliberou sobre o caso no Congresso Nacional.<\/p>\n<p>De acordo com parlamentares envolvidos na comiss\u00e3o, a decis\u00e3o de Mendon\u00e7a teria ocorrido antes da delibera\u00e7\u00e3o formal da CPMI, o que gerou debates entre deputados e senadores sobre a legalidade do ato, bem como sobre os limites e o papel da investiga\u00e7\u00e3o parlamentar diante de medidas judiciais relacionadas a pessoas que sejam objeto de apura\u00e7\u00e3o pelos parlamentares.<\/p>\n<p>Ainda segundo esses representantes, a autoriza\u00e7\u00e3o do ministro teria sido assinada em uma decis\u00e3o monocr\u00e1tica \u2014 ou seja, sem necessidade de delibera\u00e7\u00e3o do plen\u00e1rio do STF \u2014 motivando questionamentos sobre a independ\u00eancia entre os poderes e os prazos para quebras de sigilo em processo investigativo.<\/p>\n<p>O epis\u00f3dio se tornou ponto de discuss\u00e3o entre os membros da CPMI, que buscam esclarecer os procedimentos adotados e se houve algum tipo de antecipa\u00e7\u00e3o ou interfer\u00eancia externa na tramita\u00e7\u00e3o dos pedidos de coopera\u00e7\u00e3o e compartilhamento de informa\u00e7\u00f5es entre \u00f3rg\u00e3os de investiga\u00e7\u00e3o e a comiss\u00e3o parlamentar.<\/p>\n<p>Parlamentares que criticaram a medida afirmam que a autoriza\u00e7\u00e3o pr\u00e9via de Mendon\u00e7a pode trazer inseguran\u00e7a jur\u00eddica e alegam que a comiss\u00e3o poderia ter aprovado o pedido antes da decis\u00e3o judicial.<\/p>\n<p>At\u00e9 o momento, n\u00e3o houve manifesta\u00e7\u00e3o oficial do ministro ou do STF sobre o assunto, nem detalhes p\u00fablicos sobre a data exata em que a autoriza\u00e7\u00e3o foi concedida.<\/p>\n<p>Foto: Gustavo Moreno\/STF<\/p>\n","protected":false},"excerpt":{"rendered":"<p>Segundo informa\u00e7\u00f5es divulgadas pelo Metro1, o ministro do **Supremo Tribunal Federal (STF), Andr\u00e9 Mendon\u00e7a, autorizou a quebra de sigilos fiscal<\/p>\n","protected":false},"author":4,"featured_media":20517,"comment_status":"open","ping_status":"open","sticky":false,"template":"","format":"standard","meta":{"colormag_page_container_layout":"default_layout","colormag_page_sidebar_layout":"default_layout","_FSMCFIC_featured_image_caption":"","_FSMCFIC_featured_image_nocaption":"","_FSMCFIC_featured_image_hide":"","footnotes":""},"categories":[5,1],"tags":[],"class_list":["post-20516","post","type-post","status-publish","format-standard","has-post-thumbnail","hentry","category-politica","category-ultimas"],"yoast_head":"<!-- This site is optimized with the Yoast SEO plugin v27.1.1 - https:\/\/yoast.com\/product\/yoast-seo-wordpress\/ -->\n<title>Mendon\u00e7a autorizou quebra de sigilos de Lulinha antes da CPMI do INSS, dizem parlamentares - Brasil not\u00edcias<\/title>\n<meta name=\"robots\" content=\"index, follow, max-snippet:-1, max-image-preview:large, max-video-preview:-1\" \/>\n<link rel=\"canonical\" href=\"https:\/\/brasilnoticias.org\/site\/mendonca-autorizou-quebra-de-sigilos-de-lulinha-antes-da-cpmi-do-inss-dizem-parlamentares\/\" \/>\n<meta property=\"og:locale\" content=\"pt_PT\" \/>\n<meta property=\"og:type\" content=\"article\" \/>\n<meta property=\"og:title\" content=\"Mendon\u00e7a autorizou quebra de sigilos de Lulinha antes da CPMI do INSS, dizem parlamentares - Brasil not\u00edcias\" \/>\n<meta property=\"og:description\" content=\"Segundo informa\u00e7\u00f5es divulgadas pelo Metro1, o ministro do **Supremo Tribunal Federal (STF), Andr\u00e9 Mendon\u00e7a, autorizou a quebra de sigilos fiscal\" \/>\n<meta property=\"og:url\" content=\"https:\/\/brasilnoticias.org\/site\/mendonca-autorizou-quebra-de-sigilos-de-lulinha-antes-da-cpmi-do-inss-dizem-parlamentares\/\" \/>\n<meta property=\"og:site_name\" content=\"Brasil not\u00edcias\" \/>\n<meta property=\"article:published_time\" content=\"2026-02-27T09:29:10+00:00\" \/>\n<meta property=\"og:image\" content=\"https:\/\/brasilnoticias.org\/site\/wp-content\/uploads\/2026\/02\/178667mendonca-autorizou-quebra-de-sigilos-de-lulinha-antes-da-cpmi-do-inss-3.jpg\" \/>\n\t<meta property=\"og:image:width\" content=\"1600\" \/>\n\t<meta property=\"og:image:height\" content=\"752\" \/>\n\t<meta property=\"og:image:type\" content=\"image\/jpeg\" \/>\n<meta name=\"author\" content=\"Reda\u00e7\u00e3o\" \/>\n<meta name=\"twitter:card\" content=\"summary_large_image\" \/>\n<meta name=\"twitter:label1\" content=\"Escrito por\" \/>\n\t<meta name=\"twitter:data1\" content=\"Reda\u00e7\u00e3o\" \/>\n\t<meta name=\"twitter:label2\" content=\"Tempo estimado de leitura\" \/>\n\t<meta name=\"twitter:data2\" content=\"1 minuto\" \/>\n<script type=\"application\/ld+json\" class=\"yoast-schema-graph\">{\"@context\":\"https:\/\/schema.org\",\"@graph\":[{\"@type\":\"Article\",\"@id\":\"https:\/\/brasilnoticias.org\/site\/mendonca-autorizou-quebra-de-sigilos-de-lulinha-antes-da-cpmi-do-inss-dizem-parlamentares\/#article\",\"isPartOf\":{\"@id\":\"https:\/\/brasilnoticias.org\/site\/mendonca-autorizou-quebra-de-sigilos-de-lulinha-antes-da-cpmi-do-inss-dizem-parlamentares\/\"},\"author\":{\"name\":\"Reda\u00e7\u00e3o\",\"@id\":\"https:\/\/brasilnoticias.org\/site\/#\/schema\/person\/03bbbfe6c7634ad18c26444ea39049fa\"},\"headline\":\"Mendon\u00e7a autorizou quebra de sigilos de Lulinha antes da CPMI do INSS, dizem parlamentares\",\"datePublished\":\"2026-02-27T09:29:10+00:00\",\"mainEntityOfPage\":{\"@id\":\"https:\/\/brasilnoticias.org\/site\/mendonca-autorizou-quebra-de-sigilos-de-lulinha-antes-da-cpmi-do-inss-dizem-parlamentares\/\"},\"wordCount\":320,\"commentCount\":0,\"publisher\":{\"@id\":\"https:\/\/brasilnoticias.org\/site\/#organization\"},\"image\":{\"@id\":\"https:\/\/brasilnoticias.org\/site\/mendonca-autorizou-quebra-de-sigilos-de-lulinha-antes-da-cpmi-do-inss-dizem-parlamentares\/#primaryimage\"},\"thumbnailUrl\":\"https:\/\/brasilnoticias.org\/site\/wp-content\/uploads\/2026\/02\/178667mendonca-autorizou-quebra-de-sigilos-de-lulinha-antes-da-cpmi-do-inss-3.jpg\",\"articleSection\":[\"Pol\u00edtica\",\"\u00daltimas\"],\"inLanguage\":\"pt-PT\",\"potentialAction\":[{\"@type\":\"CommentAction\",\"name\":\"Comment\",\"target\":[\"https:\/\/brasilnoticias.org\/site\/mendonca-autorizou-quebra-de-sigilos-de-lulinha-antes-da-cpmi-do-inss-dizem-parlamentares\/#respond\"]}]},{\"@type\":\"WebPage\",\"@id\":\"https:\/\/brasilnoticias.org\/site\/mendonca-autorizou-quebra-de-sigilos-de-lulinha-antes-da-cpmi-do-inss-dizem-parlamentares\/\",\"url\":\"https:\/\/brasilnoticias.org\/site\/mendonca-autorizou-quebra-de-sigilos-de-lulinha-antes-da-cpmi-do-inss-dizem-parlamentares\/\",\"name\":\"Mendon\u00e7a autorizou quebra de sigilos de Lulinha antes da CPMI do INSS, dizem parlamentares - Brasil not\u00edcias\",\"isPartOf\":{\"@id\":\"https:\/\/brasilnoticias.org\/site\/#website\"},\"primaryImageOfPage\":{\"@id\":\"https:\/\/brasilnoticias.org\/site\/mendonca-autorizou-quebra-de-sigilos-de-lulinha-antes-da-cpmi-do-inss-dizem-parlamentares\/#primaryimage\"},\"image\":{\"@id\":\"https:\/\/brasilnoticias.org\/site\/mendonca-autorizou-quebra-de-sigilos-de-lulinha-antes-da-cpmi-do-inss-dizem-parlamentares\/#primaryimage\"},\"thumbnailUrl\":\"https:\/\/brasilnoticias.org\/site\/wp-content\/uploads\/2026\/02\/178667mendonca-autorizou-quebra-de-sigilos-de-lulinha-antes-da-cpmi-do-inss-3.jpg\",\"datePublished\":\"2026-02-27T09:29:10+00:00\",\"breadcrumb\":{\"@id\":\"https:\/\/brasilnoticias.org\/site\/mendonca-autorizou-quebra-de-sigilos-de-lulinha-antes-da-cpmi-do-inss-dizem-parlamentares\/#breadcrumb\"},\"inLanguage\":\"pt-PT\",\"potentialAction\":[{\"@type\":\"ReadAction\",\"target\":[\"https:\/\/brasilnoticias.org\/site\/mendonca-autorizou-quebra-de-sigilos-de-lulinha-antes-da-cpmi-do-inss-dizem-parlamentares\/\"]}]},{\"@type\":\"ImageObject\",\"inLanguage\":\"pt-PT\",\"@id\":\"https:\/\/brasilnoticias.org\/site\/mendonca-autorizou-quebra-de-sigilos-de-lulinha-antes-da-cpmi-do-inss-dizem-parlamentares\/#primaryimage\",\"url\":\"https:\/\/brasilnoticias.org\/site\/wp-content\/uploads\/2026\/02\/178667mendonca-autorizou-quebra-de-sigilos-de-lulinha-antes-da-cpmi-do-inss-3.jpg\",\"contentUrl\":\"https:\/\/brasilnoticias.org\/site\/wp-content\/uploads\/2026\/02\/178667mendonca-autorizou-quebra-de-sigilos-de-lulinha-antes-da-cpmi-do-inss-3.jpg\",\"width\":1600,\"height\":752},{\"@type\":\"BreadcrumbList\",\"@id\":\"https:\/\/brasilnoticias.org\/site\/mendonca-autorizou-quebra-de-sigilos-de-lulinha-antes-da-cpmi-do-inss-dizem-parlamentares\/#breadcrumb\",\"itemListElement\":[{\"@type\":\"ListItem\",\"position\":1,\"name\":\"In\u00edcio\",\"item\":\"https:\/\/brasilnoticias.org\/site\/\"},{\"@type\":\"ListItem\",\"position\":2,\"name\":\"Mendon\u00e7a autorizou quebra de sigilos de Lulinha antes da CPMI do INSS, dizem parlamentares\"}]},{\"@type\":\"WebSite\",\"@id\":\"https:\/\/brasilnoticias.org\/site\/#website\",\"url\":\"https:\/\/brasilnoticias.org\/site\/\",\"name\":\"Brasil not\u00edcias\",\"description\":\"Brasil not\u00edcias\",\"publisher\":{\"@id\":\"https:\/\/brasilnoticias.org\/site\/#organization\"},\"potentialAction\":[{\"@type\":\"SearchAction\",\"target\":{\"@type\":\"EntryPoint\",\"urlTemplate\":\"https:\/\/brasilnoticias.org\/site\/?s={search_term_string}\"},\"query-input\":{\"@type\":\"PropertyValueSpecification\",\"valueRequired\":true,\"valueName\":\"search_term_string\"}}],\"inLanguage\":\"pt-PT\"},{\"@type\":\"Organization\",\"@id\":\"https:\/\/brasilnoticias.org\/site\/#organization\",\"name\":\"Brasil not\u00edcias\",\"url\":\"https:\/\/brasilnoticias.org\/site\/\",\"logo\":{\"@type\":\"ImageObject\",\"inLanguage\":\"pt-PT\",\"@id\":\"https:\/\/brasilnoticias.org\/site\/#\/schema\/logo\/image\/\",\"url\":\"https:\/\/brasilnoticias.org\/site\/wp-content\/uploads\/2022\/05\/cropped-brasilnoticias-mini.jpg\",\"contentUrl\":\"https:\/\/brasilnoticias.org\/site\/wp-content\/uploads\/2022\/05\/cropped-brasilnoticias-mini.jpg\",\"width\":314,\"height\":86,\"caption\":\"Brasil not\u00edcias\"},\"image\":{\"@id\":\"https:\/\/brasilnoticias.org\/site\/#\/schema\/logo\/image\/\"}},{\"@type\":\"Person\",\"@id\":\"https:\/\/brasilnoticias.org\/site\/#\/schema\/person\/03bbbfe6c7634ad18c26444ea39049fa\",\"name\":\"Reda\u00e7\u00e3o\",\"image\":{\"@type\":\"ImageObject\",\"inLanguage\":\"pt-PT\",\"@id\":\"https:\/\/brasilnoticias.org\/site\/#\/schema\/person\/image\/\",\"url\":\"https:\/\/secure.gravatar.com\/avatar\/9ecaf7327a696cb23ad926fedded5f1f04d7049de9e445375d55b48c001a6e42?s=96&d=mm&r=g\",\"contentUrl\":\"https:\/\/secure.gravatar.com\/avatar\/9ecaf7327a696cb23ad926fedded5f1f04d7049de9e445375d55b48c001a6e42?s=96&d=mm&r=g\",\"caption\":\"Reda\u00e7\u00e3o\"},\"url\":\"https:\/\/brasilnoticias.org\/site\/author\/henrique\/\"}]}<\/script>\n<!-- \/ Yoast SEO plugin. -->","yoast_head_json":{"title":"Mendon\u00e7a autorizou quebra de sigilos de Lulinha antes da CPMI do INSS, dizem parlamentares - Brasil not\u00edcias","robots":{"index":"index","follow":"follow","max-snippet":"max-snippet:-1","max-image-preview":"max-image-preview:large","max-video-preview":"max-video-preview:-1"},"canonical":"https:\/\/brasilnoticias.org\/site\/mendonca-autorizou-quebra-de-sigilos-de-lulinha-antes-da-cpmi-do-inss-dizem-parlamentares\/","og_locale":"pt_PT","og_type":"article","og_title":"Mendon\u00e7a autorizou quebra de sigilos de Lulinha antes da CPMI do INSS, dizem parlamentares - Brasil not\u00edcias","og_description":"Segundo informa\u00e7\u00f5es divulgadas pelo Metro1, o ministro do **Supremo Tribunal Federal (STF), Andr\u00e9 Mendon\u00e7a, autorizou a quebra de sigilos fiscal","og_url":"https:\/\/brasilnoticias.org\/site\/mendonca-autorizou-quebra-de-sigilos-de-lulinha-antes-da-cpmi-do-inss-dizem-parlamentares\/","og_site_name":"Brasil not\u00edcias","article_published_time":"2026-02-27T09:29:10+00:00","og_image":[{"width":1600,"height":752,"url":"https:\/\/brasilnoticias.org\/site\/wp-content\/uploads\/2026\/02\/178667mendonca-autorizou-quebra-de-sigilos-de-lulinha-antes-da-cpmi-do-inss-3.jpg","type":"image\/jpeg"}],"author":"Reda\u00e7\u00e3o","twitter_card":"summary_large_image","twitter_misc":{"Escrito por":"Reda\u00e7\u00e3o","Tempo estimado de leitura":"1 minuto"},"schema":{"@context":"https:\/\/schema.org","@graph":[{"@type":"Article","@id":"https:\/\/brasilnoticias.org\/site\/mendonca-autorizou-quebra-de-sigilos-de-lulinha-antes-da-cpmi-do-inss-dizem-parlamentares\/#article","isPartOf":{"@id":"https:\/\/brasilnoticias.org\/site\/mendonca-autorizou-quebra-de-sigilos-de-lulinha-antes-da-cpmi-do-inss-dizem-parlamentares\/"},"author":{"name":"Reda\u00e7\u00e3o","@id":"https:\/\/brasilnoticias.org\/site\/#\/schema\/person\/03bbbfe6c7634ad18c26444ea39049fa"},"headline":"Mendon\u00e7a autorizou quebra de sigilos de Lulinha antes da CPMI do INSS, dizem parlamentares","datePublished":"2026-02-27T09:29:10+00:00","mainEntityOfPage":{"@id":"https:\/\/brasilnoticias.org\/site\/mendonca-autorizou-quebra-de-sigilos-de-lulinha-antes-da-cpmi-do-inss-dizem-parlamentares\/"},"wordCount":320,"commentCount":0,"publisher":{"@id":"https:\/\/brasilnoticias.org\/site\/#organization"},"image":{"@id":"https:\/\/brasilnoticias.org\/site\/mendonca-autorizou-quebra-de-sigilos-de-lulinha-antes-da-cpmi-do-inss-dizem-parlamentares\/#primaryimage"},"thumbnailUrl":"https:\/\/brasilnoticias.org\/site\/wp-content\/uploads\/2026\/02\/178667mendonca-autorizou-quebra-de-sigilos-de-lulinha-antes-da-cpmi-do-inss-3.jpg","articleSection":["Pol\u00edtica","\u00daltimas"],"inLanguage":"pt-PT","potentialAction":[{"@type":"CommentAction","name":"Comment","target":["https:\/\/brasilnoticias.org\/site\/mendonca-autorizou-quebra-de-sigilos-de-lulinha-antes-da-cpmi-do-inss-dizem-parlamentares\/#respond"]}]},{"@type":"WebPage","@id":"https:\/\/brasilnoticias.org\/site\/mendonca-autorizou-quebra-de-sigilos-de-lulinha-antes-da-cpmi-do-inss-dizem-parlamentares\/","url":"https:\/\/brasilnoticias.org\/site\/mendonca-autorizou-quebra-de-sigilos-de-lulinha-antes-da-cpmi-do-inss-dizem-parlamentares\/","name":"Mendon\u00e7a autorizou quebra de sigilos de Lulinha antes da CPMI do INSS, dizem parlamentares - Brasil not\u00edcias","isPartOf":{"@id":"https:\/\/brasilnoticias.org\/site\/#website"},"primaryImageOfPage":{"@id":"https:\/\/brasilnoticias.org\/site\/mendonca-autorizou-quebra-de-sigilos-de-lulinha-antes-da-cpmi-do-inss-dizem-parlamentares\/#primaryimage"},"image":{"@id":"https:\/\/brasilnoticias.org\/site\/mendonca-autorizou-quebra-de-sigilos-de-lulinha-antes-da-cpmi-do-inss-dizem-parlamentares\/#primaryimage"},"thumbnailUrl":"https:\/\/brasilnoticias.org\/site\/wp-content\/uploads\/2026\/02\/178667mendonca-autorizou-quebra-de-sigilos-de-lulinha-antes-da-cpmi-do-inss-3.jpg","datePublished":"2026-02-27T09:29:10+00:00","breadcrumb":{"@id":"https:\/\/brasilnoticias.org\/site\/mendonca-autorizou-quebra-de-sigilos-de-lulinha-antes-da-cpmi-do-inss-dizem-parlamentares\/#breadcrumb"},"inLanguage":"pt-PT","potentialAction":[{"@type":"ReadAction","target":["https:\/\/brasilnoticias.org\/site\/mendonca-autorizou-quebra-de-sigilos-de-lulinha-antes-da-cpmi-do-inss-dizem-parlamentares\/"]}]},{"@type":"ImageObject","inLanguage":"pt-PT","@id":"https:\/\/brasilnoticias.org\/site\/mendonca-autorizou-quebra-de-sigilos-de-lulinha-antes-da-cpmi-do-inss-dizem-parlamentares\/#primaryimage","url":"https:\/\/brasilnoticias.org\/site\/wp-content\/uploads\/2026\/02\/178667mendonca-autorizou-quebra-de-sigilos-de-lulinha-antes-da-cpmi-do-inss-3.jpg","contentUrl":"https:\/\/brasilnoticias.org\/site\/wp-content\/uploads\/2026\/02\/178667mendonca-autorizou-quebra-de-sigilos-de-lulinha-antes-da-cpmi-do-inss-3.jpg","width":1600,"height":752},{"@type":"BreadcrumbList","@id":"https:\/\/brasilnoticias.org\/site\/mendonca-autorizou-quebra-de-sigilos-de-lulinha-antes-da-cpmi-do-inss-dizem-parlamentares\/#breadcrumb","itemListElement":[{"@type":"ListItem","position":1,"name":"In\u00edcio","item":"https:\/\/brasilnoticias.org\/site\/"},{"@type":"ListItem","position":2,"name":"Mendon\u00e7a autorizou quebra de sigilos de Lulinha antes da CPMI do INSS, dizem parlamentares"}]},{"@type":"WebSite","@id":"https:\/\/brasilnoticias.org\/site\/#website","url":"https:\/\/brasilnoticias.org\/site\/","name":"Brasil not\u00edcias","description":"Brasil not\u00edcias","publisher":{"@id":"https:\/\/brasilnoticias.org\/site\/#organization"},"potentialAction":[{"@type":"SearchAction","target":{"@type":"EntryPoint","urlTemplate":"https:\/\/brasilnoticias.org\/site\/?s={search_term_string}"},"query-input":{"@type":"PropertyValueSpecification","valueRequired":true,"valueName":"search_term_string"}}],"inLanguage":"pt-PT"},{"@type":"Organization","@id":"https:\/\/brasilnoticias.org\/site\/#organization","name":"Brasil not\u00edcias","url":"https:\/\/brasilnoticias.org\/site\/","logo":{"@type":"ImageObject","inLanguage":"pt-PT","@id":"https:\/\/brasilnoticias.org\/site\/#\/schema\/logo\/image\/","url":"https:\/\/brasilnoticias.org\/site\/wp-content\/uploads\/2022\/05\/cropped-brasilnoticias-mini.jpg","contentUrl":"https:\/\/brasilnoticias.org\/site\/wp-content\/uploads\/2022\/05\/cropped-brasilnoticias-mini.jpg","width":314,"height":86,"caption":"Brasil not\u00edcias"},"image":{"@id":"https:\/\/brasilnoticias.org\/site\/#\/schema\/logo\/image\/"}},{"@type":"Person","@id":"https:\/\/brasilnoticias.org\/site\/#\/schema\/person\/03bbbfe6c7634ad18c26444ea39049fa","name":"Reda\u00e7\u00e3o","image":{"@type":"ImageObject","inLanguage":"pt-PT","@id":"https:\/\/brasilnoticias.org\/site\/#\/schema\/person\/image\/","url":"https:\/\/secure.gravatar.com\/avatar\/9ecaf7327a696cb23ad926fedded5f1f04d7049de9e445375d55b48c001a6e42?s=96&d=mm&r=g","contentUrl":"https:\/\/secure.gravatar.com\/avatar\/9ecaf7327a696cb23ad926fedded5f1f04d7049de9e445375d55b48c001a6e42?s=96&d=mm&r=g","caption":"Reda\u00e7\u00e3o"},"url":"https:\/\/brasilnoticias.org\/site\/author\/henrique\/"}]}},"_links":{"self":[{"href":"https:\/\/brasilnoticias.org\/site\/wp-json\/wp\/v2\/posts\/20516","targetHints":{"allow":["GET"]}}],"collection":[{"href":"https:\/\/brasilnoticias.org\/site\/wp-json\/wp\/v2\/posts"}],"about":[{"href":"https:\/\/brasilnoticias.org\/site\/wp-json\/wp\/v2\/types\/post"}],"author":[{"embeddable":true,"href":"https:\/\/brasilnoticias.org\/site\/wp-json\/wp\/v2\/users\/4"}],"replies":[{"embeddable":true,"href":"https:\/\/brasilnoticias.org\/site\/wp-json\/wp\/v2\/comments?post=20516"}],"version-history":[{"count":1,"href":"https:\/\/brasilnoticias.org\/site\/wp-json\/wp\/v2\/posts\/20516\/revisions"}],"predecessor-version":[{"id":20518,"href":"https:\/\/brasilnoticias.org\/site\/wp-json\/wp\/v2\/posts\/20516\/revisions\/20518"}],"wp:featuredmedia":[{"embeddable":true,"href":"https:\/\/brasilnoticias.org\/site\/wp-json\/wp\/v2\/media\/20517"}],"wp:attachment":[{"href":"https:\/\/brasilnoticias.org\/site\/wp-json\/wp\/v2\/media?parent=20516"}],"wp:term":[{"taxonomy":"category","embeddable":true,"href":"https:\/\/brasilnoticias.org\/site\/wp-json\/wp\/v2\/categories?post=20516"},{"taxonomy":"post_tag","embeddable":true,"href":"https:\/\/brasilnoticias.org\/site\/wp-json\/wp\/v2\/tags?post=20516"}],"curies":[{"name":"wp","href":"https:\/\/api.w.org\/{rel}","templated":true}]}}