{"id":20538,"date":"2026-02-28T09:19:56","date_gmt":"2026-02-28T12:19:56","guid":{"rendered":"https:\/\/brasilnoticias.org\/site\/?p=20538"},"modified":"2026-02-28T09:19:56","modified_gmt":"2026-02-28T12:19:56","slug":"whatsapp-restringe-privacidade-de-perfis-de-menores-de-18-anos-no-brasil","status":"publish","type":"post","link":"https:\/\/brasilnoticias.org\/site\/whatsapp-restringe-privacidade-de-perfis-de-menores-de-18-anos-no-brasil\/","title":{"rendered":"WhatsApp restringe privacidade de perfis de menores de 18 anos no Brasil"},"content":{"rendered":"<p>Segundo informa\u00e7\u00f5es divulgadas pelo Metro1, o WhatsApp come\u00e7ou a liberar no Brasil uma atualiza\u00e7\u00e3o que endurece as configura\u00e7\u00f5es de privacidade para usu\u00e1rios menores de 18 anos, limitando o que pode ser visto por pessoas que n\u00e3o fazem parte da lista de contatos dos adolescentes.<\/p>\n<p>Com a mudan\u00e7a, contas de usu\u00e1rios menores de idade n\u00e3o poder\u00e3o mais escolher a op\u00e7\u00e3o \u201cTodos\u201d para visibilidade de informa\u00e7\u00f5es como \u201c\u00daltima vez visto\u201d, \u201cSobre\u201d e links adicionados ao perfil. A partir de agora, apenas op\u00e7\u00f5es como \u201cNingu\u00e9m\u201d, \u201cMeus contatos\u201d ou \u201cMeus contatos, exceto\u2026\u201d estar\u00e3o dispon\u00edveis.<\/p>\n<p>Na pr\u00e1tica, isso significa que pessoas que n\u00e3o est\u00e3o na lista de contatos do adolescente n\u00e3o poder\u00e3o ver quando ele esteve online, ler a descri\u00e7\u00e3o do perfil ou acessar links que ele adicionou, reduzindo a exposi\u00e7\u00e3o p\u00fablica de dados pessoais e dificultando intera\u00e7\u00f5es com desconhecidos.<\/p>\n<p>Se algum jovem j\u00e1 tivesse a configura\u00e7\u00e3o \u201cTodos\u201d ativada antes da atualiza\u00e7\u00e3o ser aplicada, o pr\u00f3prio aplicativo faz uma altera\u00e7\u00e3o autom\u00e1tica para um n\u00edvel mais restrito, como \u201cMeus contatos\u201d, e avisa o usu\u00e1rio sobre a mudan\u00e7a.<\/p>\n<p>Essa altera\u00e7\u00e3o est\u00e1 alinhada \u00e0s novas exig\u00eancias de prote\u00e7\u00e3o digital previstas no Estatuto Digital da Crian\u00e7a e do Adolescente (ECA Digital), que entram em vigor em mar\u00e7o de 2026 e determinam que plataformas online adotem automaticamente mecanismos de privacidade mais rigorosos para menores de idade.<\/p>\n<p>Por enquanto, a restri\u00e7\u00e3o est\u00e1 sendo liberada gradualmente em vers\u00f5es de teste do aplicativo, mas a expectativa \u00e9 que seja implementada para todos os usu\u00e1rios no Brasil em breve.<\/p>\n<p>Foto: Divulga\u00e7\u00e3o<\/p>\n","protected":false},"excerpt":{"rendered":"<p>Segundo informa\u00e7\u00f5es divulgadas pelo Metro1, o WhatsApp come\u00e7ou a liberar no Brasil uma atualiza\u00e7\u00e3o que endurece as configura\u00e7\u00f5es de privacidade<\/p>\n","protected":false},"author":4,"featured_media":20540,"comment_status":"open","ping_status":"open","sticky":false,"template":"","format":"standard","meta":{"colormag_page_container_layout":"default_layout","colormag_page_sidebar_layout":"default_layout","_FSMCFIC_featured_image_caption":"","_FSMCFIC_featured_image_nocaption":"","_FSMCFIC_featured_image_hide":"","footnotes":""},"categories":[8,1],"tags":[],"class_list":["post-20538","post","type-post","status-publish","format-standard","has-post-thumbnail","hentry","category-entretenimento","category-ultimas"],"yoast_head":"<!-- This site is optimized with the Yoast SEO plugin v27.1.1 - https:\/\/yoast.com\/product\/yoast-seo-wordpress\/ -->\n<title>WhatsApp restringe privacidade de perfis de menores de 18 anos no Brasil - Brasil not\u00edcias<\/title>\n<meta name=\"robots\" content=\"index, follow, max-snippet:-1, max-image-preview:large, max-video-preview:-1\" \/>\n<link rel=\"canonical\" href=\"https:\/\/brasilnoticias.org\/site\/whatsapp-restringe-privacidade-de-perfis-de-menores-de-18-anos-no-brasil\/\" \/>\n<meta property=\"og:locale\" content=\"pt_PT\" \/>\n<meta property=\"og:type\" content=\"article\" \/>\n<meta property=\"og:title\" content=\"WhatsApp restringe privacidade de perfis de menores de 18 anos no Brasil - Brasil not\u00edcias\" \/>\n<meta property=\"og:description\" content=\"Segundo informa\u00e7\u00f5es divulgadas pelo Metro1, o WhatsApp come\u00e7ou a liberar no Brasil uma atualiza\u00e7\u00e3o que endurece as configura\u00e7\u00f5es de privacidade\" \/>\n<meta property=\"og:url\" content=\"https:\/\/brasilnoticias.org\/site\/whatsapp-restringe-privacidade-de-perfis-de-menores-de-18-anos-no-brasil\/\" \/>\n<meta property=\"og:site_name\" content=\"Brasil not\u00edcias\" \/>\n<meta property=\"article:published_time\" content=\"2026-02-28T12:19:56+00:00\" \/>\n<meta property=\"og:image\" content=\"https:\/\/brasilnoticias.org\/site\/wp-content\/uploads\/2026\/02\/178751whatsapp-restringe-privacidade-de-perfis-de-menores-no-brasil-3.jpg\" \/>\n\t<meta property=\"og:image:width\" content=\"1600\" \/>\n\t<meta property=\"og:image:height\" content=\"752\" \/>\n\t<meta property=\"og:image:type\" content=\"image\/jpeg\" \/>\n<meta name=\"author\" content=\"Reda\u00e7\u00e3o\" \/>\n<meta name=\"twitter:card\" content=\"summary_large_image\" \/>\n<meta name=\"twitter:label1\" content=\"Escrito por\" \/>\n\t<meta name=\"twitter:data1\" content=\"Reda\u00e7\u00e3o\" \/>\n\t<meta name=\"twitter:label2\" content=\"Tempo estimado de leitura\" \/>\n\t<meta name=\"twitter:data2\" content=\"1 minuto\" \/>\n<script type=\"application\/ld+json\" class=\"yoast-schema-graph\">{\"@context\":\"https:\/\/schema.org\",\"@graph\":[{\"@type\":\"Article\",\"@id\":\"https:\/\/brasilnoticias.org\/site\/whatsapp-restringe-privacidade-de-perfis-de-menores-de-18-anos-no-brasil\/#article\",\"isPartOf\":{\"@id\":\"https:\/\/brasilnoticias.org\/site\/whatsapp-restringe-privacidade-de-perfis-de-menores-de-18-anos-no-brasil\/\"},\"author\":{\"name\":\"Reda\u00e7\u00e3o\",\"@id\":\"https:\/\/brasilnoticias.org\/site\/#\/schema\/person\/03bbbfe6c7634ad18c26444ea39049fa\"},\"headline\":\"WhatsApp restringe privacidade de perfis de menores de 18 anos no Brasil\",\"datePublished\":\"2026-02-28T12:19:56+00:00\",\"mainEntityOfPage\":{\"@id\":\"https:\/\/brasilnoticias.org\/site\/whatsapp-restringe-privacidade-de-perfis-de-menores-de-18-anos-no-brasil\/\"},\"wordCount\":297,\"commentCount\":0,\"publisher\":{\"@id\":\"https:\/\/brasilnoticias.org\/site\/#organization\"},\"image\":{\"@id\":\"https:\/\/brasilnoticias.org\/site\/whatsapp-restringe-privacidade-de-perfis-de-menores-de-18-anos-no-brasil\/#primaryimage\"},\"thumbnailUrl\":\"https:\/\/brasilnoticias.org\/site\/wp-content\/uploads\/2026\/02\/178751whatsapp-restringe-privacidade-de-perfis-de-menores-no-brasil-3.jpg\",\"articleSection\":[\"Entretenimento\",\"\u00daltimas\"],\"inLanguage\":\"pt-PT\",\"potentialAction\":[{\"@type\":\"CommentAction\",\"name\":\"Comment\",\"target\":[\"https:\/\/brasilnoticias.org\/site\/whatsapp-restringe-privacidade-de-perfis-de-menores-de-18-anos-no-brasil\/#respond\"]}]},{\"@type\":\"WebPage\",\"@id\":\"https:\/\/brasilnoticias.org\/site\/whatsapp-restringe-privacidade-de-perfis-de-menores-de-18-anos-no-brasil\/\",\"url\":\"https:\/\/brasilnoticias.org\/site\/whatsapp-restringe-privacidade-de-perfis-de-menores-de-18-anos-no-brasil\/\",\"name\":\"WhatsApp restringe privacidade de perfis de menores de 18 anos no Brasil - Brasil not\u00edcias\",\"isPartOf\":{\"@id\":\"https:\/\/brasilnoticias.org\/site\/#website\"},\"primaryImageOfPage\":{\"@id\":\"https:\/\/brasilnoticias.org\/site\/whatsapp-restringe-privacidade-de-perfis-de-menores-de-18-anos-no-brasil\/#primaryimage\"},\"image\":{\"@id\":\"https:\/\/brasilnoticias.org\/site\/whatsapp-restringe-privacidade-de-perfis-de-menores-de-18-anos-no-brasil\/#primaryimage\"},\"thumbnailUrl\":\"https:\/\/brasilnoticias.org\/site\/wp-content\/uploads\/2026\/02\/178751whatsapp-restringe-privacidade-de-perfis-de-menores-no-brasil-3.jpg\",\"datePublished\":\"2026-02-28T12:19:56+00:00\",\"breadcrumb\":{\"@id\":\"https:\/\/brasilnoticias.org\/site\/whatsapp-restringe-privacidade-de-perfis-de-menores-de-18-anos-no-brasil\/#breadcrumb\"},\"inLanguage\":\"pt-PT\",\"potentialAction\":[{\"@type\":\"ReadAction\",\"target\":[\"https:\/\/brasilnoticias.org\/site\/whatsapp-restringe-privacidade-de-perfis-de-menores-de-18-anos-no-brasil\/\"]}]},{\"@type\":\"ImageObject\",\"inLanguage\":\"pt-PT\",\"@id\":\"https:\/\/brasilnoticias.org\/site\/whatsapp-restringe-privacidade-de-perfis-de-menores-de-18-anos-no-brasil\/#primaryimage\",\"url\":\"https:\/\/brasilnoticias.org\/site\/wp-content\/uploads\/2026\/02\/178751whatsapp-restringe-privacidade-de-perfis-de-menores-no-brasil-3.jpg\",\"contentUrl\":\"https:\/\/brasilnoticias.org\/site\/wp-content\/uploads\/2026\/02\/178751whatsapp-restringe-privacidade-de-perfis-de-menores-no-brasil-3.jpg\",\"width\":1600,\"height\":752},{\"@type\":\"BreadcrumbList\",\"@id\":\"https:\/\/brasilnoticias.org\/site\/whatsapp-restringe-privacidade-de-perfis-de-menores-de-18-anos-no-brasil\/#breadcrumb\",\"itemListElement\":[{\"@type\":\"ListItem\",\"position\":1,\"name\":\"In\u00edcio\",\"item\":\"https:\/\/brasilnoticias.org\/site\/\"},{\"@type\":\"ListItem\",\"position\":2,\"name\":\"WhatsApp restringe privacidade de perfis de menores de 18 anos no Brasil\"}]},{\"@type\":\"WebSite\",\"@id\":\"https:\/\/brasilnoticias.org\/site\/#website\",\"url\":\"https:\/\/brasilnoticias.org\/site\/\",\"name\":\"Brasil not\u00edcias\",\"description\":\"Brasil not\u00edcias\",\"publisher\":{\"@id\":\"https:\/\/brasilnoticias.org\/site\/#organization\"},\"potentialAction\":[{\"@type\":\"SearchAction\",\"target\":{\"@type\":\"EntryPoint\",\"urlTemplate\":\"https:\/\/brasilnoticias.org\/site\/?s={search_term_string}\"},\"query-input\":{\"@type\":\"PropertyValueSpecification\",\"valueRequired\":true,\"valueName\":\"search_term_string\"}}],\"inLanguage\":\"pt-PT\"},{\"@type\":\"Organization\",\"@id\":\"https:\/\/brasilnoticias.org\/site\/#organization\",\"name\":\"Brasil not\u00edcias\",\"url\":\"https:\/\/brasilnoticias.org\/site\/\",\"logo\":{\"@type\":\"ImageObject\",\"inLanguage\":\"pt-PT\",\"@id\":\"https:\/\/brasilnoticias.org\/site\/#\/schema\/logo\/image\/\",\"url\":\"https:\/\/brasilnoticias.org\/site\/wp-content\/uploads\/2022\/05\/cropped-brasilnoticias-mini.jpg\",\"contentUrl\":\"https:\/\/brasilnoticias.org\/site\/wp-content\/uploads\/2022\/05\/cropped-brasilnoticias-mini.jpg\",\"width\":314,\"height\":86,\"caption\":\"Brasil not\u00edcias\"},\"image\":{\"@id\":\"https:\/\/brasilnoticias.org\/site\/#\/schema\/logo\/image\/\"}},{\"@type\":\"Person\",\"@id\":\"https:\/\/brasilnoticias.org\/site\/#\/schema\/person\/03bbbfe6c7634ad18c26444ea39049fa\",\"name\":\"Reda\u00e7\u00e3o\",\"image\":{\"@type\":\"ImageObject\",\"inLanguage\":\"pt-PT\",\"@id\":\"https:\/\/brasilnoticias.org\/site\/#\/schema\/person\/image\/\",\"url\":\"https:\/\/secure.gravatar.com\/avatar\/9ecaf7327a696cb23ad926fedded5f1f04d7049de9e445375d55b48c001a6e42?s=96&d=mm&r=g\",\"contentUrl\":\"https:\/\/secure.gravatar.com\/avatar\/9ecaf7327a696cb23ad926fedded5f1f04d7049de9e445375d55b48c001a6e42?s=96&d=mm&r=g\",\"caption\":\"Reda\u00e7\u00e3o\"},\"url\":\"https:\/\/brasilnoticias.org\/site\/author\/henrique\/\"}]}<\/script>\n<!-- \/ Yoast SEO plugin. -->","yoast_head_json":{"title":"WhatsApp restringe privacidade de perfis de menores de 18 anos no Brasil - Brasil not\u00edcias","robots":{"index":"index","follow":"follow","max-snippet":"max-snippet:-1","max-image-preview":"max-image-preview:large","max-video-preview":"max-video-preview:-1"},"canonical":"https:\/\/brasilnoticias.org\/site\/whatsapp-restringe-privacidade-de-perfis-de-menores-de-18-anos-no-brasil\/","og_locale":"pt_PT","og_type":"article","og_title":"WhatsApp restringe privacidade de perfis de menores de 18 anos no Brasil - Brasil not\u00edcias","og_description":"Segundo informa\u00e7\u00f5es divulgadas pelo Metro1, o WhatsApp come\u00e7ou a liberar no Brasil uma atualiza\u00e7\u00e3o que endurece as configura\u00e7\u00f5es de privacidade","og_url":"https:\/\/brasilnoticias.org\/site\/whatsapp-restringe-privacidade-de-perfis-de-menores-de-18-anos-no-brasil\/","og_site_name":"Brasil not\u00edcias","article_published_time":"2026-02-28T12:19:56+00:00","og_image":[{"width":1600,"height":752,"url":"https:\/\/brasilnoticias.org\/site\/wp-content\/uploads\/2026\/02\/178751whatsapp-restringe-privacidade-de-perfis-de-menores-no-brasil-3.jpg","type":"image\/jpeg"}],"author":"Reda\u00e7\u00e3o","twitter_card":"summary_large_image","twitter_misc":{"Escrito por":"Reda\u00e7\u00e3o","Tempo estimado de leitura":"1 minuto"},"schema":{"@context":"https:\/\/schema.org","@graph":[{"@type":"Article","@id":"https:\/\/brasilnoticias.org\/site\/whatsapp-restringe-privacidade-de-perfis-de-menores-de-18-anos-no-brasil\/#article","isPartOf":{"@id":"https:\/\/brasilnoticias.org\/site\/whatsapp-restringe-privacidade-de-perfis-de-menores-de-18-anos-no-brasil\/"},"author":{"name":"Reda\u00e7\u00e3o","@id":"https:\/\/brasilnoticias.org\/site\/#\/schema\/person\/03bbbfe6c7634ad18c26444ea39049fa"},"headline":"WhatsApp restringe privacidade de perfis de menores de 18 anos no Brasil","datePublished":"2026-02-28T12:19:56+00:00","mainEntityOfPage":{"@id":"https:\/\/brasilnoticias.org\/site\/whatsapp-restringe-privacidade-de-perfis-de-menores-de-18-anos-no-brasil\/"},"wordCount":297,"commentCount":0,"publisher":{"@id":"https:\/\/brasilnoticias.org\/site\/#organization"},"image":{"@id":"https:\/\/brasilnoticias.org\/site\/whatsapp-restringe-privacidade-de-perfis-de-menores-de-18-anos-no-brasil\/#primaryimage"},"thumbnailUrl":"https:\/\/brasilnoticias.org\/site\/wp-content\/uploads\/2026\/02\/178751whatsapp-restringe-privacidade-de-perfis-de-menores-no-brasil-3.jpg","articleSection":["Entretenimento","\u00daltimas"],"inLanguage":"pt-PT","potentialAction":[{"@type":"CommentAction","name":"Comment","target":["https:\/\/brasilnoticias.org\/site\/whatsapp-restringe-privacidade-de-perfis-de-menores-de-18-anos-no-brasil\/#respond"]}]},{"@type":"WebPage","@id":"https:\/\/brasilnoticias.org\/site\/whatsapp-restringe-privacidade-de-perfis-de-menores-de-18-anos-no-brasil\/","url":"https:\/\/brasilnoticias.org\/site\/whatsapp-restringe-privacidade-de-perfis-de-menores-de-18-anos-no-brasil\/","name":"WhatsApp restringe privacidade de perfis de menores de 18 anos no Brasil - Brasil not\u00edcias","isPartOf":{"@id":"https:\/\/brasilnoticias.org\/site\/#website"},"primaryImageOfPage":{"@id":"https:\/\/brasilnoticias.org\/site\/whatsapp-restringe-privacidade-de-perfis-de-menores-de-18-anos-no-brasil\/#primaryimage"},"image":{"@id":"https:\/\/brasilnoticias.org\/site\/whatsapp-restringe-privacidade-de-perfis-de-menores-de-18-anos-no-brasil\/#primaryimage"},"thumbnailUrl":"https:\/\/brasilnoticias.org\/site\/wp-content\/uploads\/2026\/02\/178751whatsapp-restringe-privacidade-de-perfis-de-menores-no-brasil-3.jpg","datePublished":"2026-02-28T12:19:56+00:00","breadcrumb":{"@id":"https:\/\/brasilnoticias.org\/site\/whatsapp-restringe-privacidade-de-perfis-de-menores-de-18-anos-no-brasil\/#breadcrumb"},"inLanguage":"pt-PT","potentialAction":[{"@type":"ReadAction","target":["https:\/\/brasilnoticias.org\/site\/whatsapp-restringe-privacidade-de-perfis-de-menores-de-18-anos-no-brasil\/"]}]},{"@type":"ImageObject","inLanguage":"pt-PT","@id":"https:\/\/brasilnoticias.org\/site\/whatsapp-restringe-privacidade-de-perfis-de-menores-de-18-anos-no-brasil\/#primaryimage","url":"https:\/\/brasilnoticias.org\/site\/wp-content\/uploads\/2026\/02\/178751whatsapp-restringe-privacidade-de-perfis-de-menores-no-brasil-3.jpg","contentUrl":"https:\/\/brasilnoticias.org\/site\/wp-content\/uploads\/2026\/02\/178751whatsapp-restringe-privacidade-de-perfis-de-menores-no-brasil-3.jpg","width":1600,"height":752},{"@type":"BreadcrumbList","@id":"https:\/\/brasilnoticias.org\/site\/whatsapp-restringe-privacidade-de-perfis-de-menores-de-18-anos-no-brasil\/#breadcrumb","itemListElement":[{"@type":"ListItem","position":1,"name":"In\u00edcio","item":"https:\/\/brasilnoticias.org\/site\/"},{"@type":"ListItem","position":2,"name":"WhatsApp restringe privacidade de perfis de menores de 18 anos no Brasil"}]},{"@type":"WebSite","@id":"https:\/\/brasilnoticias.org\/site\/#website","url":"https:\/\/brasilnoticias.org\/site\/","name":"Brasil not\u00edcias","description":"Brasil not\u00edcias","publisher":{"@id":"https:\/\/brasilnoticias.org\/site\/#organization"},"potentialAction":[{"@type":"SearchAction","target":{"@type":"EntryPoint","urlTemplate":"https:\/\/brasilnoticias.org\/site\/?s={search_term_string}"},"query-input":{"@type":"PropertyValueSpecification","valueRequired":true,"valueName":"search_term_string"}}],"inLanguage":"pt-PT"},{"@type":"Organization","@id":"https:\/\/brasilnoticias.org\/site\/#organization","name":"Brasil not\u00edcias","url":"https:\/\/brasilnoticias.org\/site\/","logo":{"@type":"ImageObject","inLanguage":"pt-PT","@id":"https:\/\/brasilnoticias.org\/site\/#\/schema\/logo\/image\/","url":"https:\/\/brasilnoticias.org\/site\/wp-content\/uploads\/2022\/05\/cropped-brasilnoticias-mini.jpg","contentUrl":"https:\/\/brasilnoticias.org\/site\/wp-content\/uploads\/2022\/05\/cropped-brasilnoticias-mini.jpg","width":314,"height":86,"caption":"Brasil not\u00edcias"},"image":{"@id":"https:\/\/brasilnoticias.org\/site\/#\/schema\/logo\/image\/"}},{"@type":"Person","@id":"https:\/\/brasilnoticias.org\/site\/#\/schema\/person\/03bbbfe6c7634ad18c26444ea39049fa","name":"Reda\u00e7\u00e3o","image":{"@type":"ImageObject","inLanguage":"pt-PT","@id":"https:\/\/brasilnoticias.org\/site\/#\/schema\/person\/image\/","url":"https:\/\/secure.gravatar.com\/avatar\/9ecaf7327a696cb23ad926fedded5f1f04d7049de9e445375d55b48c001a6e42?s=96&d=mm&r=g","contentUrl":"https:\/\/secure.gravatar.com\/avatar\/9ecaf7327a696cb23ad926fedded5f1f04d7049de9e445375d55b48c001a6e42?s=96&d=mm&r=g","caption":"Reda\u00e7\u00e3o"},"url":"https:\/\/brasilnoticias.org\/site\/author\/henrique\/"}]}},"_links":{"self":[{"href":"https:\/\/brasilnoticias.org\/site\/wp-json\/wp\/v2\/posts\/20538","targetHints":{"allow":["GET"]}}],"collection":[{"href":"https:\/\/brasilnoticias.org\/site\/wp-json\/wp\/v2\/posts"}],"about":[{"href":"https:\/\/brasilnoticias.org\/site\/wp-json\/wp\/v2\/types\/post"}],"author":[{"embeddable":true,"href":"https:\/\/brasilnoticias.org\/site\/wp-json\/wp\/v2\/users\/4"}],"replies":[{"embeddable":true,"href":"https:\/\/brasilnoticias.org\/site\/wp-json\/wp\/v2\/comments?post=20538"}],"version-history":[{"count":1,"href":"https:\/\/brasilnoticias.org\/site\/wp-json\/wp\/v2\/posts\/20538\/revisions"}],"predecessor-version":[{"id":20541,"href":"https:\/\/brasilnoticias.org\/site\/wp-json\/wp\/v2\/posts\/20538\/revisions\/20541"}],"wp:featuredmedia":[{"embeddable":true,"href":"https:\/\/brasilnoticias.org\/site\/wp-json\/wp\/v2\/media\/20540"}],"wp:attachment":[{"href":"https:\/\/brasilnoticias.org\/site\/wp-json\/wp\/v2\/media?parent=20538"}],"wp:term":[{"taxonomy":"category","embeddable":true,"href":"https:\/\/brasilnoticias.org\/site\/wp-json\/wp\/v2\/categories?post=20538"},{"taxonomy":"post_tag","embeddable":true,"href":"https:\/\/brasilnoticias.org\/site\/wp-json\/wp\/v2\/tags?post=20538"}],"curies":[{"name":"wp","href":"https:\/\/api.w.org\/{rel}","templated":true}]}}