{"id":20548,"date":"2026-02-28T09:40:05","date_gmt":"2026-02-28T12:40:05","guid":{"rendered":"https:\/\/brasilnoticias.org\/site\/?p=20548"},"modified":"2026-02-28T09:40:05","modified_gmt":"2026-02-28T12:40:05","slug":"educacao-profissional-no-brasil-cresce-mais-de-68-em-cinco-anos-aponta-mec","status":"publish","type":"post","link":"https:\/\/brasilnoticias.org\/site\/educacao-profissional-no-brasil-cresce-mais-de-68-em-cinco-anos-aponta-mec\/","title":{"rendered":"Educa\u00e7\u00e3o profissional no Brasil cresce mais de 68% em cinco anos, aponta MEC"},"content":{"rendered":"<p>Segundo informa\u00e7\u00f5es divulgadas pela Ag\u00eancia Brasil, a oferta de cursos de educa\u00e7\u00e3o profissional no Brasil cresceu 68,6% nos \u00faltimos cinco anos, de acordo com dados atualizados pelo Minist\u00e9rio da Educa\u00e7\u00e3o (MEC). O crescimento foi registrado entre 2020 e 2025, e reflete expans\u00e3o tanto na quantidade de matr\u00edculas quanto na diversidade de programas oferecidos em institui\u00e7\u00f5es p\u00fablicas e privadas.<\/p>\n<p>O MEC destacou que o aumento representa uma forte rea\u00e7\u00e3o \u00e0 demanda do mercado de trabalho por forma\u00e7\u00e3o t\u00e9cnica e qualifica\u00e7\u00e3o profissional, com foco em \u00e1reas como tecnologia, sa\u00fade, ind\u00fastria e servi\u00e7os. A educa\u00e7\u00e3o profissional inclui cursos t\u00e9cnicos, cursos de aprendizagem industrial e outros programas de forma\u00e7\u00e3o que combinam teoria e pr\u00e1tica voltados para inser\u00e7\u00e3o ou requalifica\u00e7\u00e3o no mercado.<\/p>\n<p>Segundo o levantamento, a maior parte dessa expans\u00e3o ocorreu em cursos t\u00e9cnicos ofertados por institui\u00e7\u00f5es federais e estaduais, que ampliaram vagas e unidades de ensino em estados de todas as regi\u00f5es do pa\u00eds. Isso teria contribu\u00eddo n\u00e3o apenas para o aumento no n\u00famero de estudantes matriculados, mas tamb\u00e9m para a redu\u00e7\u00e3o de disparidades regionais no acesso \u00e0 qualifica\u00e7\u00e3o profissional.<\/p>\n<p>Autoridades educacionais destacaram que a forma\u00e7\u00e3o t\u00e9cnica desempenha papel estrat\u00e9gico na inser\u00e7\u00e3o dos jovens no mercado de trabalho, sobretudo em setores com escassez de m\u00e3o de obra especializada. Al\u00e9m disso, programas de educa\u00e7\u00e3o profissional integrada ao ensino m\u00e9dio tamb\u00e9m ganharam incentivo, permitindo que estudantes concluam o ensino regular j\u00e1 com uma qualifica\u00e7\u00e3o t\u00e9cnica.<\/p>\n<p>Especialistas ouvidos afirmam que esse crescimento reflete mudan\u00e7as estruturais no sistema educacional brasileiro, com maior articula\u00e7\u00e3o entre escolas t\u00e9cnicas, empresas e \u00f3rg\u00e3os p\u00fablicos para adequar a forma\u00e7\u00e3o \u00e0s necessidades econ\u00f4micas e tecnol\u00f3gicas do pa\u00eds.<\/p>\n<p>A expans\u00e3o da educa\u00e7\u00e3o profissional tamb\u00e9m \u00e9 vista como um mecanismo de inclus\u00e3o social e redu\u00e7\u00e3o do desemprego entre jovens e adultos, considerando que cursos t\u00e9cnicos frequentemente facilitam a entrada dos estudantes no mercado de trabalho formal.<\/p>\n<p>Foto: Marcelo Camargo\/Ag\u00eancia Brasil<\/p>\n","protected":false},"excerpt":{"rendered":"<p>Segundo informa\u00e7\u00f5es divulgadas pela Ag\u00eancia Brasil, a oferta de cursos de educa\u00e7\u00e3o profissional no Brasil cresceu 68,6% nos \u00faltimos cinco<\/p>\n","protected":false},"author":4,"featured_media":20549,"comment_status":"open","ping_status":"open","sticky":false,"template":"","format":"standard","meta":{"colormag_page_container_layout":"default_layout","colormag_page_sidebar_layout":"default_layout","_FSMCFIC_featured_image_caption":"","_FSMCFIC_featured_image_nocaption":"","_FSMCFIC_featured_image_hide":"","footnotes":""},"categories":[2,1],"tags":[],"class_list":["post-20548","post","type-post","status-publish","format-standard","has-post-thumbnail","hentry","category-noticias","category-ultimas"],"yoast_head":"<!-- This site is optimized with the Yoast SEO plugin v27.1.1 - https:\/\/yoast.com\/product\/yoast-seo-wordpress\/ -->\n<title>Educa\u00e7\u00e3o profissional no Brasil cresce mais de 68% em cinco anos, aponta MEC - Brasil not\u00edcias<\/title>\n<meta name=\"robots\" content=\"index, follow, max-snippet:-1, max-image-preview:large, max-video-preview:-1\" \/>\n<link rel=\"canonical\" href=\"https:\/\/brasilnoticias.org\/site\/educacao-profissional-no-brasil-cresce-mais-de-68-em-cinco-anos-aponta-mec\/\" \/>\n<meta property=\"og:locale\" content=\"pt_PT\" \/>\n<meta property=\"og:type\" content=\"article\" \/>\n<meta property=\"og:title\" content=\"Educa\u00e7\u00e3o profissional no Brasil cresce mais de 68% em cinco anos, aponta MEC - Brasil not\u00edcias\" \/>\n<meta property=\"og:description\" content=\"Segundo informa\u00e7\u00f5es divulgadas pela Ag\u00eancia Brasil, a oferta de cursos de educa\u00e7\u00e3o profissional no Brasil cresceu 68,6% nos \u00faltimos cinco\" \/>\n<meta property=\"og:url\" content=\"https:\/\/brasilnoticias.org\/site\/educacao-profissional-no-brasil-cresce-mais-de-68-em-cinco-anos-aponta-mec\/\" \/>\n<meta property=\"og:site_name\" content=\"Brasil not\u00edcias\" \/>\n<meta property=\"article:published_time\" content=\"2026-02-28T12:40:05+00:00\" \/>\n<meta property=\"og:image\" content=\"https:\/\/brasilnoticias.org\/site\/wp-content\/uploads\/2026\/02\/1092652-mcamgo_abr_300917alunos-13_1.webp\" \/>\n\t<meta property=\"og:image:width\" content=\"1170\" \/>\n\t<meta property=\"og:image:height\" content=\"700\" \/>\n\t<meta property=\"og:image:type\" content=\"image\/webp\" \/>\n<meta name=\"author\" content=\"Reda\u00e7\u00e3o\" \/>\n<meta name=\"twitter:card\" content=\"summary_large_image\" \/>\n<meta name=\"twitter:label1\" content=\"Escrito por\" \/>\n\t<meta name=\"twitter:data1\" content=\"Reda\u00e7\u00e3o\" \/>\n\t<meta name=\"twitter:label2\" content=\"Tempo estimado de leitura\" \/>\n\t<meta name=\"twitter:data2\" content=\"1 minuto\" \/>\n<script type=\"application\/ld+json\" class=\"yoast-schema-graph\">{\"@context\":\"https:\/\/schema.org\",\"@graph\":[{\"@type\":\"Article\",\"@id\":\"https:\/\/brasilnoticias.org\/site\/educacao-profissional-no-brasil-cresce-mais-de-68-em-cinco-anos-aponta-mec\/#article\",\"isPartOf\":{\"@id\":\"https:\/\/brasilnoticias.org\/site\/educacao-profissional-no-brasil-cresce-mais-de-68-em-cinco-anos-aponta-mec\/\"},\"author\":{\"name\":\"Reda\u00e7\u00e3o\",\"@id\":\"https:\/\/brasilnoticias.org\/site\/#\/schema\/person\/03bbbfe6c7634ad18c26444ea39049fa\"},\"headline\":\"Educa\u00e7\u00e3o profissional no Brasil cresce mais de 68% em cinco anos, aponta MEC\",\"datePublished\":\"2026-02-28T12:40:05+00:00\",\"mainEntityOfPage\":{\"@id\":\"https:\/\/brasilnoticias.org\/site\/educacao-profissional-no-brasil-cresce-mais-de-68-em-cinco-anos-aponta-mec\/\"},\"wordCount\":372,\"commentCount\":0,\"publisher\":{\"@id\":\"https:\/\/brasilnoticias.org\/site\/#organization\"},\"image\":{\"@id\":\"https:\/\/brasilnoticias.org\/site\/educacao-profissional-no-brasil-cresce-mais-de-68-em-cinco-anos-aponta-mec\/#primaryimage\"},\"thumbnailUrl\":\"https:\/\/brasilnoticias.org\/site\/wp-content\/uploads\/2026\/02\/1092652-mcamgo_abr_300917alunos-13_1.webp\",\"articleSection\":[\"Not\u00edcias\",\"\u00daltimas\"],\"inLanguage\":\"pt-PT\",\"potentialAction\":[{\"@type\":\"CommentAction\",\"name\":\"Comment\",\"target\":[\"https:\/\/brasilnoticias.org\/site\/educacao-profissional-no-brasil-cresce-mais-de-68-em-cinco-anos-aponta-mec\/#respond\"]}]},{\"@type\":\"WebPage\",\"@id\":\"https:\/\/brasilnoticias.org\/site\/educacao-profissional-no-brasil-cresce-mais-de-68-em-cinco-anos-aponta-mec\/\",\"url\":\"https:\/\/brasilnoticias.org\/site\/educacao-profissional-no-brasil-cresce-mais-de-68-em-cinco-anos-aponta-mec\/\",\"name\":\"Educa\u00e7\u00e3o profissional no Brasil cresce mais de 68% em cinco anos, aponta MEC - Brasil not\u00edcias\",\"isPartOf\":{\"@id\":\"https:\/\/brasilnoticias.org\/site\/#website\"},\"primaryImageOfPage\":{\"@id\":\"https:\/\/brasilnoticias.org\/site\/educacao-profissional-no-brasil-cresce-mais-de-68-em-cinco-anos-aponta-mec\/#primaryimage\"},\"image\":{\"@id\":\"https:\/\/brasilnoticias.org\/site\/educacao-profissional-no-brasil-cresce-mais-de-68-em-cinco-anos-aponta-mec\/#primaryimage\"},\"thumbnailUrl\":\"https:\/\/brasilnoticias.org\/site\/wp-content\/uploads\/2026\/02\/1092652-mcamgo_abr_300917alunos-13_1.webp\",\"datePublished\":\"2026-02-28T12:40:05+00:00\",\"breadcrumb\":{\"@id\":\"https:\/\/brasilnoticias.org\/site\/educacao-profissional-no-brasil-cresce-mais-de-68-em-cinco-anos-aponta-mec\/#breadcrumb\"},\"inLanguage\":\"pt-PT\",\"potentialAction\":[{\"@type\":\"ReadAction\",\"target\":[\"https:\/\/brasilnoticias.org\/site\/educacao-profissional-no-brasil-cresce-mais-de-68-em-cinco-anos-aponta-mec\/\"]}]},{\"@type\":\"ImageObject\",\"inLanguage\":\"pt-PT\",\"@id\":\"https:\/\/brasilnoticias.org\/site\/educacao-profissional-no-brasil-cresce-mais-de-68-em-cinco-anos-aponta-mec\/#primaryimage\",\"url\":\"https:\/\/brasilnoticias.org\/site\/wp-content\/uploads\/2026\/02\/1092652-mcamgo_abr_300917alunos-13_1.webp\",\"contentUrl\":\"https:\/\/brasilnoticias.org\/site\/wp-content\/uploads\/2026\/02\/1092652-mcamgo_abr_300917alunos-13_1.webp\",\"width\":1170,\"height\":700},{\"@type\":\"BreadcrumbList\",\"@id\":\"https:\/\/brasilnoticias.org\/site\/educacao-profissional-no-brasil-cresce-mais-de-68-em-cinco-anos-aponta-mec\/#breadcrumb\",\"itemListElement\":[{\"@type\":\"ListItem\",\"position\":1,\"name\":\"In\u00edcio\",\"item\":\"https:\/\/brasilnoticias.org\/site\/\"},{\"@type\":\"ListItem\",\"position\":2,\"name\":\"Educa\u00e7\u00e3o profissional no Brasil cresce mais de 68% em cinco anos, aponta MEC\"}]},{\"@type\":\"WebSite\",\"@id\":\"https:\/\/brasilnoticias.org\/site\/#website\",\"url\":\"https:\/\/brasilnoticias.org\/site\/\",\"name\":\"Brasil not\u00edcias\",\"description\":\"Brasil not\u00edcias\",\"publisher\":{\"@id\":\"https:\/\/brasilnoticias.org\/site\/#organization\"},\"potentialAction\":[{\"@type\":\"SearchAction\",\"target\":{\"@type\":\"EntryPoint\",\"urlTemplate\":\"https:\/\/brasilnoticias.org\/site\/?s={search_term_string}\"},\"query-input\":{\"@type\":\"PropertyValueSpecification\",\"valueRequired\":true,\"valueName\":\"search_term_string\"}}],\"inLanguage\":\"pt-PT\"},{\"@type\":\"Organization\",\"@id\":\"https:\/\/brasilnoticias.org\/site\/#organization\",\"name\":\"Brasil not\u00edcias\",\"url\":\"https:\/\/brasilnoticias.org\/site\/\",\"logo\":{\"@type\":\"ImageObject\",\"inLanguage\":\"pt-PT\",\"@id\":\"https:\/\/brasilnoticias.org\/site\/#\/schema\/logo\/image\/\",\"url\":\"https:\/\/brasilnoticias.org\/site\/wp-content\/uploads\/2022\/05\/cropped-brasilnoticias-mini.jpg\",\"contentUrl\":\"https:\/\/brasilnoticias.org\/site\/wp-content\/uploads\/2022\/05\/cropped-brasilnoticias-mini.jpg\",\"width\":314,\"height\":86,\"caption\":\"Brasil not\u00edcias\"},\"image\":{\"@id\":\"https:\/\/brasilnoticias.org\/site\/#\/schema\/logo\/image\/\"}},{\"@type\":\"Person\",\"@id\":\"https:\/\/brasilnoticias.org\/site\/#\/schema\/person\/03bbbfe6c7634ad18c26444ea39049fa\",\"name\":\"Reda\u00e7\u00e3o\",\"image\":{\"@type\":\"ImageObject\",\"inLanguage\":\"pt-PT\",\"@id\":\"https:\/\/brasilnoticias.org\/site\/#\/schema\/person\/image\/\",\"url\":\"https:\/\/secure.gravatar.com\/avatar\/9ecaf7327a696cb23ad926fedded5f1f04d7049de9e445375d55b48c001a6e42?s=96&d=mm&r=g\",\"contentUrl\":\"https:\/\/secure.gravatar.com\/avatar\/9ecaf7327a696cb23ad926fedded5f1f04d7049de9e445375d55b48c001a6e42?s=96&d=mm&r=g\",\"caption\":\"Reda\u00e7\u00e3o\"},\"url\":\"https:\/\/brasilnoticias.org\/site\/author\/henrique\/\"}]}<\/script>\n<!-- \/ Yoast SEO plugin. -->","yoast_head_json":{"title":"Educa\u00e7\u00e3o profissional no Brasil cresce mais de 68% em cinco anos, aponta MEC - Brasil not\u00edcias","robots":{"index":"index","follow":"follow","max-snippet":"max-snippet:-1","max-image-preview":"max-image-preview:large","max-video-preview":"max-video-preview:-1"},"canonical":"https:\/\/brasilnoticias.org\/site\/educacao-profissional-no-brasil-cresce-mais-de-68-em-cinco-anos-aponta-mec\/","og_locale":"pt_PT","og_type":"article","og_title":"Educa\u00e7\u00e3o profissional no Brasil cresce mais de 68% em cinco anos, aponta MEC - Brasil not\u00edcias","og_description":"Segundo informa\u00e7\u00f5es divulgadas pela Ag\u00eancia Brasil, a oferta de cursos de educa\u00e7\u00e3o profissional no Brasil cresceu 68,6% nos \u00faltimos cinco","og_url":"https:\/\/brasilnoticias.org\/site\/educacao-profissional-no-brasil-cresce-mais-de-68-em-cinco-anos-aponta-mec\/","og_site_name":"Brasil not\u00edcias","article_published_time":"2026-02-28T12:40:05+00:00","og_image":[{"width":1170,"height":700,"url":"https:\/\/brasilnoticias.org\/site\/wp-content\/uploads\/2026\/02\/1092652-mcamgo_abr_300917alunos-13_1.webp","type":"image\/webp"}],"author":"Reda\u00e7\u00e3o","twitter_card":"summary_large_image","twitter_misc":{"Escrito por":"Reda\u00e7\u00e3o","Tempo estimado de leitura":"1 minuto"},"schema":{"@context":"https:\/\/schema.org","@graph":[{"@type":"Article","@id":"https:\/\/brasilnoticias.org\/site\/educacao-profissional-no-brasil-cresce-mais-de-68-em-cinco-anos-aponta-mec\/#article","isPartOf":{"@id":"https:\/\/brasilnoticias.org\/site\/educacao-profissional-no-brasil-cresce-mais-de-68-em-cinco-anos-aponta-mec\/"},"author":{"name":"Reda\u00e7\u00e3o","@id":"https:\/\/brasilnoticias.org\/site\/#\/schema\/person\/03bbbfe6c7634ad18c26444ea39049fa"},"headline":"Educa\u00e7\u00e3o profissional no Brasil cresce mais de 68% em cinco anos, aponta MEC","datePublished":"2026-02-28T12:40:05+00:00","mainEntityOfPage":{"@id":"https:\/\/brasilnoticias.org\/site\/educacao-profissional-no-brasil-cresce-mais-de-68-em-cinco-anos-aponta-mec\/"},"wordCount":372,"commentCount":0,"publisher":{"@id":"https:\/\/brasilnoticias.org\/site\/#organization"},"image":{"@id":"https:\/\/brasilnoticias.org\/site\/educacao-profissional-no-brasil-cresce-mais-de-68-em-cinco-anos-aponta-mec\/#primaryimage"},"thumbnailUrl":"https:\/\/brasilnoticias.org\/site\/wp-content\/uploads\/2026\/02\/1092652-mcamgo_abr_300917alunos-13_1.webp","articleSection":["Not\u00edcias","\u00daltimas"],"inLanguage":"pt-PT","potentialAction":[{"@type":"CommentAction","name":"Comment","target":["https:\/\/brasilnoticias.org\/site\/educacao-profissional-no-brasil-cresce-mais-de-68-em-cinco-anos-aponta-mec\/#respond"]}]},{"@type":"WebPage","@id":"https:\/\/brasilnoticias.org\/site\/educacao-profissional-no-brasil-cresce-mais-de-68-em-cinco-anos-aponta-mec\/","url":"https:\/\/brasilnoticias.org\/site\/educacao-profissional-no-brasil-cresce-mais-de-68-em-cinco-anos-aponta-mec\/","name":"Educa\u00e7\u00e3o profissional no Brasil cresce mais de 68% em cinco anos, aponta MEC - Brasil not\u00edcias","isPartOf":{"@id":"https:\/\/brasilnoticias.org\/site\/#website"},"primaryImageOfPage":{"@id":"https:\/\/brasilnoticias.org\/site\/educacao-profissional-no-brasil-cresce-mais-de-68-em-cinco-anos-aponta-mec\/#primaryimage"},"image":{"@id":"https:\/\/brasilnoticias.org\/site\/educacao-profissional-no-brasil-cresce-mais-de-68-em-cinco-anos-aponta-mec\/#primaryimage"},"thumbnailUrl":"https:\/\/brasilnoticias.org\/site\/wp-content\/uploads\/2026\/02\/1092652-mcamgo_abr_300917alunos-13_1.webp","datePublished":"2026-02-28T12:40:05+00:00","breadcrumb":{"@id":"https:\/\/brasilnoticias.org\/site\/educacao-profissional-no-brasil-cresce-mais-de-68-em-cinco-anos-aponta-mec\/#breadcrumb"},"inLanguage":"pt-PT","potentialAction":[{"@type":"ReadAction","target":["https:\/\/brasilnoticias.org\/site\/educacao-profissional-no-brasil-cresce-mais-de-68-em-cinco-anos-aponta-mec\/"]}]},{"@type":"ImageObject","inLanguage":"pt-PT","@id":"https:\/\/brasilnoticias.org\/site\/educacao-profissional-no-brasil-cresce-mais-de-68-em-cinco-anos-aponta-mec\/#primaryimage","url":"https:\/\/brasilnoticias.org\/site\/wp-content\/uploads\/2026\/02\/1092652-mcamgo_abr_300917alunos-13_1.webp","contentUrl":"https:\/\/brasilnoticias.org\/site\/wp-content\/uploads\/2026\/02\/1092652-mcamgo_abr_300917alunos-13_1.webp","width":1170,"height":700},{"@type":"BreadcrumbList","@id":"https:\/\/brasilnoticias.org\/site\/educacao-profissional-no-brasil-cresce-mais-de-68-em-cinco-anos-aponta-mec\/#breadcrumb","itemListElement":[{"@type":"ListItem","position":1,"name":"In\u00edcio","item":"https:\/\/brasilnoticias.org\/site\/"},{"@type":"ListItem","position":2,"name":"Educa\u00e7\u00e3o profissional no Brasil cresce mais de 68% em cinco anos, aponta MEC"}]},{"@type":"WebSite","@id":"https:\/\/brasilnoticias.org\/site\/#website","url":"https:\/\/brasilnoticias.org\/site\/","name":"Brasil not\u00edcias","description":"Brasil not\u00edcias","publisher":{"@id":"https:\/\/brasilnoticias.org\/site\/#organization"},"potentialAction":[{"@type":"SearchAction","target":{"@type":"EntryPoint","urlTemplate":"https:\/\/brasilnoticias.org\/site\/?s={search_term_string}"},"query-input":{"@type":"PropertyValueSpecification","valueRequired":true,"valueName":"search_term_string"}}],"inLanguage":"pt-PT"},{"@type":"Organization","@id":"https:\/\/brasilnoticias.org\/site\/#organization","name":"Brasil not\u00edcias","url":"https:\/\/brasilnoticias.org\/site\/","logo":{"@type":"ImageObject","inLanguage":"pt-PT","@id":"https:\/\/brasilnoticias.org\/site\/#\/schema\/logo\/image\/","url":"https:\/\/brasilnoticias.org\/site\/wp-content\/uploads\/2022\/05\/cropped-brasilnoticias-mini.jpg","contentUrl":"https:\/\/brasilnoticias.org\/site\/wp-content\/uploads\/2022\/05\/cropped-brasilnoticias-mini.jpg","width":314,"height":86,"caption":"Brasil not\u00edcias"},"image":{"@id":"https:\/\/brasilnoticias.org\/site\/#\/schema\/logo\/image\/"}},{"@type":"Person","@id":"https:\/\/brasilnoticias.org\/site\/#\/schema\/person\/03bbbfe6c7634ad18c26444ea39049fa","name":"Reda\u00e7\u00e3o","image":{"@type":"ImageObject","inLanguage":"pt-PT","@id":"https:\/\/brasilnoticias.org\/site\/#\/schema\/person\/image\/","url":"https:\/\/secure.gravatar.com\/avatar\/9ecaf7327a696cb23ad926fedded5f1f04d7049de9e445375d55b48c001a6e42?s=96&d=mm&r=g","contentUrl":"https:\/\/secure.gravatar.com\/avatar\/9ecaf7327a696cb23ad926fedded5f1f04d7049de9e445375d55b48c001a6e42?s=96&d=mm&r=g","caption":"Reda\u00e7\u00e3o"},"url":"https:\/\/brasilnoticias.org\/site\/author\/henrique\/"}]}},"_links":{"self":[{"href":"https:\/\/brasilnoticias.org\/site\/wp-json\/wp\/v2\/posts\/20548","targetHints":{"allow":["GET"]}}],"collection":[{"href":"https:\/\/brasilnoticias.org\/site\/wp-json\/wp\/v2\/posts"}],"about":[{"href":"https:\/\/brasilnoticias.org\/site\/wp-json\/wp\/v2\/types\/post"}],"author":[{"embeddable":true,"href":"https:\/\/brasilnoticias.org\/site\/wp-json\/wp\/v2\/users\/4"}],"replies":[{"embeddable":true,"href":"https:\/\/brasilnoticias.org\/site\/wp-json\/wp\/v2\/comments?post=20548"}],"version-history":[{"count":1,"href":"https:\/\/brasilnoticias.org\/site\/wp-json\/wp\/v2\/posts\/20548\/revisions"}],"predecessor-version":[{"id":20550,"href":"https:\/\/brasilnoticias.org\/site\/wp-json\/wp\/v2\/posts\/20548\/revisions\/20550"}],"wp:featuredmedia":[{"embeddable":true,"href":"https:\/\/brasilnoticias.org\/site\/wp-json\/wp\/v2\/media\/20549"}],"wp:attachment":[{"href":"https:\/\/brasilnoticias.org\/site\/wp-json\/wp\/v2\/media?parent=20548"}],"wp:term":[{"taxonomy":"category","embeddable":true,"href":"https:\/\/brasilnoticias.org\/site\/wp-json\/wp\/v2\/categories?post=20548"},{"taxonomy":"post_tag","embeddable":true,"href":"https:\/\/brasilnoticias.org\/site\/wp-json\/wp\/v2\/tags?post=20548"}],"curies":[{"name":"wp","href":"https:\/\/api.w.org\/{rel}","templated":true}]}}