{"id":20554,"date":"2026-02-28T09:47:14","date_gmt":"2026-02-28T12:47:14","guid":{"rendered":"https:\/\/brasilnoticias.org\/site\/?p=20554"},"modified":"2026-03-02T05:43:35","modified_gmt":"2026-03-02T08:43:35","slug":"eua-e-israel-lancam-ataque-militar-coordenado-contra-o-ira-e-a-situacao-desencadeia-retaliacoes-na-regiao","status":"publish","type":"post","link":"https:\/\/brasilnoticias.org\/site\/eua-e-israel-lancam-ataque-militar-coordenado-contra-o-ira-e-a-situacao-desencadeia-retaliacoes-na-regiao\/","title":{"rendered":"EUA e Israel lan\u00e7am ataque militar coordenado contra o Ir\u00e3 e a situa\u00e7\u00e3o desencadeia retalia\u00e7\u00f5es na regi\u00e3o"},"content":{"rendered":"<p>Segundo informa\u00e7\u00f5es amplamente noticiadas por ag\u00eancias internacionais, os Estados Unidos e Israel lan\u00e7aram uma ofensiva militar conjunta contra alvos do Ir\u00e3 na madrugada deste s\u00e1bado (28), marcando uma escalada significativa no Oriente M\u00e9dio. A opera\u00e7\u00e3o, chamada de \u201cOperation Lion\u2019s Roar\u201d, envolveu **ataques a\u00e9reos e com m\u00edsseis contra instala\u00e7\u00f5es estrat\u00e9gicas iranianas, incluindo \u00e1reas em Teer\u00e3 e outras cidades importantes.<\/p>\n<p>Autoridades dos EUA afirmaram que a a\u00e7\u00e3o foi planejada para \u201celiminar amea\u00e7as percebidas pelo regime iraniano\u201d e proteger interesses de seguran\u00e7a, enquanto l\u00edderes israelenses descreveram o ataque como uma resposta preventivas a riscos militares e nucleares atribu\u00eddos ao Ir\u00e3.<\/p>\n<p>A resposta iraniana foi r\u00e1pida e severa: o governo de Teer\u00e3 lan\u00e7ou m\u00edsseis e drones contra alvos em Israel e bases militares dos EUA no Oriente M\u00e9dio, incluindo \u00e1reas no Golfo P\u00e9rsico, como no Bahrein, Kuwait, Catar e Emirados \u00c1rabes Unidos. Explos\u00f5es foram relatadas em v\u00e1rias regi\u00f5es, e sirenes antia\u00e9reas soaram em centros urbanos israelenses.<\/p>\n<p>A situa\u00e7\u00e3o tamb\u00e9m afetou pa\u00edses vizinhos. O Iraque chegou a fechar seu espa\u00e7o a\u00e9reo em raz\u00e3o da ofensiva conjunta contra o Ir\u00e3, suspendendo voos civis enquanto as tens\u00f5es se intensificam.<\/p>\n<p>Especialistas e analistas internacionais alertam que essa escalada pode transformar um conflito bilateral em uma crise regional de grande alcance, com riscos de ampliar confrontos e desestabilizar ainda mais a seguran\u00e7a no Oriente M\u00e9dio.<\/p>\n<p>Foto: Reprodu\u00e7\u00e3o\/Canva<\/p>\n","protected":false},"excerpt":{"rendered":"<p>Segundo informa\u00e7\u00f5es amplamente noticiadas por ag\u00eancias internacionais, os Estados Unidos e Israel lan\u00e7aram uma ofensiva militar conjunta contra alvos do<\/p>\n","protected":false},"author":4,"featured_media":20555,"comment_status":"open","ping_status":"open","sticky":false,"template":"","format":"standard","meta":{"colormag_page_container_layout":"default_layout","colormag_page_sidebar_layout":"default_layout","_FSMCFIC_featured_image_caption":"","_FSMCFIC_featured_image_nocaption":"","_FSMCFIC_featured_image_hide":"","footnotes":""},"categories":[7,2,1],"tags":[],"class_list":["post-20554","post","type-post","status-publish","format-standard","has-post-thumbnail","hentry","category-justica","category-noticias","category-ultimas"],"yoast_head":"<!-- This site is optimized with the Yoast SEO plugin v27.1.1 - https:\/\/yoast.com\/product\/yoast-seo-wordpress\/ -->\n<title>EUA e Israel lan\u00e7am ataque militar coordenado contra o Ir\u00e3 e a situa\u00e7\u00e3o desencadeia retalia\u00e7\u00f5es na regi\u00e3o - Brasil not\u00edcias<\/title>\n<meta name=\"robots\" content=\"index, follow, max-snippet:-1, max-image-preview:large, max-video-preview:-1\" \/>\n<link rel=\"canonical\" href=\"https:\/\/brasilnoticias.org\/site\/eua-e-israel-lancam-ataque-militar-coordenado-contra-o-ira-e-a-situacao-desencadeia-retaliacoes-na-regiao\/\" \/>\n<meta property=\"og:locale\" content=\"pt_PT\" \/>\n<meta property=\"og:type\" content=\"article\" \/>\n<meta property=\"og:title\" content=\"EUA e Israel lan\u00e7am ataque militar coordenado contra o Ir\u00e3 e a situa\u00e7\u00e3o desencadeia retalia\u00e7\u00f5es na regi\u00e3o - Brasil not\u00edcias\" \/>\n<meta property=\"og:description\" content=\"Segundo informa\u00e7\u00f5es amplamente noticiadas por ag\u00eancias internacionais, os Estados Unidos e Israel lan\u00e7aram uma ofensiva militar conjunta contra alvos do\" \/>\n<meta property=\"og:url\" content=\"https:\/\/brasilnoticias.org\/site\/eua-e-israel-lancam-ataque-militar-coordenado-contra-o-ira-e-a-situacao-desencadeia-retaliacoes-na-regiao\/\" \/>\n<meta property=\"og:site_name\" content=\"Brasil not\u00edcias\" \/>\n<meta property=\"article:published_time\" content=\"2026-02-28T12:47:14+00:00\" \/>\n<meta property=\"article:modified_time\" content=\"2026-03-02T08:43:35+00:00\" \/>\n<meta property=\"og:image\" content=\"https:\/\/brasilnoticias.org\/site\/wp-content\/uploads\/2026\/02\/178748eua-e-israel-atacam-o-ira-que-reage-com-misseis-contra-bases-americanas-3.jpg\" \/>\n\t<meta property=\"og:image:width\" content=\"1600\" \/>\n\t<meta property=\"og:image:height\" content=\"752\" \/>\n\t<meta property=\"og:image:type\" content=\"image\/jpeg\" \/>\n<meta name=\"author\" content=\"Reda\u00e7\u00e3o\" \/>\n<meta name=\"twitter:card\" content=\"summary_large_image\" \/>\n<meta name=\"twitter:label1\" content=\"Escrito por\" \/>\n\t<meta name=\"twitter:data1\" content=\"Reda\u00e7\u00e3o\" \/>\n\t<meta name=\"twitter:label2\" content=\"Tempo estimado de leitura\" \/>\n\t<meta name=\"twitter:data2\" content=\"2 minutos\" \/>\n<script type=\"application\/ld+json\" class=\"yoast-schema-graph\">{\"@context\":\"https:\/\/schema.org\",\"@graph\":[{\"@type\":\"Article\",\"@id\":\"https:\/\/brasilnoticias.org\/site\/eua-e-israel-lancam-ataque-militar-coordenado-contra-o-ira-e-a-situacao-desencadeia-retaliacoes-na-regiao\/#article\",\"isPartOf\":{\"@id\":\"https:\/\/brasilnoticias.org\/site\/eua-e-israel-lancam-ataque-militar-coordenado-contra-o-ira-e-a-situacao-desencadeia-retaliacoes-na-regiao\/\"},\"author\":{\"name\":\"Reda\u00e7\u00e3o\",\"@id\":\"https:\/\/brasilnoticias.org\/site\/#\/schema\/person\/03bbbfe6c7634ad18c26444ea39049fa\"},\"headline\":\"EUA e Israel lan\u00e7am ataque militar coordenado contra o Ir\u00e3 e a situa\u00e7\u00e3o desencadeia retalia\u00e7\u00f5es na regi\u00e3o\",\"datePublished\":\"2026-02-28T12:47:14+00:00\",\"dateModified\":\"2026-03-02T08:43:35+00:00\",\"mainEntityOfPage\":{\"@id\":\"https:\/\/brasilnoticias.org\/site\/eua-e-israel-lancam-ataque-militar-coordenado-contra-o-ira-e-a-situacao-desencadeia-retaliacoes-na-regiao\/\"},\"wordCount\":274,\"commentCount\":0,\"publisher\":{\"@id\":\"https:\/\/brasilnoticias.org\/site\/#organization\"},\"image\":{\"@id\":\"https:\/\/brasilnoticias.org\/site\/eua-e-israel-lancam-ataque-militar-coordenado-contra-o-ira-e-a-situacao-desencadeia-retaliacoes-na-regiao\/#primaryimage\"},\"thumbnailUrl\":\"https:\/\/brasilnoticias.org\/site\/wp-content\/uploads\/2026\/02\/178748eua-e-israel-atacam-o-ira-que-reage-com-misseis-contra-bases-americanas-3.jpg\",\"articleSection\":[\"Justi\u00e7a\",\"Not\u00edcias\",\"\u00daltimas\"],\"inLanguage\":\"pt-PT\",\"potentialAction\":[{\"@type\":\"CommentAction\",\"name\":\"Comment\",\"target\":[\"https:\/\/brasilnoticias.org\/site\/eua-e-israel-lancam-ataque-militar-coordenado-contra-o-ira-e-a-situacao-desencadeia-retaliacoes-na-regiao\/#respond\"]}]},{\"@type\":\"WebPage\",\"@id\":\"https:\/\/brasilnoticias.org\/site\/eua-e-israel-lancam-ataque-militar-coordenado-contra-o-ira-e-a-situacao-desencadeia-retaliacoes-na-regiao\/\",\"url\":\"https:\/\/brasilnoticias.org\/site\/eua-e-israel-lancam-ataque-militar-coordenado-contra-o-ira-e-a-situacao-desencadeia-retaliacoes-na-regiao\/\",\"name\":\"EUA e Israel lan\u00e7am ataque militar coordenado contra o Ir\u00e3 e a situa\u00e7\u00e3o desencadeia retalia\u00e7\u00f5es na regi\u00e3o - Brasil not\u00edcias\",\"isPartOf\":{\"@id\":\"https:\/\/brasilnoticias.org\/site\/#website\"},\"primaryImageOfPage\":{\"@id\":\"https:\/\/brasilnoticias.org\/site\/eua-e-israel-lancam-ataque-militar-coordenado-contra-o-ira-e-a-situacao-desencadeia-retaliacoes-na-regiao\/#primaryimage\"},\"image\":{\"@id\":\"https:\/\/brasilnoticias.org\/site\/eua-e-israel-lancam-ataque-militar-coordenado-contra-o-ira-e-a-situacao-desencadeia-retaliacoes-na-regiao\/#primaryimage\"},\"thumbnailUrl\":\"https:\/\/brasilnoticias.org\/site\/wp-content\/uploads\/2026\/02\/178748eua-e-israel-atacam-o-ira-que-reage-com-misseis-contra-bases-americanas-3.jpg\",\"datePublished\":\"2026-02-28T12:47:14+00:00\",\"dateModified\":\"2026-03-02T08:43:35+00:00\",\"breadcrumb\":{\"@id\":\"https:\/\/brasilnoticias.org\/site\/eua-e-israel-lancam-ataque-militar-coordenado-contra-o-ira-e-a-situacao-desencadeia-retaliacoes-na-regiao\/#breadcrumb\"},\"inLanguage\":\"pt-PT\",\"potentialAction\":[{\"@type\":\"ReadAction\",\"target\":[\"https:\/\/brasilnoticias.org\/site\/eua-e-israel-lancam-ataque-militar-coordenado-contra-o-ira-e-a-situacao-desencadeia-retaliacoes-na-regiao\/\"]}]},{\"@type\":\"ImageObject\",\"inLanguage\":\"pt-PT\",\"@id\":\"https:\/\/brasilnoticias.org\/site\/eua-e-israel-lancam-ataque-militar-coordenado-contra-o-ira-e-a-situacao-desencadeia-retaliacoes-na-regiao\/#primaryimage\",\"url\":\"https:\/\/brasilnoticias.org\/site\/wp-content\/uploads\/2026\/02\/178748eua-e-israel-atacam-o-ira-que-reage-com-misseis-contra-bases-americanas-3.jpg\",\"contentUrl\":\"https:\/\/brasilnoticias.org\/site\/wp-content\/uploads\/2026\/02\/178748eua-e-israel-atacam-o-ira-que-reage-com-misseis-contra-bases-americanas-3.jpg\",\"width\":1600,\"height\":752},{\"@type\":\"BreadcrumbList\",\"@id\":\"https:\/\/brasilnoticias.org\/site\/eua-e-israel-lancam-ataque-militar-coordenado-contra-o-ira-e-a-situacao-desencadeia-retaliacoes-na-regiao\/#breadcrumb\",\"itemListElement\":[{\"@type\":\"ListItem\",\"position\":1,\"name\":\"In\u00edcio\",\"item\":\"https:\/\/brasilnoticias.org\/site\/\"},{\"@type\":\"ListItem\",\"position\":2,\"name\":\"EUA e Israel lan\u00e7am ataque militar coordenado contra o Ir\u00e3 e a situa\u00e7\u00e3o desencadeia retalia\u00e7\u00f5es na regi\u00e3o\"}]},{\"@type\":\"WebSite\",\"@id\":\"https:\/\/brasilnoticias.org\/site\/#website\",\"url\":\"https:\/\/brasilnoticias.org\/site\/\",\"name\":\"Brasil not\u00edcias\",\"description\":\"Brasil not\u00edcias\",\"publisher\":{\"@id\":\"https:\/\/brasilnoticias.org\/site\/#organization\"},\"potentialAction\":[{\"@type\":\"SearchAction\",\"target\":{\"@type\":\"EntryPoint\",\"urlTemplate\":\"https:\/\/brasilnoticias.org\/site\/?s={search_term_string}\"},\"query-input\":{\"@type\":\"PropertyValueSpecification\",\"valueRequired\":true,\"valueName\":\"search_term_string\"}}],\"inLanguage\":\"pt-PT\"},{\"@type\":\"Organization\",\"@id\":\"https:\/\/brasilnoticias.org\/site\/#organization\",\"name\":\"Brasil not\u00edcias\",\"url\":\"https:\/\/brasilnoticias.org\/site\/\",\"logo\":{\"@type\":\"ImageObject\",\"inLanguage\":\"pt-PT\",\"@id\":\"https:\/\/brasilnoticias.org\/site\/#\/schema\/logo\/image\/\",\"url\":\"https:\/\/brasilnoticias.org\/site\/wp-content\/uploads\/2022\/05\/cropped-brasilnoticias-mini.jpg\",\"contentUrl\":\"https:\/\/brasilnoticias.org\/site\/wp-content\/uploads\/2022\/05\/cropped-brasilnoticias-mini.jpg\",\"width\":314,\"height\":86,\"caption\":\"Brasil not\u00edcias\"},\"image\":{\"@id\":\"https:\/\/brasilnoticias.org\/site\/#\/schema\/logo\/image\/\"}},{\"@type\":\"Person\",\"@id\":\"https:\/\/brasilnoticias.org\/site\/#\/schema\/person\/03bbbfe6c7634ad18c26444ea39049fa\",\"name\":\"Reda\u00e7\u00e3o\",\"image\":{\"@type\":\"ImageObject\",\"inLanguage\":\"pt-PT\",\"@id\":\"https:\/\/brasilnoticias.org\/site\/#\/schema\/person\/image\/\",\"url\":\"https:\/\/secure.gravatar.com\/avatar\/9ecaf7327a696cb23ad926fedded5f1f04d7049de9e445375d55b48c001a6e42?s=96&d=mm&r=g\",\"contentUrl\":\"https:\/\/secure.gravatar.com\/avatar\/9ecaf7327a696cb23ad926fedded5f1f04d7049de9e445375d55b48c001a6e42?s=96&d=mm&r=g\",\"caption\":\"Reda\u00e7\u00e3o\"},\"url\":\"https:\/\/brasilnoticias.org\/site\/author\/henrique\/\"}]}<\/script>\n<!-- \/ Yoast SEO plugin. -->","yoast_head_json":{"title":"EUA e Israel lan\u00e7am ataque militar coordenado contra o Ir\u00e3 e a situa\u00e7\u00e3o desencadeia retalia\u00e7\u00f5es na regi\u00e3o - Brasil not\u00edcias","robots":{"index":"index","follow":"follow","max-snippet":"max-snippet:-1","max-image-preview":"max-image-preview:large","max-video-preview":"max-video-preview:-1"},"canonical":"https:\/\/brasilnoticias.org\/site\/eua-e-israel-lancam-ataque-militar-coordenado-contra-o-ira-e-a-situacao-desencadeia-retaliacoes-na-regiao\/","og_locale":"pt_PT","og_type":"article","og_title":"EUA e Israel lan\u00e7am ataque militar coordenado contra o Ir\u00e3 e a situa\u00e7\u00e3o desencadeia retalia\u00e7\u00f5es na regi\u00e3o - Brasil not\u00edcias","og_description":"Segundo informa\u00e7\u00f5es amplamente noticiadas por ag\u00eancias internacionais, os Estados Unidos e Israel lan\u00e7aram uma ofensiva militar conjunta contra alvos do","og_url":"https:\/\/brasilnoticias.org\/site\/eua-e-israel-lancam-ataque-militar-coordenado-contra-o-ira-e-a-situacao-desencadeia-retaliacoes-na-regiao\/","og_site_name":"Brasil not\u00edcias","article_published_time":"2026-02-28T12:47:14+00:00","article_modified_time":"2026-03-02T08:43:35+00:00","og_image":[{"width":1600,"height":752,"url":"https:\/\/brasilnoticias.org\/site\/wp-content\/uploads\/2026\/02\/178748eua-e-israel-atacam-o-ira-que-reage-com-misseis-contra-bases-americanas-3.jpg","type":"image\/jpeg"}],"author":"Reda\u00e7\u00e3o","twitter_card":"summary_large_image","twitter_misc":{"Escrito por":"Reda\u00e7\u00e3o","Tempo estimado de leitura":"2 minutos"},"schema":{"@context":"https:\/\/schema.org","@graph":[{"@type":"Article","@id":"https:\/\/brasilnoticias.org\/site\/eua-e-israel-lancam-ataque-militar-coordenado-contra-o-ira-e-a-situacao-desencadeia-retaliacoes-na-regiao\/#article","isPartOf":{"@id":"https:\/\/brasilnoticias.org\/site\/eua-e-israel-lancam-ataque-militar-coordenado-contra-o-ira-e-a-situacao-desencadeia-retaliacoes-na-regiao\/"},"author":{"name":"Reda\u00e7\u00e3o","@id":"https:\/\/brasilnoticias.org\/site\/#\/schema\/person\/03bbbfe6c7634ad18c26444ea39049fa"},"headline":"EUA e Israel lan\u00e7am ataque militar coordenado contra o Ir\u00e3 e a situa\u00e7\u00e3o desencadeia retalia\u00e7\u00f5es na regi\u00e3o","datePublished":"2026-02-28T12:47:14+00:00","dateModified":"2026-03-02T08:43:35+00:00","mainEntityOfPage":{"@id":"https:\/\/brasilnoticias.org\/site\/eua-e-israel-lancam-ataque-militar-coordenado-contra-o-ira-e-a-situacao-desencadeia-retaliacoes-na-regiao\/"},"wordCount":274,"commentCount":0,"publisher":{"@id":"https:\/\/brasilnoticias.org\/site\/#organization"},"image":{"@id":"https:\/\/brasilnoticias.org\/site\/eua-e-israel-lancam-ataque-militar-coordenado-contra-o-ira-e-a-situacao-desencadeia-retaliacoes-na-regiao\/#primaryimage"},"thumbnailUrl":"https:\/\/brasilnoticias.org\/site\/wp-content\/uploads\/2026\/02\/178748eua-e-israel-atacam-o-ira-que-reage-com-misseis-contra-bases-americanas-3.jpg","articleSection":["Justi\u00e7a","Not\u00edcias","\u00daltimas"],"inLanguage":"pt-PT","potentialAction":[{"@type":"CommentAction","name":"Comment","target":["https:\/\/brasilnoticias.org\/site\/eua-e-israel-lancam-ataque-militar-coordenado-contra-o-ira-e-a-situacao-desencadeia-retaliacoes-na-regiao\/#respond"]}]},{"@type":"WebPage","@id":"https:\/\/brasilnoticias.org\/site\/eua-e-israel-lancam-ataque-militar-coordenado-contra-o-ira-e-a-situacao-desencadeia-retaliacoes-na-regiao\/","url":"https:\/\/brasilnoticias.org\/site\/eua-e-israel-lancam-ataque-militar-coordenado-contra-o-ira-e-a-situacao-desencadeia-retaliacoes-na-regiao\/","name":"EUA e Israel lan\u00e7am ataque militar coordenado contra o Ir\u00e3 e a situa\u00e7\u00e3o desencadeia retalia\u00e7\u00f5es na regi\u00e3o - Brasil not\u00edcias","isPartOf":{"@id":"https:\/\/brasilnoticias.org\/site\/#website"},"primaryImageOfPage":{"@id":"https:\/\/brasilnoticias.org\/site\/eua-e-israel-lancam-ataque-militar-coordenado-contra-o-ira-e-a-situacao-desencadeia-retaliacoes-na-regiao\/#primaryimage"},"image":{"@id":"https:\/\/brasilnoticias.org\/site\/eua-e-israel-lancam-ataque-militar-coordenado-contra-o-ira-e-a-situacao-desencadeia-retaliacoes-na-regiao\/#primaryimage"},"thumbnailUrl":"https:\/\/brasilnoticias.org\/site\/wp-content\/uploads\/2026\/02\/178748eua-e-israel-atacam-o-ira-que-reage-com-misseis-contra-bases-americanas-3.jpg","datePublished":"2026-02-28T12:47:14+00:00","dateModified":"2026-03-02T08:43:35+00:00","breadcrumb":{"@id":"https:\/\/brasilnoticias.org\/site\/eua-e-israel-lancam-ataque-militar-coordenado-contra-o-ira-e-a-situacao-desencadeia-retaliacoes-na-regiao\/#breadcrumb"},"inLanguage":"pt-PT","potentialAction":[{"@type":"ReadAction","target":["https:\/\/brasilnoticias.org\/site\/eua-e-israel-lancam-ataque-militar-coordenado-contra-o-ira-e-a-situacao-desencadeia-retaliacoes-na-regiao\/"]}]},{"@type":"ImageObject","inLanguage":"pt-PT","@id":"https:\/\/brasilnoticias.org\/site\/eua-e-israel-lancam-ataque-militar-coordenado-contra-o-ira-e-a-situacao-desencadeia-retaliacoes-na-regiao\/#primaryimage","url":"https:\/\/brasilnoticias.org\/site\/wp-content\/uploads\/2026\/02\/178748eua-e-israel-atacam-o-ira-que-reage-com-misseis-contra-bases-americanas-3.jpg","contentUrl":"https:\/\/brasilnoticias.org\/site\/wp-content\/uploads\/2026\/02\/178748eua-e-israel-atacam-o-ira-que-reage-com-misseis-contra-bases-americanas-3.jpg","width":1600,"height":752},{"@type":"BreadcrumbList","@id":"https:\/\/brasilnoticias.org\/site\/eua-e-israel-lancam-ataque-militar-coordenado-contra-o-ira-e-a-situacao-desencadeia-retaliacoes-na-regiao\/#breadcrumb","itemListElement":[{"@type":"ListItem","position":1,"name":"In\u00edcio","item":"https:\/\/brasilnoticias.org\/site\/"},{"@type":"ListItem","position":2,"name":"EUA e Israel lan\u00e7am ataque militar coordenado contra o Ir\u00e3 e a situa\u00e7\u00e3o desencadeia retalia\u00e7\u00f5es na regi\u00e3o"}]},{"@type":"WebSite","@id":"https:\/\/brasilnoticias.org\/site\/#website","url":"https:\/\/brasilnoticias.org\/site\/","name":"Brasil not\u00edcias","description":"Brasil not\u00edcias","publisher":{"@id":"https:\/\/brasilnoticias.org\/site\/#organization"},"potentialAction":[{"@type":"SearchAction","target":{"@type":"EntryPoint","urlTemplate":"https:\/\/brasilnoticias.org\/site\/?s={search_term_string}"},"query-input":{"@type":"PropertyValueSpecification","valueRequired":true,"valueName":"search_term_string"}}],"inLanguage":"pt-PT"},{"@type":"Organization","@id":"https:\/\/brasilnoticias.org\/site\/#organization","name":"Brasil not\u00edcias","url":"https:\/\/brasilnoticias.org\/site\/","logo":{"@type":"ImageObject","inLanguage":"pt-PT","@id":"https:\/\/brasilnoticias.org\/site\/#\/schema\/logo\/image\/","url":"https:\/\/brasilnoticias.org\/site\/wp-content\/uploads\/2022\/05\/cropped-brasilnoticias-mini.jpg","contentUrl":"https:\/\/brasilnoticias.org\/site\/wp-content\/uploads\/2022\/05\/cropped-brasilnoticias-mini.jpg","width":314,"height":86,"caption":"Brasil not\u00edcias"},"image":{"@id":"https:\/\/brasilnoticias.org\/site\/#\/schema\/logo\/image\/"}},{"@type":"Person","@id":"https:\/\/brasilnoticias.org\/site\/#\/schema\/person\/03bbbfe6c7634ad18c26444ea39049fa","name":"Reda\u00e7\u00e3o","image":{"@type":"ImageObject","inLanguage":"pt-PT","@id":"https:\/\/brasilnoticias.org\/site\/#\/schema\/person\/image\/","url":"https:\/\/secure.gravatar.com\/avatar\/9ecaf7327a696cb23ad926fedded5f1f04d7049de9e445375d55b48c001a6e42?s=96&d=mm&r=g","contentUrl":"https:\/\/secure.gravatar.com\/avatar\/9ecaf7327a696cb23ad926fedded5f1f04d7049de9e445375d55b48c001a6e42?s=96&d=mm&r=g","caption":"Reda\u00e7\u00e3o"},"url":"https:\/\/brasilnoticias.org\/site\/author\/henrique\/"}]}},"_links":{"self":[{"href":"https:\/\/brasilnoticias.org\/site\/wp-json\/wp\/v2\/posts\/20554","targetHints":{"allow":["GET"]}}],"collection":[{"href":"https:\/\/brasilnoticias.org\/site\/wp-json\/wp\/v2\/posts"}],"about":[{"href":"https:\/\/brasilnoticias.org\/site\/wp-json\/wp\/v2\/types\/post"}],"author":[{"embeddable":true,"href":"https:\/\/brasilnoticias.org\/site\/wp-json\/wp\/v2\/users\/4"}],"replies":[{"embeddable":true,"href":"https:\/\/brasilnoticias.org\/site\/wp-json\/wp\/v2\/comments?post=20554"}],"version-history":[{"count":1,"href":"https:\/\/brasilnoticias.org\/site\/wp-json\/wp\/v2\/posts\/20554\/revisions"}],"predecessor-version":[{"id":20556,"href":"https:\/\/brasilnoticias.org\/site\/wp-json\/wp\/v2\/posts\/20554\/revisions\/20556"}],"wp:featuredmedia":[{"embeddable":true,"href":"https:\/\/brasilnoticias.org\/site\/wp-json\/wp\/v2\/media\/20555"}],"wp:attachment":[{"href":"https:\/\/brasilnoticias.org\/site\/wp-json\/wp\/v2\/media?parent=20554"}],"wp:term":[{"taxonomy":"category","embeddable":true,"href":"https:\/\/brasilnoticias.org\/site\/wp-json\/wp\/v2\/categories?post=20554"},{"taxonomy":"post_tag","embeddable":true,"href":"https:\/\/brasilnoticias.org\/site\/wp-json\/wp\/v2\/tags?post=20554"}],"curies":[{"name":"wp","href":"https:\/\/api.w.org\/{rel}","templated":true}]}}