{"id":20557,"date":"2026-02-28T09:50:10","date_gmt":"2026-02-28T12:50:10","guid":{"rendered":"https:\/\/brasilnoticias.org\/site\/?p=20557"},"modified":"2026-03-02T05:43:24","modified_gmt":"2026-03-02T08:43:24","slug":"ira-ameaca-israel-e-estados-unidos-com-licao-historica-apos-ataques-aereos","status":"publish","type":"post","link":"https:\/\/brasilnoticias.org\/site\/ira-ameaca-israel-e-estados-unidos-com-licao-historica-apos-ataques-aereos\/","title":{"rendered":"Ir\u00e3 amea\u00e7a Israel e Estados Unidos com \u201cli\u00e7\u00e3o hist\u00f3rica\u201d ap\u00f3s ataques a\u00e9reos"},"content":{"rendered":"<p>o Ir\u00e3 afirmou nesta manh\u00e3 que dar\u00e1 uma \u201cli\u00e7\u00e3o hist\u00f3rica\u201d a Israel e aos Estados Unidos ap\u00f3s sofrer uma s\u00e9rie de ataques a\u00e9reos coordenados pelos dois pa\u00edses no s\u00e1bado (28). O comunicado foi feito por um porta-voz militar iraniano em resposta \u00e0s ofensivas que atingiram v\u00e1rias cidades iranianas e provocaram retalia\u00e7\u00e3o imediata por parte de Teer\u00e3.<\/p>\n<p>Os ataques dos Estados Unidos e de Israel \u2014 que, segundo relatos internacionais envolvem opera\u00e7\u00f5es conjuntas com bombas e m\u00edsseis contra alvos militares iranianos \u2014 intensificaram drasticamente as tens\u00f5es no Oriente M\u00e9dio, afetando a estabilidade regional e gerando temores de escalada para um conflito mais amplo.<\/p>\n<p>Em rea\u00e7\u00e3o, as autoridades iranianas declararam que qualquer base ou territ\u00f3rio que apoie Israel ser\u00e1 considerado alvo leg\u00edtimo, refor\u00e7ando que a resposta militar ser\u00e1 significativa e inesperada na hist\u00f3ria dos conflitos entre esses pa\u00edses. O porta-voz das For\u00e7as Armadas do Ir\u00e3 tamb\u00e9m pediu uma reuni\u00e3o de emerg\u00eancia no Conselho de Seguran\u00e7a da ONU, argumentando que o ataque foi um ato \u201ccriminoso contra um Estado soberano\u201d.<\/p>\n<p>Fontes internacionais reportam que o Ir\u00e3 j\u00e1 lan\u00e7ou m\u00edsseis e drones contra posi\u00e7\u00f5es relacionadas a bases americanas e aliados na regi\u00e3o do Golfo P\u00e9rsico, incluindo ataques direcionados a for\u00e7as e instala\u00e7\u00f5es em pa\u00edses como Bahrein, Kuwait e Catar, como parte de sua resposta \u00e0s ofensivas de s\u00e1bado.<\/p>\n<p>Especialistas apontam que essa nova fase de hostilidades aumenta o risco de escala\u00e7\u00e3o militar regional, com poss\u00edveis impactos no com\u00e9rcio global de petr\u00f3leo e na seguran\u00e7a de pa\u00edses vizinhos, al\u00e9m de ampliar o debate internacional sobre a necessidade de mecanismos diplom\u00e1ticos eficazes para evitar um conflito mais amplo.<\/p>\n<p>Foto: Reprodu\u00e7\u00e3o\/Redes sociais<\/p>\n","protected":false},"excerpt":{"rendered":"<p>o Ir\u00e3 afirmou nesta manh\u00e3 que dar\u00e1 uma \u201cli\u00e7\u00e3o hist\u00f3rica\u201d a Israel e aos Estados Unidos ap\u00f3s sofrer uma s\u00e9rie<\/p>\n","protected":false},"author":4,"featured_media":20558,"comment_status":"open","ping_status":"open","sticky":false,"template":"","format":"standard","meta":{"colormag_page_container_layout":"default_layout","colormag_page_sidebar_layout":"default_layout","_FSMCFIC_featured_image_caption":"","_FSMCFIC_featured_image_nocaption":"","_FSMCFIC_featured_image_hide":"","footnotes":""},"categories":[7,6,1],"tags":[],"class_list":["post-20557","post","type-post","status-publish","format-standard","has-post-thumbnail","hentry","category-justica","category-mundo","category-ultimas"],"yoast_head":"<!-- This site is optimized with the Yoast SEO plugin v27.1.1 - https:\/\/yoast.com\/product\/yoast-seo-wordpress\/ -->\n<title>Ir\u00e3 amea\u00e7a Israel e Estados Unidos com \u201cli\u00e7\u00e3o hist\u00f3rica\u201d ap\u00f3s ataques a\u00e9reos - Brasil not\u00edcias<\/title>\n<meta name=\"robots\" content=\"index, follow, max-snippet:-1, max-image-preview:large, max-video-preview:-1\" \/>\n<link rel=\"canonical\" href=\"https:\/\/brasilnoticias.org\/site\/ira-ameaca-israel-e-estados-unidos-com-licao-historica-apos-ataques-aereos\/\" \/>\n<meta property=\"og:locale\" content=\"pt_PT\" \/>\n<meta property=\"og:type\" content=\"article\" \/>\n<meta property=\"og:title\" content=\"Ir\u00e3 amea\u00e7a Israel e Estados Unidos com \u201cli\u00e7\u00e3o hist\u00f3rica\u201d ap\u00f3s ataques a\u00e9reos - Brasil not\u00edcias\" \/>\n<meta property=\"og:description\" content=\"o Ir\u00e3 afirmou nesta manh\u00e3 que dar\u00e1 uma \u201cli\u00e7\u00e3o hist\u00f3rica\u201d a Israel e aos Estados Unidos ap\u00f3s sofrer uma s\u00e9rie\" \/>\n<meta property=\"og:url\" content=\"https:\/\/brasilnoticias.org\/site\/ira-ameaca-israel-e-estados-unidos-com-licao-historica-apos-ataques-aereos\/\" \/>\n<meta property=\"og:site_name\" content=\"Brasil not\u00edcias\" \/>\n<meta property=\"article:published_time\" content=\"2026-02-28T12:50:10+00:00\" \/>\n<meta property=\"article:modified_time\" content=\"2026-03-02T08:43:24+00:00\" \/>\n<meta property=\"og:image\" content=\"https:\/\/brasilnoticias.org\/site\/wp-content\/uploads\/2026\/02\/178752ira-ameaca-israel-e-eua-com-licao-historica-apos-ataques-3.jpg\" \/>\n\t<meta property=\"og:image:width\" content=\"1600\" \/>\n\t<meta property=\"og:image:height\" content=\"752\" \/>\n\t<meta property=\"og:image:type\" content=\"image\/jpeg\" \/>\n<meta name=\"author\" content=\"Reda\u00e7\u00e3o\" \/>\n<meta name=\"twitter:card\" content=\"summary_large_image\" \/>\n<meta name=\"twitter:label1\" content=\"Escrito por\" \/>\n\t<meta name=\"twitter:data1\" content=\"Reda\u00e7\u00e3o\" \/>\n\t<meta name=\"twitter:label2\" content=\"Tempo estimado de leitura\" \/>\n\t<meta name=\"twitter:data2\" content=\"2 minutos\" \/>\n<script type=\"application\/ld+json\" class=\"yoast-schema-graph\">{\"@context\":\"https:\/\/schema.org\",\"@graph\":[{\"@type\":\"Article\",\"@id\":\"https:\/\/brasilnoticias.org\/site\/ira-ameaca-israel-e-estados-unidos-com-licao-historica-apos-ataques-aereos\/#article\",\"isPartOf\":{\"@id\":\"https:\/\/brasilnoticias.org\/site\/ira-ameaca-israel-e-estados-unidos-com-licao-historica-apos-ataques-aereos\/\"},\"author\":{\"name\":\"Reda\u00e7\u00e3o\",\"@id\":\"https:\/\/brasilnoticias.org\/site\/#\/schema\/person\/03bbbfe6c7634ad18c26444ea39049fa\"},\"headline\":\"Ir\u00e3 amea\u00e7a Israel e Estados Unidos com \u201cli\u00e7\u00e3o hist\u00f3rica\u201d ap\u00f3s ataques a\u00e9reos\",\"datePublished\":\"2026-02-28T12:50:10+00:00\",\"dateModified\":\"2026-03-02T08:43:24+00:00\",\"mainEntityOfPage\":{\"@id\":\"https:\/\/brasilnoticias.org\/site\/ira-ameaca-israel-e-estados-unidos-com-licao-historica-apos-ataques-aereos\/\"},\"wordCount\":322,\"commentCount\":0,\"publisher\":{\"@id\":\"https:\/\/brasilnoticias.org\/site\/#organization\"},\"image\":{\"@id\":\"https:\/\/brasilnoticias.org\/site\/ira-ameaca-israel-e-estados-unidos-com-licao-historica-apos-ataques-aereos\/#primaryimage\"},\"thumbnailUrl\":\"https:\/\/brasilnoticias.org\/site\/wp-content\/uploads\/2026\/02\/178752ira-ameaca-israel-e-eua-com-licao-historica-apos-ataques-3.jpg\",\"articleSection\":[\"Justi\u00e7a\",\"Mundo\",\"\u00daltimas\"],\"inLanguage\":\"pt-PT\",\"potentialAction\":[{\"@type\":\"CommentAction\",\"name\":\"Comment\",\"target\":[\"https:\/\/brasilnoticias.org\/site\/ira-ameaca-israel-e-estados-unidos-com-licao-historica-apos-ataques-aereos\/#respond\"]}]},{\"@type\":\"WebPage\",\"@id\":\"https:\/\/brasilnoticias.org\/site\/ira-ameaca-israel-e-estados-unidos-com-licao-historica-apos-ataques-aereos\/\",\"url\":\"https:\/\/brasilnoticias.org\/site\/ira-ameaca-israel-e-estados-unidos-com-licao-historica-apos-ataques-aereos\/\",\"name\":\"Ir\u00e3 amea\u00e7a Israel e Estados Unidos com \u201cli\u00e7\u00e3o hist\u00f3rica\u201d ap\u00f3s ataques a\u00e9reos - Brasil not\u00edcias\",\"isPartOf\":{\"@id\":\"https:\/\/brasilnoticias.org\/site\/#website\"},\"primaryImageOfPage\":{\"@id\":\"https:\/\/brasilnoticias.org\/site\/ira-ameaca-israel-e-estados-unidos-com-licao-historica-apos-ataques-aereos\/#primaryimage\"},\"image\":{\"@id\":\"https:\/\/brasilnoticias.org\/site\/ira-ameaca-israel-e-estados-unidos-com-licao-historica-apos-ataques-aereos\/#primaryimage\"},\"thumbnailUrl\":\"https:\/\/brasilnoticias.org\/site\/wp-content\/uploads\/2026\/02\/178752ira-ameaca-israel-e-eua-com-licao-historica-apos-ataques-3.jpg\",\"datePublished\":\"2026-02-28T12:50:10+00:00\",\"dateModified\":\"2026-03-02T08:43:24+00:00\",\"breadcrumb\":{\"@id\":\"https:\/\/brasilnoticias.org\/site\/ira-ameaca-israel-e-estados-unidos-com-licao-historica-apos-ataques-aereos\/#breadcrumb\"},\"inLanguage\":\"pt-PT\",\"potentialAction\":[{\"@type\":\"ReadAction\",\"target\":[\"https:\/\/brasilnoticias.org\/site\/ira-ameaca-israel-e-estados-unidos-com-licao-historica-apos-ataques-aereos\/\"]}]},{\"@type\":\"ImageObject\",\"inLanguage\":\"pt-PT\",\"@id\":\"https:\/\/brasilnoticias.org\/site\/ira-ameaca-israel-e-estados-unidos-com-licao-historica-apos-ataques-aereos\/#primaryimage\",\"url\":\"https:\/\/brasilnoticias.org\/site\/wp-content\/uploads\/2026\/02\/178752ira-ameaca-israel-e-eua-com-licao-historica-apos-ataques-3.jpg\",\"contentUrl\":\"https:\/\/brasilnoticias.org\/site\/wp-content\/uploads\/2026\/02\/178752ira-ameaca-israel-e-eua-com-licao-historica-apos-ataques-3.jpg\",\"width\":1600,\"height\":752},{\"@type\":\"BreadcrumbList\",\"@id\":\"https:\/\/brasilnoticias.org\/site\/ira-ameaca-israel-e-estados-unidos-com-licao-historica-apos-ataques-aereos\/#breadcrumb\",\"itemListElement\":[{\"@type\":\"ListItem\",\"position\":1,\"name\":\"In\u00edcio\",\"item\":\"https:\/\/brasilnoticias.org\/site\/\"},{\"@type\":\"ListItem\",\"position\":2,\"name\":\"Ir\u00e3 amea\u00e7a Israel e Estados Unidos com \u201cli\u00e7\u00e3o hist\u00f3rica\u201d ap\u00f3s ataques a\u00e9reos\"}]},{\"@type\":\"WebSite\",\"@id\":\"https:\/\/brasilnoticias.org\/site\/#website\",\"url\":\"https:\/\/brasilnoticias.org\/site\/\",\"name\":\"Brasil not\u00edcias\",\"description\":\"Brasil not\u00edcias\",\"publisher\":{\"@id\":\"https:\/\/brasilnoticias.org\/site\/#organization\"},\"potentialAction\":[{\"@type\":\"SearchAction\",\"target\":{\"@type\":\"EntryPoint\",\"urlTemplate\":\"https:\/\/brasilnoticias.org\/site\/?s={search_term_string}\"},\"query-input\":{\"@type\":\"PropertyValueSpecification\",\"valueRequired\":true,\"valueName\":\"search_term_string\"}}],\"inLanguage\":\"pt-PT\"},{\"@type\":\"Organization\",\"@id\":\"https:\/\/brasilnoticias.org\/site\/#organization\",\"name\":\"Brasil not\u00edcias\",\"url\":\"https:\/\/brasilnoticias.org\/site\/\",\"logo\":{\"@type\":\"ImageObject\",\"inLanguage\":\"pt-PT\",\"@id\":\"https:\/\/brasilnoticias.org\/site\/#\/schema\/logo\/image\/\",\"url\":\"https:\/\/brasilnoticias.org\/site\/wp-content\/uploads\/2022\/05\/cropped-brasilnoticias-mini.jpg\",\"contentUrl\":\"https:\/\/brasilnoticias.org\/site\/wp-content\/uploads\/2022\/05\/cropped-brasilnoticias-mini.jpg\",\"width\":314,\"height\":86,\"caption\":\"Brasil not\u00edcias\"},\"image\":{\"@id\":\"https:\/\/brasilnoticias.org\/site\/#\/schema\/logo\/image\/\"}},{\"@type\":\"Person\",\"@id\":\"https:\/\/brasilnoticias.org\/site\/#\/schema\/person\/03bbbfe6c7634ad18c26444ea39049fa\",\"name\":\"Reda\u00e7\u00e3o\",\"image\":{\"@type\":\"ImageObject\",\"inLanguage\":\"pt-PT\",\"@id\":\"https:\/\/brasilnoticias.org\/site\/#\/schema\/person\/image\/\",\"url\":\"https:\/\/secure.gravatar.com\/avatar\/9ecaf7327a696cb23ad926fedded5f1f04d7049de9e445375d55b48c001a6e42?s=96&d=mm&r=g\",\"contentUrl\":\"https:\/\/secure.gravatar.com\/avatar\/9ecaf7327a696cb23ad926fedded5f1f04d7049de9e445375d55b48c001a6e42?s=96&d=mm&r=g\",\"caption\":\"Reda\u00e7\u00e3o\"},\"url\":\"https:\/\/brasilnoticias.org\/site\/author\/henrique\/\"}]}<\/script>\n<!-- \/ Yoast SEO plugin. -->","yoast_head_json":{"title":"Ir\u00e3 amea\u00e7a Israel e Estados Unidos com \u201cli\u00e7\u00e3o hist\u00f3rica\u201d ap\u00f3s ataques a\u00e9reos - Brasil not\u00edcias","robots":{"index":"index","follow":"follow","max-snippet":"max-snippet:-1","max-image-preview":"max-image-preview:large","max-video-preview":"max-video-preview:-1"},"canonical":"https:\/\/brasilnoticias.org\/site\/ira-ameaca-israel-e-estados-unidos-com-licao-historica-apos-ataques-aereos\/","og_locale":"pt_PT","og_type":"article","og_title":"Ir\u00e3 amea\u00e7a Israel e Estados Unidos com \u201cli\u00e7\u00e3o hist\u00f3rica\u201d ap\u00f3s ataques a\u00e9reos - Brasil not\u00edcias","og_description":"o Ir\u00e3 afirmou nesta manh\u00e3 que dar\u00e1 uma \u201cli\u00e7\u00e3o hist\u00f3rica\u201d a Israel e aos Estados Unidos ap\u00f3s sofrer uma s\u00e9rie","og_url":"https:\/\/brasilnoticias.org\/site\/ira-ameaca-israel-e-estados-unidos-com-licao-historica-apos-ataques-aereos\/","og_site_name":"Brasil not\u00edcias","article_published_time":"2026-02-28T12:50:10+00:00","article_modified_time":"2026-03-02T08:43:24+00:00","og_image":[{"width":1600,"height":752,"url":"https:\/\/brasilnoticias.org\/site\/wp-content\/uploads\/2026\/02\/178752ira-ameaca-israel-e-eua-com-licao-historica-apos-ataques-3.jpg","type":"image\/jpeg"}],"author":"Reda\u00e7\u00e3o","twitter_card":"summary_large_image","twitter_misc":{"Escrito por":"Reda\u00e7\u00e3o","Tempo estimado de leitura":"2 minutos"},"schema":{"@context":"https:\/\/schema.org","@graph":[{"@type":"Article","@id":"https:\/\/brasilnoticias.org\/site\/ira-ameaca-israel-e-estados-unidos-com-licao-historica-apos-ataques-aereos\/#article","isPartOf":{"@id":"https:\/\/brasilnoticias.org\/site\/ira-ameaca-israel-e-estados-unidos-com-licao-historica-apos-ataques-aereos\/"},"author":{"name":"Reda\u00e7\u00e3o","@id":"https:\/\/brasilnoticias.org\/site\/#\/schema\/person\/03bbbfe6c7634ad18c26444ea39049fa"},"headline":"Ir\u00e3 amea\u00e7a Israel e Estados Unidos com \u201cli\u00e7\u00e3o hist\u00f3rica\u201d ap\u00f3s ataques a\u00e9reos","datePublished":"2026-02-28T12:50:10+00:00","dateModified":"2026-03-02T08:43:24+00:00","mainEntityOfPage":{"@id":"https:\/\/brasilnoticias.org\/site\/ira-ameaca-israel-e-estados-unidos-com-licao-historica-apos-ataques-aereos\/"},"wordCount":322,"commentCount":0,"publisher":{"@id":"https:\/\/brasilnoticias.org\/site\/#organization"},"image":{"@id":"https:\/\/brasilnoticias.org\/site\/ira-ameaca-israel-e-estados-unidos-com-licao-historica-apos-ataques-aereos\/#primaryimage"},"thumbnailUrl":"https:\/\/brasilnoticias.org\/site\/wp-content\/uploads\/2026\/02\/178752ira-ameaca-israel-e-eua-com-licao-historica-apos-ataques-3.jpg","articleSection":["Justi\u00e7a","Mundo","\u00daltimas"],"inLanguage":"pt-PT","potentialAction":[{"@type":"CommentAction","name":"Comment","target":["https:\/\/brasilnoticias.org\/site\/ira-ameaca-israel-e-estados-unidos-com-licao-historica-apos-ataques-aereos\/#respond"]}]},{"@type":"WebPage","@id":"https:\/\/brasilnoticias.org\/site\/ira-ameaca-israel-e-estados-unidos-com-licao-historica-apos-ataques-aereos\/","url":"https:\/\/brasilnoticias.org\/site\/ira-ameaca-israel-e-estados-unidos-com-licao-historica-apos-ataques-aereos\/","name":"Ir\u00e3 amea\u00e7a Israel e Estados Unidos com \u201cli\u00e7\u00e3o hist\u00f3rica\u201d ap\u00f3s ataques a\u00e9reos - Brasil not\u00edcias","isPartOf":{"@id":"https:\/\/brasilnoticias.org\/site\/#website"},"primaryImageOfPage":{"@id":"https:\/\/brasilnoticias.org\/site\/ira-ameaca-israel-e-estados-unidos-com-licao-historica-apos-ataques-aereos\/#primaryimage"},"image":{"@id":"https:\/\/brasilnoticias.org\/site\/ira-ameaca-israel-e-estados-unidos-com-licao-historica-apos-ataques-aereos\/#primaryimage"},"thumbnailUrl":"https:\/\/brasilnoticias.org\/site\/wp-content\/uploads\/2026\/02\/178752ira-ameaca-israel-e-eua-com-licao-historica-apos-ataques-3.jpg","datePublished":"2026-02-28T12:50:10+00:00","dateModified":"2026-03-02T08:43:24+00:00","breadcrumb":{"@id":"https:\/\/brasilnoticias.org\/site\/ira-ameaca-israel-e-estados-unidos-com-licao-historica-apos-ataques-aereos\/#breadcrumb"},"inLanguage":"pt-PT","potentialAction":[{"@type":"ReadAction","target":["https:\/\/brasilnoticias.org\/site\/ira-ameaca-israel-e-estados-unidos-com-licao-historica-apos-ataques-aereos\/"]}]},{"@type":"ImageObject","inLanguage":"pt-PT","@id":"https:\/\/brasilnoticias.org\/site\/ira-ameaca-israel-e-estados-unidos-com-licao-historica-apos-ataques-aereos\/#primaryimage","url":"https:\/\/brasilnoticias.org\/site\/wp-content\/uploads\/2026\/02\/178752ira-ameaca-israel-e-eua-com-licao-historica-apos-ataques-3.jpg","contentUrl":"https:\/\/brasilnoticias.org\/site\/wp-content\/uploads\/2026\/02\/178752ira-ameaca-israel-e-eua-com-licao-historica-apos-ataques-3.jpg","width":1600,"height":752},{"@type":"BreadcrumbList","@id":"https:\/\/brasilnoticias.org\/site\/ira-ameaca-israel-e-estados-unidos-com-licao-historica-apos-ataques-aereos\/#breadcrumb","itemListElement":[{"@type":"ListItem","position":1,"name":"In\u00edcio","item":"https:\/\/brasilnoticias.org\/site\/"},{"@type":"ListItem","position":2,"name":"Ir\u00e3 amea\u00e7a Israel e Estados Unidos com \u201cli\u00e7\u00e3o hist\u00f3rica\u201d ap\u00f3s ataques a\u00e9reos"}]},{"@type":"WebSite","@id":"https:\/\/brasilnoticias.org\/site\/#website","url":"https:\/\/brasilnoticias.org\/site\/","name":"Brasil not\u00edcias","description":"Brasil not\u00edcias","publisher":{"@id":"https:\/\/brasilnoticias.org\/site\/#organization"},"potentialAction":[{"@type":"SearchAction","target":{"@type":"EntryPoint","urlTemplate":"https:\/\/brasilnoticias.org\/site\/?s={search_term_string}"},"query-input":{"@type":"PropertyValueSpecification","valueRequired":true,"valueName":"search_term_string"}}],"inLanguage":"pt-PT"},{"@type":"Organization","@id":"https:\/\/brasilnoticias.org\/site\/#organization","name":"Brasil not\u00edcias","url":"https:\/\/brasilnoticias.org\/site\/","logo":{"@type":"ImageObject","inLanguage":"pt-PT","@id":"https:\/\/brasilnoticias.org\/site\/#\/schema\/logo\/image\/","url":"https:\/\/brasilnoticias.org\/site\/wp-content\/uploads\/2022\/05\/cropped-brasilnoticias-mini.jpg","contentUrl":"https:\/\/brasilnoticias.org\/site\/wp-content\/uploads\/2022\/05\/cropped-brasilnoticias-mini.jpg","width":314,"height":86,"caption":"Brasil not\u00edcias"},"image":{"@id":"https:\/\/brasilnoticias.org\/site\/#\/schema\/logo\/image\/"}},{"@type":"Person","@id":"https:\/\/brasilnoticias.org\/site\/#\/schema\/person\/03bbbfe6c7634ad18c26444ea39049fa","name":"Reda\u00e7\u00e3o","image":{"@type":"ImageObject","inLanguage":"pt-PT","@id":"https:\/\/brasilnoticias.org\/site\/#\/schema\/person\/image\/","url":"https:\/\/secure.gravatar.com\/avatar\/9ecaf7327a696cb23ad926fedded5f1f04d7049de9e445375d55b48c001a6e42?s=96&d=mm&r=g","contentUrl":"https:\/\/secure.gravatar.com\/avatar\/9ecaf7327a696cb23ad926fedded5f1f04d7049de9e445375d55b48c001a6e42?s=96&d=mm&r=g","caption":"Reda\u00e7\u00e3o"},"url":"https:\/\/brasilnoticias.org\/site\/author\/henrique\/"}]}},"_links":{"self":[{"href":"https:\/\/brasilnoticias.org\/site\/wp-json\/wp\/v2\/posts\/20557","targetHints":{"allow":["GET"]}}],"collection":[{"href":"https:\/\/brasilnoticias.org\/site\/wp-json\/wp\/v2\/posts"}],"about":[{"href":"https:\/\/brasilnoticias.org\/site\/wp-json\/wp\/v2\/types\/post"}],"author":[{"embeddable":true,"href":"https:\/\/brasilnoticias.org\/site\/wp-json\/wp\/v2\/users\/4"}],"replies":[{"embeddable":true,"href":"https:\/\/brasilnoticias.org\/site\/wp-json\/wp\/v2\/comments?post=20557"}],"version-history":[{"count":1,"href":"https:\/\/brasilnoticias.org\/site\/wp-json\/wp\/v2\/posts\/20557\/revisions"}],"predecessor-version":[{"id":20559,"href":"https:\/\/brasilnoticias.org\/site\/wp-json\/wp\/v2\/posts\/20557\/revisions\/20559"}],"wp:featuredmedia":[{"embeddable":true,"href":"https:\/\/brasilnoticias.org\/site\/wp-json\/wp\/v2\/media\/20558"}],"wp:attachment":[{"href":"https:\/\/brasilnoticias.org\/site\/wp-json\/wp\/v2\/media?parent=20557"}],"wp:term":[{"taxonomy":"category","embeddable":true,"href":"https:\/\/brasilnoticias.org\/site\/wp-json\/wp\/v2\/categories?post=20557"},{"taxonomy":"post_tag","embeddable":true,"href":"https:\/\/brasilnoticias.org\/site\/wp-json\/wp\/v2\/tags?post=20557"}],"curies":[{"name":"wp","href":"https:\/\/api.w.org\/{rel}","templated":true}]}}