{"id":2057,"date":"2022-10-21T18:10:23","date_gmt":"2022-10-21T21:10:23","guid":{"rendered":"https:\/\/brasilnoticias.org\/site\/?p=2057"},"modified":"2022-10-21T16:22:34","modified_gmt":"2022-10-21T19:22:34","slug":"homem-e-morto-a-facada-dentro-de-casa-em-salvador-esposa-e-suspeita-do-crime","status":"publish","type":"post","link":"https:\/\/brasilnoticias.org\/site\/homem-e-morto-a-facada-dentro-de-casa-em-salvador-esposa-e-suspeita-do-crime\/","title":{"rendered":"Homem \u00e9 morto a facada dentro de casa, em Salvador; esposa \u00e9 suspeita do crime"},"content":{"rendered":"<p>Um homem de 35 foi morto a facada na madrugada desta sexta-feira (21) dentro da sua pr\u00f3pria casa, no bairro de S\u00e3o Marcos, em Salvador. A Pol\u00edcia Civil investiga o caso e diz que j\u00e1 h\u00e1 ind\u00edcios da autoria do crime.<\/p>\n<p>Relatos de vizinhos indicam que a esposa da v\u00edtima teria cometido o crime e fugido em seguida. Ainda n\u00e3o h\u00e1 detalhes sobre a motiva\u00e7\u00e3o do crime.<\/p>\n<p>F\u00e1bio dos Santos Teixeira foi encontrado ferido no solo. A Pol\u00edcia Militar disse que ele foi socorrido por vizinhos e levado ao Hospital Geral do Estado (HGE), mas n\u00e3o resistiu aos ferimentos.<\/p>\n<p>Ele deixa a filha, que tinha junto com a companheira.<\/p>\n<p>&nbsp;<\/p>\n<p>Metro 1<br \/>\nFoto: Reprodu\u00e7\u00e3o<\/p>\n","protected":false},"excerpt":{"rendered":"<p>Um homem de 35 foi morto a facada na madrugada desta sexta-feira (21) dentro da sua pr\u00f3pria casa, no bairro<\/p>\n","protected":false},"author":1,"featured_media":2058,"comment_status":"open","ping_status":"open","sticky":false,"template":"","format":"standard","meta":{"colormag_page_container_layout":"default_layout","colormag_page_sidebar_layout":"default_layout","_FSMCFIC_featured_image_caption":"","_FSMCFIC_featured_image_nocaption":"","_FSMCFIC_featured_image_hide":"","footnotes":""},"categories":[3,1],"tags":[],"class_list":["post-2057","post","type-post","status-publish","format-standard","has-post-thumbnail","hentry","category-policia","category-ultimas"],"yoast_head":"<!-- This site is optimized with the Yoast SEO plugin v27.1.1 - https:\/\/yoast.com\/product\/yoast-seo-wordpress\/ -->\n<title>Homem \u00e9 morto a facada dentro de casa, em Salvador; esposa \u00e9 suspeita do crime - Brasil not\u00edcias<\/title>\n<meta name=\"robots\" content=\"index, follow, max-snippet:-1, max-image-preview:large, max-video-preview:-1\" \/>\n<link rel=\"canonical\" href=\"https:\/\/brasilnoticias.org\/site\/homem-e-morto-a-facada-dentro-de-casa-em-salvador-esposa-e-suspeita-do-crime\/\" \/>\n<meta property=\"og:locale\" content=\"pt_PT\" \/>\n<meta property=\"og:type\" content=\"article\" \/>\n<meta property=\"og:title\" content=\"Homem \u00e9 morto a facada dentro de casa, em Salvador; esposa \u00e9 suspeita do crime - Brasil not\u00edcias\" \/>\n<meta property=\"og:description\" content=\"Um homem de 35 foi morto a facada na madrugada desta sexta-feira (21) dentro da sua pr\u00f3pria casa, no bairro\" \/>\n<meta property=\"og:url\" content=\"https:\/\/brasilnoticias.org\/site\/homem-e-morto-a-facada-dentro-de-casa-em-salvador-esposa-e-suspeita-do-crime\/\" \/>\n<meta property=\"og:site_name\" content=\"Brasil not\u00edcias\" \/>\n<meta property=\"article:published_time\" content=\"2022-10-21T21:10:23+00:00\" \/>\n<meta property=\"og:image\" content=\"https:\/\/brasilnoticias.org\/site\/wp-content\/uploads\/2022\/10\/129605homem-e-morto-a-facada-dentro-de-casa-em-salvador-esposa-e-suspeita-do-crime-3.jpg\" \/>\n\t<meta property=\"og:image:width\" content=\"1600\" \/>\n\t<meta property=\"og:image:height\" content=\"752\" \/>\n\t<meta property=\"og:image:type\" content=\"image\/jpeg\" \/>\n<meta name=\"author\" content=\"Reda\u00e7\u00e3o\" \/>\n<meta name=\"twitter:card\" content=\"summary_large_image\" \/>\n<meta name=\"twitter:label1\" content=\"Escrito por\" \/>\n\t<meta name=\"twitter:data1\" content=\"Reda\u00e7\u00e3o\" \/>\n\t<meta name=\"twitter:label2\" content=\"Tempo estimado de leitura\" \/>\n\t<meta name=\"twitter:data2\" content=\"1 minuto\" \/>\n<script type=\"application\/ld+json\" class=\"yoast-schema-graph\">{\"@context\":\"https:\/\/schema.org\",\"@graph\":[{\"@type\":\"Article\",\"@id\":\"https:\/\/brasilnoticias.org\/site\/homem-e-morto-a-facada-dentro-de-casa-em-salvador-esposa-e-suspeita-do-crime\/#article\",\"isPartOf\":{\"@id\":\"https:\/\/brasilnoticias.org\/site\/homem-e-morto-a-facada-dentro-de-casa-em-salvador-esposa-e-suspeita-do-crime\/\"},\"author\":{\"name\":\"Reda\u00e7\u00e3o\",\"@id\":\"https:\/\/brasilnoticias.org\/site\/#\/schema\/person\/a0e05b973ec4d15c658d51911e53507b\"},\"headline\":\"Homem \u00e9 morto a facada dentro de casa, em Salvador; esposa \u00e9 suspeita do crime\",\"datePublished\":\"2022-10-21T21:10:23+00:00\",\"mainEntityOfPage\":{\"@id\":\"https:\/\/brasilnoticias.org\/site\/homem-e-morto-a-facada-dentro-de-casa-em-salvador-esposa-e-suspeita-do-crime\/\"},\"wordCount\":135,\"commentCount\":0,\"publisher\":{\"@id\":\"https:\/\/brasilnoticias.org\/site\/#organization\"},\"image\":{\"@id\":\"https:\/\/brasilnoticias.org\/site\/homem-e-morto-a-facada-dentro-de-casa-em-salvador-esposa-e-suspeita-do-crime\/#primaryimage\"},\"thumbnailUrl\":\"https:\/\/brasilnoticias.org\/site\/wp-content\/uploads\/2022\/10\/129605homem-e-morto-a-facada-dentro-de-casa-em-salvador-esposa-e-suspeita-do-crime-3.jpg\",\"articleSection\":[\"Pol\u00edcia\",\"\u00daltimas\"],\"inLanguage\":\"pt-PT\",\"potentialAction\":[{\"@type\":\"CommentAction\",\"name\":\"Comment\",\"target\":[\"https:\/\/brasilnoticias.org\/site\/homem-e-morto-a-facada-dentro-de-casa-em-salvador-esposa-e-suspeita-do-crime\/#respond\"]}]},{\"@type\":\"WebPage\",\"@id\":\"https:\/\/brasilnoticias.org\/site\/homem-e-morto-a-facada-dentro-de-casa-em-salvador-esposa-e-suspeita-do-crime\/\",\"url\":\"https:\/\/brasilnoticias.org\/site\/homem-e-morto-a-facada-dentro-de-casa-em-salvador-esposa-e-suspeita-do-crime\/\",\"name\":\"Homem \u00e9 morto a facada dentro de casa, em Salvador; esposa \u00e9 suspeita do crime - Brasil not\u00edcias\",\"isPartOf\":{\"@id\":\"https:\/\/brasilnoticias.org\/site\/#website\"},\"primaryImageOfPage\":{\"@id\":\"https:\/\/brasilnoticias.org\/site\/homem-e-morto-a-facada-dentro-de-casa-em-salvador-esposa-e-suspeita-do-crime\/#primaryimage\"},\"image\":{\"@id\":\"https:\/\/brasilnoticias.org\/site\/homem-e-morto-a-facada-dentro-de-casa-em-salvador-esposa-e-suspeita-do-crime\/#primaryimage\"},\"thumbnailUrl\":\"https:\/\/brasilnoticias.org\/site\/wp-content\/uploads\/2022\/10\/129605homem-e-morto-a-facada-dentro-de-casa-em-salvador-esposa-e-suspeita-do-crime-3.jpg\",\"datePublished\":\"2022-10-21T21:10:23+00:00\",\"breadcrumb\":{\"@id\":\"https:\/\/brasilnoticias.org\/site\/homem-e-morto-a-facada-dentro-de-casa-em-salvador-esposa-e-suspeita-do-crime\/#breadcrumb\"},\"inLanguage\":\"pt-PT\",\"potentialAction\":[{\"@type\":\"ReadAction\",\"target\":[\"https:\/\/brasilnoticias.org\/site\/homem-e-morto-a-facada-dentro-de-casa-em-salvador-esposa-e-suspeita-do-crime\/\"]}]},{\"@type\":\"ImageObject\",\"inLanguage\":\"pt-PT\",\"@id\":\"https:\/\/brasilnoticias.org\/site\/homem-e-morto-a-facada-dentro-de-casa-em-salvador-esposa-e-suspeita-do-crime\/#primaryimage\",\"url\":\"https:\/\/brasilnoticias.org\/site\/wp-content\/uploads\/2022\/10\/129605homem-e-morto-a-facada-dentro-de-casa-em-salvador-esposa-e-suspeita-do-crime-3.jpg\",\"contentUrl\":\"https:\/\/brasilnoticias.org\/site\/wp-content\/uploads\/2022\/10\/129605homem-e-morto-a-facada-dentro-de-casa-em-salvador-esposa-e-suspeita-do-crime-3.jpg\",\"width\":1600,\"height\":752},{\"@type\":\"BreadcrumbList\",\"@id\":\"https:\/\/brasilnoticias.org\/site\/homem-e-morto-a-facada-dentro-de-casa-em-salvador-esposa-e-suspeita-do-crime\/#breadcrumb\",\"itemListElement\":[{\"@type\":\"ListItem\",\"position\":1,\"name\":\"In\u00edcio\",\"item\":\"https:\/\/brasilnoticias.org\/site\/\"},{\"@type\":\"ListItem\",\"position\":2,\"name\":\"Homem \u00e9 morto a facada dentro de casa, em Salvador; esposa \u00e9 suspeita do crime\"}]},{\"@type\":\"WebSite\",\"@id\":\"https:\/\/brasilnoticias.org\/site\/#website\",\"url\":\"https:\/\/brasilnoticias.org\/site\/\",\"name\":\"Brasil not\u00edcias\",\"description\":\"Brasil not\u00edcias\",\"publisher\":{\"@id\":\"https:\/\/brasilnoticias.org\/site\/#organization\"},\"potentialAction\":[{\"@type\":\"SearchAction\",\"target\":{\"@type\":\"EntryPoint\",\"urlTemplate\":\"https:\/\/brasilnoticias.org\/site\/?s={search_term_string}\"},\"query-input\":{\"@type\":\"PropertyValueSpecification\",\"valueRequired\":true,\"valueName\":\"search_term_string\"}}],\"inLanguage\":\"pt-PT\"},{\"@type\":\"Organization\",\"@id\":\"https:\/\/brasilnoticias.org\/site\/#organization\",\"name\":\"Brasil not\u00edcias\",\"url\":\"https:\/\/brasilnoticias.org\/site\/\",\"logo\":{\"@type\":\"ImageObject\",\"inLanguage\":\"pt-PT\",\"@id\":\"https:\/\/brasilnoticias.org\/site\/#\/schema\/logo\/image\/\",\"url\":\"https:\/\/brasilnoticias.org\/site\/wp-content\/uploads\/2022\/05\/cropped-brasilnoticias-mini.jpg\",\"contentUrl\":\"https:\/\/brasilnoticias.org\/site\/wp-content\/uploads\/2022\/05\/cropped-brasilnoticias-mini.jpg\",\"width\":314,\"height\":86,\"caption\":\"Brasil not\u00edcias\"},\"image\":{\"@id\":\"https:\/\/brasilnoticias.org\/site\/#\/schema\/logo\/image\/\"}},{\"@type\":\"Person\",\"@id\":\"https:\/\/brasilnoticias.org\/site\/#\/schema\/person\/a0e05b973ec4d15c658d51911e53507b\",\"name\":\"Reda\u00e7\u00e3o\",\"image\":{\"@type\":\"ImageObject\",\"inLanguage\":\"pt-PT\",\"@id\":\"https:\/\/brasilnoticias.org\/site\/#\/schema\/person\/image\/\",\"url\":\"https:\/\/secure.gravatar.com\/avatar\/75d8b050df2de108b08ae78dfb8e374892df24a383c67db9c46a9c604f6aee9c?s=96&d=mm&r=g\",\"contentUrl\":\"https:\/\/secure.gravatar.com\/avatar\/75d8b050df2de108b08ae78dfb8e374892df24a383c67db9c46a9c604f6aee9c?s=96&d=mm&r=g\",\"caption\":\"Reda\u00e7\u00e3o\"},\"sameAs\":[\"https:\/\/brasilnoticias.org\/site\"],\"url\":\"https:\/\/brasilnoticias.org\/site\/author\/fernandozsngmail-com\/\"}]}<\/script>\n<!-- \/ Yoast SEO plugin. -->","yoast_head_json":{"title":"Homem \u00e9 morto a facada dentro de casa, em Salvador; esposa \u00e9 suspeita do crime - Brasil not\u00edcias","robots":{"index":"index","follow":"follow","max-snippet":"max-snippet:-1","max-image-preview":"max-image-preview:large","max-video-preview":"max-video-preview:-1"},"canonical":"https:\/\/brasilnoticias.org\/site\/homem-e-morto-a-facada-dentro-de-casa-em-salvador-esposa-e-suspeita-do-crime\/","og_locale":"pt_PT","og_type":"article","og_title":"Homem \u00e9 morto a facada dentro de casa, em Salvador; esposa \u00e9 suspeita do crime - Brasil not\u00edcias","og_description":"Um homem de 35 foi morto a facada na madrugada desta sexta-feira (21) dentro da sua pr\u00f3pria casa, no bairro","og_url":"https:\/\/brasilnoticias.org\/site\/homem-e-morto-a-facada-dentro-de-casa-em-salvador-esposa-e-suspeita-do-crime\/","og_site_name":"Brasil not\u00edcias","article_published_time":"2022-10-21T21:10:23+00:00","og_image":[{"width":1600,"height":752,"url":"https:\/\/brasilnoticias.org\/site\/wp-content\/uploads\/2022\/10\/129605homem-e-morto-a-facada-dentro-de-casa-em-salvador-esposa-e-suspeita-do-crime-3.jpg","type":"image\/jpeg"}],"author":"Reda\u00e7\u00e3o","twitter_card":"summary_large_image","twitter_misc":{"Escrito por":"Reda\u00e7\u00e3o","Tempo estimado de leitura":"1 minuto"},"schema":{"@context":"https:\/\/schema.org","@graph":[{"@type":"Article","@id":"https:\/\/brasilnoticias.org\/site\/homem-e-morto-a-facada-dentro-de-casa-em-salvador-esposa-e-suspeita-do-crime\/#article","isPartOf":{"@id":"https:\/\/brasilnoticias.org\/site\/homem-e-morto-a-facada-dentro-de-casa-em-salvador-esposa-e-suspeita-do-crime\/"},"author":{"name":"Reda\u00e7\u00e3o","@id":"https:\/\/brasilnoticias.org\/site\/#\/schema\/person\/a0e05b973ec4d15c658d51911e53507b"},"headline":"Homem \u00e9 morto a facada dentro de casa, em Salvador; esposa \u00e9 suspeita do crime","datePublished":"2022-10-21T21:10:23+00:00","mainEntityOfPage":{"@id":"https:\/\/brasilnoticias.org\/site\/homem-e-morto-a-facada-dentro-de-casa-em-salvador-esposa-e-suspeita-do-crime\/"},"wordCount":135,"commentCount":0,"publisher":{"@id":"https:\/\/brasilnoticias.org\/site\/#organization"},"image":{"@id":"https:\/\/brasilnoticias.org\/site\/homem-e-morto-a-facada-dentro-de-casa-em-salvador-esposa-e-suspeita-do-crime\/#primaryimage"},"thumbnailUrl":"https:\/\/brasilnoticias.org\/site\/wp-content\/uploads\/2022\/10\/129605homem-e-morto-a-facada-dentro-de-casa-em-salvador-esposa-e-suspeita-do-crime-3.jpg","articleSection":["Pol\u00edcia","\u00daltimas"],"inLanguage":"pt-PT","potentialAction":[{"@type":"CommentAction","name":"Comment","target":["https:\/\/brasilnoticias.org\/site\/homem-e-morto-a-facada-dentro-de-casa-em-salvador-esposa-e-suspeita-do-crime\/#respond"]}]},{"@type":"WebPage","@id":"https:\/\/brasilnoticias.org\/site\/homem-e-morto-a-facada-dentro-de-casa-em-salvador-esposa-e-suspeita-do-crime\/","url":"https:\/\/brasilnoticias.org\/site\/homem-e-morto-a-facada-dentro-de-casa-em-salvador-esposa-e-suspeita-do-crime\/","name":"Homem \u00e9 morto a facada dentro de casa, em Salvador; esposa \u00e9 suspeita do crime - Brasil not\u00edcias","isPartOf":{"@id":"https:\/\/brasilnoticias.org\/site\/#website"},"primaryImageOfPage":{"@id":"https:\/\/brasilnoticias.org\/site\/homem-e-morto-a-facada-dentro-de-casa-em-salvador-esposa-e-suspeita-do-crime\/#primaryimage"},"image":{"@id":"https:\/\/brasilnoticias.org\/site\/homem-e-morto-a-facada-dentro-de-casa-em-salvador-esposa-e-suspeita-do-crime\/#primaryimage"},"thumbnailUrl":"https:\/\/brasilnoticias.org\/site\/wp-content\/uploads\/2022\/10\/129605homem-e-morto-a-facada-dentro-de-casa-em-salvador-esposa-e-suspeita-do-crime-3.jpg","datePublished":"2022-10-21T21:10:23+00:00","breadcrumb":{"@id":"https:\/\/brasilnoticias.org\/site\/homem-e-morto-a-facada-dentro-de-casa-em-salvador-esposa-e-suspeita-do-crime\/#breadcrumb"},"inLanguage":"pt-PT","potentialAction":[{"@type":"ReadAction","target":["https:\/\/brasilnoticias.org\/site\/homem-e-morto-a-facada-dentro-de-casa-em-salvador-esposa-e-suspeita-do-crime\/"]}]},{"@type":"ImageObject","inLanguage":"pt-PT","@id":"https:\/\/brasilnoticias.org\/site\/homem-e-morto-a-facada-dentro-de-casa-em-salvador-esposa-e-suspeita-do-crime\/#primaryimage","url":"https:\/\/brasilnoticias.org\/site\/wp-content\/uploads\/2022\/10\/129605homem-e-morto-a-facada-dentro-de-casa-em-salvador-esposa-e-suspeita-do-crime-3.jpg","contentUrl":"https:\/\/brasilnoticias.org\/site\/wp-content\/uploads\/2022\/10\/129605homem-e-morto-a-facada-dentro-de-casa-em-salvador-esposa-e-suspeita-do-crime-3.jpg","width":1600,"height":752},{"@type":"BreadcrumbList","@id":"https:\/\/brasilnoticias.org\/site\/homem-e-morto-a-facada-dentro-de-casa-em-salvador-esposa-e-suspeita-do-crime\/#breadcrumb","itemListElement":[{"@type":"ListItem","position":1,"name":"In\u00edcio","item":"https:\/\/brasilnoticias.org\/site\/"},{"@type":"ListItem","position":2,"name":"Homem \u00e9 morto a facada dentro de casa, em Salvador; esposa \u00e9 suspeita do crime"}]},{"@type":"WebSite","@id":"https:\/\/brasilnoticias.org\/site\/#website","url":"https:\/\/brasilnoticias.org\/site\/","name":"Brasil not\u00edcias","description":"Brasil not\u00edcias","publisher":{"@id":"https:\/\/brasilnoticias.org\/site\/#organization"},"potentialAction":[{"@type":"SearchAction","target":{"@type":"EntryPoint","urlTemplate":"https:\/\/brasilnoticias.org\/site\/?s={search_term_string}"},"query-input":{"@type":"PropertyValueSpecification","valueRequired":true,"valueName":"search_term_string"}}],"inLanguage":"pt-PT"},{"@type":"Organization","@id":"https:\/\/brasilnoticias.org\/site\/#organization","name":"Brasil not\u00edcias","url":"https:\/\/brasilnoticias.org\/site\/","logo":{"@type":"ImageObject","inLanguage":"pt-PT","@id":"https:\/\/brasilnoticias.org\/site\/#\/schema\/logo\/image\/","url":"https:\/\/brasilnoticias.org\/site\/wp-content\/uploads\/2022\/05\/cropped-brasilnoticias-mini.jpg","contentUrl":"https:\/\/brasilnoticias.org\/site\/wp-content\/uploads\/2022\/05\/cropped-brasilnoticias-mini.jpg","width":314,"height":86,"caption":"Brasil not\u00edcias"},"image":{"@id":"https:\/\/brasilnoticias.org\/site\/#\/schema\/logo\/image\/"}},{"@type":"Person","@id":"https:\/\/brasilnoticias.org\/site\/#\/schema\/person\/a0e05b973ec4d15c658d51911e53507b","name":"Reda\u00e7\u00e3o","image":{"@type":"ImageObject","inLanguage":"pt-PT","@id":"https:\/\/brasilnoticias.org\/site\/#\/schema\/person\/image\/","url":"https:\/\/secure.gravatar.com\/avatar\/75d8b050df2de108b08ae78dfb8e374892df24a383c67db9c46a9c604f6aee9c?s=96&d=mm&r=g","contentUrl":"https:\/\/secure.gravatar.com\/avatar\/75d8b050df2de108b08ae78dfb8e374892df24a383c67db9c46a9c604f6aee9c?s=96&d=mm&r=g","caption":"Reda\u00e7\u00e3o"},"sameAs":["https:\/\/brasilnoticias.org\/site"],"url":"https:\/\/brasilnoticias.org\/site\/author\/fernandozsngmail-com\/"}]}},"_links":{"self":[{"href":"https:\/\/brasilnoticias.org\/site\/wp-json\/wp\/v2\/posts\/2057","targetHints":{"allow":["GET"]}}],"collection":[{"href":"https:\/\/brasilnoticias.org\/site\/wp-json\/wp\/v2\/posts"}],"about":[{"href":"https:\/\/brasilnoticias.org\/site\/wp-json\/wp\/v2\/types\/post"}],"author":[{"embeddable":true,"href":"https:\/\/brasilnoticias.org\/site\/wp-json\/wp\/v2\/users\/1"}],"replies":[{"embeddable":true,"href":"https:\/\/brasilnoticias.org\/site\/wp-json\/wp\/v2\/comments?post=2057"}],"version-history":[{"count":1,"href":"https:\/\/brasilnoticias.org\/site\/wp-json\/wp\/v2\/posts\/2057\/revisions"}],"predecessor-version":[{"id":2059,"href":"https:\/\/brasilnoticias.org\/site\/wp-json\/wp\/v2\/posts\/2057\/revisions\/2059"}],"wp:featuredmedia":[{"embeddable":true,"href":"https:\/\/brasilnoticias.org\/site\/wp-json\/wp\/v2\/media\/2058"}],"wp:attachment":[{"href":"https:\/\/brasilnoticias.org\/site\/wp-json\/wp\/v2\/media?parent=2057"}],"wp:term":[{"taxonomy":"category","embeddable":true,"href":"https:\/\/brasilnoticias.org\/site\/wp-json\/wp\/v2\/categories?post=2057"},{"taxonomy":"post_tag","embeddable":true,"href":"https:\/\/brasilnoticias.org\/site\/wp-json\/wp\/v2\/tags?post=2057"}],"curies":[{"name":"wp","href":"https:\/\/api.w.org\/{rel}","templated":true}]}}