{"id":20577,"date":"2026-03-02T06:34:16","date_gmt":"2026-03-02T09:34:16","guid":{"rendered":"https:\/\/brasilnoticias.org\/site\/?p=20577"},"modified":"2026-03-02T06:34:16","modified_gmt":"2026-03-02T09:34:16","slug":"debandada-eleitoral-secretarios-de-jeronimo-e-bruno-reis-deixam-cargos-para-disputar-eleicoes-de-2026","status":"publish","type":"post","link":"https:\/\/brasilnoticias.org\/site\/debandada-eleitoral-secretarios-de-jeronimo-e-bruno-reis-deixam-cargos-para-disputar-eleicoes-de-2026\/","title":{"rendered":"Debandada eleitoral: secret\u00e1rios de Jer\u00f4nimo e Bruno Reis deixam cargos para disputar elei\u00e7\u00f5es de 2026"},"content":{"rendered":"<p>A pouco mais de sete meses das elei\u00e7\u00f5es de 2026, os governos estadual e municipal j\u00e1 come\u00e7am a sentir os efeitos do calend\u00e1rio eleitoral.<\/p>\n<p>O Blog do Vila apurou que secret\u00e1rios e dirigentes de \u00f3rg\u00e3os estrat\u00e9gicos devem deixar os cargos nos pr\u00f3ximos dias para disputar mandatos de deputado federal e estadual, em uma movimenta\u00e7\u00e3o que mistura projetos pessoais e articula\u00e7\u00f5es pol\u00edticas dos grupos liderados pelo governador Jer\u00f4nimo Rodrigues (PT) e pelo prefeito Bruno Reis (Uni\u00e3o Brasil).<\/p>\n<p>No governo estadual, as mudan\u00e7as atingem \u00e1reas centrais da gest\u00e3o e incluem nomes pr\u00f3ximos ao governador e quadros com trajet\u00f3ria consolidada na pol\u00edtica baiana.<\/p>\n<p>Base de Jer\u00f4nimo ter\u00e1 candidatos \u00e0 C\u00e2mara e \u00e0 Alba<\/p>\n<p>Um dos principais nomes \u00e9 o chefe da Casa Civil, Afonso Florence (PT), que \u00e9 deputado federal licenciado e vai tentar a reelei\u00e7\u00e3o. Homem de confian\u00e7a do PT e com forte atua\u00e7\u00e3o em Bras\u00edlia, Florence retorna \u00e0 disputa para manter o espa\u00e7o do partido na C\u00e2mara.<\/p>\n<p>Na mesma corrida, a secret\u00e1ria da Sa\u00fade, Roberta Santana (PT), \u00e9 tratada como aposta pessoal do governador Jer\u00f4nimo Rodrigues para a C\u00e2mara dos Deputados. A candidatura dela integra a estrat\u00e9gia petista de ampliar a bancada federal com quadros oriundos da gest\u00e3o.<\/p>\n<p>Outro nome que disputar\u00e1 vaga em Bras\u00edlia \u00e9 Jayme Vieira Lima (MDB), atual presidente da Companhia de Engenharia H\u00eddrica e de Saneamento da Bahia (Cerb), que \u00e9 pr\u00e9-candidato a deputado federal. Sobrinho de L\u00facio e Geddel, ele \u00e9 o atual comandante estadual emedebista.<\/p>\n<p>J\u00e1 na disputa por cadeiras na Assembleia Legislativa da Bahia (Alba), o governo tamb\u00e9m ter\u00e1 diversas baixas.<\/p>\n<p>A secret\u00e1ria da Educa\u00e7\u00e3o, Rowenna Britto (PT), ser\u00e1 candidata a deputada estadual, tamb\u00e9m com o apoio direto do governador. No mesmo caminho est\u00e1 a secret\u00e1ria de Assist\u00eancia e Desenvolvimento Social, Fabya Reis (PT), que tentar\u00e1 uma vaga no Legislativo estadual.<\/p>\n<p>Outro que pretende disputar a Alba \u00e9 o secret\u00e1rio da Agricultura, Pablo Barrozo (Avante), que j\u00e1 exerceu mandato parlamentar e busca retornar ao Legislativo.<\/p>\n<p>Al\u00e9m deles, quatro secret\u00e1rios que j\u00e1 s\u00e3o deputados estaduais e est\u00e3o licenciados deixar\u00e3o o governo para reassumir os mandatos e disputar a reelei\u00e7\u00e3o: \u00c2ngelo Almeida (PSB), do Desenvolvimento Econ\u00f4mico, Osni Cardoso (PT), do Desenvolvimento Rural, Neusa Cadore (PT), de Pol\u00edticas para Mulheres, e Jusmari Oliveira (PSD), de Desenvolvimento Urbano.<\/p>\n<p>Prefeitura de Salvador tamb\u00e9m ter\u00e1 mudan\u00e7as<\/p>\n<p>Na Prefeitura de Salvador, o principal nome \u00e9 o secret\u00e1rio de Governo, Cac\u00e1 Le\u00e3o (PP), que \u00e9 pr\u00e9-candidato a deputado federal. Ex-congressista e filho do ex-vice-governador Jo\u00e3o Le\u00e3o, que anunciou aposentadoria da pol\u00edtica, ele tenta retornar \u00e0 C\u00e2mara ap\u00f3s ter disputado o Senado em 2022.<\/p>\n<p>Outro integrante do n\u00facleo pol\u00edtico do prefeito Bruno Reis que deve deixar o cargo \u00e9 o secret\u00e1rio particular Igor Dominguez (DC), que ser\u00e1 candidato a deputado estadual.<\/p>\n<p>Igor integra o c\u00edrculo mais pr\u00f3ximo do prefeito e sua candidatura \u00e9 vista como parte da estrat\u00e9gia de fortalecimento pol\u00edtico do grupo governista municipal.<\/p>\n<p>Movimento redesenha for\u00e7as pol\u00edticas<\/p>\n<p>As sa\u00eddas ocorrer\u00e3o dentro do prazo de desincompatibiliza\u00e7\u00e3o previsto na legisla\u00e7\u00e3o eleitoral e obrigar\u00e3o tanto Jer\u00f4nimo quanto Bruno Reis a promover uma minirreforma administrativa em suas equipes. <\/p>\n<p>Mais do que simples mudan\u00e7as de governo, o movimento revela as prioridades eleitorais dos dois grupos e antecipa a disputa por espa\u00e7os na C\u00e2mara dos Deputados e na Assembleia Legislativa, consideradas estrat\u00e9gicas para o equil\u00edbrio de for\u00e7as na Bahia a partir de 2027.<\/p>\n<p>No caso do governador Jer\u00f4nimo Rodrigues, as candidaturas de secret\u00e1rios pr\u00f3ximos indicam uma aposta em nomes da pr\u00f3pria gest\u00e3o para ampliar a influ\u00eancia do grupo pol\u00edtico. J\u00e1 na Prefeitura, as movimenta\u00e7\u00f5es refor\u00e7am o projeto pol\u00edtico do entorno de Bruno Reis e do Uni\u00e3o Brasil.<\/p>\n<p>Fonte: <a href=\"https:\/\/www.blogdovila.com.br\/noticia\/secretarios-candidatos\">Blog do Vila<\/a><br \/>\nFoto: Roberta Santana (C\u00e2mara) e Rowenna Brito (Alba) s\u00e3o as pr\u00e9-candidatas do governador Jer\u00f4nimo Rodrigues | Wuiga Rubini \/ GOVBA<\/p>\n","protected":false},"excerpt":{"rendered":"<p>A pouco mais de sete meses das elei\u00e7\u00f5es de 2026, os governos estadual e municipal j\u00e1 come\u00e7am a sentir os<\/p>\n","protected":false},"author":4,"featured_media":20578,"comment_status":"open","ping_status":"open","sticky":false,"template":"","format":"standard","meta":{"colormag_page_container_layout":"default_layout","colormag_page_sidebar_layout":"default_layout","_FSMCFIC_featured_image_caption":"","_FSMCFIC_featured_image_nocaption":"","_FSMCFIC_featured_image_hide":"","footnotes":""},"categories":[5,1],"tags":[],"class_list":["post-20577","post","type-post","status-publish","format-standard","has-post-thumbnail","hentry","category-politica","category-ultimas"],"yoast_head":"<!-- This site is optimized with the Yoast SEO plugin v27.1.1 - https:\/\/yoast.com\/product\/yoast-seo-wordpress\/ -->\n<title>Debandada eleitoral: secret\u00e1rios de Jer\u00f4nimo e Bruno Reis deixam cargos para disputar elei\u00e7\u00f5es de 2026 - Brasil not\u00edcias<\/title>\n<meta name=\"robots\" content=\"index, follow, max-snippet:-1, max-image-preview:large, max-video-preview:-1\" \/>\n<link rel=\"canonical\" href=\"https:\/\/brasilnoticias.org\/site\/debandada-eleitoral-secretarios-de-jeronimo-e-bruno-reis-deixam-cargos-para-disputar-eleicoes-de-2026\/\" \/>\n<meta property=\"og:locale\" content=\"pt_PT\" \/>\n<meta property=\"og:type\" content=\"article\" \/>\n<meta property=\"og:title\" content=\"Debandada eleitoral: secret\u00e1rios de Jer\u00f4nimo e Bruno Reis deixam cargos para disputar elei\u00e7\u00f5es de 2026 - Brasil not\u00edcias\" \/>\n<meta property=\"og:description\" content=\"A pouco mais de sete meses das elei\u00e7\u00f5es de 2026, os governos estadual e municipal j\u00e1 come\u00e7am a sentir os\" \/>\n<meta property=\"og:url\" content=\"https:\/\/brasilnoticias.org\/site\/debandada-eleitoral-secretarios-de-jeronimo-e-bruno-reis-deixam-cargos-para-disputar-eleicoes-de-2026\/\" \/>\n<meta property=\"og:site_name\" content=\"Brasil not\u00edcias\" \/>\n<meta property=\"article:published_time\" content=\"2026-03-02T09:34:16+00:00\" \/>\n<meta property=\"og:image\" content=\"https:\/\/brasilnoticias.org\/site\/wp-content\/uploads\/2026\/03\/WhatsApp-Image-2026-03-01-at-12.19.09.jpeg\" \/>\n\t<meta property=\"og:image:width\" content=\"1600\" \/>\n\t<meta property=\"og:image:height\" content=\"900\" \/>\n\t<meta property=\"og:image:type\" content=\"image\/jpeg\" \/>\n<meta name=\"author\" content=\"Reda\u00e7\u00e3o\" \/>\n<meta name=\"twitter:card\" content=\"summary_large_image\" \/>\n<meta name=\"twitter:label1\" content=\"Escrito por\" \/>\n\t<meta name=\"twitter:data1\" content=\"Reda\u00e7\u00e3o\" \/>\n\t<meta name=\"twitter:label2\" content=\"Tempo estimado de leitura\" \/>\n\t<meta name=\"twitter:data2\" content=\"1 minuto\" \/>\n<script type=\"application\/ld+json\" class=\"yoast-schema-graph\">{\"@context\":\"https:\/\/schema.org\",\"@graph\":[{\"@type\":\"Article\",\"@id\":\"https:\/\/brasilnoticias.org\/site\/debandada-eleitoral-secretarios-de-jeronimo-e-bruno-reis-deixam-cargos-para-disputar-eleicoes-de-2026\/#article\",\"isPartOf\":{\"@id\":\"https:\/\/brasilnoticias.org\/site\/debandada-eleitoral-secretarios-de-jeronimo-e-bruno-reis-deixam-cargos-para-disputar-eleicoes-de-2026\/\"},\"author\":{\"name\":\"Reda\u00e7\u00e3o\",\"@id\":\"https:\/\/brasilnoticias.org\/site\/#\/schema\/person\/03bbbfe6c7634ad18c26444ea39049fa\"},\"headline\":\"Debandada eleitoral: secret\u00e1rios de Jer\u00f4nimo e Bruno Reis deixam cargos para disputar elei\u00e7\u00f5es de 2026\",\"datePublished\":\"2026-03-02T09:34:16+00:00\",\"mainEntityOfPage\":{\"@id\":\"https:\/\/brasilnoticias.org\/site\/debandada-eleitoral-secretarios-de-jeronimo-e-bruno-reis-deixam-cargos-para-disputar-eleicoes-de-2026\/\"},\"wordCount\":707,\"commentCount\":0,\"publisher\":{\"@id\":\"https:\/\/brasilnoticias.org\/site\/#organization\"},\"image\":{\"@id\":\"https:\/\/brasilnoticias.org\/site\/debandada-eleitoral-secretarios-de-jeronimo-e-bruno-reis-deixam-cargos-para-disputar-eleicoes-de-2026\/#primaryimage\"},\"thumbnailUrl\":\"https:\/\/brasilnoticias.org\/site\/wp-content\/uploads\/2026\/03\/WhatsApp-Image-2026-03-01-at-12.19.09.jpeg\",\"articleSection\":[\"Pol\u00edtica\",\"\u00daltimas\"],\"inLanguage\":\"pt-PT\",\"potentialAction\":[{\"@type\":\"CommentAction\",\"name\":\"Comment\",\"target\":[\"https:\/\/brasilnoticias.org\/site\/debandada-eleitoral-secretarios-de-jeronimo-e-bruno-reis-deixam-cargos-para-disputar-eleicoes-de-2026\/#respond\"]}]},{\"@type\":\"WebPage\",\"@id\":\"https:\/\/brasilnoticias.org\/site\/debandada-eleitoral-secretarios-de-jeronimo-e-bruno-reis-deixam-cargos-para-disputar-eleicoes-de-2026\/\",\"url\":\"https:\/\/brasilnoticias.org\/site\/debandada-eleitoral-secretarios-de-jeronimo-e-bruno-reis-deixam-cargos-para-disputar-eleicoes-de-2026\/\",\"name\":\"Debandada eleitoral: secret\u00e1rios de Jer\u00f4nimo e Bruno Reis deixam cargos para disputar elei\u00e7\u00f5es de 2026 - Brasil not\u00edcias\",\"isPartOf\":{\"@id\":\"https:\/\/brasilnoticias.org\/site\/#website\"},\"primaryImageOfPage\":{\"@id\":\"https:\/\/brasilnoticias.org\/site\/debandada-eleitoral-secretarios-de-jeronimo-e-bruno-reis-deixam-cargos-para-disputar-eleicoes-de-2026\/#primaryimage\"},\"image\":{\"@id\":\"https:\/\/brasilnoticias.org\/site\/debandada-eleitoral-secretarios-de-jeronimo-e-bruno-reis-deixam-cargos-para-disputar-eleicoes-de-2026\/#primaryimage\"},\"thumbnailUrl\":\"https:\/\/brasilnoticias.org\/site\/wp-content\/uploads\/2026\/03\/WhatsApp-Image-2026-03-01-at-12.19.09.jpeg\",\"datePublished\":\"2026-03-02T09:34:16+00:00\",\"breadcrumb\":{\"@id\":\"https:\/\/brasilnoticias.org\/site\/debandada-eleitoral-secretarios-de-jeronimo-e-bruno-reis-deixam-cargos-para-disputar-eleicoes-de-2026\/#breadcrumb\"},\"inLanguage\":\"pt-PT\",\"potentialAction\":[{\"@type\":\"ReadAction\",\"target\":[\"https:\/\/brasilnoticias.org\/site\/debandada-eleitoral-secretarios-de-jeronimo-e-bruno-reis-deixam-cargos-para-disputar-eleicoes-de-2026\/\"]}]},{\"@type\":\"ImageObject\",\"inLanguage\":\"pt-PT\",\"@id\":\"https:\/\/brasilnoticias.org\/site\/debandada-eleitoral-secretarios-de-jeronimo-e-bruno-reis-deixam-cargos-para-disputar-eleicoes-de-2026\/#primaryimage\",\"url\":\"https:\/\/brasilnoticias.org\/site\/wp-content\/uploads\/2026\/03\/WhatsApp-Image-2026-03-01-at-12.19.09.jpeg\",\"contentUrl\":\"https:\/\/brasilnoticias.org\/site\/wp-content\/uploads\/2026\/03\/WhatsApp-Image-2026-03-01-at-12.19.09.jpeg\",\"width\":1600,\"height\":900},{\"@type\":\"BreadcrumbList\",\"@id\":\"https:\/\/brasilnoticias.org\/site\/debandada-eleitoral-secretarios-de-jeronimo-e-bruno-reis-deixam-cargos-para-disputar-eleicoes-de-2026\/#breadcrumb\",\"itemListElement\":[{\"@type\":\"ListItem\",\"position\":1,\"name\":\"In\u00edcio\",\"item\":\"https:\/\/brasilnoticias.org\/site\/\"},{\"@type\":\"ListItem\",\"position\":2,\"name\":\"Debandada eleitoral: secret\u00e1rios de Jer\u00f4nimo e Bruno Reis deixam cargos para disputar elei\u00e7\u00f5es de 2026\"}]},{\"@type\":\"WebSite\",\"@id\":\"https:\/\/brasilnoticias.org\/site\/#website\",\"url\":\"https:\/\/brasilnoticias.org\/site\/\",\"name\":\"Brasil not\u00edcias\",\"description\":\"Brasil not\u00edcias\",\"publisher\":{\"@id\":\"https:\/\/brasilnoticias.org\/site\/#organization\"},\"potentialAction\":[{\"@type\":\"SearchAction\",\"target\":{\"@type\":\"EntryPoint\",\"urlTemplate\":\"https:\/\/brasilnoticias.org\/site\/?s={search_term_string}\"},\"query-input\":{\"@type\":\"PropertyValueSpecification\",\"valueRequired\":true,\"valueName\":\"search_term_string\"}}],\"inLanguage\":\"pt-PT\"},{\"@type\":\"Organization\",\"@id\":\"https:\/\/brasilnoticias.org\/site\/#organization\",\"name\":\"Brasil not\u00edcias\",\"url\":\"https:\/\/brasilnoticias.org\/site\/\",\"logo\":{\"@type\":\"ImageObject\",\"inLanguage\":\"pt-PT\",\"@id\":\"https:\/\/brasilnoticias.org\/site\/#\/schema\/logo\/image\/\",\"url\":\"https:\/\/brasilnoticias.org\/site\/wp-content\/uploads\/2022\/05\/cropped-brasilnoticias-mini.jpg\",\"contentUrl\":\"https:\/\/brasilnoticias.org\/site\/wp-content\/uploads\/2022\/05\/cropped-brasilnoticias-mini.jpg\",\"width\":314,\"height\":86,\"caption\":\"Brasil not\u00edcias\"},\"image\":{\"@id\":\"https:\/\/brasilnoticias.org\/site\/#\/schema\/logo\/image\/\"}},{\"@type\":\"Person\",\"@id\":\"https:\/\/brasilnoticias.org\/site\/#\/schema\/person\/03bbbfe6c7634ad18c26444ea39049fa\",\"name\":\"Reda\u00e7\u00e3o\",\"image\":{\"@type\":\"ImageObject\",\"inLanguage\":\"pt-PT\",\"@id\":\"https:\/\/brasilnoticias.org\/site\/#\/schema\/person\/image\/\",\"url\":\"https:\/\/secure.gravatar.com\/avatar\/9ecaf7327a696cb23ad926fedded5f1f04d7049de9e445375d55b48c001a6e42?s=96&d=mm&r=g\",\"contentUrl\":\"https:\/\/secure.gravatar.com\/avatar\/9ecaf7327a696cb23ad926fedded5f1f04d7049de9e445375d55b48c001a6e42?s=96&d=mm&r=g\",\"caption\":\"Reda\u00e7\u00e3o\"},\"url\":\"https:\/\/brasilnoticias.org\/site\/author\/henrique\/\"}]}<\/script>\n<!-- \/ Yoast SEO plugin. -->","yoast_head_json":{"title":"Debandada eleitoral: secret\u00e1rios de Jer\u00f4nimo e Bruno Reis deixam cargos para disputar elei\u00e7\u00f5es de 2026 - Brasil not\u00edcias","robots":{"index":"index","follow":"follow","max-snippet":"max-snippet:-1","max-image-preview":"max-image-preview:large","max-video-preview":"max-video-preview:-1"},"canonical":"https:\/\/brasilnoticias.org\/site\/debandada-eleitoral-secretarios-de-jeronimo-e-bruno-reis-deixam-cargos-para-disputar-eleicoes-de-2026\/","og_locale":"pt_PT","og_type":"article","og_title":"Debandada eleitoral: secret\u00e1rios de Jer\u00f4nimo e Bruno Reis deixam cargos para disputar elei\u00e7\u00f5es de 2026 - Brasil not\u00edcias","og_description":"A pouco mais de sete meses das elei\u00e7\u00f5es de 2026, os governos estadual e municipal j\u00e1 come\u00e7am a sentir os","og_url":"https:\/\/brasilnoticias.org\/site\/debandada-eleitoral-secretarios-de-jeronimo-e-bruno-reis-deixam-cargos-para-disputar-eleicoes-de-2026\/","og_site_name":"Brasil not\u00edcias","article_published_time":"2026-03-02T09:34:16+00:00","og_image":[{"width":1600,"height":900,"url":"https:\/\/brasilnoticias.org\/site\/wp-content\/uploads\/2026\/03\/WhatsApp-Image-2026-03-01-at-12.19.09.jpeg","type":"image\/jpeg"}],"author":"Reda\u00e7\u00e3o","twitter_card":"summary_large_image","twitter_misc":{"Escrito por":"Reda\u00e7\u00e3o","Tempo estimado de leitura":"1 minuto"},"schema":{"@context":"https:\/\/schema.org","@graph":[{"@type":"Article","@id":"https:\/\/brasilnoticias.org\/site\/debandada-eleitoral-secretarios-de-jeronimo-e-bruno-reis-deixam-cargos-para-disputar-eleicoes-de-2026\/#article","isPartOf":{"@id":"https:\/\/brasilnoticias.org\/site\/debandada-eleitoral-secretarios-de-jeronimo-e-bruno-reis-deixam-cargos-para-disputar-eleicoes-de-2026\/"},"author":{"name":"Reda\u00e7\u00e3o","@id":"https:\/\/brasilnoticias.org\/site\/#\/schema\/person\/03bbbfe6c7634ad18c26444ea39049fa"},"headline":"Debandada eleitoral: secret\u00e1rios de Jer\u00f4nimo e Bruno Reis deixam cargos para disputar elei\u00e7\u00f5es de 2026","datePublished":"2026-03-02T09:34:16+00:00","mainEntityOfPage":{"@id":"https:\/\/brasilnoticias.org\/site\/debandada-eleitoral-secretarios-de-jeronimo-e-bruno-reis-deixam-cargos-para-disputar-eleicoes-de-2026\/"},"wordCount":707,"commentCount":0,"publisher":{"@id":"https:\/\/brasilnoticias.org\/site\/#organization"},"image":{"@id":"https:\/\/brasilnoticias.org\/site\/debandada-eleitoral-secretarios-de-jeronimo-e-bruno-reis-deixam-cargos-para-disputar-eleicoes-de-2026\/#primaryimage"},"thumbnailUrl":"https:\/\/brasilnoticias.org\/site\/wp-content\/uploads\/2026\/03\/WhatsApp-Image-2026-03-01-at-12.19.09.jpeg","articleSection":["Pol\u00edtica","\u00daltimas"],"inLanguage":"pt-PT","potentialAction":[{"@type":"CommentAction","name":"Comment","target":["https:\/\/brasilnoticias.org\/site\/debandada-eleitoral-secretarios-de-jeronimo-e-bruno-reis-deixam-cargos-para-disputar-eleicoes-de-2026\/#respond"]}]},{"@type":"WebPage","@id":"https:\/\/brasilnoticias.org\/site\/debandada-eleitoral-secretarios-de-jeronimo-e-bruno-reis-deixam-cargos-para-disputar-eleicoes-de-2026\/","url":"https:\/\/brasilnoticias.org\/site\/debandada-eleitoral-secretarios-de-jeronimo-e-bruno-reis-deixam-cargos-para-disputar-eleicoes-de-2026\/","name":"Debandada eleitoral: secret\u00e1rios de Jer\u00f4nimo e Bruno Reis deixam cargos para disputar elei\u00e7\u00f5es de 2026 - Brasil not\u00edcias","isPartOf":{"@id":"https:\/\/brasilnoticias.org\/site\/#website"},"primaryImageOfPage":{"@id":"https:\/\/brasilnoticias.org\/site\/debandada-eleitoral-secretarios-de-jeronimo-e-bruno-reis-deixam-cargos-para-disputar-eleicoes-de-2026\/#primaryimage"},"image":{"@id":"https:\/\/brasilnoticias.org\/site\/debandada-eleitoral-secretarios-de-jeronimo-e-bruno-reis-deixam-cargos-para-disputar-eleicoes-de-2026\/#primaryimage"},"thumbnailUrl":"https:\/\/brasilnoticias.org\/site\/wp-content\/uploads\/2026\/03\/WhatsApp-Image-2026-03-01-at-12.19.09.jpeg","datePublished":"2026-03-02T09:34:16+00:00","breadcrumb":{"@id":"https:\/\/brasilnoticias.org\/site\/debandada-eleitoral-secretarios-de-jeronimo-e-bruno-reis-deixam-cargos-para-disputar-eleicoes-de-2026\/#breadcrumb"},"inLanguage":"pt-PT","potentialAction":[{"@type":"ReadAction","target":["https:\/\/brasilnoticias.org\/site\/debandada-eleitoral-secretarios-de-jeronimo-e-bruno-reis-deixam-cargos-para-disputar-eleicoes-de-2026\/"]}]},{"@type":"ImageObject","inLanguage":"pt-PT","@id":"https:\/\/brasilnoticias.org\/site\/debandada-eleitoral-secretarios-de-jeronimo-e-bruno-reis-deixam-cargos-para-disputar-eleicoes-de-2026\/#primaryimage","url":"https:\/\/brasilnoticias.org\/site\/wp-content\/uploads\/2026\/03\/WhatsApp-Image-2026-03-01-at-12.19.09.jpeg","contentUrl":"https:\/\/brasilnoticias.org\/site\/wp-content\/uploads\/2026\/03\/WhatsApp-Image-2026-03-01-at-12.19.09.jpeg","width":1600,"height":900},{"@type":"BreadcrumbList","@id":"https:\/\/brasilnoticias.org\/site\/debandada-eleitoral-secretarios-de-jeronimo-e-bruno-reis-deixam-cargos-para-disputar-eleicoes-de-2026\/#breadcrumb","itemListElement":[{"@type":"ListItem","position":1,"name":"In\u00edcio","item":"https:\/\/brasilnoticias.org\/site\/"},{"@type":"ListItem","position":2,"name":"Debandada eleitoral: secret\u00e1rios de Jer\u00f4nimo e Bruno Reis deixam cargos para disputar elei\u00e7\u00f5es de 2026"}]},{"@type":"WebSite","@id":"https:\/\/brasilnoticias.org\/site\/#website","url":"https:\/\/brasilnoticias.org\/site\/","name":"Brasil not\u00edcias","description":"Brasil not\u00edcias","publisher":{"@id":"https:\/\/brasilnoticias.org\/site\/#organization"},"potentialAction":[{"@type":"SearchAction","target":{"@type":"EntryPoint","urlTemplate":"https:\/\/brasilnoticias.org\/site\/?s={search_term_string}"},"query-input":{"@type":"PropertyValueSpecification","valueRequired":true,"valueName":"search_term_string"}}],"inLanguage":"pt-PT"},{"@type":"Organization","@id":"https:\/\/brasilnoticias.org\/site\/#organization","name":"Brasil not\u00edcias","url":"https:\/\/brasilnoticias.org\/site\/","logo":{"@type":"ImageObject","inLanguage":"pt-PT","@id":"https:\/\/brasilnoticias.org\/site\/#\/schema\/logo\/image\/","url":"https:\/\/brasilnoticias.org\/site\/wp-content\/uploads\/2022\/05\/cropped-brasilnoticias-mini.jpg","contentUrl":"https:\/\/brasilnoticias.org\/site\/wp-content\/uploads\/2022\/05\/cropped-brasilnoticias-mini.jpg","width":314,"height":86,"caption":"Brasil not\u00edcias"},"image":{"@id":"https:\/\/brasilnoticias.org\/site\/#\/schema\/logo\/image\/"}},{"@type":"Person","@id":"https:\/\/brasilnoticias.org\/site\/#\/schema\/person\/03bbbfe6c7634ad18c26444ea39049fa","name":"Reda\u00e7\u00e3o","image":{"@type":"ImageObject","inLanguage":"pt-PT","@id":"https:\/\/brasilnoticias.org\/site\/#\/schema\/person\/image\/","url":"https:\/\/secure.gravatar.com\/avatar\/9ecaf7327a696cb23ad926fedded5f1f04d7049de9e445375d55b48c001a6e42?s=96&d=mm&r=g","contentUrl":"https:\/\/secure.gravatar.com\/avatar\/9ecaf7327a696cb23ad926fedded5f1f04d7049de9e445375d55b48c001a6e42?s=96&d=mm&r=g","caption":"Reda\u00e7\u00e3o"},"url":"https:\/\/brasilnoticias.org\/site\/author\/henrique\/"}]}},"_links":{"self":[{"href":"https:\/\/brasilnoticias.org\/site\/wp-json\/wp\/v2\/posts\/20577","targetHints":{"allow":["GET"]}}],"collection":[{"href":"https:\/\/brasilnoticias.org\/site\/wp-json\/wp\/v2\/posts"}],"about":[{"href":"https:\/\/brasilnoticias.org\/site\/wp-json\/wp\/v2\/types\/post"}],"author":[{"embeddable":true,"href":"https:\/\/brasilnoticias.org\/site\/wp-json\/wp\/v2\/users\/4"}],"replies":[{"embeddable":true,"href":"https:\/\/brasilnoticias.org\/site\/wp-json\/wp\/v2\/comments?post=20577"}],"version-history":[{"count":1,"href":"https:\/\/brasilnoticias.org\/site\/wp-json\/wp\/v2\/posts\/20577\/revisions"}],"predecessor-version":[{"id":20579,"href":"https:\/\/brasilnoticias.org\/site\/wp-json\/wp\/v2\/posts\/20577\/revisions\/20579"}],"wp:featuredmedia":[{"embeddable":true,"href":"https:\/\/brasilnoticias.org\/site\/wp-json\/wp\/v2\/media\/20578"}],"wp:attachment":[{"href":"https:\/\/brasilnoticias.org\/site\/wp-json\/wp\/v2\/media?parent=20577"}],"wp:term":[{"taxonomy":"category","embeddable":true,"href":"https:\/\/brasilnoticias.org\/site\/wp-json\/wp\/v2\/categories?post=20577"},{"taxonomy":"post_tag","embeddable":true,"href":"https:\/\/brasilnoticias.org\/site\/wp-json\/wp\/v2\/tags?post=20577"}],"curies":[{"name":"wp","href":"https:\/\/api.w.org\/{rel}","templated":true}]}}