{"id":20581,"date":"2026-03-02T07:05:29","date_gmt":"2026-03-02T10:05:29","guid":{"rendered":"https:\/\/brasilnoticias.org\/site\/?p=20581"},"modified":"2026-03-02T07:05:29","modified_gmt":"2026-03-02T10:05:29","slug":"homem-e-preso-por-suspeita-de-tentar-abusar-sexualmente-de-funcionaria-em-loja-na-bahia","status":"publish","type":"post","link":"https:\/\/brasilnoticias.org\/site\/homem-e-preso-por-suspeita-de-tentar-abusar-sexualmente-de-funcionaria-em-loja-na-bahia\/","title":{"rendered":"Homem \u00e9 preso por suspeita de tentar abusar sexualmente de funcion\u00e1ria em loja na Bahia"},"content":{"rendered":"<p>Segundo informa\u00e7\u00f5es divulgadas pelo BNews, a pol\u00edcia prendeu um homem na cidade de Feira de Santana (BA), suspeito de ter tentado abusar sexualmente de uma funcion\u00e1ria dentro de uma loja comercial no centro da cidade. <\/p>\n<p>Conforme apurado, o crime teria ocorrido durante o hor\u00e1rio de funcionamento da loja, quando o suspeito abordou a v\u00edtima e tentou lev\u00e1-la a uma situa\u00e7\u00e3o de risco. Ao perceber a a\u00e7\u00e3o, colegas de trabalho e clientes intervieram, chamaram a pol\u00edcia e impediram o avan\u00e7o do ataque.<\/p>\n<p>As autoridades foram acionadas rapidamente e localizaram o suspeito nas imedia\u00e7\u00f5es do estabelecimento, efetuando a pris\u00e3o em flagrante. Ele foi encaminhado \u00e0 delegacia local, onde foram tomadas as provid\u00eancias legais cab\u00edveis. At\u00e9 o fechamento desta mat\u00e9ria, a pol\u00edcia seguia com investiga\u00e7\u00f5es para confirmar todas as circunst\u00e2ncias do caso.<\/p>\n<p>A ocorr\u00eancia refor\u00e7a a import\u00e2ncia de medidas de preven\u00e7\u00e3o e seguran\u00e7a em ambientes de trabalho, al\u00e9m de alertar sobre a necessidade de apoio \u00e0s v\u00edtimas de viol\u00eancia e atitudes r\u00e1pidas da comunidade em situa\u00e7\u00f5es de risco.<\/p>\n<p>Foto:  Ilustrativa | PMBA<\/p>\n","protected":false},"excerpt":{"rendered":"<p>Segundo informa\u00e7\u00f5es divulgadas pelo BNews, a pol\u00edcia prendeu um homem na cidade de Feira de Santana (BA), suspeito de ter<\/p>\n","protected":false},"author":4,"featured_media":20583,"comment_status":"open","ping_status":"open","sticky":false,"template":"","format":"standard","meta":{"colormag_page_container_layout":"default_layout","colormag_page_sidebar_layout":"default_layout","_FSMCFIC_featured_image_caption":"","_FSMCFIC_featured_image_nocaption":"","_FSMCFIC_featured_image_hide":"","footnotes":""},"categories":[3,1],"tags":[],"class_list":["post-20581","post","type-post","status-publish","format-standard","has-post-thumbnail","hentry","category-policia","category-ultimas"],"yoast_head":"<!-- This site is optimized with the Yoast SEO plugin v27.1.1 - https:\/\/yoast.com\/product\/yoast-seo-wordpress\/ -->\n<title>Homem \u00e9 preso por suspeita de tentar abusar sexualmente de funcion\u00e1ria em loja na Bahia - Brasil not\u00edcias<\/title>\n<meta name=\"robots\" content=\"index, follow, max-snippet:-1, max-image-preview:large, max-video-preview:-1\" \/>\n<link rel=\"canonical\" href=\"https:\/\/brasilnoticias.org\/site\/homem-e-preso-por-suspeita-de-tentar-abusar-sexualmente-de-funcionaria-em-loja-na-bahia\/\" \/>\n<meta property=\"og:locale\" content=\"pt_PT\" \/>\n<meta property=\"og:type\" content=\"article\" \/>\n<meta property=\"og:title\" content=\"Homem \u00e9 preso por suspeita de tentar abusar sexualmente de funcion\u00e1ria em loja na Bahia - Brasil not\u00edcias\" \/>\n<meta property=\"og:description\" content=\"Segundo informa\u00e7\u00f5es divulgadas pelo BNews, a pol\u00edcia prendeu um homem na cidade de Feira de Santana (BA), suspeito de ter\" \/>\n<meta property=\"og:url\" content=\"https:\/\/brasilnoticias.org\/site\/homem-e-preso-por-suspeita-de-tentar-abusar-sexualmente-de-funcionaria-em-loja-na-bahia\/\" \/>\n<meta property=\"og:site_name\" content=\"Brasil not\u00edcias\" \/>\n<meta property=\"article:published_time\" content=\"2026-03-02T10:05:29+00:00\" \/>\n<meta property=\"og:image\" content=\"https:\/\/brasilnoticias.org\/site\/wp-content\/uploads\/2026\/03\/pm_faz_mudancas_nos_comandos_de_operacoes_regionais_e_diretores_de_departamento_na_bahia_widelg_widelg.jpg\" \/>\n\t<meta property=\"og:image:width\" content=\"800\" \/>\n\t<meta property=\"og:image:height\" content=\"450\" \/>\n\t<meta property=\"og:image:type\" content=\"image\/jpeg\" \/>\n<meta name=\"author\" content=\"Reda\u00e7\u00e3o\" \/>\n<meta name=\"twitter:card\" content=\"summary_large_image\" \/>\n<meta name=\"twitter:label1\" content=\"Escrito por\" \/>\n\t<meta name=\"twitter:data1\" content=\"Reda\u00e7\u00e3o\" \/>\n\t<meta name=\"twitter:label2\" content=\"Tempo estimado de leitura\" \/>\n\t<meta name=\"twitter:data2\" content=\"1 minuto\" \/>\n<script type=\"application\/ld+json\" class=\"yoast-schema-graph\">{\"@context\":\"https:\/\/schema.org\",\"@graph\":[{\"@type\":\"Article\",\"@id\":\"https:\/\/brasilnoticias.org\/site\/homem-e-preso-por-suspeita-de-tentar-abusar-sexualmente-de-funcionaria-em-loja-na-bahia\/#article\",\"isPartOf\":{\"@id\":\"https:\/\/brasilnoticias.org\/site\/homem-e-preso-por-suspeita-de-tentar-abusar-sexualmente-de-funcionaria-em-loja-na-bahia\/\"},\"author\":{\"name\":\"Reda\u00e7\u00e3o\",\"@id\":\"https:\/\/brasilnoticias.org\/site\/#\/schema\/person\/03bbbfe6c7634ad18c26444ea39049fa\"},\"headline\":\"Homem \u00e9 preso por suspeita de tentar abusar sexualmente de funcion\u00e1ria em loja na Bahia\",\"datePublished\":\"2026-03-02T10:05:29+00:00\",\"mainEntityOfPage\":{\"@id\":\"https:\/\/brasilnoticias.org\/site\/homem-e-preso-por-suspeita-de-tentar-abusar-sexualmente-de-funcionaria-em-loja-na-bahia\/\"},\"wordCount\":210,\"commentCount\":0,\"publisher\":{\"@id\":\"https:\/\/brasilnoticias.org\/site\/#organization\"},\"image\":{\"@id\":\"https:\/\/brasilnoticias.org\/site\/homem-e-preso-por-suspeita-de-tentar-abusar-sexualmente-de-funcionaria-em-loja-na-bahia\/#primaryimage\"},\"thumbnailUrl\":\"https:\/\/brasilnoticias.org\/site\/wp-content\/uploads\/2026\/03\/pm_faz_mudancas_nos_comandos_de_operacoes_regionais_e_diretores_de_departamento_na_bahia_widelg_widelg.jpg\",\"articleSection\":[\"Pol\u00edcia\",\"\u00daltimas\"],\"inLanguage\":\"pt-PT\",\"potentialAction\":[{\"@type\":\"CommentAction\",\"name\":\"Comment\",\"target\":[\"https:\/\/brasilnoticias.org\/site\/homem-e-preso-por-suspeita-de-tentar-abusar-sexualmente-de-funcionaria-em-loja-na-bahia\/#respond\"]}]},{\"@type\":\"WebPage\",\"@id\":\"https:\/\/brasilnoticias.org\/site\/homem-e-preso-por-suspeita-de-tentar-abusar-sexualmente-de-funcionaria-em-loja-na-bahia\/\",\"url\":\"https:\/\/brasilnoticias.org\/site\/homem-e-preso-por-suspeita-de-tentar-abusar-sexualmente-de-funcionaria-em-loja-na-bahia\/\",\"name\":\"Homem \u00e9 preso por suspeita de tentar abusar sexualmente de funcion\u00e1ria em loja na Bahia - Brasil not\u00edcias\",\"isPartOf\":{\"@id\":\"https:\/\/brasilnoticias.org\/site\/#website\"},\"primaryImageOfPage\":{\"@id\":\"https:\/\/brasilnoticias.org\/site\/homem-e-preso-por-suspeita-de-tentar-abusar-sexualmente-de-funcionaria-em-loja-na-bahia\/#primaryimage\"},\"image\":{\"@id\":\"https:\/\/brasilnoticias.org\/site\/homem-e-preso-por-suspeita-de-tentar-abusar-sexualmente-de-funcionaria-em-loja-na-bahia\/#primaryimage\"},\"thumbnailUrl\":\"https:\/\/brasilnoticias.org\/site\/wp-content\/uploads\/2026\/03\/pm_faz_mudancas_nos_comandos_de_operacoes_regionais_e_diretores_de_departamento_na_bahia_widelg_widelg.jpg\",\"datePublished\":\"2026-03-02T10:05:29+00:00\",\"breadcrumb\":{\"@id\":\"https:\/\/brasilnoticias.org\/site\/homem-e-preso-por-suspeita-de-tentar-abusar-sexualmente-de-funcionaria-em-loja-na-bahia\/#breadcrumb\"},\"inLanguage\":\"pt-PT\",\"potentialAction\":[{\"@type\":\"ReadAction\",\"target\":[\"https:\/\/brasilnoticias.org\/site\/homem-e-preso-por-suspeita-de-tentar-abusar-sexualmente-de-funcionaria-em-loja-na-bahia\/\"]}]},{\"@type\":\"ImageObject\",\"inLanguage\":\"pt-PT\",\"@id\":\"https:\/\/brasilnoticias.org\/site\/homem-e-preso-por-suspeita-de-tentar-abusar-sexualmente-de-funcionaria-em-loja-na-bahia\/#primaryimage\",\"url\":\"https:\/\/brasilnoticias.org\/site\/wp-content\/uploads\/2026\/03\/pm_faz_mudancas_nos_comandos_de_operacoes_regionais_e_diretores_de_departamento_na_bahia_widelg_widelg.jpg\",\"contentUrl\":\"https:\/\/brasilnoticias.org\/site\/wp-content\/uploads\/2026\/03\/pm_faz_mudancas_nos_comandos_de_operacoes_regionais_e_diretores_de_departamento_na_bahia_widelg_widelg.jpg\",\"width\":800,\"height\":450},{\"@type\":\"BreadcrumbList\",\"@id\":\"https:\/\/brasilnoticias.org\/site\/homem-e-preso-por-suspeita-de-tentar-abusar-sexualmente-de-funcionaria-em-loja-na-bahia\/#breadcrumb\",\"itemListElement\":[{\"@type\":\"ListItem\",\"position\":1,\"name\":\"In\u00edcio\",\"item\":\"https:\/\/brasilnoticias.org\/site\/\"},{\"@type\":\"ListItem\",\"position\":2,\"name\":\"Homem \u00e9 preso por suspeita de tentar abusar sexualmente de funcion\u00e1ria em loja na Bahia\"}]},{\"@type\":\"WebSite\",\"@id\":\"https:\/\/brasilnoticias.org\/site\/#website\",\"url\":\"https:\/\/brasilnoticias.org\/site\/\",\"name\":\"Brasil not\u00edcias\",\"description\":\"Brasil not\u00edcias\",\"publisher\":{\"@id\":\"https:\/\/brasilnoticias.org\/site\/#organization\"},\"potentialAction\":[{\"@type\":\"SearchAction\",\"target\":{\"@type\":\"EntryPoint\",\"urlTemplate\":\"https:\/\/brasilnoticias.org\/site\/?s={search_term_string}\"},\"query-input\":{\"@type\":\"PropertyValueSpecification\",\"valueRequired\":true,\"valueName\":\"search_term_string\"}}],\"inLanguage\":\"pt-PT\"},{\"@type\":\"Organization\",\"@id\":\"https:\/\/brasilnoticias.org\/site\/#organization\",\"name\":\"Brasil not\u00edcias\",\"url\":\"https:\/\/brasilnoticias.org\/site\/\",\"logo\":{\"@type\":\"ImageObject\",\"inLanguage\":\"pt-PT\",\"@id\":\"https:\/\/brasilnoticias.org\/site\/#\/schema\/logo\/image\/\",\"url\":\"https:\/\/brasilnoticias.org\/site\/wp-content\/uploads\/2022\/05\/cropped-brasilnoticias-mini.jpg\",\"contentUrl\":\"https:\/\/brasilnoticias.org\/site\/wp-content\/uploads\/2022\/05\/cropped-brasilnoticias-mini.jpg\",\"width\":314,\"height\":86,\"caption\":\"Brasil not\u00edcias\"},\"image\":{\"@id\":\"https:\/\/brasilnoticias.org\/site\/#\/schema\/logo\/image\/\"}},{\"@type\":\"Person\",\"@id\":\"https:\/\/brasilnoticias.org\/site\/#\/schema\/person\/03bbbfe6c7634ad18c26444ea39049fa\",\"name\":\"Reda\u00e7\u00e3o\",\"image\":{\"@type\":\"ImageObject\",\"inLanguage\":\"pt-PT\",\"@id\":\"https:\/\/brasilnoticias.org\/site\/#\/schema\/person\/image\/\",\"url\":\"https:\/\/secure.gravatar.com\/avatar\/9ecaf7327a696cb23ad926fedded5f1f04d7049de9e445375d55b48c001a6e42?s=96&d=mm&r=g\",\"contentUrl\":\"https:\/\/secure.gravatar.com\/avatar\/9ecaf7327a696cb23ad926fedded5f1f04d7049de9e445375d55b48c001a6e42?s=96&d=mm&r=g\",\"caption\":\"Reda\u00e7\u00e3o\"},\"url\":\"https:\/\/brasilnoticias.org\/site\/author\/henrique\/\"}]}<\/script>\n<!-- \/ Yoast SEO plugin. -->","yoast_head_json":{"title":"Homem \u00e9 preso por suspeita de tentar abusar sexualmente de funcion\u00e1ria em loja na Bahia - Brasil not\u00edcias","robots":{"index":"index","follow":"follow","max-snippet":"max-snippet:-1","max-image-preview":"max-image-preview:large","max-video-preview":"max-video-preview:-1"},"canonical":"https:\/\/brasilnoticias.org\/site\/homem-e-preso-por-suspeita-de-tentar-abusar-sexualmente-de-funcionaria-em-loja-na-bahia\/","og_locale":"pt_PT","og_type":"article","og_title":"Homem \u00e9 preso por suspeita de tentar abusar sexualmente de funcion\u00e1ria em loja na Bahia - Brasil not\u00edcias","og_description":"Segundo informa\u00e7\u00f5es divulgadas pelo BNews, a pol\u00edcia prendeu um homem na cidade de Feira de Santana (BA), suspeito de ter","og_url":"https:\/\/brasilnoticias.org\/site\/homem-e-preso-por-suspeita-de-tentar-abusar-sexualmente-de-funcionaria-em-loja-na-bahia\/","og_site_name":"Brasil not\u00edcias","article_published_time":"2026-03-02T10:05:29+00:00","og_image":[{"width":800,"height":450,"url":"https:\/\/brasilnoticias.org\/site\/wp-content\/uploads\/2026\/03\/pm_faz_mudancas_nos_comandos_de_operacoes_regionais_e_diretores_de_departamento_na_bahia_widelg_widelg.jpg","type":"image\/jpeg"}],"author":"Reda\u00e7\u00e3o","twitter_card":"summary_large_image","twitter_misc":{"Escrito por":"Reda\u00e7\u00e3o","Tempo estimado de leitura":"1 minuto"},"schema":{"@context":"https:\/\/schema.org","@graph":[{"@type":"Article","@id":"https:\/\/brasilnoticias.org\/site\/homem-e-preso-por-suspeita-de-tentar-abusar-sexualmente-de-funcionaria-em-loja-na-bahia\/#article","isPartOf":{"@id":"https:\/\/brasilnoticias.org\/site\/homem-e-preso-por-suspeita-de-tentar-abusar-sexualmente-de-funcionaria-em-loja-na-bahia\/"},"author":{"name":"Reda\u00e7\u00e3o","@id":"https:\/\/brasilnoticias.org\/site\/#\/schema\/person\/03bbbfe6c7634ad18c26444ea39049fa"},"headline":"Homem \u00e9 preso por suspeita de tentar abusar sexualmente de funcion\u00e1ria em loja na Bahia","datePublished":"2026-03-02T10:05:29+00:00","mainEntityOfPage":{"@id":"https:\/\/brasilnoticias.org\/site\/homem-e-preso-por-suspeita-de-tentar-abusar-sexualmente-de-funcionaria-em-loja-na-bahia\/"},"wordCount":210,"commentCount":0,"publisher":{"@id":"https:\/\/brasilnoticias.org\/site\/#organization"},"image":{"@id":"https:\/\/brasilnoticias.org\/site\/homem-e-preso-por-suspeita-de-tentar-abusar-sexualmente-de-funcionaria-em-loja-na-bahia\/#primaryimage"},"thumbnailUrl":"https:\/\/brasilnoticias.org\/site\/wp-content\/uploads\/2026\/03\/pm_faz_mudancas_nos_comandos_de_operacoes_regionais_e_diretores_de_departamento_na_bahia_widelg_widelg.jpg","articleSection":["Pol\u00edcia","\u00daltimas"],"inLanguage":"pt-PT","potentialAction":[{"@type":"CommentAction","name":"Comment","target":["https:\/\/brasilnoticias.org\/site\/homem-e-preso-por-suspeita-de-tentar-abusar-sexualmente-de-funcionaria-em-loja-na-bahia\/#respond"]}]},{"@type":"WebPage","@id":"https:\/\/brasilnoticias.org\/site\/homem-e-preso-por-suspeita-de-tentar-abusar-sexualmente-de-funcionaria-em-loja-na-bahia\/","url":"https:\/\/brasilnoticias.org\/site\/homem-e-preso-por-suspeita-de-tentar-abusar-sexualmente-de-funcionaria-em-loja-na-bahia\/","name":"Homem \u00e9 preso por suspeita de tentar abusar sexualmente de funcion\u00e1ria em loja na Bahia - Brasil not\u00edcias","isPartOf":{"@id":"https:\/\/brasilnoticias.org\/site\/#website"},"primaryImageOfPage":{"@id":"https:\/\/brasilnoticias.org\/site\/homem-e-preso-por-suspeita-de-tentar-abusar-sexualmente-de-funcionaria-em-loja-na-bahia\/#primaryimage"},"image":{"@id":"https:\/\/brasilnoticias.org\/site\/homem-e-preso-por-suspeita-de-tentar-abusar-sexualmente-de-funcionaria-em-loja-na-bahia\/#primaryimage"},"thumbnailUrl":"https:\/\/brasilnoticias.org\/site\/wp-content\/uploads\/2026\/03\/pm_faz_mudancas_nos_comandos_de_operacoes_regionais_e_diretores_de_departamento_na_bahia_widelg_widelg.jpg","datePublished":"2026-03-02T10:05:29+00:00","breadcrumb":{"@id":"https:\/\/brasilnoticias.org\/site\/homem-e-preso-por-suspeita-de-tentar-abusar-sexualmente-de-funcionaria-em-loja-na-bahia\/#breadcrumb"},"inLanguage":"pt-PT","potentialAction":[{"@type":"ReadAction","target":["https:\/\/brasilnoticias.org\/site\/homem-e-preso-por-suspeita-de-tentar-abusar-sexualmente-de-funcionaria-em-loja-na-bahia\/"]}]},{"@type":"ImageObject","inLanguage":"pt-PT","@id":"https:\/\/brasilnoticias.org\/site\/homem-e-preso-por-suspeita-de-tentar-abusar-sexualmente-de-funcionaria-em-loja-na-bahia\/#primaryimage","url":"https:\/\/brasilnoticias.org\/site\/wp-content\/uploads\/2026\/03\/pm_faz_mudancas_nos_comandos_de_operacoes_regionais_e_diretores_de_departamento_na_bahia_widelg_widelg.jpg","contentUrl":"https:\/\/brasilnoticias.org\/site\/wp-content\/uploads\/2026\/03\/pm_faz_mudancas_nos_comandos_de_operacoes_regionais_e_diretores_de_departamento_na_bahia_widelg_widelg.jpg","width":800,"height":450},{"@type":"BreadcrumbList","@id":"https:\/\/brasilnoticias.org\/site\/homem-e-preso-por-suspeita-de-tentar-abusar-sexualmente-de-funcionaria-em-loja-na-bahia\/#breadcrumb","itemListElement":[{"@type":"ListItem","position":1,"name":"In\u00edcio","item":"https:\/\/brasilnoticias.org\/site\/"},{"@type":"ListItem","position":2,"name":"Homem \u00e9 preso por suspeita de tentar abusar sexualmente de funcion\u00e1ria em loja na Bahia"}]},{"@type":"WebSite","@id":"https:\/\/brasilnoticias.org\/site\/#website","url":"https:\/\/brasilnoticias.org\/site\/","name":"Brasil not\u00edcias","description":"Brasil not\u00edcias","publisher":{"@id":"https:\/\/brasilnoticias.org\/site\/#organization"},"potentialAction":[{"@type":"SearchAction","target":{"@type":"EntryPoint","urlTemplate":"https:\/\/brasilnoticias.org\/site\/?s={search_term_string}"},"query-input":{"@type":"PropertyValueSpecification","valueRequired":true,"valueName":"search_term_string"}}],"inLanguage":"pt-PT"},{"@type":"Organization","@id":"https:\/\/brasilnoticias.org\/site\/#organization","name":"Brasil not\u00edcias","url":"https:\/\/brasilnoticias.org\/site\/","logo":{"@type":"ImageObject","inLanguage":"pt-PT","@id":"https:\/\/brasilnoticias.org\/site\/#\/schema\/logo\/image\/","url":"https:\/\/brasilnoticias.org\/site\/wp-content\/uploads\/2022\/05\/cropped-brasilnoticias-mini.jpg","contentUrl":"https:\/\/brasilnoticias.org\/site\/wp-content\/uploads\/2022\/05\/cropped-brasilnoticias-mini.jpg","width":314,"height":86,"caption":"Brasil not\u00edcias"},"image":{"@id":"https:\/\/brasilnoticias.org\/site\/#\/schema\/logo\/image\/"}},{"@type":"Person","@id":"https:\/\/brasilnoticias.org\/site\/#\/schema\/person\/03bbbfe6c7634ad18c26444ea39049fa","name":"Reda\u00e7\u00e3o","image":{"@type":"ImageObject","inLanguage":"pt-PT","@id":"https:\/\/brasilnoticias.org\/site\/#\/schema\/person\/image\/","url":"https:\/\/secure.gravatar.com\/avatar\/9ecaf7327a696cb23ad926fedded5f1f04d7049de9e445375d55b48c001a6e42?s=96&d=mm&r=g","contentUrl":"https:\/\/secure.gravatar.com\/avatar\/9ecaf7327a696cb23ad926fedded5f1f04d7049de9e445375d55b48c001a6e42?s=96&d=mm&r=g","caption":"Reda\u00e7\u00e3o"},"url":"https:\/\/brasilnoticias.org\/site\/author\/henrique\/"}]}},"_links":{"self":[{"href":"https:\/\/brasilnoticias.org\/site\/wp-json\/wp\/v2\/posts\/20581","targetHints":{"allow":["GET"]}}],"collection":[{"href":"https:\/\/brasilnoticias.org\/site\/wp-json\/wp\/v2\/posts"}],"about":[{"href":"https:\/\/brasilnoticias.org\/site\/wp-json\/wp\/v2\/types\/post"}],"author":[{"embeddable":true,"href":"https:\/\/brasilnoticias.org\/site\/wp-json\/wp\/v2\/users\/4"}],"replies":[{"embeddable":true,"href":"https:\/\/brasilnoticias.org\/site\/wp-json\/wp\/v2\/comments?post=20581"}],"version-history":[{"count":1,"href":"https:\/\/brasilnoticias.org\/site\/wp-json\/wp\/v2\/posts\/20581\/revisions"}],"predecessor-version":[{"id":20584,"href":"https:\/\/brasilnoticias.org\/site\/wp-json\/wp\/v2\/posts\/20581\/revisions\/20584"}],"wp:featuredmedia":[{"embeddable":true,"href":"https:\/\/brasilnoticias.org\/site\/wp-json\/wp\/v2\/media\/20583"}],"wp:attachment":[{"href":"https:\/\/brasilnoticias.org\/site\/wp-json\/wp\/v2\/media?parent=20581"}],"wp:term":[{"taxonomy":"category","embeddable":true,"href":"https:\/\/brasilnoticias.org\/site\/wp-json\/wp\/v2\/categories?post=20581"},{"taxonomy":"post_tag","embeddable":true,"href":"https:\/\/brasilnoticias.org\/site\/wp-json\/wp\/v2\/tags?post=20581"}],"curies":[{"name":"wp","href":"https:\/\/api.w.org\/{rel}","templated":true}]}}