{"id":20586,"date":"2026-03-02T07:14:41","date_gmt":"2026-03-02T10:14:41","guid":{"rendered":"https:\/\/brasilnoticias.org\/site\/?p=20586"},"modified":"2026-03-02T07:14:41","modified_gmt":"2026-03-02T10:14:41","slug":"presidente-do-vitoria-diz-que-vai-pedir-volta-da-torcida-mista-para-o-ba-vi-da-final-do-baiano","status":"publish","type":"post","link":"https:\/\/brasilnoticias.org\/site\/presidente-do-vitoria-diz-que-vai-pedir-volta-da-torcida-mista-para-o-ba-vi-da-final-do-baiano\/","title":{"rendered":"Presidente do Vit\u00f3ria diz que vai pedir volta da torcida mista para o BA-Vi da final do Baiano"},"content":{"rendered":"<p>Segundo informa\u00e7\u00f5es divulgadas pelo GE Bahia, O presidente do Esporte Clube Vit\u00f3ria, Andr\u00e9 Lal\u00e3o, afirmou que pretende solicitar \u00e0 Federa\u00e7\u00e3o Bahiana de Futebol (FBF) a volta do modelo de torcida mista para o cl\u00e1ssico BA-Vi v\u00e1lido pela final do Campeonato Baiano 2026.<\/p>\n<p>De acordo com o dirigente, a proposta busca permitir que torcedores de Vit\u00f3ria e Bahia possam ocupar o est\u00e1dio de forma simult\u00e2nea, seguindo crit\u00e9rios de seguran\u00e7a e organiza\u00e7\u00e3o previamente definidos pelas autoridades respons\u00e1veis.<\/p>\n<p>A discuss\u00e3o sobre torcida mista em cl\u00e1ssicos estaduais tem sido recorrente nos \u00faltimos anos, especialmente por conta de quest\u00f5es relacionadas \u00e0 seguran\u00e7a p\u00fablica. Atualmente, muitos confrontos s\u00e3o realizados com torcida \u00fanica, como medida preventiva.<\/p>\n<p>Lal\u00e3o defende que, com planejamento adequado e refor\u00e7o no esquema de seguran\u00e7a, \u00e9 poss\u00edvel garantir a presen\u00e7a das duas torcidas no est\u00e1dio, preservando o espet\u00e1culo e o clima tradicional do cl\u00e1ssico.<\/p>\n<p>A decis\u00e3o final depender\u00e1 de avalia\u00e7\u00e3o da FBF e das autoridades de seguran\u00e7a, que analisar\u00e3o as condi\u00e7\u00f5es para a realiza\u00e7\u00e3o do jogo com presen\u00e7a dividida das torcidas.<\/p>\n<p>Foto: Felipe Oliveira\/EC Bahia<\/p>\n","protected":false},"excerpt":{"rendered":"<p>Segundo informa\u00e7\u00f5es divulgadas pelo GE Bahia, O presidente do Esporte Clube Vit\u00f3ria, Andr\u00e9 Lal\u00e3o, afirmou que pretende solicitar \u00e0 Federa\u00e7\u00e3o<\/p>\n","protected":false},"author":4,"featured_media":20587,"comment_status":"open","ping_status":"open","sticky":false,"template":"","format":"standard","meta":{"colormag_page_container_layout":"default_layout","colormag_page_sidebar_layout":"default_layout","_FSMCFIC_featured_image_caption":"","_FSMCFIC_featured_image_nocaption":"","_FSMCFIC_featured_image_hide":"","footnotes":""},"categories":[4,1],"tags":[],"class_list":["post-20586","post","type-post","status-publish","format-standard","has-post-thumbnail","hentry","category-esporte","category-ultimas"],"yoast_head":"<!-- This site is optimized with the Yoast SEO plugin v27.1.1 - https:\/\/yoast.com\/product\/yoast-seo-wordpress\/ -->\n<title>Presidente do Vit\u00f3ria diz que vai pedir volta da torcida mista para o BA-Vi da final do Baiano - Brasil not\u00edcias<\/title>\n<meta name=\"robots\" content=\"index, follow, max-snippet:-1, max-image-preview:large, max-video-preview:-1\" \/>\n<link rel=\"canonical\" href=\"https:\/\/brasilnoticias.org\/site\/presidente-do-vitoria-diz-que-vai-pedir-volta-da-torcida-mista-para-o-ba-vi-da-final-do-baiano\/\" \/>\n<meta property=\"og:locale\" content=\"pt_PT\" \/>\n<meta property=\"og:type\" content=\"article\" \/>\n<meta property=\"og:title\" content=\"Presidente do Vit\u00f3ria diz que vai pedir volta da torcida mista para o BA-Vi da final do Baiano - Brasil not\u00edcias\" \/>\n<meta property=\"og:description\" content=\"Segundo informa\u00e7\u00f5es divulgadas pelo GE Bahia, O presidente do Esporte Clube Vit\u00f3ria, Andr\u00e9 Lal\u00e3o, afirmou que pretende solicitar \u00e0 Federa\u00e7\u00e3o\" \/>\n<meta property=\"og:url\" content=\"https:\/\/brasilnoticias.org\/site\/presidente-do-vitoria-diz-que-vai-pedir-volta-da-torcida-mista-para-o-ba-vi-da-final-do-baiano\/\" \/>\n<meta property=\"og:site_name\" content=\"Brasil not\u00edcias\" \/>\n<meta property=\"article:published_time\" content=\"2026-03-02T10:14:41+00:00\" \/>\n<meta property=\"og:image\" content=\"https:\/\/brasilnoticias.org\/site\/wp-content\/uploads\/2026\/03\/140979apos-mais-de-cinco-anos-do-ba-vi-da-paz-fim-de-torcida-unica-no-classico-e-debatido-na-al-ba-3.jpg\" \/>\n\t<meta property=\"og:image:width\" content=\"1600\" \/>\n\t<meta property=\"og:image:height\" content=\"752\" \/>\n\t<meta property=\"og:image:type\" content=\"image\/jpeg\" \/>\n<meta name=\"author\" content=\"Reda\u00e7\u00e3o\" \/>\n<meta name=\"twitter:card\" content=\"summary_large_image\" \/>\n<meta name=\"twitter:label1\" content=\"Escrito por\" \/>\n\t<meta name=\"twitter:data1\" content=\"Reda\u00e7\u00e3o\" \/>\n\t<meta name=\"twitter:label2\" content=\"Tempo estimado de leitura\" \/>\n\t<meta name=\"twitter:data2\" content=\"1 minuto\" \/>\n<script type=\"application\/ld+json\" class=\"yoast-schema-graph\">{\"@context\":\"https:\/\/schema.org\",\"@graph\":[{\"@type\":\"Article\",\"@id\":\"https:\/\/brasilnoticias.org\/site\/presidente-do-vitoria-diz-que-vai-pedir-volta-da-torcida-mista-para-o-ba-vi-da-final-do-baiano\/#article\",\"isPartOf\":{\"@id\":\"https:\/\/brasilnoticias.org\/site\/presidente-do-vitoria-diz-que-vai-pedir-volta-da-torcida-mista-para-o-ba-vi-da-final-do-baiano\/\"},\"author\":{\"name\":\"Reda\u00e7\u00e3o\",\"@id\":\"https:\/\/brasilnoticias.org\/site\/#\/schema\/person\/03bbbfe6c7634ad18c26444ea39049fa\"},\"headline\":\"Presidente do Vit\u00f3ria diz que vai pedir volta da torcida mista para o BA-Vi da final do Baiano\",\"datePublished\":\"2026-03-02T10:14:41+00:00\",\"mainEntityOfPage\":{\"@id\":\"https:\/\/brasilnoticias.org\/site\/presidente-do-vitoria-diz-que-vai-pedir-volta-da-torcida-mista-para-o-ba-vi-da-final-do-baiano\/\"},\"wordCount\":221,\"commentCount\":0,\"publisher\":{\"@id\":\"https:\/\/brasilnoticias.org\/site\/#organization\"},\"image\":{\"@id\":\"https:\/\/brasilnoticias.org\/site\/presidente-do-vitoria-diz-que-vai-pedir-volta-da-torcida-mista-para-o-ba-vi-da-final-do-baiano\/#primaryimage\"},\"thumbnailUrl\":\"https:\/\/brasilnoticias.org\/site\/wp-content\/uploads\/2026\/03\/140979apos-mais-de-cinco-anos-do-ba-vi-da-paz-fim-de-torcida-unica-no-classico-e-debatido-na-al-ba-3.jpg\",\"articleSection\":[\"Esporte\",\"\u00daltimas\"],\"inLanguage\":\"pt-PT\",\"potentialAction\":[{\"@type\":\"CommentAction\",\"name\":\"Comment\",\"target\":[\"https:\/\/brasilnoticias.org\/site\/presidente-do-vitoria-diz-que-vai-pedir-volta-da-torcida-mista-para-o-ba-vi-da-final-do-baiano\/#respond\"]}]},{\"@type\":\"WebPage\",\"@id\":\"https:\/\/brasilnoticias.org\/site\/presidente-do-vitoria-diz-que-vai-pedir-volta-da-torcida-mista-para-o-ba-vi-da-final-do-baiano\/\",\"url\":\"https:\/\/brasilnoticias.org\/site\/presidente-do-vitoria-diz-que-vai-pedir-volta-da-torcida-mista-para-o-ba-vi-da-final-do-baiano\/\",\"name\":\"Presidente do Vit\u00f3ria diz que vai pedir volta da torcida mista para o BA-Vi da final do Baiano - Brasil not\u00edcias\",\"isPartOf\":{\"@id\":\"https:\/\/brasilnoticias.org\/site\/#website\"},\"primaryImageOfPage\":{\"@id\":\"https:\/\/brasilnoticias.org\/site\/presidente-do-vitoria-diz-que-vai-pedir-volta-da-torcida-mista-para-o-ba-vi-da-final-do-baiano\/#primaryimage\"},\"image\":{\"@id\":\"https:\/\/brasilnoticias.org\/site\/presidente-do-vitoria-diz-que-vai-pedir-volta-da-torcida-mista-para-o-ba-vi-da-final-do-baiano\/#primaryimage\"},\"thumbnailUrl\":\"https:\/\/brasilnoticias.org\/site\/wp-content\/uploads\/2026\/03\/140979apos-mais-de-cinco-anos-do-ba-vi-da-paz-fim-de-torcida-unica-no-classico-e-debatido-na-al-ba-3.jpg\",\"datePublished\":\"2026-03-02T10:14:41+00:00\",\"breadcrumb\":{\"@id\":\"https:\/\/brasilnoticias.org\/site\/presidente-do-vitoria-diz-que-vai-pedir-volta-da-torcida-mista-para-o-ba-vi-da-final-do-baiano\/#breadcrumb\"},\"inLanguage\":\"pt-PT\",\"potentialAction\":[{\"@type\":\"ReadAction\",\"target\":[\"https:\/\/brasilnoticias.org\/site\/presidente-do-vitoria-diz-que-vai-pedir-volta-da-torcida-mista-para-o-ba-vi-da-final-do-baiano\/\"]}]},{\"@type\":\"ImageObject\",\"inLanguage\":\"pt-PT\",\"@id\":\"https:\/\/brasilnoticias.org\/site\/presidente-do-vitoria-diz-que-vai-pedir-volta-da-torcida-mista-para-o-ba-vi-da-final-do-baiano\/#primaryimage\",\"url\":\"https:\/\/brasilnoticias.org\/site\/wp-content\/uploads\/2026\/03\/140979apos-mais-de-cinco-anos-do-ba-vi-da-paz-fim-de-torcida-unica-no-classico-e-debatido-na-al-ba-3.jpg\",\"contentUrl\":\"https:\/\/brasilnoticias.org\/site\/wp-content\/uploads\/2026\/03\/140979apos-mais-de-cinco-anos-do-ba-vi-da-paz-fim-de-torcida-unica-no-classico-e-debatido-na-al-ba-3.jpg\",\"width\":1600,\"height\":752},{\"@type\":\"BreadcrumbList\",\"@id\":\"https:\/\/brasilnoticias.org\/site\/presidente-do-vitoria-diz-que-vai-pedir-volta-da-torcida-mista-para-o-ba-vi-da-final-do-baiano\/#breadcrumb\",\"itemListElement\":[{\"@type\":\"ListItem\",\"position\":1,\"name\":\"In\u00edcio\",\"item\":\"https:\/\/brasilnoticias.org\/site\/\"},{\"@type\":\"ListItem\",\"position\":2,\"name\":\"Presidente do Vit\u00f3ria diz que vai pedir volta da torcida mista para o BA-Vi da final do Baiano\"}]},{\"@type\":\"WebSite\",\"@id\":\"https:\/\/brasilnoticias.org\/site\/#website\",\"url\":\"https:\/\/brasilnoticias.org\/site\/\",\"name\":\"Brasil not\u00edcias\",\"description\":\"Brasil not\u00edcias\",\"publisher\":{\"@id\":\"https:\/\/brasilnoticias.org\/site\/#organization\"},\"potentialAction\":[{\"@type\":\"SearchAction\",\"target\":{\"@type\":\"EntryPoint\",\"urlTemplate\":\"https:\/\/brasilnoticias.org\/site\/?s={search_term_string}\"},\"query-input\":{\"@type\":\"PropertyValueSpecification\",\"valueRequired\":true,\"valueName\":\"search_term_string\"}}],\"inLanguage\":\"pt-PT\"},{\"@type\":\"Organization\",\"@id\":\"https:\/\/brasilnoticias.org\/site\/#organization\",\"name\":\"Brasil not\u00edcias\",\"url\":\"https:\/\/brasilnoticias.org\/site\/\",\"logo\":{\"@type\":\"ImageObject\",\"inLanguage\":\"pt-PT\",\"@id\":\"https:\/\/brasilnoticias.org\/site\/#\/schema\/logo\/image\/\",\"url\":\"https:\/\/brasilnoticias.org\/site\/wp-content\/uploads\/2022\/05\/cropped-brasilnoticias-mini.jpg\",\"contentUrl\":\"https:\/\/brasilnoticias.org\/site\/wp-content\/uploads\/2022\/05\/cropped-brasilnoticias-mini.jpg\",\"width\":314,\"height\":86,\"caption\":\"Brasil not\u00edcias\"},\"image\":{\"@id\":\"https:\/\/brasilnoticias.org\/site\/#\/schema\/logo\/image\/\"}},{\"@type\":\"Person\",\"@id\":\"https:\/\/brasilnoticias.org\/site\/#\/schema\/person\/03bbbfe6c7634ad18c26444ea39049fa\",\"name\":\"Reda\u00e7\u00e3o\",\"image\":{\"@type\":\"ImageObject\",\"inLanguage\":\"pt-PT\",\"@id\":\"https:\/\/brasilnoticias.org\/site\/#\/schema\/person\/image\/\",\"url\":\"https:\/\/secure.gravatar.com\/avatar\/9ecaf7327a696cb23ad926fedded5f1f04d7049de9e445375d55b48c001a6e42?s=96&d=mm&r=g\",\"contentUrl\":\"https:\/\/secure.gravatar.com\/avatar\/9ecaf7327a696cb23ad926fedded5f1f04d7049de9e445375d55b48c001a6e42?s=96&d=mm&r=g\",\"caption\":\"Reda\u00e7\u00e3o\"},\"url\":\"https:\/\/brasilnoticias.org\/site\/author\/henrique\/\"}]}<\/script>\n<!-- \/ Yoast SEO plugin. -->","yoast_head_json":{"title":"Presidente do Vit\u00f3ria diz que vai pedir volta da torcida mista para o BA-Vi da final do Baiano - Brasil not\u00edcias","robots":{"index":"index","follow":"follow","max-snippet":"max-snippet:-1","max-image-preview":"max-image-preview:large","max-video-preview":"max-video-preview:-1"},"canonical":"https:\/\/brasilnoticias.org\/site\/presidente-do-vitoria-diz-que-vai-pedir-volta-da-torcida-mista-para-o-ba-vi-da-final-do-baiano\/","og_locale":"pt_PT","og_type":"article","og_title":"Presidente do Vit\u00f3ria diz que vai pedir volta da torcida mista para o BA-Vi da final do Baiano - Brasil not\u00edcias","og_description":"Segundo informa\u00e7\u00f5es divulgadas pelo GE Bahia, O presidente do Esporte Clube Vit\u00f3ria, Andr\u00e9 Lal\u00e3o, afirmou que pretende solicitar \u00e0 Federa\u00e7\u00e3o","og_url":"https:\/\/brasilnoticias.org\/site\/presidente-do-vitoria-diz-que-vai-pedir-volta-da-torcida-mista-para-o-ba-vi-da-final-do-baiano\/","og_site_name":"Brasil not\u00edcias","article_published_time":"2026-03-02T10:14:41+00:00","og_image":[{"width":1600,"height":752,"url":"https:\/\/brasilnoticias.org\/site\/wp-content\/uploads\/2026\/03\/140979apos-mais-de-cinco-anos-do-ba-vi-da-paz-fim-de-torcida-unica-no-classico-e-debatido-na-al-ba-3.jpg","type":"image\/jpeg"}],"author":"Reda\u00e7\u00e3o","twitter_card":"summary_large_image","twitter_misc":{"Escrito por":"Reda\u00e7\u00e3o","Tempo estimado de leitura":"1 minuto"},"schema":{"@context":"https:\/\/schema.org","@graph":[{"@type":"Article","@id":"https:\/\/brasilnoticias.org\/site\/presidente-do-vitoria-diz-que-vai-pedir-volta-da-torcida-mista-para-o-ba-vi-da-final-do-baiano\/#article","isPartOf":{"@id":"https:\/\/brasilnoticias.org\/site\/presidente-do-vitoria-diz-que-vai-pedir-volta-da-torcida-mista-para-o-ba-vi-da-final-do-baiano\/"},"author":{"name":"Reda\u00e7\u00e3o","@id":"https:\/\/brasilnoticias.org\/site\/#\/schema\/person\/03bbbfe6c7634ad18c26444ea39049fa"},"headline":"Presidente do Vit\u00f3ria diz que vai pedir volta da torcida mista para o BA-Vi da final do Baiano","datePublished":"2026-03-02T10:14:41+00:00","mainEntityOfPage":{"@id":"https:\/\/brasilnoticias.org\/site\/presidente-do-vitoria-diz-que-vai-pedir-volta-da-torcida-mista-para-o-ba-vi-da-final-do-baiano\/"},"wordCount":221,"commentCount":0,"publisher":{"@id":"https:\/\/brasilnoticias.org\/site\/#organization"},"image":{"@id":"https:\/\/brasilnoticias.org\/site\/presidente-do-vitoria-diz-que-vai-pedir-volta-da-torcida-mista-para-o-ba-vi-da-final-do-baiano\/#primaryimage"},"thumbnailUrl":"https:\/\/brasilnoticias.org\/site\/wp-content\/uploads\/2026\/03\/140979apos-mais-de-cinco-anos-do-ba-vi-da-paz-fim-de-torcida-unica-no-classico-e-debatido-na-al-ba-3.jpg","articleSection":["Esporte","\u00daltimas"],"inLanguage":"pt-PT","potentialAction":[{"@type":"CommentAction","name":"Comment","target":["https:\/\/brasilnoticias.org\/site\/presidente-do-vitoria-diz-que-vai-pedir-volta-da-torcida-mista-para-o-ba-vi-da-final-do-baiano\/#respond"]}]},{"@type":"WebPage","@id":"https:\/\/brasilnoticias.org\/site\/presidente-do-vitoria-diz-que-vai-pedir-volta-da-torcida-mista-para-o-ba-vi-da-final-do-baiano\/","url":"https:\/\/brasilnoticias.org\/site\/presidente-do-vitoria-diz-que-vai-pedir-volta-da-torcida-mista-para-o-ba-vi-da-final-do-baiano\/","name":"Presidente do Vit\u00f3ria diz que vai pedir volta da torcida mista para o BA-Vi da final do Baiano - Brasil not\u00edcias","isPartOf":{"@id":"https:\/\/brasilnoticias.org\/site\/#website"},"primaryImageOfPage":{"@id":"https:\/\/brasilnoticias.org\/site\/presidente-do-vitoria-diz-que-vai-pedir-volta-da-torcida-mista-para-o-ba-vi-da-final-do-baiano\/#primaryimage"},"image":{"@id":"https:\/\/brasilnoticias.org\/site\/presidente-do-vitoria-diz-que-vai-pedir-volta-da-torcida-mista-para-o-ba-vi-da-final-do-baiano\/#primaryimage"},"thumbnailUrl":"https:\/\/brasilnoticias.org\/site\/wp-content\/uploads\/2026\/03\/140979apos-mais-de-cinco-anos-do-ba-vi-da-paz-fim-de-torcida-unica-no-classico-e-debatido-na-al-ba-3.jpg","datePublished":"2026-03-02T10:14:41+00:00","breadcrumb":{"@id":"https:\/\/brasilnoticias.org\/site\/presidente-do-vitoria-diz-que-vai-pedir-volta-da-torcida-mista-para-o-ba-vi-da-final-do-baiano\/#breadcrumb"},"inLanguage":"pt-PT","potentialAction":[{"@type":"ReadAction","target":["https:\/\/brasilnoticias.org\/site\/presidente-do-vitoria-diz-que-vai-pedir-volta-da-torcida-mista-para-o-ba-vi-da-final-do-baiano\/"]}]},{"@type":"ImageObject","inLanguage":"pt-PT","@id":"https:\/\/brasilnoticias.org\/site\/presidente-do-vitoria-diz-que-vai-pedir-volta-da-torcida-mista-para-o-ba-vi-da-final-do-baiano\/#primaryimage","url":"https:\/\/brasilnoticias.org\/site\/wp-content\/uploads\/2026\/03\/140979apos-mais-de-cinco-anos-do-ba-vi-da-paz-fim-de-torcida-unica-no-classico-e-debatido-na-al-ba-3.jpg","contentUrl":"https:\/\/brasilnoticias.org\/site\/wp-content\/uploads\/2026\/03\/140979apos-mais-de-cinco-anos-do-ba-vi-da-paz-fim-de-torcida-unica-no-classico-e-debatido-na-al-ba-3.jpg","width":1600,"height":752},{"@type":"BreadcrumbList","@id":"https:\/\/brasilnoticias.org\/site\/presidente-do-vitoria-diz-que-vai-pedir-volta-da-torcida-mista-para-o-ba-vi-da-final-do-baiano\/#breadcrumb","itemListElement":[{"@type":"ListItem","position":1,"name":"In\u00edcio","item":"https:\/\/brasilnoticias.org\/site\/"},{"@type":"ListItem","position":2,"name":"Presidente do Vit\u00f3ria diz que vai pedir volta da torcida mista para o BA-Vi da final do Baiano"}]},{"@type":"WebSite","@id":"https:\/\/brasilnoticias.org\/site\/#website","url":"https:\/\/brasilnoticias.org\/site\/","name":"Brasil not\u00edcias","description":"Brasil not\u00edcias","publisher":{"@id":"https:\/\/brasilnoticias.org\/site\/#organization"},"potentialAction":[{"@type":"SearchAction","target":{"@type":"EntryPoint","urlTemplate":"https:\/\/brasilnoticias.org\/site\/?s={search_term_string}"},"query-input":{"@type":"PropertyValueSpecification","valueRequired":true,"valueName":"search_term_string"}}],"inLanguage":"pt-PT"},{"@type":"Organization","@id":"https:\/\/brasilnoticias.org\/site\/#organization","name":"Brasil not\u00edcias","url":"https:\/\/brasilnoticias.org\/site\/","logo":{"@type":"ImageObject","inLanguage":"pt-PT","@id":"https:\/\/brasilnoticias.org\/site\/#\/schema\/logo\/image\/","url":"https:\/\/brasilnoticias.org\/site\/wp-content\/uploads\/2022\/05\/cropped-brasilnoticias-mini.jpg","contentUrl":"https:\/\/brasilnoticias.org\/site\/wp-content\/uploads\/2022\/05\/cropped-brasilnoticias-mini.jpg","width":314,"height":86,"caption":"Brasil not\u00edcias"},"image":{"@id":"https:\/\/brasilnoticias.org\/site\/#\/schema\/logo\/image\/"}},{"@type":"Person","@id":"https:\/\/brasilnoticias.org\/site\/#\/schema\/person\/03bbbfe6c7634ad18c26444ea39049fa","name":"Reda\u00e7\u00e3o","image":{"@type":"ImageObject","inLanguage":"pt-PT","@id":"https:\/\/brasilnoticias.org\/site\/#\/schema\/person\/image\/","url":"https:\/\/secure.gravatar.com\/avatar\/9ecaf7327a696cb23ad926fedded5f1f04d7049de9e445375d55b48c001a6e42?s=96&d=mm&r=g","contentUrl":"https:\/\/secure.gravatar.com\/avatar\/9ecaf7327a696cb23ad926fedded5f1f04d7049de9e445375d55b48c001a6e42?s=96&d=mm&r=g","caption":"Reda\u00e7\u00e3o"},"url":"https:\/\/brasilnoticias.org\/site\/author\/henrique\/"}]}},"_links":{"self":[{"href":"https:\/\/brasilnoticias.org\/site\/wp-json\/wp\/v2\/posts\/20586","targetHints":{"allow":["GET"]}}],"collection":[{"href":"https:\/\/brasilnoticias.org\/site\/wp-json\/wp\/v2\/posts"}],"about":[{"href":"https:\/\/brasilnoticias.org\/site\/wp-json\/wp\/v2\/types\/post"}],"author":[{"embeddable":true,"href":"https:\/\/brasilnoticias.org\/site\/wp-json\/wp\/v2\/users\/4"}],"replies":[{"embeddable":true,"href":"https:\/\/brasilnoticias.org\/site\/wp-json\/wp\/v2\/comments?post=20586"}],"version-history":[{"count":1,"href":"https:\/\/brasilnoticias.org\/site\/wp-json\/wp\/v2\/posts\/20586\/revisions"}],"predecessor-version":[{"id":20588,"href":"https:\/\/brasilnoticias.org\/site\/wp-json\/wp\/v2\/posts\/20586\/revisions\/20588"}],"wp:featuredmedia":[{"embeddable":true,"href":"https:\/\/brasilnoticias.org\/site\/wp-json\/wp\/v2\/media\/20587"}],"wp:attachment":[{"href":"https:\/\/brasilnoticias.org\/site\/wp-json\/wp\/v2\/media?parent=20586"}],"wp:term":[{"taxonomy":"category","embeddable":true,"href":"https:\/\/brasilnoticias.org\/site\/wp-json\/wp\/v2\/categories?post=20586"},{"taxonomy":"post_tag","embeddable":true,"href":"https:\/\/brasilnoticias.org\/site\/wp-json\/wp\/v2\/tags?post=20586"}],"curies":[{"name":"wp","href":"https:\/\/api.w.org\/{rel}","templated":true}]}}