{"id":20593,"date":"2026-03-02T08:57:21","date_gmt":"2026-03-02T11:57:21","guid":{"rendered":"https:\/\/brasilnoticias.org\/site\/?p=20593"},"modified":"2026-03-02T08:58:20","modified_gmt":"2026-03-02T11:58:20","slug":"chega-a-555-mortos-nos-ataques-de-eua-e-israel-diz-midia-iraniana","status":"publish","type":"post","link":"https:\/\/brasilnoticias.org\/site\/chega-a-555-mortos-nos-ataques-de-eua-e-israel-diz-midia-iraniana\/","title":{"rendered":"Chega a 555 mortos nos ataques de EUA e Israel, diz m\u00eddia iraniana"},"content":{"rendered":"<p>Segundo informa\u00e7\u00f5es divulgadas por ag\u00eancias internacionais de not\u00edcias, a ofensiva militar desencadeada pelos Estados Unidos e por Israel contra o Ir\u00e3 desde o \u00faltimo s\u00e1bado (28) resultou em centenas de mortos e feridos, incluindo civis e militares, e desencadeou uma s\u00e9rie de retalia\u00e7\u00f5es no Oriente M\u00e9dio. As autoridades iranianas relataram que pelo menos 201 pessoas foram mortas e cerca de 747 ficaram feridas no territ\u00f3rio iraniano em decorr\u00eancia dos ataques coordenados por Washington e Tel Aviv contra alvos em v\u00e1rias prov\u00edncias do pa\u00eds.<\/p>\n<p>Entre os alvos atingidos estavam instala\u00e7\u00f5es militares e centros de comando estrat\u00e9gico, al\u00e9m de \u00e1reas urbanas, e em um epis\u00f3dio particularmente tr\u00e1gico um ataque atingiu uma escola prim\u00e1ria em Minab (sul do Ir\u00e3), onde dezenas de estudantes foram mortos e muitos ficaram feridos, de acordo com autoridades locais.<\/p>\n<p>A ofensiva tamb\u00e9m deixou v\u00edtimas entre as for\u00e7as dos pr\u00f3prios Estados Unidos, com o Pent\u00e1gono confirmando a morte de tr\u00eas militares norte-americanos e cinco outros gravemente feridos durante as opera\u00e7\u00f5es na regi\u00e3o.<\/p>\n<p>O impacto dos ataques ultrapassou as fronteiras do Ir\u00e3: retalia\u00e7\u00f5es iranianas com m\u00edsseis e drones atingiram territ\u00f3rios de Israel e v\u00e1rios pa\u00edses do Golfo, gerando mortes e ferimentos em civis e for\u00e7as locais em diferentes na\u00e7\u00f5es, segundo informa\u00e7\u00f5es coletadas por ag\u00eancias de not\u00edcias internacionais.<\/p>\n<p>O contexto dessa escalada de viol\u00eancia inclui a morte do l\u00edder supremo do Ir\u00e3, Ayatollah Ali Khamenei, que foi confirmado como sendo uma das figuras iranianas atingidas pelos ataques coordenados. A a\u00e7\u00e3o foi descrita por l\u00edderes internacionais como uma das mais significativas incurs\u00f5es militares na regi\u00e3o em d\u00e9cadas, aumentando dramaticamente as tens\u00f5es geopol\u00edticas.<\/p>\n<p>Analistas alertam que o conflito pode continuar se intensificando, com potenciais impactos na seguran\u00e7a global, pre\u00e7os de energia e diplomacia internacional, enquanto l\u00edderes e organiza\u00e7\u00f5es globais pedem solu\u00e7\u00f5es pac\u00edficas para evitar uma escalada ainda maior da crise.<\/p>\n<p>Foto: Reprodu\u00e7\u00e3o\/IDF<\/p>\n","protected":false},"excerpt":{"rendered":"<p>Segundo informa\u00e7\u00f5es divulgadas por ag\u00eancias internacionais de not\u00edcias, a ofensiva militar desencadeada pelos Estados Unidos e por Israel contra o<\/p>\n","protected":false},"author":4,"featured_media":20596,"comment_status":"open","ping_status":"open","sticky":false,"template":"","format":"standard","meta":{"colormag_page_container_layout":"default_layout","colormag_page_sidebar_layout":"default_layout","_FSMCFIC_featured_image_caption":"","_FSMCFIC_featured_image_nocaption":"","_FSMCFIC_featured_image_hide":"","footnotes":""},"categories":[6,1],"tags":[],"class_list":["post-20593","post","type-post","status-publish","format-standard","has-post-thumbnail","hentry","category-mundo","category-ultimas"],"yoast_head":"<!-- This site is optimized with the Yoast SEO plugin v27.1.1 - https:\/\/yoast.com\/product\/yoast-seo-wordpress\/ -->\n<title>Chega a 555 mortos nos ataques de EUA e Israel, diz m\u00eddia iraniana - Brasil not\u00edcias<\/title>\n<meta name=\"robots\" content=\"index, follow, max-snippet:-1, max-image-preview:large, max-video-preview:-1\" \/>\n<link rel=\"canonical\" href=\"https:\/\/brasilnoticias.org\/site\/chega-a-555-mortos-nos-ataques-de-eua-e-israel-diz-midia-iraniana\/\" \/>\n<meta property=\"og:locale\" content=\"pt_PT\" \/>\n<meta property=\"og:type\" content=\"article\" \/>\n<meta property=\"og:title\" content=\"Chega a 555 mortos nos ataques de EUA e Israel, diz m\u00eddia iraniana - Brasil not\u00edcias\" \/>\n<meta property=\"og:description\" content=\"Segundo informa\u00e7\u00f5es divulgadas por ag\u00eancias internacionais de not\u00edcias, a ofensiva militar desencadeada pelos Estados Unidos e por Israel contra o\" \/>\n<meta property=\"og:url\" content=\"https:\/\/brasilnoticias.org\/site\/chega-a-555-mortos-nos-ataques-de-eua-e-israel-diz-midia-iraniana\/\" \/>\n<meta property=\"og:site_name\" content=\"Brasil not\u00edcias\" \/>\n<meta property=\"article:published_time\" content=\"2026-03-02T11:57:21+00:00\" \/>\n<meta property=\"article:modified_time\" content=\"2026-03-02T11:58:20+00:00\" \/>\n<meta property=\"og:image\" content=\"https:\/\/brasilnoticias.org\/site\/wp-content\/uploads\/2026\/03\/178812chega-a-555-mortos-nos-ataques-de-eua-e-israel-diz-midia-iraniana-3.jpg\" \/>\n\t<meta property=\"og:image:width\" content=\"1600\" \/>\n\t<meta property=\"og:image:height\" content=\"752\" \/>\n\t<meta property=\"og:image:type\" content=\"image\/jpeg\" \/>\n<meta name=\"author\" content=\"Reda\u00e7\u00e3o\" \/>\n<meta name=\"twitter:card\" content=\"summary_large_image\" \/>\n<meta name=\"twitter:label1\" content=\"Escrito por\" \/>\n\t<meta name=\"twitter:data1\" content=\"Reda\u00e7\u00e3o\" \/>\n\t<meta name=\"twitter:label2\" content=\"Tempo estimado de leitura\" \/>\n\t<meta name=\"twitter:data2\" content=\"2 minutos\" \/>\n<script type=\"application\/ld+json\" class=\"yoast-schema-graph\">{\"@context\":\"https:\/\/schema.org\",\"@graph\":[{\"@type\":\"Article\",\"@id\":\"https:\/\/brasilnoticias.org\/site\/chega-a-555-mortos-nos-ataques-de-eua-e-israel-diz-midia-iraniana\/#article\",\"isPartOf\":{\"@id\":\"https:\/\/brasilnoticias.org\/site\/chega-a-555-mortos-nos-ataques-de-eua-e-israel-diz-midia-iraniana\/\"},\"author\":{\"name\":\"Reda\u00e7\u00e3o\",\"@id\":\"https:\/\/brasilnoticias.org\/site\/#\/schema\/person\/03bbbfe6c7634ad18c26444ea39049fa\"},\"headline\":\"Chega a 555 mortos nos ataques de EUA e Israel, diz m\u00eddia iraniana\",\"datePublished\":\"2026-03-02T11:57:21+00:00\",\"dateModified\":\"2026-03-02T11:58:20+00:00\",\"mainEntityOfPage\":{\"@id\":\"https:\/\/brasilnoticias.org\/site\/chega-a-555-mortos-nos-ataques-de-eua-e-israel-diz-midia-iraniana\/\"},\"wordCount\":362,\"commentCount\":0,\"publisher\":{\"@id\":\"https:\/\/brasilnoticias.org\/site\/#organization\"},\"image\":{\"@id\":\"https:\/\/brasilnoticias.org\/site\/chega-a-555-mortos-nos-ataques-de-eua-e-israel-diz-midia-iraniana\/#primaryimage\"},\"thumbnailUrl\":\"https:\/\/brasilnoticias.org\/site\/wp-content\/uploads\/2026\/03\/178812chega-a-555-mortos-nos-ataques-de-eua-e-israel-diz-midia-iraniana-3.jpg\",\"articleSection\":[\"Mundo\",\"\u00daltimas\"],\"inLanguage\":\"pt-PT\",\"potentialAction\":[{\"@type\":\"CommentAction\",\"name\":\"Comment\",\"target\":[\"https:\/\/brasilnoticias.org\/site\/chega-a-555-mortos-nos-ataques-de-eua-e-israel-diz-midia-iraniana\/#respond\"]}]},{\"@type\":\"WebPage\",\"@id\":\"https:\/\/brasilnoticias.org\/site\/chega-a-555-mortos-nos-ataques-de-eua-e-israel-diz-midia-iraniana\/\",\"url\":\"https:\/\/brasilnoticias.org\/site\/chega-a-555-mortos-nos-ataques-de-eua-e-israel-diz-midia-iraniana\/\",\"name\":\"Chega a 555 mortos nos ataques de EUA e Israel, diz m\u00eddia iraniana - Brasil not\u00edcias\",\"isPartOf\":{\"@id\":\"https:\/\/brasilnoticias.org\/site\/#website\"},\"primaryImageOfPage\":{\"@id\":\"https:\/\/brasilnoticias.org\/site\/chega-a-555-mortos-nos-ataques-de-eua-e-israel-diz-midia-iraniana\/#primaryimage\"},\"image\":{\"@id\":\"https:\/\/brasilnoticias.org\/site\/chega-a-555-mortos-nos-ataques-de-eua-e-israel-diz-midia-iraniana\/#primaryimage\"},\"thumbnailUrl\":\"https:\/\/brasilnoticias.org\/site\/wp-content\/uploads\/2026\/03\/178812chega-a-555-mortos-nos-ataques-de-eua-e-israel-diz-midia-iraniana-3.jpg\",\"datePublished\":\"2026-03-02T11:57:21+00:00\",\"dateModified\":\"2026-03-02T11:58:20+00:00\",\"breadcrumb\":{\"@id\":\"https:\/\/brasilnoticias.org\/site\/chega-a-555-mortos-nos-ataques-de-eua-e-israel-diz-midia-iraniana\/#breadcrumb\"},\"inLanguage\":\"pt-PT\",\"potentialAction\":[{\"@type\":\"ReadAction\",\"target\":[\"https:\/\/brasilnoticias.org\/site\/chega-a-555-mortos-nos-ataques-de-eua-e-israel-diz-midia-iraniana\/\"]}]},{\"@type\":\"ImageObject\",\"inLanguage\":\"pt-PT\",\"@id\":\"https:\/\/brasilnoticias.org\/site\/chega-a-555-mortos-nos-ataques-de-eua-e-israel-diz-midia-iraniana\/#primaryimage\",\"url\":\"https:\/\/brasilnoticias.org\/site\/wp-content\/uploads\/2026\/03\/178812chega-a-555-mortos-nos-ataques-de-eua-e-israel-diz-midia-iraniana-3.jpg\",\"contentUrl\":\"https:\/\/brasilnoticias.org\/site\/wp-content\/uploads\/2026\/03\/178812chega-a-555-mortos-nos-ataques-de-eua-e-israel-diz-midia-iraniana-3.jpg\",\"width\":1600,\"height\":752},{\"@type\":\"BreadcrumbList\",\"@id\":\"https:\/\/brasilnoticias.org\/site\/chega-a-555-mortos-nos-ataques-de-eua-e-israel-diz-midia-iraniana\/#breadcrumb\",\"itemListElement\":[{\"@type\":\"ListItem\",\"position\":1,\"name\":\"In\u00edcio\",\"item\":\"https:\/\/brasilnoticias.org\/site\/\"},{\"@type\":\"ListItem\",\"position\":2,\"name\":\"Chega a 555 mortos nos ataques de EUA e Israel, diz m\u00eddia iraniana\"}]},{\"@type\":\"WebSite\",\"@id\":\"https:\/\/brasilnoticias.org\/site\/#website\",\"url\":\"https:\/\/brasilnoticias.org\/site\/\",\"name\":\"Brasil not\u00edcias\",\"description\":\"Brasil not\u00edcias\",\"publisher\":{\"@id\":\"https:\/\/brasilnoticias.org\/site\/#organization\"},\"potentialAction\":[{\"@type\":\"SearchAction\",\"target\":{\"@type\":\"EntryPoint\",\"urlTemplate\":\"https:\/\/brasilnoticias.org\/site\/?s={search_term_string}\"},\"query-input\":{\"@type\":\"PropertyValueSpecification\",\"valueRequired\":true,\"valueName\":\"search_term_string\"}}],\"inLanguage\":\"pt-PT\"},{\"@type\":\"Organization\",\"@id\":\"https:\/\/brasilnoticias.org\/site\/#organization\",\"name\":\"Brasil not\u00edcias\",\"url\":\"https:\/\/brasilnoticias.org\/site\/\",\"logo\":{\"@type\":\"ImageObject\",\"inLanguage\":\"pt-PT\",\"@id\":\"https:\/\/brasilnoticias.org\/site\/#\/schema\/logo\/image\/\",\"url\":\"https:\/\/brasilnoticias.org\/site\/wp-content\/uploads\/2022\/05\/cropped-brasilnoticias-mini.jpg\",\"contentUrl\":\"https:\/\/brasilnoticias.org\/site\/wp-content\/uploads\/2022\/05\/cropped-brasilnoticias-mini.jpg\",\"width\":314,\"height\":86,\"caption\":\"Brasil not\u00edcias\"},\"image\":{\"@id\":\"https:\/\/brasilnoticias.org\/site\/#\/schema\/logo\/image\/\"}},{\"@type\":\"Person\",\"@id\":\"https:\/\/brasilnoticias.org\/site\/#\/schema\/person\/03bbbfe6c7634ad18c26444ea39049fa\",\"name\":\"Reda\u00e7\u00e3o\",\"image\":{\"@type\":\"ImageObject\",\"inLanguage\":\"pt-PT\",\"@id\":\"https:\/\/brasilnoticias.org\/site\/#\/schema\/person\/image\/\",\"url\":\"https:\/\/secure.gravatar.com\/avatar\/9ecaf7327a696cb23ad926fedded5f1f04d7049de9e445375d55b48c001a6e42?s=96&d=mm&r=g\",\"contentUrl\":\"https:\/\/secure.gravatar.com\/avatar\/9ecaf7327a696cb23ad926fedded5f1f04d7049de9e445375d55b48c001a6e42?s=96&d=mm&r=g\",\"caption\":\"Reda\u00e7\u00e3o\"},\"url\":\"https:\/\/brasilnoticias.org\/site\/author\/henrique\/\"}]}<\/script>\n<!-- \/ Yoast SEO plugin. -->","yoast_head_json":{"title":"Chega a 555 mortos nos ataques de EUA e Israel, diz m\u00eddia iraniana - Brasil not\u00edcias","robots":{"index":"index","follow":"follow","max-snippet":"max-snippet:-1","max-image-preview":"max-image-preview:large","max-video-preview":"max-video-preview:-1"},"canonical":"https:\/\/brasilnoticias.org\/site\/chega-a-555-mortos-nos-ataques-de-eua-e-israel-diz-midia-iraniana\/","og_locale":"pt_PT","og_type":"article","og_title":"Chega a 555 mortos nos ataques de EUA e Israel, diz m\u00eddia iraniana - Brasil not\u00edcias","og_description":"Segundo informa\u00e7\u00f5es divulgadas por ag\u00eancias internacionais de not\u00edcias, a ofensiva militar desencadeada pelos Estados Unidos e por Israel contra o","og_url":"https:\/\/brasilnoticias.org\/site\/chega-a-555-mortos-nos-ataques-de-eua-e-israel-diz-midia-iraniana\/","og_site_name":"Brasil not\u00edcias","article_published_time":"2026-03-02T11:57:21+00:00","article_modified_time":"2026-03-02T11:58:20+00:00","og_image":[{"width":1600,"height":752,"url":"https:\/\/brasilnoticias.org\/site\/wp-content\/uploads\/2026\/03\/178812chega-a-555-mortos-nos-ataques-de-eua-e-israel-diz-midia-iraniana-3.jpg","type":"image\/jpeg"}],"author":"Reda\u00e7\u00e3o","twitter_card":"summary_large_image","twitter_misc":{"Escrito por":"Reda\u00e7\u00e3o","Tempo estimado de leitura":"2 minutos"},"schema":{"@context":"https:\/\/schema.org","@graph":[{"@type":"Article","@id":"https:\/\/brasilnoticias.org\/site\/chega-a-555-mortos-nos-ataques-de-eua-e-israel-diz-midia-iraniana\/#article","isPartOf":{"@id":"https:\/\/brasilnoticias.org\/site\/chega-a-555-mortos-nos-ataques-de-eua-e-israel-diz-midia-iraniana\/"},"author":{"name":"Reda\u00e7\u00e3o","@id":"https:\/\/brasilnoticias.org\/site\/#\/schema\/person\/03bbbfe6c7634ad18c26444ea39049fa"},"headline":"Chega a 555 mortos nos ataques de EUA e Israel, diz m\u00eddia iraniana","datePublished":"2026-03-02T11:57:21+00:00","dateModified":"2026-03-02T11:58:20+00:00","mainEntityOfPage":{"@id":"https:\/\/brasilnoticias.org\/site\/chega-a-555-mortos-nos-ataques-de-eua-e-israel-diz-midia-iraniana\/"},"wordCount":362,"commentCount":0,"publisher":{"@id":"https:\/\/brasilnoticias.org\/site\/#organization"},"image":{"@id":"https:\/\/brasilnoticias.org\/site\/chega-a-555-mortos-nos-ataques-de-eua-e-israel-diz-midia-iraniana\/#primaryimage"},"thumbnailUrl":"https:\/\/brasilnoticias.org\/site\/wp-content\/uploads\/2026\/03\/178812chega-a-555-mortos-nos-ataques-de-eua-e-israel-diz-midia-iraniana-3.jpg","articleSection":["Mundo","\u00daltimas"],"inLanguage":"pt-PT","potentialAction":[{"@type":"CommentAction","name":"Comment","target":["https:\/\/brasilnoticias.org\/site\/chega-a-555-mortos-nos-ataques-de-eua-e-israel-diz-midia-iraniana\/#respond"]}]},{"@type":"WebPage","@id":"https:\/\/brasilnoticias.org\/site\/chega-a-555-mortos-nos-ataques-de-eua-e-israel-diz-midia-iraniana\/","url":"https:\/\/brasilnoticias.org\/site\/chega-a-555-mortos-nos-ataques-de-eua-e-israel-diz-midia-iraniana\/","name":"Chega a 555 mortos nos ataques de EUA e Israel, diz m\u00eddia iraniana - Brasil not\u00edcias","isPartOf":{"@id":"https:\/\/brasilnoticias.org\/site\/#website"},"primaryImageOfPage":{"@id":"https:\/\/brasilnoticias.org\/site\/chega-a-555-mortos-nos-ataques-de-eua-e-israel-diz-midia-iraniana\/#primaryimage"},"image":{"@id":"https:\/\/brasilnoticias.org\/site\/chega-a-555-mortos-nos-ataques-de-eua-e-israel-diz-midia-iraniana\/#primaryimage"},"thumbnailUrl":"https:\/\/brasilnoticias.org\/site\/wp-content\/uploads\/2026\/03\/178812chega-a-555-mortos-nos-ataques-de-eua-e-israel-diz-midia-iraniana-3.jpg","datePublished":"2026-03-02T11:57:21+00:00","dateModified":"2026-03-02T11:58:20+00:00","breadcrumb":{"@id":"https:\/\/brasilnoticias.org\/site\/chega-a-555-mortos-nos-ataques-de-eua-e-israel-diz-midia-iraniana\/#breadcrumb"},"inLanguage":"pt-PT","potentialAction":[{"@type":"ReadAction","target":["https:\/\/brasilnoticias.org\/site\/chega-a-555-mortos-nos-ataques-de-eua-e-israel-diz-midia-iraniana\/"]}]},{"@type":"ImageObject","inLanguage":"pt-PT","@id":"https:\/\/brasilnoticias.org\/site\/chega-a-555-mortos-nos-ataques-de-eua-e-israel-diz-midia-iraniana\/#primaryimage","url":"https:\/\/brasilnoticias.org\/site\/wp-content\/uploads\/2026\/03\/178812chega-a-555-mortos-nos-ataques-de-eua-e-israel-diz-midia-iraniana-3.jpg","contentUrl":"https:\/\/brasilnoticias.org\/site\/wp-content\/uploads\/2026\/03\/178812chega-a-555-mortos-nos-ataques-de-eua-e-israel-diz-midia-iraniana-3.jpg","width":1600,"height":752},{"@type":"BreadcrumbList","@id":"https:\/\/brasilnoticias.org\/site\/chega-a-555-mortos-nos-ataques-de-eua-e-israel-diz-midia-iraniana\/#breadcrumb","itemListElement":[{"@type":"ListItem","position":1,"name":"In\u00edcio","item":"https:\/\/brasilnoticias.org\/site\/"},{"@type":"ListItem","position":2,"name":"Chega a 555 mortos nos ataques de EUA e Israel, diz m\u00eddia iraniana"}]},{"@type":"WebSite","@id":"https:\/\/brasilnoticias.org\/site\/#website","url":"https:\/\/brasilnoticias.org\/site\/","name":"Brasil not\u00edcias","description":"Brasil not\u00edcias","publisher":{"@id":"https:\/\/brasilnoticias.org\/site\/#organization"},"potentialAction":[{"@type":"SearchAction","target":{"@type":"EntryPoint","urlTemplate":"https:\/\/brasilnoticias.org\/site\/?s={search_term_string}"},"query-input":{"@type":"PropertyValueSpecification","valueRequired":true,"valueName":"search_term_string"}}],"inLanguage":"pt-PT"},{"@type":"Organization","@id":"https:\/\/brasilnoticias.org\/site\/#organization","name":"Brasil not\u00edcias","url":"https:\/\/brasilnoticias.org\/site\/","logo":{"@type":"ImageObject","inLanguage":"pt-PT","@id":"https:\/\/brasilnoticias.org\/site\/#\/schema\/logo\/image\/","url":"https:\/\/brasilnoticias.org\/site\/wp-content\/uploads\/2022\/05\/cropped-brasilnoticias-mini.jpg","contentUrl":"https:\/\/brasilnoticias.org\/site\/wp-content\/uploads\/2022\/05\/cropped-brasilnoticias-mini.jpg","width":314,"height":86,"caption":"Brasil not\u00edcias"},"image":{"@id":"https:\/\/brasilnoticias.org\/site\/#\/schema\/logo\/image\/"}},{"@type":"Person","@id":"https:\/\/brasilnoticias.org\/site\/#\/schema\/person\/03bbbfe6c7634ad18c26444ea39049fa","name":"Reda\u00e7\u00e3o","image":{"@type":"ImageObject","inLanguage":"pt-PT","@id":"https:\/\/brasilnoticias.org\/site\/#\/schema\/person\/image\/","url":"https:\/\/secure.gravatar.com\/avatar\/9ecaf7327a696cb23ad926fedded5f1f04d7049de9e445375d55b48c001a6e42?s=96&d=mm&r=g","contentUrl":"https:\/\/secure.gravatar.com\/avatar\/9ecaf7327a696cb23ad926fedded5f1f04d7049de9e445375d55b48c001a6e42?s=96&d=mm&r=g","caption":"Reda\u00e7\u00e3o"},"url":"https:\/\/brasilnoticias.org\/site\/author\/henrique\/"}]}},"_links":{"self":[{"href":"https:\/\/brasilnoticias.org\/site\/wp-json\/wp\/v2\/posts\/20593","targetHints":{"allow":["GET"]}}],"collection":[{"href":"https:\/\/brasilnoticias.org\/site\/wp-json\/wp\/v2\/posts"}],"about":[{"href":"https:\/\/brasilnoticias.org\/site\/wp-json\/wp\/v2\/types\/post"}],"author":[{"embeddable":true,"href":"https:\/\/brasilnoticias.org\/site\/wp-json\/wp\/v2\/users\/4"}],"replies":[{"embeddable":true,"href":"https:\/\/brasilnoticias.org\/site\/wp-json\/wp\/v2\/comments?post=20593"}],"version-history":[{"count":2,"href":"https:\/\/brasilnoticias.org\/site\/wp-json\/wp\/v2\/posts\/20593\/revisions"}],"predecessor-version":[{"id":20598,"href":"https:\/\/brasilnoticias.org\/site\/wp-json\/wp\/v2\/posts\/20593\/revisions\/20598"}],"wp:featuredmedia":[{"embeddable":true,"href":"https:\/\/brasilnoticias.org\/site\/wp-json\/wp\/v2\/media\/20596"}],"wp:attachment":[{"href":"https:\/\/brasilnoticias.org\/site\/wp-json\/wp\/v2\/media?parent=20593"}],"wp:term":[{"taxonomy":"category","embeddable":true,"href":"https:\/\/brasilnoticias.org\/site\/wp-json\/wp\/v2\/categories?post=20593"},{"taxonomy":"post_tag","embeddable":true,"href":"https:\/\/brasilnoticias.org\/site\/wp-json\/wp\/v2\/tags?post=20593"}],"curies":[{"name":"wp","href":"https:\/\/api.w.org\/{rel}","templated":true}]}}