{"id":20608,"date":"2026-03-02T11:17:54","date_gmt":"2026-03-02T14:17:54","guid":{"rendered":"https:\/\/brasilnoticias.org\/site\/?p=20608"},"modified":"2026-03-02T11:17:54","modified_gmt":"2026-03-02T14:17:54","slug":"cop30-mapas-do-caminho-para-clima-devem-ser-concluidos-ate-novembro-de-2026","status":"publish","type":"post","link":"https:\/\/brasilnoticias.org\/site\/cop30-mapas-do-caminho-para-clima-devem-ser-concluidos-ate-novembro-de-2026\/","title":{"rendered":"COP30: mapas do caminho para clima devem ser conclu\u00eddos at\u00e9 novembro de 2026"},"content":{"rendered":"<p>Segundo informa\u00e7\u00f5es divulgadas pela Ag\u00eancia Brasil, a presid\u00eancia da 30\u00aa Confer\u00eancia das Na\u00e7\u00f5es Unidas sobre Mudan\u00e7a do Clima (COP30) anunciou que os **\u201cmapas do caminho\u201d \u2014 planos detalhados para orientar a transi\u00e7\u00e3o clim\u00e1tica global em temas como o fim dos combust\u00edveis f\u00f3sseis e a revers\u00e3o do desmatamento \u2014 ser\u00e3o conclu\u00eddos ao longo de 2026 e apresentados at\u00e9 a pr\u00f3xima edi\u00e7\u00e3o do evento, marcada para novembro de 2026.<\/p>\n<p>Esses mapas do caminho foram prioridades destacadas durante as negocia\u00e7\u00f5es da COP30, realizada em Bel\u00e9m (PA) em novembro de 2025, mas n\u00e3o foram inclu\u00eddos no texto final de consenso entre os pa\u00edses presentes, deixando em aberto a defini\u00e7\u00e3o de metas e a\u00e7\u00f5es espec\u00edficas.<\/p>\n<p>Para continuar o trabalho, a presid\u00eancia da COP30 est\u00e1 promovendo consultas abertas at\u00e9 o final de mar\u00e7o de 2026, quando governos, observadores e partes interessadas podem enviar contribui\u00e7\u00f5es que ser\u00e3o consideradas na formula\u00e7\u00e3o dos documentos finais. Entre os temas em debate est\u00e3o a transi\u00e7\u00e3o justa para energias limpas sem combust\u00edveis f\u00f3sseis e a\u00e7\u00f5es para conter e reverter o desmatamento global at\u00e9 2030, temas centrais na agenda clim\u00e1tica internacional.<\/p>\n<p>Ap\u00f3s a conclus\u00e3o desses mapas do caminho, que precisar\u00e3o refletir as contribui\u00e7\u00f5es recebidas e incorporar estrat\u00e9gias pr\u00e1ticas, eles devem ser apresentados com maior detalhes na COP31, a confer\u00eancia seguinte das Na\u00e7\u00f5es Unidas sobre clima, prevista para novembro de 2026 na Turquia.<\/p>\n<p>A iniciativa de continuar o desenvolvimento desses planos fora do texto final da COP30 reflete a complexidade das negocia\u00e7\u00f5es clim\u00e1ticas globais e a necessidade de um processo colaborativo que envolva uma ampla gama de pa\u00edses e setores, garantindo que os pr\u00f3ximos passos sejam eficazes na mitiga\u00e7\u00e3o dos efeitos das mudan\u00e7as clim\u00e1ticas.<\/p>\n<p>Foto: Marcelo Camargo\/Ag\u00eancia Brasil<\/p>\n","protected":false},"excerpt":{"rendered":"<p>Segundo informa\u00e7\u00f5es divulgadas pela Ag\u00eancia Brasil, a presid\u00eancia da 30\u00aa Confer\u00eancia das Na\u00e7\u00f5es Unidas sobre Mudan\u00e7a do Clima (COP30) anunciou<\/p>\n","protected":false},"author":4,"featured_media":20609,"comment_status":"open","ping_status":"open","sticky":false,"template":"","format":"standard","meta":{"colormag_page_container_layout":"default_layout","colormag_page_sidebar_layout":"default_layout","_FSMCFIC_featured_image_caption":"","_FSMCFIC_featured_image_nocaption":"","_FSMCFIC_featured_image_hide":"","footnotes":""},"categories":[2,1],"tags":[],"class_list":["post-20608","post","type-post","status-publish","format-standard","has-post-thumbnail","hentry","category-noticias","category-ultimas"],"yoast_head":"<!-- This site is optimized with the Yoast SEO plugin v27.1.1 - https:\/\/yoast.com\/product\/yoast-seo-wordpress\/ -->\n<title>COP30: mapas do caminho para clima devem ser conclu\u00eddos at\u00e9 novembro de 2026 - Brasil not\u00edcias<\/title>\n<meta name=\"robots\" content=\"index, follow, max-snippet:-1, max-image-preview:large, max-video-preview:-1\" \/>\n<link rel=\"canonical\" href=\"https:\/\/brasilnoticias.org\/site\/cop30-mapas-do-caminho-para-clima-devem-ser-concluidos-ate-novembro-de-2026\/\" \/>\n<meta property=\"og:locale\" content=\"pt_PT\" \/>\n<meta property=\"og:type\" content=\"article\" \/>\n<meta property=\"og:title\" content=\"COP30: mapas do caminho para clima devem ser conclu\u00eddos at\u00e9 novembro de 2026 - Brasil not\u00edcias\" \/>\n<meta property=\"og:description\" content=\"Segundo informa\u00e7\u00f5es divulgadas pela Ag\u00eancia Brasil, a presid\u00eancia da 30\u00aa Confer\u00eancia das Na\u00e7\u00f5es Unidas sobre Mudan\u00e7a do Clima (COP30) anunciou\" \/>\n<meta property=\"og:url\" content=\"https:\/\/brasilnoticias.org\/site\/cop30-mapas-do-caminho-para-clima-devem-ser-concluidos-ate-novembro-de-2026\/\" \/>\n<meta property=\"og:site_name\" content=\"Brasil not\u00edcias\" \/>\n<meta property=\"article:published_time\" content=\"2026-03-02T14:17:54+00:00\" \/>\n<meta property=\"og:image\" content=\"https:\/\/brasilnoticias.org\/site\/wp-content\/uploads\/2026\/03\/andre-correa-lago-mc_abr_27022026-2.webp\" \/>\n\t<meta property=\"og:image:width\" content=\"1170\" \/>\n\t<meta property=\"og:image:height\" content=\"700\" \/>\n\t<meta property=\"og:image:type\" content=\"image\/webp\" \/>\n<meta name=\"author\" content=\"Reda\u00e7\u00e3o\" \/>\n<meta name=\"twitter:card\" content=\"summary_large_image\" \/>\n<meta name=\"twitter:label1\" content=\"Escrito por\" \/>\n\t<meta name=\"twitter:data1\" content=\"Reda\u00e7\u00e3o\" \/>\n\t<meta name=\"twitter:label2\" content=\"Tempo estimado de leitura\" \/>\n\t<meta name=\"twitter:data2\" content=\"1 minuto\" \/>\n<script type=\"application\/ld+json\" class=\"yoast-schema-graph\">{\"@context\":\"https:\/\/schema.org\",\"@graph\":[{\"@type\":\"Article\",\"@id\":\"https:\/\/brasilnoticias.org\/site\/cop30-mapas-do-caminho-para-clima-devem-ser-concluidos-ate-novembro-de-2026\/#article\",\"isPartOf\":{\"@id\":\"https:\/\/brasilnoticias.org\/site\/cop30-mapas-do-caminho-para-clima-devem-ser-concluidos-ate-novembro-de-2026\/\"},\"author\":{\"name\":\"Reda\u00e7\u00e3o\",\"@id\":\"https:\/\/brasilnoticias.org\/site\/#\/schema\/person\/03bbbfe6c7634ad18c26444ea39049fa\"},\"headline\":\"COP30: mapas do caminho para clima devem ser conclu\u00eddos at\u00e9 novembro de 2026\",\"datePublished\":\"2026-03-02T14:17:54+00:00\",\"mainEntityOfPage\":{\"@id\":\"https:\/\/brasilnoticias.org\/site\/cop30-mapas-do-caminho-para-clima-devem-ser-concluidos-ate-novembro-de-2026\/\"},\"wordCount\":329,\"commentCount\":0,\"publisher\":{\"@id\":\"https:\/\/brasilnoticias.org\/site\/#organization\"},\"image\":{\"@id\":\"https:\/\/brasilnoticias.org\/site\/cop30-mapas-do-caminho-para-clima-devem-ser-concluidos-ate-novembro-de-2026\/#primaryimage\"},\"thumbnailUrl\":\"https:\/\/brasilnoticias.org\/site\/wp-content\/uploads\/2026\/03\/andre-correa-lago-mc_abr_27022026-2.webp\",\"articleSection\":[\"Not\u00edcias\",\"\u00daltimas\"],\"inLanguage\":\"pt-PT\",\"potentialAction\":[{\"@type\":\"CommentAction\",\"name\":\"Comment\",\"target\":[\"https:\/\/brasilnoticias.org\/site\/cop30-mapas-do-caminho-para-clima-devem-ser-concluidos-ate-novembro-de-2026\/#respond\"]}]},{\"@type\":\"WebPage\",\"@id\":\"https:\/\/brasilnoticias.org\/site\/cop30-mapas-do-caminho-para-clima-devem-ser-concluidos-ate-novembro-de-2026\/\",\"url\":\"https:\/\/brasilnoticias.org\/site\/cop30-mapas-do-caminho-para-clima-devem-ser-concluidos-ate-novembro-de-2026\/\",\"name\":\"COP30: mapas do caminho para clima devem ser conclu\u00eddos at\u00e9 novembro de 2026 - Brasil not\u00edcias\",\"isPartOf\":{\"@id\":\"https:\/\/brasilnoticias.org\/site\/#website\"},\"primaryImageOfPage\":{\"@id\":\"https:\/\/brasilnoticias.org\/site\/cop30-mapas-do-caminho-para-clima-devem-ser-concluidos-ate-novembro-de-2026\/#primaryimage\"},\"image\":{\"@id\":\"https:\/\/brasilnoticias.org\/site\/cop30-mapas-do-caminho-para-clima-devem-ser-concluidos-ate-novembro-de-2026\/#primaryimage\"},\"thumbnailUrl\":\"https:\/\/brasilnoticias.org\/site\/wp-content\/uploads\/2026\/03\/andre-correa-lago-mc_abr_27022026-2.webp\",\"datePublished\":\"2026-03-02T14:17:54+00:00\",\"breadcrumb\":{\"@id\":\"https:\/\/brasilnoticias.org\/site\/cop30-mapas-do-caminho-para-clima-devem-ser-concluidos-ate-novembro-de-2026\/#breadcrumb\"},\"inLanguage\":\"pt-PT\",\"potentialAction\":[{\"@type\":\"ReadAction\",\"target\":[\"https:\/\/brasilnoticias.org\/site\/cop30-mapas-do-caminho-para-clima-devem-ser-concluidos-ate-novembro-de-2026\/\"]}]},{\"@type\":\"ImageObject\",\"inLanguage\":\"pt-PT\",\"@id\":\"https:\/\/brasilnoticias.org\/site\/cop30-mapas-do-caminho-para-clima-devem-ser-concluidos-ate-novembro-de-2026\/#primaryimage\",\"url\":\"https:\/\/brasilnoticias.org\/site\/wp-content\/uploads\/2026\/03\/andre-correa-lago-mc_abr_27022026-2.webp\",\"contentUrl\":\"https:\/\/brasilnoticias.org\/site\/wp-content\/uploads\/2026\/03\/andre-correa-lago-mc_abr_27022026-2.webp\",\"width\":1170,\"height\":700},{\"@type\":\"BreadcrumbList\",\"@id\":\"https:\/\/brasilnoticias.org\/site\/cop30-mapas-do-caminho-para-clima-devem-ser-concluidos-ate-novembro-de-2026\/#breadcrumb\",\"itemListElement\":[{\"@type\":\"ListItem\",\"position\":1,\"name\":\"In\u00edcio\",\"item\":\"https:\/\/brasilnoticias.org\/site\/\"},{\"@type\":\"ListItem\",\"position\":2,\"name\":\"COP30: mapas do caminho para clima devem ser conclu\u00eddos at\u00e9 novembro de 2026\"}]},{\"@type\":\"WebSite\",\"@id\":\"https:\/\/brasilnoticias.org\/site\/#website\",\"url\":\"https:\/\/brasilnoticias.org\/site\/\",\"name\":\"Brasil not\u00edcias\",\"description\":\"Brasil not\u00edcias\",\"publisher\":{\"@id\":\"https:\/\/brasilnoticias.org\/site\/#organization\"},\"potentialAction\":[{\"@type\":\"SearchAction\",\"target\":{\"@type\":\"EntryPoint\",\"urlTemplate\":\"https:\/\/brasilnoticias.org\/site\/?s={search_term_string}\"},\"query-input\":{\"@type\":\"PropertyValueSpecification\",\"valueRequired\":true,\"valueName\":\"search_term_string\"}}],\"inLanguage\":\"pt-PT\"},{\"@type\":\"Organization\",\"@id\":\"https:\/\/brasilnoticias.org\/site\/#organization\",\"name\":\"Brasil not\u00edcias\",\"url\":\"https:\/\/brasilnoticias.org\/site\/\",\"logo\":{\"@type\":\"ImageObject\",\"inLanguage\":\"pt-PT\",\"@id\":\"https:\/\/brasilnoticias.org\/site\/#\/schema\/logo\/image\/\",\"url\":\"https:\/\/brasilnoticias.org\/site\/wp-content\/uploads\/2022\/05\/cropped-brasilnoticias-mini.jpg\",\"contentUrl\":\"https:\/\/brasilnoticias.org\/site\/wp-content\/uploads\/2022\/05\/cropped-brasilnoticias-mini.jpg\",\"width\":314,\"height\":86,\"caption\":\"Brasil not\u00edcias\"},\"image\":{\"@id\":\"https:\/\/brasilnoticias.org\/site\/#\/schema\/logo\/image\/\"}},{\"@type\":\"Person\",\"@id\":\"https:\/\/brasilnoticias.org\/site\/#\/schema\/person\/03bbbfe6c7634ad18c26444ea39049fa\",\"name\":\"Reda\u00e7\u00e3o\",\"image\":{\"@type\":\"ImageObject\",\"inLanguage\":\"pt-PT\",\"@id\":\"https:\/\/brasilnoticias.org\/site\/#\/schema\/person\/image\/\",\"url\":\"https:\/\/secure.gravatar.com\/avatar\/9ecaf7327a696cb23ad926fedded5f1f04d7049de9e445375d55b48c001a6e42?s=96&d=mm&r=g\",\"contentUrl\":\"https:\/\/secure.gravatar.com\/avatar\/9ecaf7327a696cb23ad926fedded5f1f04d7049de9e445375d55b48c001a6e42?s=96&d=mm&r=g\",\"caption\":\"Reda\u00e7\u00e3o\"},\"url\":\"https:\/\/brasilnoticias.org\/site\/author\/henrique\/\"}]}<\/script>\n<!-- \/ Yoast SEO plugin. -->","yoast_head_json":{"title":"COP30: mapas do caminho para clima devem ser conclu\u00eddos at\u00e9 novembro de 2026 - Brasil not\u00edcias","robots":{"index":"index","follow":"follow","max-snippet":"max-snippet:-1","max-image-preview":"max-image-preview:large","max-video-preview":"max-video-preview:-1"},"canonical":"https:\/\/brasilnoticias.org\/site\/cop30-mapas-do-caminho-para-clima-devem-ser-concluidos-ate-novembro-de-2026\/","og_locale":"pt_PT","og_type":"article","og_title":"COP30: mapas do caminho para clima devem ser conclu\u00eddos at\u00e9 novembro de 2026 - Brasil not\u00edcias","og_description":"Segundo informa\u00e7\u00f5es divulgadas pela Ag\u00eancia Brasil, a presid\u00eancia da 30\u00aa Confer\u00eancia das Na\u00e7\u00f5es Unidas sobre Mudan\u00e7a do Clima (COP30) anunciou","og_url":"https:\/\/brasilnoticias.org\/site\/cop30-mapas-do-caminho-para-clima-devem-ser-concluidos-ate-novembro-de-2026\/","og_site_name":"Brasil not\u00edcias","article_published_time":"2026-03-02T14:17:54+00:00","og_image":[{"width":1170,"height":700,"url":"https:\/\/brasilnoticias.org\/site\/wp-content\/uploads\/2026\/03\/andre-correa-lago-mc_abr_27022026-2.webp","type":"image\/webp"}],"author":"Reda\u00e7\u00e3o","twitter_card":"summary_large_image","twitter_misc":{"Escrito por":"Reda\u00e7\u00e3o","Tempo estimado de leitura":"1 minuto"},"schema":{"@context":"https:\/\/schema.org","@graph":[{"@type":"Article","@id":"https:\/\/brasilnoticias.org\/site\/cop30-mapas-do-caminho-para-clima-devem-ser-concluidos-ate-novembro-de-2026\/#article","isPartOf":{"@id":"https:\/\/brasilnoticias.org\/site\/cop30-mapas-do-caminho-para-clima-devem-ser-concluidos-ate-novembro-de-2026\/"},"author":{"name":"Reda\u00e7\u00e3o","@id":"https:\/\/brasilnoticias.org\/site\/#\/schema\/person\/03bbbfe6c7634ad18c26444ea39049fa"},"headline":"COP30: mapas do caminho para clima devem ser conclu\u00eddos at\u00e9 novembro de 2026","datePublished":"2026-03-02T14:17:54+00:00","mainEntityOfPage":{"@id":"https:\/\/brasilnoticias.org\/site\/cop30-mapas-do-caminho-para-clima-devem-ser-concluidos-ate-novembro-de-2026\/"},"wordCount":329,"commentCount":0,"publisher":{"@id":"https:\/\/brasilnoticias.org\/site\/#organization"},"image":{"@id":"https:\/\/brasilnoticias.org\/site\/cop30-mapas-do-caminho-para-clima-devem-ser-concluidos-ate-novembro-de-2026\/#primaryimage"},"thumbnailUrl":"https:\/\/brasilnoticias.org\/site\/wp-content\/uploads\/2026\/03\/andre-correa-lago-mc_abr_27022026-2.webp","articleSection":["Not\u00edcias","\u00daltimas"],"inLanguage":"pt-PT","potentialAction":[{"@type":"CommentAction","name":"Comment","target":["https:\/\/brasilnoticias.org\/site\/cop30-mapas-do-caminho-para-clima-devem-ser-concluidos-ate-novembro-de-2026\/#respond"]}]},{"@type":"WebPage","@id":"https:\/\/brasilnoticias.org\/site\/cop30-mapas-do-caminho-para-clima-devem-ser-concluidos-ate-novembro-de-2026\/","url":"https:\/\/brasilnoticias.org\/site\/cop30-mapas-do-caminho-para-clima-devem-ser-concluidos-ate-novembro-de-2026\/","name":"COP30: mapas do caminho para clima devem ser conclu\u00eddos at\u00e9 novembro de 2026 - Brasil not\u00edcias","isPartOf":{"@id":"https:\/\/brasilnoticias.org\/site\/#website"},"primaryImageOfPage":{"@id":"https:\/\/brasilnoticias.org\/site\/cop30-mapas-do-caminho-para-clima-devem-ser-concluidos-ate-novembro-de-2026\/#primaryimage"},"image":{"@id":"https:\/\/brasilnoticias.org\/site\/cop30-mapas-do-caminho-para-clima-devem-ser-concluidos-ate-novembro-de-2026\/#primaryimage"},"thumbnailUrl":"https:\/\/brasilnoticias.org\/site\/wp-content\/uploads\/2026\/03\/andre-correa-lago-mc_abr_27022026-2.webp","datePublished":"2026-03-02T14:17:54+00:00","breadcrumb":{"@id":"https:\/\/brasilnoticias.org\/site\/cop30-mapas-do-caminho-para-clima-devem-ser-concluidos-ate-novembro-de-2026\/#breadcrumb"},"inLanguage":"pt-PT","potentialAction":[{"@type":"ReadAction","target":["https:\/\/brasilnoticias.org\/site\/cop30-mapas-do-caminho-para-clima-devem-ser-concluidos-ate-novembro-de-2026\/"]}]},{"@type":"ImageObject","inLanguage":"pt-PT","@id":"https:\/\/brasilnoticias.org\/site\/cop30-mapas-do-caminho-para-clima-devem-ser-concluidos-ate-novembro-de-2026\/#primaryimage","url":"https:\/\/brasilnoticias.org\/site\/wp-content\/uploads\/2026\/03\/andre-correa-lago-mc_abr_27022026-2.webp","contentUrl":"https:\/\/brasilnoticias.org\/site\/wp-content\/uploads\/2026\/03\/andre-correa-lago-mc_abr_27022026-2.webp","width":1170,"height":700},{"@type":"BreadcrumbList","@id":"https:\/\/brasilnoticias.org\/site\/cop30-mapas-do-caminho-para-clima-devem-ser-concluidos-ate-novembro-de-2026\/#breadcrumb","itemListElement":[{"@type":"ListItem","position":1,"name":"In\u00edcio","item":"https:\/\/brasilnoticias.org\/site\/"},{"@type":"ListItem","position":2,"name":"COP30: mapas do caminho para clima devem ser conclu\u00eddos at\u00e9 novembro de 2026"}]},{"@type":"WebSite","@id":"https:\/\/brasilnoticias.org\/site\/#website","url":"https:\/\/brasilnoticias.org\/site\/","name":"Brasil not\u00edcias","description":"Brasil not\u00edcias","publisher":{"@id":"https:\/\/brasilnoticias.org\/site\/#organization"},"potentialAction":[{"@type":"SearchAction","target":{"@type":"EntryPoint","urlTemplate":"https:\/\/brasilnoticias.org\/site\/?s={search_term_string}"},"query-input":{"@type":"PropertyValueSpecification","valueRequired":true,"valueName":"search_term_string"}}],"inLanguage":"pt-PT"},{"@type":"Organization","@id":"https:\/\/brasilnoticias.org\/site\/#organization","name":"Brasil not\u00edcias","url":"https:\/\/brasilnoticias.org\/site\/","logo":{"@type":"ImageObject","inLanguage":"pt-PT","@id":"https:\/\/brasilnoticias.org\/site\/#\/schema\/logo\/image\/","url":"https:\/\/brasilnoticias.org\/site\/wp-content\/uploads\/2022\/05\/cropped-brasilnoticias-mini.jpg","contentUrl":"https:\/\/brasilnoticias.org\/site\/wp-content\/uploads\/2022\/05\/cropped-brasilnoticias-mini.jpg","width":314,"height":86,"caption":"Brasil not\u00edcias"},"image":{"@id":"https:\/\/brasilnoticias.org\/site\/#\/schema\/logo\/image\/"}},{"@type":"Person","@id":"https:\/\/brasilnoticias.org\/site\/#\/schema\/person\/03bbbfe6c7634ad18c26444ea39049fa","name":"Reda\u00e7\u00e3o","image":{"@type":"ImageObject","inLanguage":"pt-PT","@id":"https:\/\/brasilnoticias.org\/site\/#\/schema\/person\/image\/","url":"https:\/\/secure.gravatar.com\/avatar\/9ecaf7327a696cb23ad926fedded5f1f04d7049de9e445375d55b48c001a6e42?s=96&d=mm&r=g","contentUrl":"https:\/\/secure.gravatar.com\/avatar\/9ecaf7327a696cb23ad926fedded5f1f04d7049de9e445375d55b48c001a6e42?s=96&d=mm&r=g","caption":"Reda\u00e7\u00e3o"},"url":"https:\/\/brasilnoticias.org\/site\/author\/henrique\/"}]}},"_links":{"self":[{"href":"https:\/\/brasilnoticias.org\/site\/wp-json\/wp\/v2\/posts\/20608","targetHints":{"allow":["GET"]}}],"collection":[{"href":"https:\/\/brasilnoticias.org\/site\/wp-json\/wp\/v2\/posts"}],"about":[{"href":"https:\/\/brasilnoticias.org\/site\/wp-json\/wp\/v2\/types\/post"}],"author":[{"embeddable":true,"href":"https:\/\/brasilnoticias.org\/site\/wp-json\/wp\/v2\/users\/4"}],"replies":[{"embeddable":true,"href":"https:\/\/brasilnoticias.org\/site\/wp-json\/wp\/v2\/comments?post=20608"}],"version-history":[{"count":1,"href":"https:\/\/brasilnoticias.org\/site\/wp-json\/wp\/v2\/posts\/20608\/revisions"}],"predecessor-version":[{"id":20610,"href":"https:\/\/brasilnoticias.org\/site\/wp-json\/wp\/v2\/posts\/20608\/revisions\/20610"}],"wp:featuredmedia":[{"embeddable":true,"href":"https:\/\/brasilnoticias.org\/site\/wp-json\/wp\/v2\/media\/20609"}],"wp:attachment":[{"href":"https:\/\/brasilnoticias.org\/site\/wp-json\/wp\/v2\/media?parent=20608"}],"wp:term":[{"taxonomy":"category","embeddable":true,"href":"https:\/\/brasilnoticias.org\/site\/wp-json\/wp\/v2\/categories?post=20608"},{"taxonomy":"post_tag","embeddable":true,"href":"https:\/\/brasilnoticias.org\/site\/wp-json\/wp\/v2\/tags?post=20608"}],"curies":[{"name":"wp","href":"https:\/\/api.w.org\/{rel}","templated":true}]}}