{"id":20611,"date":"2026-03-02T11:25:49","date_gmt":"2026-03-02T14:25:49","guid":{"rendered":"https:\/\/brasilnoticias.org\/site\/?p=20611"},"modified":"2026-03-02T11:25:49","modified_gmt":"2026-03-02T14:25:49","slug":"secretario-de-defesa-dos-eua-diz-que-nao-iniciaram-guerra-com-o-ira-mas-que-vao-termina-la-la","status":"publish","type":"post","link":"https:\/\/brasilnoticias.org\/site\/secretario-de-defesa-dos-eua-diz-que-nao-iniciaram-guerra-com-o-ira-mas-que-vao-termina-la-la\/","title":{"rendered":"Secret\u00e1rio de Defesa dos EUA diz que n\u00e3o iniciaram guerra com o Ir\u00e3, mas que v\u00e3o \u201ctermin\u00e1-la l\u00e1\u201d"},"content":{"rendered":"<p>Segundo informa\u00e7\u00f5es divulgadas pelo Metro1, o secret\u00e1rio de Defesa dos Estados Unidos, Lloyd Austin, afirmou que os EUA n\u00e3o iniciaram um conflito militar com o Ir\u00e3, apesar da escalada recente de confrontos, mas ressaltou que os norte-americanos \u201cv\u00e3o terminar essa guerra l\u00e1\u201d, referindo-se ao teatro de opera\u00e7\u00f5es no Oriente M\u00e9dio.<\/p>\n<p>A declara\u00e7\u00e3o foi dada em entrevista coletiva em Washington, em que Austin explicou que os recentes ataques realizados pela coaliz\u00e3o liderada pelos EUA e por Israel contra posi\u00e7\u00f5es iranianas n\u00e3o devem ser interpretados como o in\u00edcio de um novo conflito aberto, mas sim como uma resposta a amea\u00e7as percebidas \u00e0 seguran\u00e7a dos interesses norte-americanos e de seus aliados na regi\u00e3o.<\/p>\n<p>Apesar da tentativa de minimizar a defini\u00e7\u00e3o de \u201cguerra\u201d, o secret\u00e1rio de Defesa destacou que as a\u00e7\u00f5es militares visam \u201cgarantir que o Ir\u00e3 n\u00e3o possa continuar a amea\u00e7ar nossos aliados e nossos soldados\u201d, sugerindo que as opera\u00e7\u00f5es podem persistir enquanto esse objetivo n\u00e3o for alcan\u00e7ado.<\/p>\n<p>A postura dos EUA ocorre em meio a relatos internacionais de ataques e retalia\u00e7\u00f5es m\u00fatuas entre for\u00e7as iranianas e militares dos EUA e aliados, incluindo lan\u00e7amentos de m\u00edsseis, drones e bombardeios em diferentes \u00e1reas do Oriente M\u00e9dio, que j\u00e1 resultaram em mortes e feridos entre civis e militares de ambos os lados.<\/p>\n<p>Especialistas em seguran\u00e7a internacional afirmam que a afirma\u00e7\u00e3o de Austin reflete uma estrat\u00e9gia de dissuas\u00e3o, em que os EUA enfatizam que n\u00e3o buscam um conflito totalizado, mas tampouco recuar\u00e3o diante de amea\u00e7as consideradas cr\u00edticas para a estabilidade regional.<\/p>\n<p>A declara\u00e7\u00e3o tamb\u00e9m segue um momento de intensa discuss\u00e3o entre l\u00edderes pol\u00edticos e militares em todo o mundo sobre a melhor maneira de evitar que a escalada atual se transforme em um confronto ainda mais amplo envolvendo outros pa\u00edses do Oriente M\u00e9dio e al\u00e9m.<\/p>\n<p>Foto: Official White House Photo by Daniel Torok<\/p>\n","protected":false},"excerpt":{"rendered":"<p>Segundo informa\u00e7\u00f5es divulgadas pelo Metro1, o secret\u00e1rio de Defesa dos Estados Unidos, Lloyd Austin, afirmou que os EUA n\u00e3o iniciaram<\/p>\n","protected":false},"author":4,"featured_media":20612,"comment_status":"open","ping_status":"open","sticky":false,"template":"","format":"standard","meta":{"colormag_page_container_layout":"default_layout","colormag_page_sidebar_layout":"default_layout","_FSMCFIC_featured_image_caption":"","_FSMCFIC_featured_image_nocaption":"","_FSMCFIC_featured_image_hide":"","footnotes":""},"categories":[6,1],"tags":[],"class_list":["post-20611","post","type-post","status-publish","format-standard","has-post-thumbnail","hentry","category-mundo","category-ultimas"],"yoast_head":"<!-- This site is optimized with the Yoast SEO plugin v27.1.1 - https:\/\/yoast.com\/product\/yoast-seo-wordpress\/ -->\n<title>Secret\u00e1rio de Defesa dos EUA diz que n\u00e3o iniciaram guerra com o Ir\u00e3, mas que v\u00e3o \u201ctermin\u00e1-la l\u00e1\u201d - Brasil not\u00edcias<\/title>\n<meta name=\"robots\" content=\"index, follow, max-snippet:-1, max-image-preview:large, max-video-preview:-1\" \/>\n<link rel=\"canonical\" href=\"https:\/\/brasilnoticias.org\/site\/secretario-de-defesa-dos-eua-diz-que-nao-iniciaram-guerra-com-o-ira-mas-que-vao-termina-la-la\/\" \/>\n<meta property=\"og:locale\" content=\"pt_PT\" \/>\n<meta property=\"og:type\" content=\"article\" \/>\n<meta property=\"og:title\" content=\"Secret\u00e1rio de Defesa dos EUA diz que n\u00e3o iniciaram guerra com o Ir\u00e3, mas que v\u00e3o \u201ctermin\u00e1-la l\u00e1\u201d - Brasil not\u00edcias\" \/>\n<meta property=\"og:description\" content=\"Segundo informa\u00e7\u00f5es divulgadas pelo Metro1, o secret\u00e1rio de Defesa dos Estados Unidos, Lloyd Austin, afirmou que os EUA n\u00e3o iniciaram\" \/>\n<meta property=\"og:url\" content=\"https:\/\/brasilnoticias.org\/site\/secretario-de-defesa-dos-eua-diz-que-nao-iniciaram-guerra-com-o-ira-mas-que-vao-termina-la-la\/\" \/>\n<meta property=\"og:site_name\" content=\"Brasil not\u00edcias\" \/>\n<meta property=\"article:published_time\" content=\"2026-03-02T14:25:49+00:00\" \/>\n<meta property=\"og:image\" content=\"https:\/\/brasilnoticias.org\/site\/wp-content\/uploads\/2026\/03\/178824secretario-de-defesa-dos-eua-diz-que-nao-iniciaram-guerra-com-ira-mas-vao-termina-la-3.jpg\" \/>\n\t<meta property=\"og:image:width\" content=\"1600\" \/>\n\t<meta property=\"og:image:height\" content=\"752\" \/>\n\t<meta property=\"og:image:type\" content=\"image\/jpeg\" \/>\n<meta name=\"author\" content=\"Reda\u00e7\u00e3o\" \/>\n<meta name=\"twitter:card\" content=\"summary_large_image\" \/>\n<meta name=\"twitter:label1\" content=\"Escrito por\" \/>\n\t<meta name=\"twitter:data1\" content=\"Reda\u00e7\u00e3o\" \/>\n\t<meta name=\"twitter:label2\" content=\"Tempo estimado de leitura\" \/>\n\t<meta name=\"twitter:data2\" content=\"1 minuto\" \/>\n<script type=\"application\/ld+json\" class=\"yoast-schema-graph\">{\"@context\":\"https:\/\/schema.org\",\"@graph\":[{\"@type\":\"Article\",\"@id\":\"https:\/\/brasilnoticias.org\/site\/secretario-de-defesa-dos-eua-diz-que-nao-iniciaram-guerra-com-o-ira-mas-que-vao-termina-la-la\/#article\",\"isPartOf\":{\"@id\":\"https:\/\/brasilnoticias.org\/site\/secretario-de-defesa-dos-eua-diz-que-nao-iniciaram-guerra-com-o-ira-mas-que-vao-termina-la-la\/\"},\"author\":{\"name\":\"Reda\u00e7\u00e3o\",\"@id\":\"https:\/\/brasilnoticias.org\/site\/#\/schema\/person\/03bbbfe6c7634ad18c26444ea39049fa\"},\"headline\":\"Secret\u00e1rio de Defesa dos EUA diz que n\u00e3o iniciaram guerra com o Ir\u00e3, mas que v\u00e3o \u201ctermin\u00e1-la l\u00e1\u201d\",\"datePublished\":\"2026-03-02T14:25:49+00:00\",\"mainEntityOfPage\":{\"@id\":\"https:\/\/brasilnoticias.org\/site\/secretario-de-defesa-dos-eua-diz-que-nao-iniciaram-guerra-com-o-ira-mas-que-vao-termina-la-la\/\"},\"wordCount\":362,\"commentCount\":0,\"publisher\":{\"@id\":\"https:\/\/brasilnoticias.org\/site\/#organization\"},\"image\":{\"@id\":\"https:\/\/brasilnoticias.org\/site\/secretario-de-defesa-dos-eua-diz-que-nao-iniciaram-guerra-com-o-ira-mas-que-vao-termina-la-la\/#primaryimage\"},\"thumbnailUrl\":\"https:\/\/brasilnoticias.org\/site\/wp-content\/uploads\/2026\/03\/178824secretario-de-defesa-dos-eua-diz-que-nao-iniciaram-guerra-com-ira-mas-vao-termina-la-3.jpg\",\"articleSection\":[\"Mundo\",\"\u00daltimas\"],\"inLanguage\":\"pt-PT\",\"potentialAction\":[{\"@type\":\"CommentAction\",\"name\":\"Comment\",\"target\":[\"https:\/\/brasilnoticias.org\/site\/secretario-de-defesa-dos-eua-diz-que-nao-iniciaram-guerra-com-o-ira-mas-que-vao-termina-la-la\/#respond\"]}]},{\"@type\":\"WebPage\",\"@id\":\"https:\/\/brasilnoticias.org\/site\/secretario-de-defesa-dos-eua-diz-que-nao-iniciaram-guerra-com-o-ira-mas-que-vao-termina-la-la\/\",\"url\":\"https:\/\/brasilnoticias.org\/site\/secretario-de-defesa-dos-eua-diz-que-nao-iniciaram-guerra-com-o-ira-mas-que-vao-termina-la-la\/\",\"name\":\"Secret\u00e1rio de Defesa dos EUA diz que n\u00e3o iniciaram guerra com o Ir\u00e3, mas que v\u00e3o \u201ctermin\u00e1-la l\u00e1\u201d - Brasil not\u00edcias\",\"isPartOf\":{\"@id\":\"https:\/\/brasilnoticias.org\/site\/#website\"},\"primaryImageOfPage\":{\"@id\":\"https:\/\/brasilnoticias.org\/site\/secretario-de-defesa-dos-eua-diz-que-nao-iniciaram-guerra-com-o-ira-mas-que-vao-termina-la-la\/#primaryimage\"},\"image\":{\"@id\":\"https:\/\/brasilnoticias.org\/site\/secretario-de-defesa-dos-eua-diz-que-nao-iniciaram-guerra-com-o-ira-mas-que-vao-termina-la-la\/#primaryimage\"},\"thumbnailUrl\":\"https:\/\/brasilnoticias.org\/site\/wp-content\/uploads\/2026\/03\/178824secretario-de-defesa-dos-eua-diz-que-nao-iniciaram-guerra-com-ira-mas-vao-termina-la-3.jpg\",\"datePublished\":\"2026-03-02T14:25:49+00:00\",\"breadcrumb\":{\"@id\":\"https:\/\/brasilnoticias.org\/site\/secretario-de-defesa-dos-eua-diz-que-nao-iniciaram-guerra-com-o-ira-mas-que-vao-termina-la-la\/#breadcrumb\"},\"inLanguage\":\"pt-PT\",\"potentialAction\":[{\"@type\":\"ReadAction\",\"target\":[\"https:\/\/brasilnoticias.org\/site\/secretario-de-defesa-dos-eua-diz-que-nao-iniciaram-guerra-com-o-ira-mas-que-vao-termina-la-la\/\"]}]},{\"@type\":\"ImageObject\",\"inLanguage\":\"pt-PT\",\"@id\":\"https:\/\/brasilnoticias.org\/site\/secretario-de-defesa-dos-eua-diz-que-nao-iniciaram-guerra-com-o-ira-mas-que-vao-termina-la-la\/#primaryimage\",\"url\":\"https:\/\/brasilnoticias.org\/site\/wp-content\/uploads\/2026\/03\/178824secretario-de-defesa-dos-eua-diz-que-nao-iniciaram-guerra-com-ira-mas-vao-termina-la-3.jpg\",\"contentUrl\":\"https:\/\/brasilnoticias.org\/site\/wp-content\/uploads\/2026\/03\/178824secretario-de-defesa-dos-eua-diz-que-nao-iniciaram-guerra-com-ira-mas-vao-termina-la-3.jpg\",\"width\":1600,\"height\":752},{\"@type\":\"BreadcrumbList\",\"@id\":\"https:\/\/brasilnoticias.org\/site\/secretario-de-defesa-dos-eua-diz-que-nao-iniciaram-guerra-com-o-ira-mas-que-vao-termina-la-la\/#breadcrumb\",\"itemListElement\":[{\"@type\":\"ListItem\",\"position\":1,\"name\":\"In\u00edcio\",\"item\":\"https:\/\/brasilnoticias.org\/site\/\"},{\"@type\":\"ListItem\",\"position\":2,\"name\":\"Secret\u00e1rio de Defesa dos EUA diz que n\u00e3o iniciaram guerra com o Ir\u00e3, mas que v\u00e3o \u201ctermin\u00e1-la l\u00e1\u201d\"}]},{\"@type\":\"WebSite\",\"@id\":\"https:\/\/brasilnoticias.org\/site\/#website\",\"url\":\"https:\/\/brasilnoticias.org\/site\/\",\"name\":\"Brasil not\u00edcias\",\"description\":\"Brasil not\u00edcias\",\"publisher\":{\"@id\":\"https:\/\/brasilnoticias.org\/site\/#organization\"},\"potentialAction\":[{\"@type\":\"SearchAction\",\"target\":{\"@type\":\"EntryPoint\",\"urlTemplate\":\"https:\/\/brasilnoticias.org\/site\/?s={search_term_string}\"},\"query-input\":{\"@type\":\"PropertyValueSpecification\",\"valueRequired\":true,\"valueName\":\"search_term_string\"}}],\"inLanguage\":\"pt-PT\"},{\"@type\":\"Organization\",\"@id\":\"https:\/\/brasilnoticias.org\/site\/#organization\",\"name\":\"Brasil not\u00edcias\",\"url\":\"https:\/\/brasilnoticias.org\/site\/\",\"logo\":{\"@type\":\"ImageObject\",\"inLanguage\":\"pt-PT\",\"@id\":\"https:\/\/brasilnoticias.org\/site\/#\/schema\/logo\/image\/\",\"url\":\"https:\/\/brasilnoticias.org\/site\/wp-content\/uploads\/2022\/05\/cropped-brasilnoticias-mini.jpg\",\"contentUrl\":\"https:\/\/brasilnoticias.org\/site\/wp-content\/uploads\/2022\/05\/cropped-brasilnoticias-mini.jpg\",\"width\":314,\"height\":86,\"caption\":\"Brasil not\u00edcias\"},\"image\":{\"@id\":\"https:\/\/brasilnoticias.org\/site\/#\/schema\/logo\/image\/\"}},{\"@type\":\"Person\",\"@id\":\"https:\/\/brasilnoticias.org\/site\/#\/schema\/person\/03bbbfe6c7634ad18c26444ea39049fa\",\"name\":\"Reda\u00e7\u00e3o\",\"image\":{\"@type\":\"ImageObject\",\"inLanguage\":\"pt-PT\",\"@id\":\"https:\/\/brasilnoticias.org\/site\/#\/schema\/person\/image\/\",\"url\":\"https:\/\/secure.gravatar.com\/avatar\/9ecaf7327a696cb23ad926fedded5f1f04d7049de9e445375d55b48c001a6e42?s=96&d=mm&r=g\",\"contentUrl\":\"https:\/\/secure.gravatar.com\/avatar\/9ecaf7327a696cb23ad926fedded5f1f04d7049de9e445375d55b48c001a6e42?s=96&d=mm&r=g\",\"caption\":\"Reda\u00e7\u00e3o\"},\"url\":\"https:\/\/brasilnoticias.org\/site\/author\/henrique\/\"}]}<\/script>\n<!-- \/ Yoast SEO plugin. -->","yoast_head_json":{"title":"Secret\u00e1rio de Defesa dos EUA diz que n\u00e3o iniciaram guerra com o Ir\u00e3, mas que v\u00e3o \u201ctermin\u00e1-la l\u00e1\u201d - Brasil not\u00edcias","robots":{"index":"index","follow":"follow","max-snippet":"max-snippet:-1","max-image-preview":"max-image-preview:large","max-video-preview":"max-video-preview:-1"},"canonical":"https:\/\/brasilnoticias.org\/site\/secretario-de-defesa-dos-eua-diz-que-nao-iniciaram-guerra-com-o-ira-mas-que-vao-termina-la-la\/","og_locale":"pt_PT","og_type":"article","og_title":"Secret\u00e1rio de Defesa dos EUA diz que n\u00e3o iniciaram guerra com o Ir\u00e3, mas que v\u00e3o \u201ctermin\u00e1-la l\u00e1\u201d - Brasil not\u00edcias","og_description":"Segundo informa\u00e7\u00f5es divulgadas pelo Metro1, o secret\u00e1rio de Defesa dos Estados Unidos, Lloyd Austin, afirmou que os EUA n\u00e3o iniciaram","og_url":"https:\/\/brasilnoticias.org\/site\/secretario-de-defesa-dos-eua-diz-que-nao-iniciaram-guerra-com-o-ira-mas-que-vao-termina-la-la\/","og_site_name":"Brasil not\u00edcias","article_published_time":"2026-03-02T14:25:49+00:00","og_image":[{"width":1600,"height":752,"url":"https:\/\/brasilnoticias.org\/site\/wp-content\/uploads\/2026\/03\/178824secretario-de-defesa-dos-eua-diz-que-nao-iniciaram-guerra-com-ira-mas-vao-termina-la-3.jpg","type":"image\/jpeg"}],"author":"Reda\u00e7\u00e3o","twitter_card":"summary_large_image","twitter_misc":{"Escrito por":"Reda\u00e7\u00e3o","Tempo estimado de leitura":"1 minuto"},"schema":{"@context":"https:\/\/schema.org","@graph":[{"@type":"Article","@id":"https:\/\/brasilnoticias.org\/site\/secretario-de-defesa-dos-eua-diz-que-nao-iniciaram-guerra-com-o-ira-mas-que-vao-termina-la-la\/#article","isPartOf":{"@id":"https:\/\/brasilnoticias.org\/site\/secretario-de-defesa-dos-eua-diz-que-nao-iniciaram-guerra-com-o-ira-mas-que-vao-termina-la-la\/"},"author":{"name":"Reda\u00e7\u00e3o","@id":"https:\/\/brasilnoticias.org\/site\/#\/schema\/person\/03bbbfe6c7634ad18c26444ea39049fa"},"headline":"Secret\u00e1rio de Defesa dos EUA diz que n\u00e3o iniciaram guerra com o Ir\u00e3, mas que v\u00e3o \u201ctermin\u00e1-la l\u00e1\u201d","datePublished":"2026-03-02T14:25:49+00:00","mainEntityOfPage":{"@id":"https:\/\/brasilnoticias.org\/site\/secretario-de-defesa-dos-eua-diz-que-nao-iniciaram-guerra-com-o-ira-mas-que-vao-termina-la-la\/"},"wordCount":362,"commentCount":0,"publisher":{"@id":"https:\/\/brasilnoticias.org\/site\/#organization"},"image":{"@id":"https:\/\/brasilnoticias.org\/site\/secretario-de-defesa-dos-eua-diz-que-nao-iniciaram-guerra-com-o-ira-mas-que-vao-termina-la-la\/#primaryimage"},"thumbnailUrl":"https:\/\/brasilnoticias.org\/site\/wp-content\/uploads\/2026\/03\/178824secretario-de-defesa-dos-eua-diz-que-nao-iniciaram-guerra-com-ira-mas-vao-termina-la-3.jpg","articleSection":["Mundo","\u00daltimas"],"inLanguage":"pt-PT","potentialAction":[{"@type":"CommentAction","name":"Comment","target":["https:\/\/brasilnoticias.org\/site\/secretario-de-defesa-dos-eua-diz-que-nao-iniciaram-guerra-com-o-ira-mas-que-vao-termina-la-la\/#respond"]}]},{"@type":"WebPage","@id":"https:\/\/brasilnoticias.org\/site\/secretario-de-defesa-dos-eua-diz-que-nao-iniciaram-guerra-com-o-ira-mas-que-vao-termina-la-la\/","url":"https:\/\/brasilnoticias.org\/site\/secretario-de-defesa-dos-eua-diz-que-nao-iniciaram-guerra-com-o-ira-mas-que-vao-termina-la-la\/","name":"Secret\u00e1rio de Defesa dos EUA diz que n\u00e3o iniciaram guerra com o Ir\u00e3, mas que v\u00e3o \u201ctermin\u00e1-la l\u00e1\u201d - Brasil not\u00edcias","isPartOf":{"@id":"https:\/\/brasilnoticias.org\/site\/#website"},"primaryImageOfPage":{"@id":"https:\/\/brasilnoticias.org\/site\/secretario-de-defesa-dos-eua-diz-que-nao-iniciaram-guerra-com-o-ira-mas-que-vao-termina-la-la\/#primaryimage"},"image":{"@id":"https:\/\/brasilnoticias.org\/site\/secretario-de-defesa-dos-eua-diz-que-nao-iniciaram-guerra-com-o-ira-mas-que-vao-termina-la-la\/#primaryimage"},"thumbnailUrl":"https:\/\/brasilnoticias.org\/site\/wp-content\/uploads\/2026\/03\/178824secretario-de-defesa-dos-eua-diz-que-nao-iniciaram-guerra-com-ira-mas-vao-termina-la-3.jpg","datePublished":"2026-03-02T14:25:49+00:00","breadcrumb":{"@id":"https:\/\/brasilnoticias.org\/site\/secretario-de-defesa-dos-eua-diz-que-nao-iniciaram-guerra-com-o-ira-mas-que-vao-termina-la-la\/#breadcrumb"},"inLanguage":"pt-PT","potentialAction":[{"@type":"ReadAction","target":["https:\/\/brasilnoticias.org\/site\/secretario-de-defesa-dos-eua-diz-que-nao-iniciaram-guerra-com-o-ira-mas-que-vao-termina-la-la\/"]}]},{"@type":"ImageObject","inLanguage":"pt-PT","@id":"https:\/\/brasilnoticias.org\/site\/secretario-de-defesa-dos-eua-diz-que-nao-iniciaram-guerra-com-o-ira-mas-que-vao-termina-la-la\/#primaryimage","url":"https:\/\/brasilnoticias.org\/site\/wp-content\/uploads\/2026\/03\/178824secretario-de-defesa-dos-eua-diz-que-nao-iniciaram-guerra-com-ira-mas-vao-termina-la-3.jpg","contentUrl":"https:\/\/brasilnoticias.org\/site\/wp-content\/uploads\/2026\/03\/178824secretario-de-defesa-dos-eua-diz-que-nao-iniciaram-guerra-com-ira-mas-vao-termina-la-3.jpg","width":1600,"height":752},{"@type":"BreadcrumbList","@id":"https:\/\/brasilnoticias.org\/site\/secretario-de-defesa-dos-eua-diz-que-nao-iniciaram-guerra-com-o-ira-mas-que-vao-termina-la-la\/#breadcrumb","itemListElement":[{"@type":"ListItem","position":1,"name":"In\u00edcio","item":"https:\/\/brasilnoticias.org\/site\/"},{"@type":"ListItem","position":2,"name":"Secret\u00e1rio de Defesa dos EUA diz que n\u00e3o iniciaram guerra com o Ir\u00e3, mas que v\u00e3o \u201ctermin\u00e1-la l\u00e1\u201d"}]},{"@type":"WebSite","@id":"https:\/\/brasilnoticias.org\/site\/#website","url":"https:\/\/brasilnoticias.org\/site\/","name":"Brasil not\u00edcias","description":"Brasil not\u00edcias","publisher":{"@id":"https:\/\/brasilnoticias.org\/site\/#organization"},"potentialAction":[{"@type":"SearchAction","target":{"@type":"EntryPoint","urlTemplate":"https:\/\/brasilnoticias.org\/site\/?s={search_term_string}"},"query-input":{"@type":"PropertyValueSpecification","valueRequired":true,"valueName":"search_term_string"}}],"inLanguage":"pt-PT"},{"@type":"Organization","@id":"https:\/\/brasilnoticias.org\/site\/#organization","name":"Brasil not\u00edcias","url":"https:\/\/brasilnoticias.org\/site\/","logo":{"@type":"ImageObject","inLanguage":"pt-PT","@id":"https:\/\/brasilnoticias.org\/site\/#\/schema\/logo\/image\/","url":"https:\/\/brasilnoticias.org\/site\/wp-content\/uploads\/2022\/05\/cropped-brasilnoticias-mini.jpg","contentUrl":"https:\/\/brasilnoticias.org\/site\/wp-content\/uploads\/2022\/05\/cropped-brasilnoticias-mini.jpg","width":314,"height":86,"caption":"Brasil not\u00edcias"},"image":{"@id":"https:\/\/brasilnoticias.org\/site\/#\/schema\/logo\/image\/"}},{"@type":"Person","@id":"https:\/\/brasilnoticias.org\/site\/#\/schema\/person\/03bbbfe6c7634ad18c26444ea39049fa","name":"Reda\u00e7\u00e3o","image":{"@type":"ImageObject","inLanguage":"pt-PT","@id":"https:\/\/brasilnoticias.org\/site\/#\/schema\/person\/image\/","url":"https:\/\/secure.gravatar.com\/avatar\/9ecaf7327a696cb23ad926fedded5f1f04d7049de9e445375d55b48c001a6e42?s=96&d=mm&r=g","contentUrl":"https:\/\/secure.gravatar.com\/avatar\/9ecaf7327a696cb23ad926fedded5f1f04d7049de9e445375d55b48c001a6e42?s=96&d=mm&r=g","caption":"Reda\u00e7\u00e3o"},"url":"https:\/\/brasilnoticias.org\/site\/author\/henrique\/"}]}},"_links":{"self":[{"href":"https:\/\/brasilnoticias.org\/site\/wp-json\/wp\/v2\/posts\/20611","targetHints":{"allow":["GET"]}}],"collection":[{"href":"https:\/\/brasilnoticias.org\/site\/wp-json\/wp\/v2\/posts"}],"about":[{"href":"https:\/\/brasilnoticias.org\/site\/wp-json\/wp\/v2\/types\/post"}],"author":[{"embeddable":true,"href":"https:\/\/brasilnoticias.org\/site\/wp-json\/wp\/v2\/users\/4"}],"replies":[{"embeddable":true,"href":"https:\/\/brasilnoticias.org\/site\/wp-json\/wp\/v2\/comments?post=20611"}],"version-history":[{"count":1,"href":"https:\/\/brasilnoticias.org\/site\/wp-json\/wp\/v2\/posts\/20611\/revisions"}],"predecessor-version":[{"id":20613,"href":"https:\/\/brasilnoticias.org\/site\/wp-json\/wp\/v2\/posts\/20611\/revisions\/20613"}],"wp:featuredmedia":[{"embeddable":true,"href":"https:\/\/brasilnoticias.org\/site\/wp-json\/wp\/v2\/media\/20612"}],"wp:attachment":[{"href":"https:\/\/brasilnoticias.org\/site\/wp-json\/wp\/v2\/media?parent=20611"}],"wp:term":[{"taxonomy":"category","embeddable":true,"href":"https:\/\/brasilnoticias.org\/site\/wp-json\/wp\/v2\/categories?post=20611"},{"taxonomy":"post_tag","embeddable":true,"href":"https:\/\/brasilnoticias.org\/site\/wp-json\/wp\/v2\/tags?post=20611"}],"curies":[{"name":"wp","href":"https:\/\/api.w.org\/{rel}","templated":true}]}}