{"id":20666,"date":"2026-03-04T07:46:14","date_gmt":"2026-03-04T10:46:14","guid":{"rendered":"https:\/\/brasilnoticias.org\/site\/?p=20666"},"modified":"2026-03-04T07:46:14","modified_gmt":"2026-03-04T10:46:14","slug":"dino-proibe-saques-em-especie-de-emendas-parlamentares-para-reforcar-controle-financeiro","status":"publish","type":"post","link":"https:\/\/brasilnoticias.org\/site\/dino-proibe-saques-em-especie-de-emendas-parlamentares-para-reforcar-controle-financeiro\/","title":{"rendered":"Dino pro\u00edbe saques em esp\u00e9cie de emendas parlamentares para refor\u00e7ar controle financeiro"},"content":{"rendered":"<p>Segundo informa\u00e7\u00f5es divulgadas pela Ag\u00eancia Brasil, o ministro Fl\u00e1vio Dino, do Supremo Tribunal Federal (STF), determinou a proibi\u00e7\u00e3o de saques em esp\u00e9cie de emendas parlamentares, com o objetivo de refor\u00e7ar o controle e a transpar\u00eancia na execu\u00e7\u00e3o desses recursos p\u00fablicos.<\/p>\n<p>A medida estabelece que recursos destinados a emendas individuais e de bancada n\u00e3o podem mais ser retirados em dinheiro diretamente por parlamentares ou gestores. Segundo o ministro, a inten\u00e7\u00e3o \u00e9 reduzir pr\u00e1ticas que facilitam o uso indevido dos recursos, aumentar a rastreabilidade dos gastos e evitar desvios ou irregularidades no processo de aplica\u00e7\u00e3o das verbas. Em vez do saque em esp\u00e9cie, os valores dever\u00e3o ser transferidos diretamente para contas espec\u00edficas de projetos ou a\u00e7\u00f5es, ou pagos diretamente a fornecedores ou prestadores de servi\u00e7os autorizados.<\/p>\n<p>A decis\u00e3o de Dino ocorre em meio a debates mais amplos sobre controle de gasto p\u00fablico e transpar\u00eancia no uso de emendas parlamentares, que sempre foram alvo de questionamentos e investiga\u00e7\u00f5es em diferentes esferas de fiscaliza\u00e7\u00e3o no Brasil.<\/p>\n<p>O ministro ressaltou que a medida n\u00e3o impede a aplica\u00e7\u00e3o leg\u00edtima das emendas, mas refor\u00e7a a necessidade de comprova\u00e7\u00e3o documental e presta\u00e7\u00e3o de contas detalhada para cada despesa realizada com esses recursos.<\/p>\n<p>A decis\u00e3o dever\u00e1 ser implementada por \u00f3rg\u00e3os respons\u00e1veis pela gest\u00e3o or\u00e7ament\u00e1ria e financeira da Uni\u00e3o, e \u00e9 vista como um passo na dire\u00e7\u00e3o de pr\u00e1ticas mais r\u00edgidas de fiscaliza\u00e7\u00e3o dos gastos p\u00fablicos.<\/p>\n","protected":false},"excerpt":{"rendered":"<p>Segundo informa\u00e7\u00f5es divulgadas pela Ag\u00eancia Brasil, o ministro Fl\u00e1vio Dino, do Supremo Tribunal Federal (STF), determinou a proibi\u00e7\u00e3o de saques<\/p>\n","protected":false},"author":4,"featured_media":20667,"comment_status":"open","ping_status":"open","sticky":false,"template":"","format":"standard","meta":{"colormag_page_container_layout":"default_layout","colormag_page_sidebar_layout":"default_layout","_FSMCFIC_featured_image_caption":"","_FSMCFIC_featured_image_nocaption":"","_FSMCFIC_featured_image_hide":"","footnotes":""},"categories":[7,1],"tags":[],"class_list":["post-20666","post","type-post","status-publish","format-standard","has-post-thumbnail","hentry","category-justica","category-ultimas"],"yoast_head":"<!-- This site is optimized with the Yoast SEO plugin v27.1.1 - https:\/\/yoast.com\/product\/yoast-seo-wordpress\/ -->\n<title>Dino pro\u00edbe saques em esp\u00e9cie de emendas parlamentares para refor\u00e7ar controle financeiro - Brasil not\u00edcias<\/title>\n<meta name=\"robots\" content=\"index, follow, max-snippet:-1, max-image-preview:large, max-video-preview:-1\" \/>\n<link rel=\"canonical\" href=\"https:\/\/brasilnoticias.org\/site\/dino-proibe-saques-em-especie-de-emendas-parlamentares-para-reforcar-controle-financeiro\/\" \/>\n<meta property=\"og:locale\" content=\"pt_PT\" \/>\n<meta property=\"og:type\" content=\"article\" \/>\n<meta property=\"og:title\" content=\"Dino pro\u00edbe saques em esp\u00e9cie de emendas parlamentares para refor\u00e7ar controle financeiro - Brasil not\u00edcias\" \/>\n<meta property=\"og:description\" content=\"Segundo informa\u00e7\u00f5es divulgadas pela Ag\u00eancia Brasil, o ministro Fl\u00e1vio Dino, do Supremo Tribunal Federal (STF), determinou a proibi\u00e7\u00e3o de saques\" \/>\n<meta property=\"og:url\" content=\"https:\/\/brasilnoticias.org\/site\/dino-proibe-saques-em-especie-de-emendas-parlamentares-para-reforcar-controle-financeiro\/\" \/>\n<meta property=\"og:site_name\" content=\"Brasil not\u00edcias\" \/>\n<meta property=\"article:published_time\" content=\"2026-03-04T10:46:14+00:00\" \/>\n<meta property=\"og:image\" content=\"https:\/\/brasilnoticias.org\/site\/wp-content\/uploads\/2026\/03\/53985865061_590af215dd_o.webp\" \/>\n\t<meta property=\"og:image:width\" content=\"1170\" \/>\n\t<meta property=\"og:image:height\" content=\"700\" \/>\n\t<meta property=\"og:image:type\" content=\"image\/webp\" \/>\n<meta name=\"author\" content=\"Reda\u00e7\u00e3o\" \/>\n<meta name=\"twitter:card\" content=\"summary_large_image\" \/>\n<meta name=\"twitter:label1\" content=\"Escrito por\" \/>\n\t<meta name=\"twitter:data1\" content=\"Reda\u00e7\u00e3o\" \/>\n\t<meta name=\"twitter:label2\" content=\"Tempo estimado de leitura\" \/>\n\t<meta name=\"twitter:data2\" content=\"1 minuto\" \/>\n<script type=\"application\/ld+json\" class=\"yoast-schema-graph\">{\"@context\":\"https:\/\/schema.org\",\"@graph\":[{\"@type\":\"Article\",\"@id\":\"https:\/\/brasilnoticias.org\/site\/dino-proibe-saques-em-especie-de-emendas-parlamentares-para-reforcar-controle-financeiro\/#article\",\"isPartOf\":{\"@id\":\"https:\/\/brasilnoticias.org\/site\/dino-proibe-saques-em-especie-de-emendas-parlamentares-para-reforcar-controle-financeiro\/\"},\"author\":{\"name\":\"Reda\u00e7\u00e3o\",\"@id\":\"https:\/\/brasilnoticias.org\/site\/#\/schema\/person\/03bbbfe6c7634ad18c26444ea39049fa\"},\"headline\":\"Dino pro\u00edbe saques em esp\u00e9cie de emendas parlamentares para refor\u00e7ar controle financeiro\",\"datePublished\":\"2026-03-04T10:46:14+00:00\",\"mainEntityOfPage\":{\"@id\":\"https:\/\/brasilnoticias.org\/site\/dino-proibe-saques-em-especie-de-emendas-parlamentares-para-reforcar-controle-financeiro\/\"},\"wordCount\":280,\"commentCount\":0,\"publisher\":{\"@id\":\"https:\/\/brasilnoticias.org\/site\/#organization\"},\"image\":{\"@id\":\"https:\/\/brasilnoticias.org\/site\/dino-proibe-saques-em-especie-de-emendas-parlamentares-para-reforcar-controle-financeiro\/#primaryimage\"},\"thumbnailUrl\":\"https:\/\/brasilnoticias.org\/site\/wp-content\/uploads\/2026\/03\/53985865061_590af215dd_o.webp\",\"articleSection\":[\"Justi\u00e7a\",\"\u00daltimas\"],\"inLanguage\":\"pt-PT\",\"potentialAction\":[{\"@type\":\"CommentAction\",\"name\":\"Comment\",\"target\":[\"https:\/\/brasilnoticias.org\/site\/dino-proibe-saques-em-especie-de-emendas-parlamentares-para-reforcar-controle-financeiro\/#respond\"]}]},{\"@type\":\"WebPage\",\"@id\":\"https:\/\/brasilnoticias.org\/site\/dino-proibe-saques-em-especie-de-emendas-parlamentares-para-reforcar-controle-financeiro\/\",\"url\":\"https:\/\/brasilnoticias.org\/site\/dino-proibe-saques-em-especie-de-emendas-parlamentares-para-reforcar-controle-financeiro\/\",\"name\":\"Dino pro\u00edbe saques em esp\u00e9cie de emendas parlamentares para refor\u00e7ar controle financeiro - Brasil not\u00edcias\",\"isPartOf\":{\"@id\":\"https:\/\/brasilnoticias.org\/site\/#website\"},\"primaryImageOfPage\":{\"@id\":\"https:\/\/brasilnoticias.org\/site\/dino-proibe-saques-em-especie-de-emendas-parlamentares-para-reforcar-controle-financeiro\/#primaryimage\"},\"image\":{\"@id\":\"https:\/\/brasilnoticias.org\/site\/dino-proibe-saques-em-especie-de-emendas-parlamentares-para-reforcar-controle-financeiro\/#primaryimage\"},\"thumbnailUrl\":\"https:\/\/brasilnoticias.org\/site\/wp-content\/uploads\/2026\/03\/53985865061_590af215dd_o.webp\",\"datePublished\":\"2026-03-04T10:46:14+00:00\",\"breadcrumb\":{\"@id\":\"https:\/\/brasilnoticias.org\/site\/dino-proibe-saques-em-especie-de-emendas-parlamentares-para-reforcar-controle-financeiro\/#breadcrumb\"},\"inLanguage\":\"pt-PT\",\"potentialAction\":[{\"@type\":\"ReadAction\",\"target\":[\"https:\/\/brasilnoticias.org\/site\/dino-proibe-saques-em-especie-de-emendas-parlamentares-para-reforcar-controle-financeiro\/\"]}]},{\"@type\":\"ImageObject\",\"inLanguage\":\"pt-PT\",\"@id\":\"https:\/\/brasilnoticias.org\/site\/dino-proibe-saques-em-especie-de-emendas-parlamentares-para-reforcar-controle-financeiro\/#primaryimage\",\"url\":\"https:\/\/brasilnoticias.org\/site\/wp-content\/uploads\/2026\/03\/53985865061_590af215dd_o.webp\",\"contentUrl\":\"https:\/\/brasilnoticias.org\/site\/wp-content\/uploads\/2026\/03\/53985865061_590af215dd_o.webp\",\"width\":1170,\"height\":700,\"caption\":\"Gustavo Moreno\/STF\"},{\"@type\":\"BreadcrumbList\",\"@id\":\"https:\/\/brasilnoticias.org\/site\/dino-proibe-saques-em-especie-de-emendas-parlamentares-para-reforcar-controle-financeiro\/#breadcrumb\",\"itemListElement\":[{\"@type\":\"ListItem\",\"position\":1,\"name\":\"In\u00edcio\",\"item\":\"https:\/\/brasilnoticias.org\/site\/\"},{\"@type\":\"ListItem\",\"position\":2,\"name\":\"Dino pro\u00edbe saques em esp\u00e9cie de emendas parlamentares para refor\u00e7ar controle financeiro\"}]},{\"@type\":\"WebSite\",\"@id\":\"https:\/\/brasilnoticias.org\/site\/#website\",\"url\":\"https:\/\/brasilnoticias.org\/site\/\",\"name\":\"Brasil not\u00edcias\",\"description\":\"Brasil not\u00edcias\",\"publisher\":{\"@id\":\"https:\/\/brasilnoticias.org\/site\/#organization\"},\"potentialAction\":[{\"@type\":\"SearchAction\",\"target\":{\"@type\":\"EntryPoint\",\"urlTemplate\":\"https:\/\/brasilnoticias.org\/site\/?s={search_term_string}\"},\"query-input\":{\"@type\":\"PropertyValueSpecification\",\"valueRequired\":true,\"valueName\":\"search_term_string\"}}],\"inLanguage\":\"pt-PT\"},{\"@type\":\"Organization\",\"@id\":\"https:\/\/brasilnoticias.org\/site\/#organization\",\"name\":\"Brasil not\u00edcias\",\"url\":\"https:\/\/brasilnoticias.org\/site\/\",\"logo\":{\"@type\":\"ImageObject\",\"inLanguage\":\"pt-PT\",\"@id\":\"https:\/\/brasilnoticias.org\/site\/#\/schema\/logo\/image\/\",\"url\":\"https:\/\/brasilnoticias.org\/site\/wp-content\/uploads\/2022\/05\/cropped-brasilnoticias-mini.jpg\",\"contentUrl\":\"https:\/\/brasilnoticias.org\/site\/wp-content\/uploads\/2022\/05\/cropped-brasilnoticias-mini.jpg\",\"width\":314,\"height\":86,\"caption\":\"Brasil not\u00edcias\"},\"image\":{\"@id\":\"https:\/\/brasilnoticias.org\/site\/#\/schema\/logo\/image\/\"}},{\"@type\":\"Person\",\"@id\":\"https:\/\/brasilnoticias.org\/site\/#\/schema\/person\/03bbbfe6c7634ad18c26444ea39049fa\",\"name\":\"Reda\u00e7\u00e3o\",\"image\":{\"@type\":\"ImageObject\",\"inLanguage\":\"pt-PT\",\"@id\":\"https:\/\/brasilnoticias.org\/site\/#\/schema\/person\/image\/\",\"url\":\"https:\/\/secure.gravatar.com\/avatar\/9ecaf7327a696cb23ad926fedded5f1f04d7049de9e445375d55b48c001a6e42?s=96&d=mm&r=g\",\"contentUrl\":\"https:\/\/secure.gravatar.com\/avatar\/9ecaf7327a696cb23ad926fedded5f1f04d7049de9e445375d55b48c001a6e42?s=96&d=mm&r=g\",\"caption\":\"Reda\u00e7\u00e3o\"},\"url\":\"https:\/\/brasilnoticias.org\/site\/author\/henrique\/\"}]}<\/script>\n<!-- \/ Yoast SEO plugin. -->","yoast_head_json":{"title":"Dino pro\u00edbe saques em esp\u00e9cie de emendas parlamentares para refor\u00e7ar controle financeiro - Brasil not\u00edcias","robots":{"index":"index","follow":"follow","max-snippet":"max-snippet:-1","max-image-preview":"max-image-preview:large","max-video-preview":"max-video-preview:-1"},"canonical":"https:\/\/brasilnoticias.org\/site\/dino-proibe-saques-em-especie-de-emendas-parlamentares-para-reforcar-controle-financeiro\/","og_locale":"pt_PT","og_type":"article","og_title":"Dino pro\u00edbe saques em esp\u00e9cie de emendas parlamentares para refor\u00e7ar controle financeiro - Brasil not\u00edcias","og_description":"Segundo informa\u00e7\u00f5es divulgadas pela Ag\u00eancia Brasil, o ministro Fl\u00e1vio Dino, do Supremo Tribunal Federal (STF), determinou a proibi\u00e7\u00e3o de saques","og_url":"https:\/\/brasilnoticias.org\/site\/dino-proibe-saques-em-especie-de-emendas-parlamentares-para-reforcar-controle-financeiro\/","og_site_name":"Brasil not\u00edcias","article_published_time":"2026-03-04T10:46:14+00:00","og_image":[{"width":1170,"height":700,"url":"https:\/\/brasilnoticias.org\/site\/wp-content\/uploads\/2026\/03\/53985865061_590af215dd_o.webp","type":"image\/webp"}],"author":"Reda\u00e7\u00e3o","twitter_card":"summary_large_image","twitter_misc":{"Escrito por":"Reda\u00e7\u00e3o","Tempo estimado de leitura":"1 minuto"},"schema":{"@context":"https:\/\/schema.org","@graph":[{"@type":"Article","@id":"https:\/\/brasilnoticias.org\/site\/dino-proibe-saques-em-especie-de-emendas-parlamentares-para-reforcar-controle-financeiro\/#article","isPartOf":{"@id":"https:\/\/brasilnoticias.org\/site\/dino-proibe-saques-em-especie-de-emendas-parlamentares-para-reforcar-controle-financeiro\/"},"author":{"name":"Reda\u00e7\u00e3o","@id":"https:\/\/brasilnoticias.org\/site\/#\/schema\/person\/03bbbfe6c7634ad18c26444ea39049fa"},"headline":"Dino pro\u00edbe saques em esp\u00e9cie de emendas parlamentares para refor\u00e7ar controle financeiro","datePublished":"2026-03-04T10:46:14+00:00","mainEntityOfPage":{"@id":"https:\/\/brasilnoticias.org\/site\/dino-proibe-saques-em-especie-de-emendas-parlamentares-para-reforcar-controle-financeiro\/"},"wordCount":280,"commentCount":0,"publisher":{"@id":"https:\/\/brasilnoticias.org\/site\/#organization"},"image":{"@id":"https:\/\/brasilnoticias.org\/site\/dino-proibe-saques-em-especie-de-emendas-parlamentares-para-reforcar-controle-financeiro\/#primaryimage"},"thumbnailUrl":"https:\/\/brasilnoticias.org\/site\/wp-content\/uploads\/2026\/03\/53985865061_590af215dd_o.webp","articleSection":["Justi\u00e7a","\u00daltimas"],"inLanguage":"pt-PT","potentialAction":[{"@type":"CommentAction","name":"Comment","target":["https:\/\/brasilnoticias.org\/site\/dino-proibe-saques-em-especie-de-emendas-parlamentares-para-reforcar-controle-financeiro\/#respond"]}]},{"@type":"WebPage","@id":"https:\/\/brasilnoticias.org\/site\/dino-proibe-saques-em-especie-de-emendas-parlamentares-para-reforcar-controle-financeiro\/","url":"https:\/\/brasilnoticias.org\/site\/dino-proibe-saques-em-especie-de-emendas-parlamentares-para-reforcar-controle-financeiro\/","name":"Dino pro\u00edbe saques em esp\u00e9cie de emendas parlamentares para refor\u00e7ar controle financeiro - Brasil not\u00edcias","isPartOf":{"@id":"https:\/\/brasilnoticias.org\/site\/#website"},"primaryImageOfPage":{"@id":"https:\/\/brasilnoticias.org\/site\/dino-proibe-saques-em-especie-de-emendas-parlamentares-para-reforcar-controle-financeiro\/#primaryimage"},"image":{"@id":"https:\/\/brasilnoticias.org\/site\/dino-proibe-saques-em-especie-de-emendas-parlamentares-para-reforcar-controle-financeiro\/#primaryimage"},"thumbnailUrl":"https:\/\/brasilnoticias.org\/site\/wp-content\/uploads\/2026\/03\/53985865061_590af215dd_o.webp","datePublished":"2026-03-04T10:46:14+00:00","breadcrumb":{"@id":"https:\/\/brasilnoticias.org\/site\/dino-proibe-saques-em-especie-de-emendas-parlamentares-para-reforcar-controle-financeiro\/#breadcrumb"},"inLanguage":"pt-PT","potentialAction":[{"@type":"ReadAction","target":["https:\/\/brasilnoticias.org\/site\/dino-proibe-saques-em-especie-de-emendas-parlamentares-para-reforcar-controle-financeiro\/"]}]},{"@type":"ImageObject","inLanguage":"pt-PT","@id":"https:\/\/brasilnoticias.org\/site\/dino-proibe-saques-em-especie-de-emendas-parlamentares-para-reforcar-controle-financeiro\/#primaryimage","url":"https:\/\/brasilnoticias.org\/site\/wp-content\/uploads\/2026\/03\/53985865061_590af215dd_o.webp","contentUrl":"https:\/\/brasilnoticias.org\/site\/wp-content\/uploads\/2026\/03\/53985865061_590af215dd_o.webp","width":1170,"height":700,"caption":"Gustavo Moreno\/STF"},{"@type":"BreadcrumbList","@id":"https:\/\/brasilnoticias.org\/site\/dino-proibe-saques-em-especie-de-emendas-parlamentares-para-reforcar-controle-financeiro\/#breadcrumb","itemListElement":[{"@type":"ListItem","position":1,"name":"In\u00edcio","item":"https:\/\/brasilnoticias.org\/site\/"},{"@type":"ListItem","position":2,"name":"Dino pro\u00edbe saques em esp\u00e9cie de emendas parlamentares para refor\u00e7ar controle financeiro"}]},{"@type":"WebSite","@id":"https:\/\/brasilnoticias.org\/site\/#website","url":"https:\/\/brasilnoticias.org\/site\/","name":"Brasil not\u00edcias","description":"Brasil not\u00edcias","publisher":{"@id":"https:\/\/brasilnoticias.org\/site\/#organization"},"potentialAction":[{"@type":"SearchAction","target":{"@type":"EntryPoint","urlTemplate":"https:\/\/brasilnoticias.org\/site\/?s={search_term_string}"},"query-input":{"@type":"PropertyValueSpecification","valueRequired":true,"valueName":"search_term_string"}}],"inLanguage":"pt-PT"},{"@type":"Organization","@id":"https:\/\/brasilnoticias.org\/site\/#organization","name":"Brasil not\u00edcias","url":"https:\/\/brasilnoticias.org\/site\/","logo":{"@type":"ImageObject","inLanguage":"pt-PT","@id":"https:\/\/brasilnoticias.org\/site\/#\/schema\/logo\/image\/","url":"https:\/\/brasilnoticias.org\/site\/wp-content\/uploads\/2022\/05\/cropped-brasilnoticias-mini.jpg","contentUrl":"https:\/\/brasilnoticias.org\/site\/wp-content\/uploads\/2022\/05\/cropped-brasilnoticias-mini.jpg","width":314,"height":86,"caption":"Brasil not\u00edcias"},"image":{"@id":"https:\/\/brasilnoticias.org\/site\/#\/schema\/logo\/image\/"}},{"@type":"Person","@id":"https:\/\/brasilnoticias.org\/site\/#\/schema\/person\/03bbbfe6c7634ad18c26444ea39049fa","name":"Reda\u00e7\u00e3o","image":{"@type":"ImageObject","inLanguage":"pt-PT","@id":"https:\/\/brasilnoticias.org\/site\/#\/schema\/person\/image\/","url":"https:\/\/secure.gravatar.com\/avatar\/9ecaf7327a696cb23ad926fedded5f1f04d7049de9e445375d55b48c001a6e42?s=96&d=mm&r=g","contentUrl":"https:\/\/secure.gravatar.com\/avatar\/9ecaf7327a696cb23ad926fedded5f1f04d7049de9e445375d55b48c001a6e42?s=96&d=mm&r=g","caption":"Reda\u00e7\u00e3o"},"url":"https:\/\/brasilnoticias.org\/site\/author\/henrique\/"}]}},"_links":{"self":[{"href":"https:\/\/brasilnoticias.org\/site\/wp-json\/wp\/v2\/posts\/20666","targetHints":{"allow":["GET"]}}],"collection":[{"href":"https:\/\/brasilnoticias.org\/site\/wp-json\/wp\/v2\/posts"}],"about":[{"href":"https:\/\/brasilnoticias.org\/site\/wp-json\/wp\/v2\/types\/post"}],"author":[{"embeddable":true,"href":"https:\/\/brasilnoticias.org\/site\/wp-json\/wp\/v2\/users\/4"}],"replies":[{"embeddable":true,"href":"https:\/\/brasilnoticias.org\/site\/wp-json\/wp\/v2\/comments?post=20666"}],"version-history":[{"count":1,"href":"https:\/\/brasilnoticias.org\/site\/wp-json\/wp\/v2\/posts\/20666\/revisions"}],"predecessor-version":[{"id":20668,"href":"https:\/\/brasilnoticias.org\/site\/wp-json\/wp\/v2\/posts\/20666\/revisions\/20668"}],"wp:featuredmedia":[{"embeddable":true,"href":"https:\/\/brasilnoticias.org\/site\/wp-json\/wp\/v2\/media\/20667"}],"wp:attachment":[{"href":"https:\/\/brasilnoticias.org\/site\/wp-json\/wp\/v2\/media?parent=20666"}],"wp:term":[{"taxonomy":"category","embeddable":true,"href":"https:\/\/brasilnoticias.org\/site\/wp-json\/wp\/v2\/categories?post=20666"},{"taxonomy":"post_tag","embeddable":true,"href":"https:\/\/brasilnoticias.org\/site\/wp-json\/wp\/v2\/tags?post=20666"}],"curies":[{"name":"wp","href":"https:\/\/api.w.org\/{rel}","templated":true}]}}