{"id":20669,"date":"2026-03-04T07:52:28","date_gmt":"2026-03-04T10:52:28","guid":{"rendered":"https:\/\/brasilnoticias.org\/site\/?p=20669"},"modified":"2026-03-04T07:52:28","modified_gmt":"2026-03-04T10:52:28","slug":"leila-pereira-ja-tem-data-marcada-para-depor-na-cpmi-do-inss","status":"publish","type":"post","link":"https:\/\/brasilnoticias.org\/site\/leila-pereira-ja-tem-data-marcada-para-depor-na-cpmi-do-inss\/","title":{"rendered":"Leila Pereira j\u00e1 tem data marcada para depor na CPMI do INSS"},"content":{"rendered":"<p>Segundo informa\u00e7\u00f5es divulgadas por fontes jornal\u00edsticas, a presidente do Palmeiras e da financeira Crefisa, Leila Pereira, ter\u00e1 seu depoimento agendado na Comiss\u00e3o Parlamentar Mista de Inqu\u00e9rito (CPMI) do INSS para a pr\u00f3xima segunda-feira, 9 de mar\u00e7o. A empres\u00e1ria foi convocada pela comiss\u00e3o para falar na condi\u00e7\u00e3o de testemunha sobre aspectos relacionados \u00e0s opera\u00e7\u00f5es de cr\u00e9dito consignado envolvendo aposentados e pensionistas.<\/p>\n<p>O depoimento de Leila Pereira faz parte do cronograma de oitivas definido pela comiss\u00e3o, que tamb\u00e9m inclui outros representantes do setor financeiro investigado pela CPMI. A expectativa \u00e9 de que, no mesmo dia, outros executivos convocados tamb\u00e9m sejam ouvidos pelos parlamentares, que buscam esclarecer eventuais irregularidades no sistema de pagamentos de benef\u00edcios do Instituto Nacional do Seguro Social.<\/p>\n<p>O agendamento foi confirmado pelo presidente do colegiado, senador Carlos Viana (Podemos-MG), ap\u00f3s a aprova\u00e7\u00e3o do requerimento de convoca\u00e7\u00e3o apresentado pelo relator da comiss\u00e3o.<\/p>\n","protected":false},"excerpt":{"rendered":"<p>Segundo informa\u00e7\u00f5es divulgadas por fontes jornal\u00edsticas, a presidente do Palmeiras e da financeira Crefisa, Leila Pereira, ter\u00e1 seu depoimento agendado<\/p>\n","protected":false},"author":4,"featured_media":20670,"comment_status":"open","ping_status":"open","sticky":false,"template":"","format":"standard","meta":{"colormag_page_container_layout":"default_layout","colormag_page_sidebar_layout":"default_layout","_FSMCFIC_featured_image_caption":"","_FSMCFIC_featured_image_nocaption":"","_FSMCFIC_featured_image_hide":"","footnotes":""},"categories":[4,7,1],"tags":[],"class_list":["post-20669","post","type-post","status-publish","format-standard","has-post-thumbnail","hentry","category-esporte","category-justica","category-ultimas"],"yoast_head":"<!-- This site is optimized with the Yoast SEO plugin v27.1.1 - https:\/\/yoast.com\/product\/yoast-seo-wordpress\/ -->\n<title>Leila Pereira j\u00e1 tem data marcada para depor na CPMI do INSS - Brasil not\u00edcias<\/title>\n<meta name=\"robots\" content=\"index, follow, max-snippet:-1, max-image-preview:large, max-video-preview:-1\" \/>\n<link rel=\"canonical\" href=\"https:\/\/brasilnoticias.org\/site\/leila-pereira-ja-tem-data-marcada-para-depor-na-cpmi-do-inss\/\" \/>\n<meta property=\"og:locale\" content=\"pt_PT\" \/>\n<meta property=\"og:type\" content=\"article\" \/>\n<meta property=\"og:title\" content=\"Leila Pereira j\u00e1 tem data marcada para depor na CPMI do INSS - Brasil not\u00edcias\" \/>\n<meta property=\"og:description\" content=\"Segundo informa\u00e7\u00f5es divulgadas por fontes jornal\u00edsticas, a presidente do Palmeiras e da financeira Crefisa, Leila Pereira, ter\u00e1 seu depoimento agendado\" \/>\n<meta property=\"og:url\" content=\"https:\/\/brasilnoticias.org\/site\/leila-pereira-ja-tem-data-marcada-para-depor-na-cpmi-do-inss\/\" \/>\n<meta property=\"og:site_name\" content=\"Brasil not\u00edcias\" \/>\n<meta property=\"article:published_time\" content=\"2026-03-04T10:52:28+00:00\" \/>\n<meta property=\"og:image\" content=\"https:\/\/brasilnoticias.org\/site\/wp-content\/uploads\/2026\/03\/Copia-de-Copia-de-Copia-de-Copia-de-Copia-de-Copia-de-CAPA-2026-03-03T235505.000.png\" \/>\n\t<meta property=\"og:image:width\" content=\"878\" \/>\n\t<meta property=\"og:image:height\" content=\"526\" \/>\n\t<meta property=\"og:image:type\" content=\"image\/png\" \/>\n<meta name=\"author\" content=\"Reda\u00e7\u00e3o\" \/>\n<meta name=\"twitter:card\" content=\"summary_large_image\" \/>\n<meta name=\"twitter:label1\" content=\"Escrito por\" \/>\n\t<meta name=\"twitter:data1\" content=\"Reda\u00e7\u00e3o\" \/>\n\t<meta name=\"twitter:label2\" content=\"Tempo estimado de leitura\" \/>\n\t<meta name=\"twitter:data2\" content=\"1 minuto\" \/>\n<script type=\"application\/ld+json\" class=\"yoast-schema-graph\">{\"@context\":\"https:\/\/schema.org\",\"@graph\":[{\"@type\":\"Article\",\"@id\":\"https:\/\/brasilnoticias.org\/site\/leila-pereira-ja-tem-data-marcada-para-depor-na-cpmi-do-inss\/#article\",\"isPartOf\":{\"@id\":\"https:\/\/brasilnoticias.org\/site\/leila-pereira-ja-tem-data-marcada-para-depor-na-cpmi-do-inss\/\"},\"author\":{\"name\":\"Reda\u00e7\u00e3o\",\"@id\":\"https:\/\/brasilnoticias.org\/site\/#\/schema\/person\/03bbbfe6c7634ad18c26444ea39049fa\"},\"headline\":\"Leila Pereira j\u00e1 tem data marcada para depor na CPMI do INSS\",\"datePublished\":\"2026-03-04T10:52:28+00:00\",\"mainEntityOfPage\":{\"@id\":\"https:\/\/brasilnoticias.org\/site\/leila-pereira-ja-tem-data-marcada-para-depor-na-cpmi-do-inss\/\"},\"wordCount\":171,\"commentCount\":0,\"publisher\":{\"@id\":\"https:\/\/brasilnoticias.org\/site\/#organization\"},\"image\":{\"@id\":\"https:\/\/brasilnoticias.org\/site\/leila-pereira-ja-tem-data-marcada-para-depor-na-cpmi-do-inss\/#primaryimage\"},\"thumbnailUrl\":\"https:\/\/brasilnoticias.org\/site\/wp-content\/uploads\/2026\/03\/Copia-de-Copia-de-Copia-de-Copia-de-Copia-de-Copia-de-CAPA-2026-03-03T235505.000.png\",\"articleSection\":[\"Esporte\",\"Justi\u00e7a\",\"\u00daltimas\"],\"inLanguage\":\"pt-PT\",\"potentialAction\":[{\"@type\":\"CommentAction\",\"name\":\"Comment\",\"target\":[\"https:\/\/brasilnoticias.org\/site\/leila-pereira-ja-tem-data-marcada-para-depor-na-cpmi-do-inss\/#respond\"]}]},{\"@type\":\"WebPage\",\"@id\":\"https:\/\/brasilnoticias.org\/site\/leila-pereira-ja-tem-data-marcada-para-depor-na-cpmi-do-inss\/\",\"url\":\"https:\/\/brasilnoticias.org\/site\/leila-pereira-ja-tem-data-marcada-para-depor-na-cpmi-do-inss\/\",\"name\":\"Leila Pereira j\u00e1 tem data marcada para depor na CPMI do INSS - Brasil not\u00edcias\",\"isPartOf\":{\"@id\":\"https:\/\/brasilnoticias.org\/site\/#website\"},\"primaryImageOfPage\":{\"@id\":\"https:\/\/brasilnoticias.org\/site\/leila-pereira-ja-tem-data-marcada-para-depor-na-cpmi-do-inss\/#primaryimage\"},\"image\":{\"@id\":\"https:\/\/brasilnoticias.org\/site\/leila-pereira-ja-tem-data-marcada-para-depor-na-cpmi-do-inss\/#primaryimage\"},\"thumbnailUrl\":\"https:\/\/brasilnoticias.org\/site\/wp-content\/uploads\/2026\/03\/Copia-de-Copia-de-Copia-de-Copia-de-Copia-de-Copia-de-CAPA-2026-03-03T235505.000.png\",\"datePublished\":\"2026-03-04T10:52:28+00:00\",\"breadcrumb\":{\"@id\":\"https:\/\/brasilnoticias.org\/site\/leila-pereira-ja-tem-data-marcada-para-depor-na-cpmi-do-inss\/#breadcrumb\"},\"inLanguage\":\"pt-PT\",\"potentialAction\":[{\"@type\":\"ReadAction\",\"target\":[\"https:\/\/brasilnoticias.org\/site\/leila-pereira-ja-tem-data-marcada-para-depor-na-cpmi-do-inss\/\"]}]},{\"@type\":\"ImageObject\",\"inLanguage\":\"pt-PT\",\"@id\":\"https:\/\/brasilnoticias.org\/site\/leila-pereira-ja-tem-data-marcada-para-depor-na-cpmi-do-inss\/#primaryimage\",\"url\":\"https:\/\/brasilnoticias.org\/site\/wp-content\/uploads\/2026\/03\/Copia-de-Copia-de-Copia-de-Copia-de-Copia-de-Copia-de-CAPA-2026-03-03T235505.000.png\",\"contentUrl\":\"https:\/\/brasilnoticias.org\/site\/wp-content\/uploads\/2026\/03\/Copia-de-Copia-de-Copia-de-Copia-de-Copia-de-Copia-de-CAPA-2026-03-03T235505.000.png\",\"width\":878,\"height\":526,\"caption\":\"Divulga\u00e7\u00e3o\"},{\"@type\":\"BreadcrumbList\",\"@id\":\"https:\/\/brasilnoticias.org\/site\/leila-pereira-ja-tem-data-marcada-para-depor-na-cpmi-do-inss\/#breadcrumb\",\"itemListElement\":[{\"@type\":\"ListItem\",\"position\":1,\"name\":\"In\u00edcio\",\"item\":\"https:\/\/brasilnoticias.org\/site\/\"},{\"@type\":\"ListItem\",\"position\":2,\"name\":\"Leila Pereira j\u00e1 tem data marcada para depor na CPMI do INSS\"}]},{\"@type\":\"WebSite\",\"@id\":\"https:\/\/brasilnoticias.org\/site\/#website\",\"url\":\"https:\/\/brasilnoticias.org\/site\/\",\"name\":\"Brasil not\u00edcias\",\"description\":\"Brasil not\u00edcias\",\"publisher\":{\"@id\":\"https:\/\/brasilnoticias.org\/site\/#organization\"},\"potentialAction\":[{\"@type\":\"SearchAction\",\"target\":{\"@type\":\"EntryPoint\",\"urlTemplate\":\"https:\/\/brasilnoticias.org\/site\/?s={search_term_string}\"},\"query-input\":{\"@type\":\"PropertyValueSpecification\",\"valueRequired\":true,\"valueName\":\"search_term_string\"}}],\"inLanguage\":\"pt-PT\"},{\"@type\":\"Organization\",\"@id\":\"https:\/\/brasilnoticias.org\/site\/#organization\",\"name\":\"Brasil not\u00edcias\",\"url\":\"https:\/\/brasilnoticias.org\/site\/\",\"logo\":{\"@type\":\"ImageObject\",\"inLanguage\":\"pt-PT\",\"@id\":\"https:\/\/brasilnoticias.org\/site\/#\/schema\/logo\/image\/\",\"url\":\"https:\/\/brasilnoticias.org\/site\/wp-content\/uploads\/2022\/05\/cropped-brasilnoticias-mini.jpg\",\"contentUrl\":\"https:\/\/brasilnoticias.org\/site\/wp-content\/uploads\/2022\/05\/cropped-brasilnoticias-mini.jpg\",\"width\":314,\"height\":86,\"caption\":\"Brasil not\u00edcias\"},\"image\":{\"@id\":\"https:\/\/brasilnoticias.org\/site\/#\/schema\/logo\/image\/\"}},{\"@type\":\"Person\",\"@id\":\"https:\/\/brasilnoticias.org\/site\/#\/schema\/person\/03bbbfe6c7634ad18c26444ea39049fa\",\"name\":\"Reda\u00e7\u00e3o\",\"image\":{\"@type\":\"ImageObject\",\"inLanguage\":\"pt-PT\",\"@id\":\"https:\/\/brasilnoticias.org\/site\/#\/schema\/person\/image\/\",\"url\":\"https:\/\/secure.gravatar.com\/avatar\/9ecaf7327a696cb23ad926fedded5f1f04d7049de9e445375d55b48c001a6e42?s=96&d=mm&r=g\",\"contentUrl\":\"https:\/\/secure.gravatar.com\/avatar\/9ecaf7327a696cb23ad926fedded5f1f04d7049de9e445375d55b48c001a6e42?s=96&d=mm&r=g\",\"caption\":\"Reda\u00e7\u00e3o\"},\"url\":\"https:\/\/brasilnoticias.org\/site\/author\/henrique\/\"}]}<\/script>\n<!-- \/ Yoast SEO plugin. -->","yoast_head_json":{"title":"Leila Pereira j\u00e1 tem data marcada para depor na CPMI do INSS - Brasil not\u00edcias","robots":{"index":"index","follow":"follow","max-snippet":"max-snippet:-1","max-image-preview":"max-image-preview:large","max-video-preview":"max-video-preview:-1"},"canonical":"https:\/\/brasilnoticias.org\/site\/leila-pereira-ja-tem-data-marcada-para-depor-na-cpmi-do-inss\/","og_locale":"pt_PT","og_type":"article","og_title":"Leila Pereira j\u00e1 tem data marcada para depor na CPMI do INSS - Brasil not\u00edcias","og_description":"Segundo informa\u00e7\u00f5es divulgadas por fontes jornal\u00edsticas, a presidente do Palmeiras e da financeira Crefisa, Leila Pereira, ter\u00e1 seu depoimento agendado","og_url":"https:\/\/brasilnoticias.org\/site\/leila-pereira-ja-tem-data-marcada-para-depor-na-cpmi-do-inss\/","og_site_name":"Brasil not\u00edcias","article_published_time":"2026-03-04T10:52:28+00:00","og_image":[{"width":878,"height":526,"url":"https:\/\/brasilnoticias.org\/site\/wp-content\/uploads\/2026\/03\/Copia-de-Copia-de-Copia-de-Copia-de-Copia-de-Copia-de-CAPA-2026-03-03T235505.000.png","type":"image\/png"}],"author":"Reda\u00e7\u00e3o","twitter_card":"summary_large_image","twitter_misc":{"Escrito por":"Reda\u00e7\u00e3o","Tempo estimado de leitura":"1 minuto"},"schema":{"@context":"https:\/\/schema.org","@graph":[{"@type":"Article","@id":"https:\/\/brasilnoticias.org\/site\/leila-pereira-ja-tem-data-marcada-para-depor-na-cpmi-do-inss\/#article","isPartOf":{"@id":"https:\/\/brasilnoticias.org\/site\/leila-pereira-ja-tem-data-marcada-para-depor-na-cpmi-do-inss\/"},"author":{"name":"Reda\u00e7\u00e3o","@id":"https:\/\/brasilnoticias.org\/site\/#\/schema\/person\/03bbbfe6c7634ad18c26444ea39049fa"},"headline":"Leila Pereira j\u00e1 tem data marcada para depor na CPMI do INSS","datePublished":"2026-03-04T10:52:28+00:00","mainEntityOfPage":{"@id":"https:\/\/brasilnoticias.org\/site\/leila-pereira-ja-tem-data-marcada-para-depor-na-cpmi-do-inss\/"},"wordCount":171,"commentCount":0,"publisher":{"@id":"https:\/\/brasilnoticias.org\/site\/#organization"},"image":{"@id":"https:\/\/brasilnoticias.org\/site\/leila-pereira-ja-tem-data-marcada-para-depor-na-cpmi-do-inss\/#primaryimage"},"thumbnailUrl":"https:\/\/brasilnoticias.org\/site\/wp-content\/uploads\/2026\/03\/Copia-de-Copia-de-Copia-de-Copia-de-Copia-de-Copia-de-CAPA-2026-03-03T235505.000.png","articleSection":["Esporte","Justi\u00e7a","\u00daltimas"],"inLanguage":"pt-PT","potentialAction":[{"@type":"CommentAction","name":"Comment","target":["https:\/\/brasilnoticias.org\/site\/leila-pereira-ja-tem-data-marcada-para-depor-na-cpmi-do-inss\/#respond"]}]},{"@type":"WebPage","@id":"https:\/\/brasilnoticias.org\/site\/leila-pereira-ja-tem-data-marcada-para-depor-na-cpmi-do-inss\/","url":"https:\/\/brasilnoticias.org\/site\/leila-pereira-ja-tem-data-marcada-para-depor-na-cpmi-do-inss\/","name":"Leila Pereira j\u00e1 tem data marcada para depor na CPMI do INSS - Brasil not\u00edcias","isPartOf":{"@id":"https:\/\/brasilnoticias.org\/site\/#website"},"primaryImageOfPage":{"@id":"https:\/\/brasilnoticias.org\/site\/leila-pereira-ja-tem-data-marcada-para-depor-na-cpmi-do-inss\/#primaryimage"},"image":{"@id":"https:\/\/brasilnoticias.org\/site\/leila-pereira-ja-tem-data-marcada-para-depor-na-cpmi-do-inss\/#primaryimage"},"thumbnailUrl":"https:\/\/brasilnoticias.org\/site\/wp-content\/uploads\/2026\/03\/Copia-de-Copia-de-Copia-de-Copia-de-Copia-de-Copia-de-CAPA-2026-03-03T235505.000.png","datePublished":"2026-03-04T10:52:28+00:00","breadcrumb":{"@id":"https:\/\/brasilnoticias.org\/site\/leila-pereira-ja-tem-data-marcada-para-depor-na-cpmi-do-inss\/#breadcrumb"},"inLanguage":"pt-PT","potentialAction":[{"@type":"ReadAction","target":["https:\/\/brasilnoticias.org\/site\/leila-pereira-ja-tem-data-marcada-para-depor-na-cpmi-do-inss\/"]}]},{"@type":"ImageObject","inLanguage":"pt-PT","@id":"https:\/\/brasilnoticias.org\/site\/leila-pereira-ja-tem-data-marcada-para-depor-na-cpmi-do-inss\/#primaryimage","url":"https:\/\/brasilnoticias.org\/site\/wp-content\/uploads\/2026\/03\/Copia-de-Copia-de-Copia-de-Copia-de-Copia-de-Copia-de-CAPA-2026-03-03T235505.000.png","contentUrl":"https:\/\/brasilnoticias.org\/site\/wp-content\/uploads\/2026\/03\/Copia-de-Copia-de-Copia-de-Copia-de-Copia-de-Copia-de-CAPA-2026-03-03T235505.000.png","width":878,"height":526,"caption":"Divulga\u00e7\u00e3o"},{"@type":"BreadcrumbList","@id":"https:\/\/brasilnoticias.org\/site\/leila-pereira-ja-tem-data-marcada-para-depor-na-cpmi-do-inss\/#breadcrumb","itemListElement":[{"@type":"ListItem","position":1,"name":"In\u00edcio","item":"https:\/\/brasilnoticias.org\/site\/"},{"@type":"ListItem","position":2,"name":"Leila Pereira j\u00e1 tem data marcada para depor na CPMI do INSS"}]},{"@type":"WebSite","@id":"https:\/\/brasilnoticias.org\/site\/#website","url":"https:\/\/brasilnoticias.org\/site\/","name":"Brasil not\u00edcias","description":"Brasil not\u00edcias","publisher":{"@id":"https:\/\/brasilnoticias.org\/site\/#organization"},"potentialAction":[{"@type":"SearchAction","target":{"@type":"EntryPoint","urlTemplate":"https:\/\/brasilnoticias.org\/site\/?s={search_term_string}"},"query-input":{"@type":"PropertyValueSpecification","valueRequired":true,"valueName":"search_term_string"}}],"inLanguage":"pt-PT"},{"@type":"Organization","@id":"https:\/\/brasilnoticias.org\/site\/#organization","name":"Brasil not\u00edcias","url":"https:\/\/brasilnoticias.org\/site\/","logo":{"@type":"ImageObject","inLanguage":"pt-PT","@id":"https:\/\/brasilnoticias.org\/site\/#\/schema\/logo\/image\/","url":"https:\/\/brasilnoticias.org\/site\/wp-content\/uploads\/2022\/05\/cropped-brasilnoticias-mini.jpg","contentUrl":"https:\/\/brasilnoticias.org\/site\/wp-content\/uploads\/2022\/05\/cropped-brasilnoticias-mini.jpg","width":314,"height":86,"caption":"Brasil not\u00edcias"},"image":{"@id":"https:\/\/brasilnoticias.org\/site\/#\/schema\/logo\/image\/"}},{"@type":"Person","@id":"https:\/\/brasilnoticias.org\/site\/#\/schema\/person\/03bbbfe6c7634ad18c26444ea39049fa","name":"Reda\u00e7\u00e3o","image":{"@type":"ImageObject","inLanguage":"pt-PT","@id":"https:\/\/brasilnoticias.org\/site\/#\/schema\/person\/image\/","url":"https:\/\/secure.gravatar.com\/avatar\/9ecaf7327a696cb23ad926fedded5f1f04d7049de9e445375d55b48c001a6e42?s=96&d=mm&r=g","contentUrl":"https:\/\/secure.gravatar.com\/avatar\/9ecaf7327a696cb23ad926fedded5f1f04d7049de9e445375d55b48c001a6e42?s=96&d=mm&r=g","caption":"Reda\u00e7\u00e3o"},"url":"https:\/\/brasilnoticias.org\/site\/author\/henrique\/"}]}},"_links":{"self":[{"href":"https:\/\/brasilnoticias.org\/site\/wp-json\/wp\/v2\/posts\/20669","targetHints":{"allow":["GET"]}}],"collection":[{"href":"https:\/\/brasilnoticias.org\/site\/wp-json\/wp\/v2\/posts"}],"about":[{"href":"https:\/\/brasilnoticias.org\/site\/wp-json\/wp\/v2\/types\/post"}],"author":[{"embeddable":true,"href":"https:\/\/brasilnoticias.org\/site\/wp-json\/wp\/v2\/users\/4"}],"replies":[{"embeddable":true,"href":"https:\/\/brasilnoticias.org\/site\/wp-json\/wp\/v2\/comments?post=20669"}],"version-history":[{"count":1,"href":"https:\/\/brasilnoticias.org\/site\/wp-json\/wp\/v2\/posts\/20669\/revisions"}],"predecessor-version":[{"id":20671,"href":"https:\/\/brasilnoticias.org\/site\/wp-json\/wp\/v2\/posts\/20669\/revisions\/20671"}],"wp:featuredmedia":[{"embeddable":true,"href":"https:\/\/brasilnoticias.org\/site\/wp-json\/wp\/v2\/media\/20670"}],"wp:attachment":[{"href":"https:\/\/brasilnoticias.org\/site\/wp-json\/wp\/v2\/media?parent=20669"}],"wp:term":[{"taxonomy":"category","embeddable":true,"href":"https:\/\/brasilnoticias.org\/site\/wp-json\/wp\/v2\/categories?post=20669"},{"taxonomy":"post_tag","embeddable":true,"href":"https:\/\/brasilnoticias.org\/site\/wp-json\/wp\/v2\/tags?post=20669"}],"curies":[{"name":"wp","href":"https:\/\/api.w.org\/{rel}","templated":true}]}}