{"id":20675,"date":"2026-03-04T08:05:33","date_gmt":"2026-03-04T11:05:33","guid":{"rendered":"https:\/\/brasilnoticias.org\/site\/?p=20675"},"modified":"2026-03-04T08:05:33","modified_gmt":"2026-03-04T11:05:33","slug":"teo-senna-admite-falta-de-dialogo-no-psdb-e-descarta-candidatura-a-deputado","status":"publish","type":"post","link":"https:\/\/brasilnoticias.org\/site\/teo-senna-admite-falta-de-dialogo-no-psdb-e-descarta-candidatura-a-deputado\/","title":{"rendered":"T\u00e9o Senna admite falta de di\u00e1logo no PSDB e descarta candidatura a deputado"},"content":{"rendered":"<p>O vereador de Salvador T\u00e9o Senna (PSDB) afirmou, em entrevista ao CBN Salvador, que n\u00e3o participa das discuss\u00f5es internas do partido sobre a sucess\u00e3o estadual e revelou que decidiu n\u00e3o disputar as elei\u00e7\u00f5es de 2026. O tucano tamb\u00e9m admitiu que, hoje, n\u00e3o mant\u00e9m rela\u00e7\u00e3o pol\u00edtica com a dire\u00e7\u00e3o da legenda.<\/p>\n<p>A declara\u00e7\u00e3o ocorre em meio \u00e0 possibilidade de indica\u00e7\u00e3o da prefeita de Vit\u00f3ria da Conquista, Sheila Lemos, que admitiu publicamente a possibilidade de compor como vice na chapa da oposi\u00e7\u00e3o ao governo da Bahia. Nos bastidores, lideran\u00e7as do PSDB discutem reagir \u00e0 eventual indica\u00e7\u00e3o.<\/p>\n<p>T\u00e9o Senna disse que n\u00e3o tem conhecimento oficial sobre qualquer veto do PSDB ao nome de Sheila.<\/p>\n<p>\u201cEu nunca fui comunicado. Nunca participei de reuni\u00e3o. O presidente do partido nunca mais falou comigo\u201d, afirmou.<\/p>\n<p>Segundo ele, n\u00e3o houve convite para discutir estrat\u00e9gia eleitoral, candidaturas proporcionais ou composi\u00e7\u00e3o majorit\u00e1ria. O vereador ressaltou que ingressou no PSDB por identifica\u00e7\u00e3o hist\u00f3rica \u2014 seu pai foi vereador pela legenda \u2014 e a convite do prefeito Bruno Reis (Uni\u00e3o).<\/p>\n<p>Apesar disso, relatou isolamento dentro do partido. \u201cSe eu n\u00e3o sou atendido, n\u00e3o sou ouvido, n\u00e3o sou conversado, n\u00e3o tem rela\u00e7\u00e3o pol\u00edtica\u201d, declarou.<\/p>\n<p>Fora da disputa em 2026<\/p>\n<p>Questionado sobre informa\u00e7\u00f5es de que a c\u00fapula do PSDB j\u00e1 teria definido que ele n\u00e3o ser\u00e1 candidato a deputado estadual, T\u00e9o rebateu: a decis\u00e3o foi pessoal: \u201cN\u00e3o houve decis\u00e3o da c\u00fapula. Eu que defini. N\u00e3o tenho estrutura no interior, n\u00e3o tenho prefeito, n\u00e3o tenho recurso para uma elei\u00e7\u00e3o desse porte.\u201d<\/p>\n<p>O vereador anunciou que apoiar\u00e1 o deputado estadual Luciano Sim\u00f5es Filho, do Uni\u00e3o Brasil. Para deputado federal, disse que ainda avalia o cen\u00e1rio, embora em 2022 tenha votado no l\u00edder da sigla na C\u00e2mara, Adolfo Viana.<\/p>\n<p>Ele tamb\u00e9m reafirmou apoio \u00e0 pr\u00e9-candidatura de ACM Neto ao governo da Bahia e criticou o desgaste do PT no estado.<\/p>\n<p>Prefer\u00eancia por Z\u00e9 Ronaldo<\/p>\n<p>Sobre a forma\u00e7\u00e3o da chapa majorit\u00e1ria, T\u00e9o declarou que, em sua vis\u00e3o pessoal, n\u00e3o considera Sheila Lemos um nome necess\u00e1rio para a vice. Ele defendeu o ex-prefeito de Feira de Santana Z\u00e9 Ronaldo como alternativa mais agregadora.<\/p>\n<p>\u201cSou f\u00e3 de Z\u00e9 Ronaldo. Representa muito para aquela regi\u00e3o e poderia congregar\u201d, disse.<\/p>\n<p>Sa\u00edda em 2028 n\u00e3o est\u00e1 descartada<\/p>\n<p>Embora descarte mudan\u00e7a imediata \u2014 o que poderia implicar perda de mandato \u2014 o vereador n\u00e3o fechou as portas para uma eventual sa\u00edda do PSDB na janela partid\u00e1ria de 2028.<\/p>\n<p>\u201cSe o partido quiser que eu saia, estou \u00e0 vontade. Cada dia com sua agonia. Em 2028 a gente discute o que \u00e9 melhor.\u201d<\/p>\n<p>No sexto mandato, T\u00e9o Senna afirma que seguir\u00e1 focado na atua\u00e7\u00e3o parlamentar e que continuar\u00e1 no grupo do prefeito Bruno Reis e na oposi\u00e7\u00e3o ao governador Jer\u00f4nimo Rodrigues (PT).<\/p>\n<p>Fonte: <a href=\"https:\/\/www.blogdovila.com.br\/noticia\/teo-2026\">Blog do Vila<\/a><\/p>\n","protected":false},"excerpt":{"rendered":"<p>O vereador de Salvador T\u00e9o Senna (PSDB) afirmou, em entrevista ao CBN Salvador, que n\u00e3o participa das discuss\u00f5es internas do<\/p>\n","protected":false},"author":4,"featured_media":20676,"comment_status":"open","ping_status":"open","sticky":false,"template":"","format":"standard","meta":{"colormag_page_container_layout":"default_layout","colormag_page_sidebar_layout":"default_layout","_FSMCFIC_featured_image_caption":"","_FSMCFIC_featured_image_nocaption":"","_FSMCFIC_featured_image_hide":"","footnotes":""},"categories":[5,1],"tags":[],"class_list":["post-20675","post","type-post","status-publish","format-standard","has-post-thumbnail","hentry","category-politica","category-ultimas"],"yoast_head":"<!-- This site is optimized with the Yoast SEO plugin v27.1.1 - https:\/\/yoast.com\/product\/yoast-seo-wordpress\/ -->\n<title>T\u00e9o Senna admite falta de di\u00e1logo no PSDB e descarta candidatura a deputado - Brasil not\u00edcias<\/title>\n<meta name=\"robots\" content=\"index, follow, max-snippet:-1, max-image-preview:large, max-video-preview:-1\" \/>\n<link rel=\"canonical\" href=\"https:\/\/brasilnoticias.org\/site\/teo-senna-admite-falta-de-dialogo-no-psdb-e-descarta-candidatura-a-deputado\/\" \/>\n<meta property=\"og:locale\" content=\"pt_PT\" \/>\n<meta property=\"og:type\" content=\"article\" \/>\n<meta property=\"og:title\" content=\"T\u00e9o Senna admite falta de di\u00e1logo no PSDB e descarta candidatura a deputado - Brasil not\u00edcias\" \/>\n<meta property=\"og:description\" content=\"O vereador de Salvador T\u00e9o Senna (PSDB) afirmou, em entrevista ao CBN Salvador, que n\u00e3o participa das discuss\u00f5es internas do\" \/>\n<meta property=\"og:url\" content=\"https:\/\/brasilnoticias.org\/site\/teo-senna-admite-falta-de-dialogo-no-psdb-e-descarta-candidatura-a-deputado\/\" \/>\n<meta property=\"og:site_name\" content=\"Brasil not\u00edcias\" \/>\n<meta property=\"article:published_time\" content=\"2026-03-04T11:05:33+00:00\" \/>\n<meta property=\"og:image\" content=\"https:\/\/brasilnoticias.org\/site\/wp-content\/uploads\/2026\/03\/WhatsApp-Image-2026-03-03-at-13.32.52.jpeg\" \/>\n\t<meta property=\"og:image:width\" content=\"842\" \/>\n\t<meta property=\"og:image:height\" content=\"474\" \/>\n\t<meta property=\"og:image:type\" content=\"image\/jpeg\" \/>\n<meta name=\"author\" content=\"Reda\u00e7\u00e3o\" \/>\n<meta name=\"twitter:card\" content=\"summary_large_image\" \/>\n<meta name=\"twitter:label1\" content=\"Escrito por\" \/>\n\t<meta name=\"twitter:data1\" content=\"Reda\u00e7\u00e3o\" \/>\n\t<meta name=\"twitter:label2\" content=\"Tempo estimado de leitura\" \/>\n\t<meta name=\"twitter:data2\" content=\"1 minuto\" \/>\n<script type=\"application\/ld+json\" class=\"yoast-schema-graph\">{\"@context\":\"https:\/\/schema.org\",\"@graph\":[{\"@type\":\"Article\",\"@id\":\"https:\/\/brasilnoticias.org\/site\/teo-senna-admite-falta-de-dialogo-no-psdb-e-descarta-candidatura-a-deputado\/#article\",\"isPartOf\":{\"@id\":\"https:\/\/brasilnoticias.org\/site\/teo-senna-admite-falta-de-dialogo-no-psdb-e-descarta-candidatura-a-deputado\/\"},\"author\":{\"name\":\"Reda\u00e7\u00e3o\",\"@id\":\"https:\/\/brasilnoticias.org\/site\/#\/schema\/person\/03bbbfe6c7634ad18c26444ea39049fa\"},\"headline\":\"T\u00e9o Senna admite falta de di\u00e1logo no PSDB e descarta candidatura a deputado\",\"datePublished\":\"2026-03-04T11:05:33+00:00\",\"mainEntityOfPage\":{\"@id\":\"https:\/\/brasilnoticias.org\/site\/teo-senna-admite-falta-de-dialogo-no-psdb-e-descarta-candidatura-a-deputado\/\"},\"wordCount\":522,\"commentCount\":0,\"publisher\":{\"@id\":\"https:\/\/brasilnoticias.org\/site\/#organization\"},\"image\":{\"@id\":\"https:\/\/brasilnoticias.org\/site\/teo-senna-admite-falta-de-dialogo-no-psdb-e-descarta-candidatura-a-deputado\/#primaryimage\"},\"thumbnailUrl\":\"https:\/\/brasilnoticias.org\/site\/wp-content\/uploads\/2026\/03\/WhatsApp-Image-2026-03-03-at-13.32.52.jpeg\",\"articleSection\":[\"Pol\u00edtica\",\"\u00daltimas\"],\"inLanguage\":\"pt-PT\",\"potentialAction\":[{\"@type\":\"CommentAction\",\"name\":\"Comment\",\"target\":[\"https:\/\/brasilnoticias.org\/site\/teo-senna-admite-falta-de-dialogo-no-psdb-e-descarta-candidatura-a-deputado\/#respond\"]}]},{\"@type\":\"WebPage\",\"@id\":\"https:\/\/brasilnoticias.org\/site\/teo-senna-admite-falta-de-dialogo-no-psdb-e-descarta-candidatura-a-deputado\/\",\"url\":\"https:\/\/brasilnoticias.org\/site\/teo-senna-admite-falta-de-dialogo-no-psdb-e-descarta-candidatura-a-deputado\/\",\"name\":\"T\u00e9o Senna admite falta de di\u00e1logo no PSDB e descarta candidatura a deputado - Brasil not\u00edcias\",\"isPartOf\":{\"@id\":\"https:\/\/brasilnoticias.org\/site\/#website\"},\"primaryImageOfPage\":{\"@id\":\"https:\/\/brasilnoticias.org\/site\/teo-senna-admite-falta-de-dialogo-no-psdb-e-descarta-candidatura-a-deputado\/#primaryimage\"},\"image\":{\"@id\":\"https:\/\/brasilnoticias.org\/site\/teo-senna-admite-falta-de-dialogo-no-psdb-e-descarta-candidatura-a-deputado\/#primaryimage\"},\"thumbnailUrl\":\"https:\/\/brasilnoticias.org\/site\/wp-content\/uploads\/2026\/03\/WhatsApp-Image-2026-03-03-at-13.32.52.jpeg\",\"datePublished\":\"2026-03-04T11:05:33+00:00\",\"breadcrumb\":{\"@id\":\"https:\/\/brasilnoticias.org\/site\/teo-senna-admite-falta-de-dialogo-no-psdb-e-descarta-candidatura-a-deputado\/#breadcrumb\"},\"inLanguage\":\"pt-PT\",\"potentialAction\":[{\"@type\":\"ReadAction\",\"target\":[\"https:\/\/brasilnoticias.org\/site\/teo-senna-admite-falta-de-dialogo-no-psdb-e-descarta-candidatura-a-deputado\/\"]}]},{\"@type\":\"ImageObject\",\"inLanguage\":\"pt-PT\",\"@id\":\"https:\/\/brasilnoticias.org\/site\/teo-senna-admite-falta-de-dialogo-no-psdb-e-descarta-candidatura-a-deputado\/#primaryimage\",\"url\":\"https:\/\/brasilnoticias.org\/site\/wp-content\/uploads\/2026\/03\/WhatsApp-Image-2026-03-03-at-13.32.52.jpeg\",\"contentUrl\":\"https:\/\/brasilnoticias.org\/site\/wp-content\/uploads\/2026\/03\/WhatsApp-Image-2026-03-03-at-13.32.52.jpeg\",\"width\":842,\"height\":474,\"caption\":\"Evil\u00e1sio J\u00fanior\"},{\"@type\":\"BreadcrumbList\",\"@id\":\"https:\/\/brasilnoticias.org\/site\/teo-senna-admite-falta-de-dialogo-no-psdb-e-descarta-candidatura-a-deputado\/#breadcrumb\",\"itemListElement\":[{\"@type\":\"ListItem\",\"position\":1,\"name\":\"In\u00edcio\",\"item\":\"https:\/\/brasilnoticias.org\/site\/\"},{\"@type\":\"ListItem\",\"position\":2,\"name\":\"T\u00e9o Senna admite falta de di\u00e1logo no PSDB e descarta candidatura a deputado\"}]},{\"@type\":\"WebSite\",\"@id\":\"https:\/\/brasilnoticias.org\/site\/#website\",\"url\":\"https:\/\/brasilnoticias.org\/site\/\",\"name\":\"Brasil not\u00edcias\",\"description\":\"Brasil not\u00edcias\",\"publisher\":{\"@id\":\"https:\/\/brasilnoticias.org\/site\/#organization\"},\"potentialAction\":[{\"@type\":\"SearchAction\",\"target\":{\"@type\":\"EntryPoint\",\"urlTemplate\":\"https:\/\/brasilnoticias.org\/site\/?s={search_term_string}\"},\"query-input\":{\"@type\":\"PropertyValueSpecification\",\"valueRequired\":true,\"valueName\":\"search_term_string\"}}],\"inLanguage\":\"pt-PT\"},{\"@type\":\"Organization\",\"@id\":\"https:\/\/brasilnoticias.org\/site\/#organization\",\"name\":\"Brasil not\u00edcias\",\"url\":\"https:\/\/brasilnoticias.org\/site\/\",\"logo\":{\"@type\":\"ImageObject\",\"inLanguage\":\"pt-PT\",\"@id\":\"https:\/\/brasilnoticias.org\/site\/#\/schema\/logo\/image\/\",\"url\":\"https:\/\/brasilnoticias.org\/site\/wp-content\/uploads\/2022\/05\/cropped-brasilnoticias-mini.jpg\",\"contentUrl\":\"https:\/\/brasilnoticias.org\/site\/wp-content\/uploads\/2022\/05\/cropped-brasilnoticias-mini.jpg\",\"width\":314,\"height\":86,\"caption\":\"Brasil not\u00edcias\"},\"image\":{\"@id\":\"https:\/\/brasilnoticias.org\/site\/#\/schema\/logo\/image\/\"}},{\"@type\":\"Person\",\"@id\":\"https:\/\/brasilnoticias.org\/site\/#\/schema\/person\/03bbbfe6c7634ad18c26444ea39049fa\",\"name\":\"Reda\u00e7\u00e3o\",\"image\":{\"@type\":\"ImageObject\",\"inLanguage\":\"pt-PT\",\"@id\":\"https:\/\/brasilnoticias.org\/site\/#\/schema\/person\/image\/\",\"url\":\"https:\/\/secure.gravatar.com\/avatar\/9ecaf7327a696cb23ad926fedded5f1f04d7049de9e445375d55b48c001a6e42?s=96&d=mm&r=g\",\"contentUrl\":\"https:\/\/secure.gravatar.com\/avatar\/9ecaf7327a696cb23ad926fedded5f1f04d7049de9e445375d55b48c001a6e42?s=96&d=mm&r=g\",\"caption\":\"Reda\u00e7\u00e3o\"},\"url\":\"https:\/\/brasilnoticias.org\/site\/author\/henrique\/\"}]}<\/script>\n<!-- \/ Yoast SEO plugin. -->","yoast_head_json":{"title":"T\u00e9o Senna admite falta de di\u00e1logo no PSDB e descarta candidatura a deputado - Brasil not\u00edcias","robots":{"index":"index","follow":"follow","max-snippet":"max-snippet:-1","max-image-preview":"max-image-preview:large","max-video-preview":"max-video-preview:-1"},"canonical":"https:\/\/brasilnoticias.org\/site\/teo-senna-admite-falta-de-dialogo-no-psdb-e-descarta-candidatura-a-deputado\/","og_locale":"pt_PT","og_type":"article","og_title":"T\u00e9o Senna admite falta de di\u00e1logo no PSDB e descarta candidatura a deputado - Brasil not\u00edcias","og_description":"O vereador de Salvador T\u00e9o Senna (PSDB) afirmou, em entrevista ao CBN Salvador, que n\u00e3o participa das discuss\u00f5es internas do","og_url":"https:\/\/brasilnoticias.org\/site\/teo-senna-admite-falta-de-dialogo-no-psdb-e-descarta-candidatura-a-deputado\/","og_site_name":"Brasil not\u00edcias","article_published_time":"2026-03-04T11:05:33+00:00","og_image":[{"width":842,"height":474,"url":"https:\/\/brasilnoticias.org\/site\/wp-content\/uploads\/2026\/03\/WhatsApp-Image-2026-03-03-at-13.32.52.jpeg","type":"image\/jpeg"}],"author":"Reda\u00e7\u00e3o","twitter_card":"summary_large_image","twitter_misc":{"Escrito por":"Reda\u00e7\u00e3o","Tempo estimado de leitura":"1 minuto"},"schema":{"@context":"https:\/\/schema.org","@graph":[{"@type":"Article","@id":"https:\/\/brasilnoticias.org\/site\/teo-senna-admite-falta-de-dialogo-no-psdb-e-descarta-candidatura-a-deputado\/#article","isPartOf":{"@id":"https:\/\/brasilnoticias.org\/site\/teo-senna-admite-falta-de-dialogo-no-psdb-e-descarta-candidatura-a-deputado\/"},"author":{"name":"Reda\u00e7\u00e3o","@id":"https:\/\/brasilnoticias.org\/site\/#\/schema\/person\/03bbbfe6c7634ad18c26444ea39049fa"},"headline":"T\u00e9o Senna admite falta de di\u00e1logo no PSDB e descarta candidatura a deputado","datePublished":"2026-03-04T11:05:33+00:00","mainEntityOfPage":{"@id":"https:\/\/brasilnoticias.org\/site\/teo-senna-admite-falta-de-dialogo-no-psdb-e-descarta-candidatura-a-deputado\/"},"wordCount":522,"commentCount":0,"publisher":{"@id":"https:\/\/brasilnoticias.org\/site\/#organization"},"image":{"@id":"https:\/\/brasilnoticias.org\/site\/teo-senna-admite-falta-de-dialogo-no-psdb-e-descarta-candidatura-a-deputado\/#primaryimage"},"thumbnailUrl":"https:\/\/brasilnoticias.org\/site\/wp-content\/uploads\/2026\/03\/WhatsApp-Image-2026-03-03-at-13.32.52.jpeg","articleSection":["Pol\u00edtica","\u00daltimas"],"inLanguage":"pt-PT","potentialAction":[{"@type":"CommentAction","name":"Comment","target":["https:\/\/brasilnoticias.org\/site\/teo-senna-admite-falta-de-dialogo-no-psdb-e-descarta-candidatura-a-deputado\/#respond"]}]},{"@type":"WebPage","@id":"https:\/\/brasilnoticias.org\/site\/teo-senna-admite-falta-de-dialogo-no-psdb-e-descarta-candidatura-a-deputado\/","url":"https:\/\/brasilnoticias.org\/site\/teo-senna-admite-falta-de-dialogo-no-psdb-e-descarta-candidatura-a-deputado\/","name":"T\u00e9o Senna admite falta de di\u00e1logo no PSDB e descarta candidatura a deputado - Brasil not\u00edcias","isPartOf":{"@id":"https:\/\/brasilnoticias.org\/site\/#website"},"primaryImageOfPage":{"@id":"https:\/\/brasilnoticias.org\/site\/teo-senna-admite-falta-de-dialogo-no-psdb-e-descarta-candidatura-a-deputado\/#primaryimage"},"image":{"@id":"https:\/\/brasilnoticias.org\/site\/teo-senna-admite-falta-de-dialogo-no-psdb-e-descarta-candidatura-a-deputado\/#primaryimage"},"thumbnailUrl":"https:\/\/brasilnoticias.org\/site\/wp-content\/uploads\/2026\/03\/WhatsApp-Image-2026-03-03-at-13.32.52.jpeg","datePublished":"2026-03-04T11:05:33+00:00","breadcrumb":{"@id":"https:\/\/brasilnoticias.org\/site\/teo-senna-admite-falta-de-dialogo-no-psdb-e-descarta-candidatura-a-deputado\/#breadcrumb"},"inLanguage":"pt-PT","potentialAction":[{"@type":"ReadAction","target":["https:\/\/brasilnoticias.org\/site\/teo-senna-admite-falta-de-dialogo-no-psdb-e-descarta-candidatura-a-deputado\/"]}]},{"@type":"ImageObject","inLanguage":"pt-PT","@id":"https:\/\/brasilnoticias.org\/site\/teo-senna-admite-falta-de-dialogo-no-psdb-e-descarta-candidatura-a-deputado\/#primaryimage","url":"https:\/\/brasilnoticias.org\/site\/wp-content\/uploads\/2026\/03\/WhatsApp-Image-2026-03-03-at-13.32.52.jpeg","contentUrl":"https:\/\/brasilnoticias.org\/site\/wp-content\/uploads\/2026\/03\/WhatsApp-Image-2026-03-03-at-13.32.52.jpeg","width":842,"height":474,"caption":"Evil\u00e1sio J\u00fanior"},{"@type":"BreadcrumbList","@id":"https:\/\/brasilnoticias.org\/site\/teo-senna-admite-falta-de-dialogo-no-psdb-e-descarta-candidatura-a-deputado\/#breadcrumb","itemListElement":[{"@type":"ListItem","position":1,"name":"In\u00edcio","item":"https:\/\/brasilnoticias.org\/site\/"},{"@type":"ListItem","position":2,"name":"T\u00e9o Senna admite falta de di\u00e1logo no PSDB e descarta candidatura a deputado"}]},{"@type":"WebSite","@id":"https:\/\/brasilnoticias.org\/site\/#website","url":"https:\/\/brasilnoticias.org\/site\/","name":"Brasil not\u00edcias","description":"Brasil not\u00edcias","publisher":{"@id":"https:\/\/brasilnoticias.org\/site\/#organization"},"potentialAction":[{"@type":"SearchAction","target":{"@type":"EntryPoint","urlTemplate":"https:\/\/brasilnoticias.org\/site\/?s={search_term_string}"},"query-input":{"@type":"PropertyValueSpecification","valueRequired":true,"valueName":"search_term_string"}}],"inLanguage":"pt-PT"},{"@type":"Organization","@id":"https:\/\/brasilnoticias.org\/site\/#organization","name":"Brasil not\u00edcias","url":"https:\/\/brasilnoticias.org\/site\/","logo":{"@type":"ImageObject","inLanguage":"pt-PT","@id":"https:\/\/brasilnoticias.org\/site\/#\/schema\/logo\/image\/","url":"https:\/\/brasilnoticias.org\/site\/wp-content\/uploads\/2022\/05\/cropped-brasilnoticias-mini.jpg","contentUrl":"https:\/\/brasilnoticias.org\/site\/wp-content\/uploads\/2022\/05\/cropped-brasilnoticias-mini.jpg","width":314,"height":86,"caption":"Brasil not\u00edcias"},"image":{"@id":"https:\/\/brasilnoticias.org\/site\/#\/schema\/logo\/image\/"}},{"@type":"Person","@id":"https:\/\/brasilnoticias.org\/site\/#\/schema\/person\/03bbbfe6c7634ad18c26444ea39049fa","name":"Reda\u00e7\u00e3o","image":{"@type":"ImageObject","inLanguage":"pt-PT","@id":"https:\/\/brasilnoticias.org\/site\/#\/schema\/person\/image\/","url":"https:\/\/secure.gravatar.com\/avatar\/9ecaf7327a696cb23ad926fedded5f1f04d7049de9e445375d55b48c001a6e42?s=96&d=mm&r=g","contentUrl":"https:\/\/secure.gravatar.com\/avatar\/9ecaf7327a696cb23ad926fedded5f1f04d7049de9e445375d55b48c001a6e42?s=96&d=mm&r=g","caption":"Reda\u00e7\u00e3o"},"url":"https:\/\/brasilnoticias.org\/site\/author\/henrique\/"}]}},"_links":{"self":[{"href":"https:\/\/brasilnoticias.org\/site\/wp-json\/wp\/v2\/posts\/20675","targetHints":{"allow":["GET"]}}],"collection":[{"href":"https:\/\/brasilnoticias.org\/site\/wp-json\/wp\/v2\/posts"}],"about":[{"href":"https:\/\/brasilnoticias.org\/site\/wp-json\/wp\/v2\/types\/post"}],"author":[{"embeddable":true,"href":"https:\/\/brasilnoticias.org\/site\/wp-json\/wp\/v2\/users\/4"}],"replies":[{"embeddable":true,"href":"https:\/\/brasilnoticias.org\/site\/wp-json\/wp\/v2\/comments?post=20675"}],"version-history":[{"count":1,"href":"https:\/\/brasilnoticias.org\/site\/wp-json\/wp\/v2\/posts\/20675\/revisions"}],"predecessor-version":[{"id":20677,"href":"https:\/\/brasilnoticias.org\/site\/wp-json\/wp\/v2\/posts\/20675\/revisions\/20677"}],"wp:featuredmedia":[{"embeddable":true,"href":"https:\/\/brasilnoticias.org\/site\/wp-json\/wp\/v2\/media\/20676"}],"wp:attachment":[{"href":"https:\/\/brasilnoticias.org\/site\/wp-json\/wp\/v2\/media?parent=20675"}],"wp:term":[{"taxonomy":"category","embeddable":true,"href":"https:\/\/brasilnoticias.org\/site\/wp-json\/wp\/v2\/categories?post=20675"},{"taxonomy":"post_tag","embeddable":true,"href":"https:\/\/brasilnoticias.org\/site\/wp-json\/wp\/v2\/tags?post=20675"}],"curies":[{"name":"wp","href":"https:\/\/api.w.org\/{rel}","templated":true}]}}