{"id":20678,"date":"2026-03-04T08:10:35","date_gmt":"2026-03-04T11:10:35","guid":{"rendered":"https:\/\/brasilnoticias.org\/site\/?p=20678"},"modified":"2026-03-04T08:10:35","modified_gmt":"2026-03-04T11:10:35","slug":"acm-neto-lidera-disputa-pelo-governo-da-bahia-com-48-contra-38-de-jeronimo-aponta-pesquisa-seculus","status":"publish","type":"post","link":"https:\/\/brasilnoticias.org\/site\/acm-neto-lidera-disputa-pelo-governo-da-bahia-com-48-contra-38-de-jeronimo-aponta-pesquisa-seculus\/","title":{"rendered":"ACM Neto lidera disputa pelo governo da Bahia com 48%, contra 38% de Jer\u00f4nimo, aponta pesquisa S\u00e9culus"},"content":{"rendered":"<p>Um levantamento realizado pela S\u00e9culus An\u00e1lise e Pesquisa, encomendado pelo site Bahia Not\u00edcias, aponta lideran\u00e7a do ex-prefeito de Salvador ACM Neto (Uni\u00e3o Brasil) na corrida pelo governo da Bahia nas elei\u00e7\u00f5es de 2026.<\/p>\n<p>No cen\u00e1rio estimulado, Neto aparece com 48,28% das inten\u00e7\u00f5es de voto, enquanto o atual governador Jer\u00f4nimo Rodrigues (PT) registra 31,15%.<\/p>\n<p>Este \u00e9 o primeiro levantamento da S\u00e9culus em 2026 sobre a disputa pelo Pal\u00e1cio de Ondina.<\/p>\n<p>Cen\u00e1rio estimulado para o governo da Bahia<\/p>\n<p>De acordo com a pesquisa, as inten\u00e7\u00f5es de voto ficaram distribu\u00eddas da seguinte forma:<\/p>\n<p>* ACM Neto (Uni\u00e3o Brasil) \u2014 48,28%<br \/>\n* Jer\u00f4nimo Rodrigues (PT) \u2014 31,15%<br \/>\n* Jos\u00e9 Carlos Aleluia (Novo) \u2014 0,65%<br \/>\n* Ronaldo Mansur (PSOL) \u2014 0,52%<\/p>\n<p>Outros resultados do levantamento:<\/p>\n<p>* N\u00e3o souberam ou n\u00e3o opinaram \u2014 9,93%<br \/>\n* Branco, nulo ou nenhum \u2014 9,47%<\/p>\n<p>Segundo a S\u00e9culus, n\u00e3o foi consolidado um cen\u00e1rio de segundo turno, em raz\u00e3o dos baixos \u00edndices registrados pelos demais candidatos testados na pesquisa.<\/p>\n<p>Rejei\u00e7\u00e3o dos candidatos<\/p>\n<p>O levantamento tamb\u00e9m perguntou aos entrevistados em qual dos nomes apresentados eles n\u00e3o votariam de jeito nenhum.<\/p>\n<p>Os \u00edndices ficaram assim:<\/p>\n<p>* Jer\u00f4nimo Rodrigues (PT) \u2014 37,96%<br \/>\n* ACM Neto (Uni\u00e3o Brasil) \u2014 22,65%<br \/>\n* Ronaldo Mansur (PSOL) \u2014 6,42%<br \/>\n* Jos\u00e9 Carlos Aleluia (Novo) \u2014 5,71%<\/p>\n<p>Outros resultados:<\/p>\n<p>* N\u00e3o souberam ou n\u00e3o opinaram \u2014 14,99%<br \/>\n* Nenhum \/ branco \/ nulo \u2014 12,26%<\/p>\n<p>Disputa para o Senado<\/p>\n<p>A pesquisa tamb\u00e9m testou nomes para a disputa pelas duas vagas ao Senado Federal em 2026.<\/p>\n<p>No cen\u00e1rio estimulado, os ex-governadores Rui Costa e Jaques Wagner, ambos do PT, aparecem na lideran\u00e7a.<\/p>\n<p>As inten\u00e7\u00f5es de voto ficaram assim:<\/p>\n<p>* Rui Costa (PT) \u2014 23,38%<br \/>\n* Jaques Wagner (PT) \u2014 19,23%<br \/>\n* Jo\u00e3o Roma (PL) \u2014 12,43%<br \/>\n* Angelo Coronel (sem partido) \u2014 10,5%<br \/>\n* Dalliane Ribeiro (PSOL) \u2014 3,69%<\/p>\n<p>Outros resultados:<\/p>\n<p>* N\u00e3o souberam ou n\u00e3o opinaram \u2014 12,93%<br \/>\n* Nenhum \/ branco \/ nulo \u2014 17,84%<\/p>\n<p>Como a elei\u00e7\u00e3o ter\u00e1 duas vagas, Rui Costa e Jaques Wagner estariam, neste momento, dentro da zona de elei\u00e7\u00e3o.<\/p>\n<p>Metodologia da pesquisa<\/p>\n<p>A pesquisa da S\u00e9culus An\u00e1lise e Pesquisa:<\/p>\n<p>* Entrevistou 1.535 eleitores<br \/>\n* Foi realizada em 72 munic\u00edpios baianos<br \/>\n* Possui margem de erro de 2,5 pontos percentuais<br \/>\n* Intervalo de confian\u00e7a de 95% <\/p>\n<p>O levantamento est\u00e1 registrado no Tribunal Superior Eleitoral sob o n\u00famero BA-09740\/2026.<\/p>\n","protected":false},"excerpt":{"rendered":"<p>Um levantamento realizado pela S\u00e9culus An\u00e1lise e Pesquisa, encomendado pelo site Bahia Not\u00edcias, aponta lideran\u00e7a do ex-prefeito de Salvador ACM<\/p>\n","protected":false},"author":4,"featured_media":20679,"comment_status":"open","ping_status":"open","sticky":false,"template":"","format":"standard","meta":{"colormag_page_container_layout":"default_layout","colormag_page_sidebar_layout":"default_layout","_FSMCFIC_featured_image_caption":"","_FSMCFIC_featured_image_nocaption":"","_FSMCFIC_featured_image_hide":"","footnotes":""},"categories":[5,1],"tags":[],"class_list":["post-20678","post","type-post","status-publish","format-standard","has-post-thumbnail","hentry","category-politica","category-ultimas"],"yoast_head":"<!-- This site is optimized with the Yoast SEO plugin v27.1.1 - https:\/\/yoast.com\/product\/yoast-seo-wordpress\/ -->\n<title>ACM Neto lidera disputa pelo governo da Bahia com 48%, contra 38% de Jer\u00f4nimo, aponta pesquisa S\u00e9culus - Brasil not\u00edcias<\/title>\n<meta name=\"robots\" content=\"index, follow, max-snippet:-1, max-image-preview:large, max-video-preview:-1\" \/>\n<link rel=\"canonical\" href=\"https:\/\/brasilnoticias.org\/site\/acm-neto-lidera-disputa-pelo-governo-da-bahia-com-48-contra-38-de-jeronimo-aponta-pesquisa-seculus\/\" \/>\n<meta property=\"og:locale\" content=\"pt_PT\" \/>\n<meta property=\"og:type\" content=\"article\" \/>\n<meta property=\"og:title\" content=\"ACM Neto lidera disputa pelo governo da Bahia com 48%, contra 38% de Jer\u00f4nimo, aponta pesquisa S\u00e9culus - Brasil not\u00edcias\" \/>\n<meta property=\"og:description\" content=\"Um levantamento realizado pela S\u00e9culus An\u00e1lise e Pesquisa, encomendado pelo site Bahia Not\u00edcias, aponta lideran\u00e7a do ex-prefeito de Salvador ACM\" \/>\n<meta property=\"og:url\" content=\"https:\/\/brasilnoticias.org\/site\/acm-neto-lidera-disputa-pelo-governo-da-bahia-com-48-contra-38-de-jeronimo-aponta-pesquisa-seculus\/\" \/>\n<meta property=\"og:site_name\" content=\"Brasil not\u00edcias\" \/>\n<meta property=\"article:published_time\" content=\"2026-03-04T11:10:35+00:00\" \/>\n<meta property=\"og:image\" content=\"https:\/\/brasilnoticias.org\/site\/wp-content\/uploads\/2026\/03\/WhatsApp-Image-2026-02-24-at-13.01.24.jpeg\" \/>\n\t<meta property=\"og:image:width\" content=\"1142\" \/>\n\t<meta property=\"og:image:height\" content=\"642\" \/>\n\t<meta property=\"og:image:type\" content=\"image\/jpeg\" \/>\n<meta name=\"author\" content=\"Reda\u00e7\u00e3o\" \/>\n<meta name=\"twitter:card\" content=\"summary_large_image\" \/>\n<meta name=\"twitter:label1\" content=\"Escrito por\" \/>\n\t<meta name=\"twitter:data1\" content=\"Reda\u00e7\u00e3o\" \/>\n\t<meta name=\"twitter:label2\" content=\"Tempo estimado de leitura\" \/>\n\t<meta name=\"twitter:data2\" content=\"1 minuto\" \/>\n<script type=\"application\/ld+json\" class=\"yoast-schema-graph\">{\"@context\":\"https:\/\/schema.org\",\"@graph\":[{\"@type\":\"Article\",\"@id\":\"https:\/\/brasilnoticias.org\/site\/acm-neto-lidera-disputa-pelo-governo-da-bahia-com-48-contra-38-de-jeronimo-aponta-pesquisa-seculus\/#article\",\"isPartOf\":{\"@id\":\"https:\/\/brasilnoticias.org\/site\/acm-neto-lidera-disputa-pelo-governo-da-bahia-com-48-contra-38-de-jeronimo-aponta-pesquisa-seculus\/\"},\"author\":{\"name\":\"Reda\u00e7\u00e3o\",\"@id\":\"https:\/\/brasilnoticias.org\/site\/#\/schema\/person\/03bbbfe6c7634ad18c26444ea39049fa\"},\"headline\":\"ACM Neto lidera disputa pelo governo da Bahia com 48%, contra 38% de Jer\u00f4nimo, aponta pesquisa S\u00e9culus\",\"datePublished\":\"2026-03-04T11:10:35+00:00\",\"mainEntityOfPage\":{\"@id\":\"https:\/\/brasilnoticias.org\/site\/acm-neto-lidera-disputa-pelo-governo-da-bahia-com-48-contra-38-de-jeronimo-aponta-pesquisa-seculus\/\"},\"wordCount\":369,\"commentCount\":0,\"publisher\":{\"@id\":\"https:\/\/brasilnoticias.org\/site\/#organization\"},\"image\":{\"@id\":\"https:\/\/brasilnoticias.org\/site\/acm-neto-lidera-disputa-pelo-governo-da-bahia-com-48-contra-38-de-jeronimo-aponta-pesquisa-seculus\/#primaryimage\"},\"thumbnailUrl\":\"https:\/\/brasilnoticias.org\/site\/wp-content\/uploads\/2026\/03\/WhatsApp-Image-2026-02-24-at-13.01.24.jpeg\",\"articleSection\":[\"Pol\u00edtica\",\"\u00daltimas\"],\"inLanguage\":\"pt-PT\",\"potentialAction\":[{\"@type\":\"CommentAction\",\"name\":\"Comment\",\"target\":[\"https:\/\/brasilnoticias.org\/site\/acm-neto-lidera-disputa-pelo-governo-da-bahia-com-48-contra-38-de-jeronimo-aponta-pesquisa-seculus\/#respond\"]}]},{\"@type\":\"WebPage\",\"@id\":\"https:\/\/brasilnoticias.org\/site\/acm-neto-lidera-disputa-pelo-governo-da-bahia-com-48-contra-38-de-jeronimo-aponta-pesquisa-seculus\/\",\"url\":\"https:\/\/brasilnoticias.org\/site\/acm-neto-lidera-disputa-pelo-governo-da-bahia-com-48-contra-38-de-jeronimo-aponta-pesquisa-seculus\/\",\"name\":\"ACM Neto lidera disputa pelo governo da Bahia com 48%, contra 38% de Jer\u00f4nimo, aponta pesquisa S\u00e9culus - Brasil not\u00edcias\",\"isPartOf\":{\"@id\":\"https:\/\/brasilnoticias.org\/site\/#website\"},\"primaryImageOfPage\":{\"@id\":\"https:\/\/brasilnoticias.org\/site\/acm-neto-lidera-disputa-pelo-governo-da-bahia-com-48-contra-38-de-jeronimo-aponta-pesquisa-seculus\/#primaryimage\"},\"image\":{\"@id\":\"https:\/\/brasilnoticias.org\/site\/acm-neto-lidera-disputa-pelo-governo-da-bahia-com-48-contra-38-de-jeronimo-aponta-pesquisa-seculus\/#primaryimage\"},\"thumbnailUrl\":\"https:\/\/brasilnoticias.org\/site\/wp-content\/uploads\/2026\/03\/WhatsApp-Image-2026-02-24-at-13.01.24.jpeg\",\"datePublished\":\"2026-03-04T11:10:35+00:00\",\"breadcrumb\":{\"@id\":\"https:\/\/brasilnoticias.org\/site\/acm-neto-lidera-disputa-pelo-governo-da-bahia-com-48-contra-38-de-jeronimo-aponta-pesquisa-seculus\/#breadcrumb\"},\"inLanguage\":\"pt-PT\",\"potentialAction\":[{\"@type\":\"ReadAction\",\"target\":[\"https:\/\/brasilnoticias.org\/site\/acm-neto-lidera-disputa-pelo-governo-da-bahia-com-48-contra-38-de-jeronimo-aponta-pesquisa-seculus\/\"]}]},{\"@type\":\"ImageObject\",\"inLanguage\":\"pt-PT\",\"@id\":\"https:\/\/brasilnoticias.org\/site\/acm-neto-lidera-disputa-pelo-governo-da-bahia-com-48-contra-38-de-jeronimo-aponta-pesquisa-seculus\/#primaryimage\",\"url\":\"https:\/\/brasilnoticias.org\/site\/wp-content\/uploads\/2026\/03\/WhatsApp-Image-2026-02-24-at-13.01.24.jpeg\",\"contentUrl\":\"https:\/\/brasilnoticias.org\/site\/wp-content\/uploads\/2026\/03\/WhatsApp-Image-2026-02-24-at-13.01.24.jpeg\",\"width\":1142,\"height\":642,\"caption\":\"Jo\u00e1 Souza \/ GOVBA | Betto Jr. | Divulga\u00e7\u00e3o\"},{\"@type\":\"BreadcrumbList\",\"@id\":\"https:\/\/brasilnoticias.org\/site\/acm-neto-lidera-disputa-pelo-governo-da-bahia-com-48-contra-38-de-jeronimo-aponta-pesquisa-seculus\/#breadcrumb\",\"itemListElement\":[{\"@type\":\"ListItem\",\"position\":1,\"name\":\"In\u00edcio\",\"item\":\"https:\/\/brasilnoticias.org\/site\/\"},{\"@type\":\"ListItem\",\"position\":2,\"name\":\"ACM Neto lidera disputa pelo governo da Bahia com 48%, contra 38% de Jer\u00f4nimo, aponta pesquisa S\u00e9culus\"}]},{\"@type\":\"WebSite\",\"@id\":\"https:\/\/brasilnoticias.org\/site\/#website\",\"url\":\"https:\/\/brasilnoticias.org\/site\/\",\"name\":\"Brasil not\u00edcias\",\"description\":\"Brasil not\u00edcias\",\"publisher\":{\"@id\":\"https:\/\/brasilnoticias.org\/site\/#organization\"},\"potentialAction\":[{\"@type\":\"SearchAction\",\"target\":{\"@type\":\"EntryPoint\",\"urlTemplate\":\"https:\/\/brasilnoticias.org\/site\/?s={search_term_string}\"},\"query-input\":{\"@type\":\"PropertyValueSpecification\",\"valueRequired\":true,\"valueName\":\"search_term_string\"}}],\"inLanguage\":\"pt-PT\"},{\"@type\":\"Organization\",\"@id\":\"https:\/\/brasilnoticias.org\/site\/#organization\",\"name\":\"Brasil not\u00edcias\",\"url\":\"https:\/\/brasilnoticias.org\/site\/\",\"logo\":{\"@type\":\"ImageObject\",\"inLanguage\":\"pt-PT\",\"@id\":\"https:\/\/brasilnoticias.org\/site\/#\/schema\/logo\/image\/\",\"url\":\"https:\/\/brasilnoticias.org\/site\/wp-content\/uploads\/2022\/05\/cropped-brasilnoticias-mini.jpg\",\"contentUrl\":\"https:\/\/brasilnoticias.org\/site\/wp-content\/uploads\/2022\/05\/cropped-brasilnoticias-mini.jpg\",\"width\":314,\"height\":86,\"caption\":\"Brasil not\u00edcias\"},\"image\":{\"@id\":\"https:\/\/brasilnoticias.org\/site\/#\/schema\/logo\/image\/\"}},{\"@type\":\"Person\",\"@id\":\"https:\/\/brasilnoticias.org\/site\/#\/schema\/person\/03bbbfe6c7634ad18c26444ea39049fa\",\"name\":\"Reda\u00e7\u00e3o\",\"image\":{\"@type\":\"ImageObject\",\"inLanguage\":\"pt-PT\",\"@id\":\"https:\/\/brasilnoticias.org\/site\/#\/schema\/person\/image\/\",\"url\":\"https:\/\/secure.gravatar.com\/avatar\/9ecaf7327a696cb23ad926fedded5f1f04d7049de9e445375d55b48c001a6e42?s=96&d=mm&r=g\",\"contentUrl\":\"https:\/\/secure.gravatar.com\/avatar\/9ecaf7327a696cb23ad926fedded5f1f04d7049de9e445375d55b48c001a6e42?s=96&d=mm&r=g\",\"caption\":\"Reda\u00e7\u00e3o\"},\"url\":\"https:\/\/brasilnoticias.org\/site\/author\/henrique\/\"}]}<\/script>\n<!-- \/ Yoast SEO plugin. -->","yoast_head_json":{"title":"ACM Neto lidera disputa pelo governo da Bahia com 48%, contra 38% de Jer\u00f4nimo, aponta pesquisa S\u00e9culus - Brasil not\u00edcias","robots":{"index":"index","follow":"follow","max-snippet":"max-snippet:-1","max-image-preview":"max-image-preview:large","max-video-preview":"max-video-preview:-1"},"canonical":"https:\/\/brasilnoticias.org\/site\/acm-neto-lidera-disputa-pelo-governo-da-bahia-com-48-contra-38-de-jeronimo-aponta-pesquisa-seculus\/","og_locale":"pt_PT","og_type":"article","og_title":"ACM Neto lidera disputa pelo governo da Bahia com 48%, contra 38% de Jer\u00f4nimo, aponta pesquisa S\u00e9culus - Brasil not\u00edcias","og_description":"Um levantamento realizado pela S\u00e9culus An\u00e1lise e Pesquisa, encomendado pelo site Bahia Not\u00edcias, aponta lideran\u00e7a do ex-prefeito de Salvador ACM","og_url":"https:\/\/brasilnoticias.org\/site\/acm-neto-lidera-disputa-pelo-governo-da-bahia-com-48-contra-38-de-jeronimo-aponta-pesquisa-seculus\/","og_site_name":"Brasil not\u00edcias","article_published_time":"2026-03-04T11:10:35+00:00","og_image":[{"width":1142,"height":642,"url":"https:\/\/brasilnoticias.org\/site\/wp-content\/uploads\/2026\/03\/WhatsApp-Image-2026-02-24-at-13.01.24.jpeg","type":"image\/jpeg"}],"author":"Reda\u00e7\u00e3o","twitter_card":"summary_large_image","twitter_misc":{"Escrito por":"Reda\u00e7\u00e3o","Tempo estimado de leitura":"1 minuto"},"schema":{"@context":"https:\/\/schema.org","@graph":[{"@type":"Article","@id":"https:\/\/brasilnoticias.org\/site\/acm-neto-lidera-disputa-pelo-governo-da-bahia-com-48-contra-38-de-jeronimo-aponta-pesquisa-seculus\/#article","isPartOf":{"@id":"https:\/\/brasilnoticias.org\/site\/acm-neto-lidera-disputa-pelo-governo-da-bahia-com-48-contra-38-de-jeronimo-aponta-pesquisa-seculus\/"},"author":{"name":"Reda\u00e7\u00e3o","@id":"https:\/\/brasilnoticias.org\/site\/#\/schema\/person\/03bbbfe6c7634ad18c26444ea39049fa"},"headline":"ACM Neto lidera disputa pelo governo da Bahia com 48%, contra 38% de Jer\u00f4nimo, aponta pesquisa S\u00e9culus","datePublished":"2026-03-04T11:10:35+00:00","mainEntityOfPage":{"@id":"https:\/\/brasilnoticias.org\/site\/acm-neto-lidera-disputa-pelo-governo-da-bahia-com-48-contra-38-de-jeronimo-aponta-pesquisa-seculus\/"},"wordCount":369,"commentCount":0,"publisher":{"@id":"https:\/\/brasilnoticias.org\/site\/#organization"},"image":{"@id":"https:\/\/brasilnoticias.org\/site\/acm-neto-lidera-disputa-pelo-governo-da-bahia-com-48-contra-38-de-jeronimo-aponta-pesquisa-seculus\/#primaryimage"},"thumbnailUrl":"https:\/\/brasilnoticias.org\/site\/wp-content\/uploads\/2026\/03\/WhatsApp-Image-2026-02-24-at-13.01.24.jpeg","articleSection":["Pol\u00edtica","\u00daltimas"],"inLanguage":"pt-PT","potentialAction":[{"@type":"CommentAction","name":"Comment","target":["https:\/\/brasilnoticias.org\/site\/acm-neto-lidera-disputa-pelo-governo-da-bahia-com-48-contra-38-de-jeronimo-aponta-pesquisa-seculus\/#respond"]}]},{"@type":"WebPage","@id":"https:\/\/brasilnoticias.org\/site\/acm-neto-lidera-disputa-pelo-governo-da-bahia-com-48-contra-38-de-jeronimo-aponta-pesquisa-seculus\/","url":"https:\/\/brasilnoticias.org\/site\/acm-neto-lidera-disputa-pelo-governo-da-bahia-com-48-contra-38-de-jeronimo-aponta-pesquisa-seculus\/","name":"ACM Neto lidera disputa pelo governo da Bahia com 48%, contra 38% de Jer\u00f4nimo, aponta pesquisa S\u00e9culus - Brasil not\u00edcias","isPartOf":{"@id":"https:\/\/brasilnoticias.org\/site\/#website"},"primaryImageOfPage":{"@id":"https:\/\/brasilnoticias.org\/site\/acm-neto-lidera-disputa-pelo-governo-da-bahia-com-48-contra-38-de-jeronimo-aponta-pesquisa-seculus\/#primaryimage"},"image":{"@id":"https:\/\/brasilnoticias.org\/site\/acm-neto-lidera-disputa-pelo-governo-da-bahia-com-48-contra-38-de-jeronimo-aponta-pesquisa-seculus\/#primaryimage"},"thumbnailUrl":"https:\/\/brasilnoticias.org\/site\/wp-content\/uploads\/2026\/03\/WhatsApp-Image-2026-02-24-at-13.01.24.jpeg","datePublished":"2026-03-04T11:10:35+00:00","breadcrumb":{"@id":"https:\/\/brasilnoticias.org\/site\/acm-neto-lidera-disputa-pelo-governo-da-bahia-com-48-contra-38-de-jeronimo-aponta-pesquisa-seculus\/#breadcrumb"},"inLanguage":"pt-PT","potentialAction":[{"@type":"ReadAction","target":["https:\/\/brasilnoticias.org\/site\/acm-neto-lidera-disputa-pelo-governo-da-bahia-com-48-contra-38-de-jeronimo-aponta-pesquisa-seculus\/"]}]},{"@type":"ImageObject","inLanguage":"pt-PT","@id":"https:\/\/brasilnoticias.org\/site\/acm-neto-lidera-disputa-pelo-governo-da-bahia-com-48-contra-38-de-jeronimo-aponta-pesquisa-seculus\/#primaryimage","url":"https:\/\/brasilnoticias.org\/site\/wp-content\/uploads\/2026\/03\/WhatsApp-Image-2026-02-24-at-13.01.24.jpeg","contentUrl":"https:\/\/brasilnoticias.org\/site\/wp-content\/uploads\/2026\/03\/WhatsApp-Image-2026-02-24-at-13.01.24.jpeg","width":1142,"height":642,"caption":"Jo\u00e1 Souza \/ GOVBA | Betto Jr. | Divulga\u00e7\u00e3o"},{"@type":"BreadcrumbList","@id":"https:\/\/brasilnoticias.org\/site\/acm-neto-lidera-disputa-pelo-governo-da-bahia-com-48-contra-38-de-jeronimo-aponta-pesquisa-seculus\/#breadcrumb","itemListElement":[{"@type":"ListItem","position":1,"name":"In\u00edcio","item":"https:\/\/brasilnoticias.org\/site\/"},{"@type":"ListItem","position":2,"name":"ACM Neto lidera disputa pelo governo da Bahia com 48%, contra 38% de Jer\u00f4nimo, aponta pesquisa S\u00e9culus"}]},{"@type":"WebSite","@id":"https:\/\/brasilnoticias.org\/site\/#website","url":"https:\/\/brasilnoticias.org\/site\/","name":"Brasil not\u00edcias","description":"Brasil not\u00edcias","publisher":{"@id":"https:\/\/brasilnoticias.org\/site\/#organization"},"potentialAction":[{"@type":"SearchAction","target":{"@type":"EntryPoint","urlTemplate":"https:\/\/brasilnoticias.org\/site\/?s={search_term_string}"},"query-input":{"@type":"PropertyValueSpecification","valueRequired":true,"valueName":"search_term_string"}}],"inLanguage":"pt-PT"},{"@type":"Organization","@id":"https:\/\/brasilnoticias.org\/site\/#organization","name":"Brasil not\u00edcias","url":"https:\/\/brasilnoticias.org\/site\/","logo":{"@type":"ImageObject","inLanguage":"pt-PT","@id":"https:\/\/brasilnoticias.org\/site\/#\/schema\/logo\/image\/","url":"https:\/\/brasilnoticias.org\/site\/wp-content\/uploads\/2022\/05\/cropped-brasilnoticias-mini.jpg","contentUrl":"https:\/\/brasilnoticias.org\/site\/wp-content\/uploads\/2022\/05\/cropped-brasilnoticias-mini.jpg","width":314,"height":86,"caption":"Brasil not\u00edcias"},"image":{"@id":"https:\/\/brasilnoticias.org\/site\/#\/schema\/logo\/image\/"}},{"@type":"Person","@id":"https:\/\/brasilnoticias.org\/site\/#\/schema\/person\/03bbbfe6c7634ad18c26444ea39049fa","name":"Reda\u00e7\u00e3o","image":{"@type":"ImageObject","inLanguage":"pt-PT","@id":"https:\/\/brasilnoticias.org\/site\/#\/schema\/person\/image\/","url":"https:\/\/secure.gravatar.com\/avatar\/9ecaf7327a696cb23ad926fedded5f1f04d7049de9e445375d55b48c001a6e42?s=96&d=mm&r=g","contentUrl":"https:\/\/secure.gravatar.com\/avatar\/9ecaf7327a696cb23ad926fedded5f1f04d7049de9e445375d55b48c001a6e42?s=96&d=mm&r=g","caption":"Reda\u00e7\u00e3o"},"url":"https:\/\/brasilnoticias.org\/site\/author\/henrique\/"}]}},"_links":{"self":[{"href":"https:\/\/brasilnoticias.org\/site\/wp-json\/wp\/v2\/posts\/20678","targetHints":{"allow":["GET"]}}],"collection":[{"href":"https:\/\/brasilnoticias.org\/site\/wp-json\/wp\/v2\/posts"}],"about":[{"href":"https:\/\/brasilnoticias.org\/site\/wp-json\/wp\/v2\/types\/post"}],"author":[{"embeddable":true,"href":"https:\/\/brasilnoticias.org\/site\/wp-json\/wp\/v2\/users\/4"}],"replies":[{"embeddable":true,"href":"https:\/\/brasilnoticias.org\/site\/wp-json\/wp\/v2\/comments?post=20678"}],"version-history":[{"count":1,"href":"https:\/\/brasilnoticias.org\/site\/wp-json\/wp\/v2\/posts\/20678\/revisions"}],"predecessor-version":[{"id":20680,"href":"https:\/\/brasilnoticias.org\/site\/wp-json\/wp\/v2\/posts\/20678\/revisions\/20680"}],"wp:featuredmedia":[{"embeddable":true,"href":"https:\/\/brasilnoticias.org\/site\/wp-json\/wp\/v2\/media\/20679"}],"wp:attachment":[{"href":"https:\/\/brasilnoticias.org\/site\/wp-json\/wp\/v2\/media?parent=20678"}],"wp:term":[{"taxonomy":"category","embeddable":true,"href":"https:\/\/brasilnoticias.org\/site\/wp-json\/wp\/v2\/categories?post=20678"},{"taxonomy":"post_tag","embeddable":true,"href":"https:\/\/brasilnoticias.org\/site\/wp-json\/wp\/v2\/tags?post=20678"}],"curies":[{"name":"wp","href":"https:\/\/api.w.org\/{rel}","templated":true}]}}