{"id":20681,"date":"2026-03-04T08:17:44","date_gmt":"2026-03-04T11:17:44","guid":{"rendered":"https:\/\/brasilnoticias.org\/site\/?p=20681"},"modified":"2026-03-04T08:17:44","modified_gmt":"2026-03-04T11:17:44","slug":"antes-do-bavi-integrantes-da-bamor-viram-alvo-da-pc-por-ataque-a-torcedor-do-vitoria","status":"publish","type":"post","link":"https:\/\/brasilnoticias.org\/site\/antes-do-bavi-integrantes-da-bamor-viram-alvo-da-pc-por-ataque-a-torcedor-do-vitoria\/","title":{"rendered":"Antes do BaVi, integrantes da Bamor viram alvo da PC por ataque a torcedor do Vit\u00f3ria"},"content":{"rendered":"<p>Segundo informa\u00e7\u00f5es divulgadas pelo jornal A Tarde, a sede da Bamor \u2014 torcida organizada do Esporte Clube Bahia \u2014 foi alvo de uma opera\u00e7\u00e3o da Pol\u00edcia Civil da Bahia em Salvador na manh\u00e3 desta ter\u00e7a-feira (10), \u00e0s v\u00e9speras do cl\u00e1ssico BA-Vi, v\u00e1lido pela final do Campeonato Baiano 2026.<\/p>\n<p>Agentes cumpriram mandados de busca e apreens\u00e3o na sede do grupo, localizada em um bairro da capital, como parte de uma investiga\u00e7\u00e3o que mira poss\u00edveis pr\u00e1ticas irregulares e crimes associadas a torcidas organizadas, entre elas incita\u00e7\u00e3o \u00e0 viol\u00eancia e associa\u00e7\u00e3o criminosa.<\/p>\n<p>Durante a a\u00e7\u00e3o, foram recolhidos materiais que agora ser\u00e3o analisados dentro do inqu\u00e9rito policial, inclusive m\u00eddias e documentos que podem ajudar a esclarecer a participa\u00e7\u00e3o de integrantes da torcida nos epis\u00f3dios investigados. A Pol\u00edcia Civil n\u00e3o divulgou detalhes completos sobre os alvos espec\u00edficos da opera\u00e7\u00e3o para n\u00e3o atrapalhar as apura\u00e7\u00f5es, que seguem em sigilo.<\/p>\n<p>Representantes da Bamor ainda n\u00e3o se pronunciaram oficialmente sobre a opera\u00e7\u00e3o ou eventuais desdobramentos, enquanto o Bahia se prepara para o cl\u00e1ssico estadual.<\/p>\n<p>O clima de aten\u00e7\u00e3o nas horas que antecedem o BA-Vi aumenta n\u00e3o apenas pela rivalidade esportiva, mas tamb\u00e9m pela preocupa\u00e7\u00e3o das autoridades em garantir seguran\u00e7a e ordem durante os jogos decisivos do Campeonato Baiano.<\/p>\n","protected":false},"excerpt":{"rendered":"<p>Segundo informa\u00e7\u00f5es divulgadas pelo jornal A Tarde, a sede da Bamor \u2014 torcida organizada do Esporte Clube Bahia \u2014 foi<\/p>\n","protected":false},"author":4,"featured_media":20682,"comment_status":"open","ping_status":"open","sticky":false,"template":"","format":"standard","meta":{"colormag_page_container_layout":"default_layout","colormag_page_sidebar_layout":"default_layout","_FSMCFIC_featured_image_caption":"","_FSMCFIC_featured_image_nocaption":"","_FSMCFIC_featured_image_hide":"","footnotes":""},"categories":[4,3,1],"tags":[],"class_list":["post-20681","post","type-post","status-publish","format-standard","has-post-thumbnail","hentry","category-esporte","category-policia","category-ultimas"],"yoast_head":"<!-- This site is optimized with the Yoast SEO plugin v27.1.1 - https:\/\/yoast.com\/product\/yoast-seo-wordpress\/ -->\n<title>Antes do BaVi, integrantes da Bamor viram alvo da PC por ataque a torcedor do Vit\u00f3ria - Brasil not\u00edcias<\/title>\n<meta name=\"robots\" content=\"index, follow, max-snippet:-1, max-image-preview:large, max-video-preview:-1\" \/>\n<link rel=\"canonical\" href=\"https:\/\/brasilnoticias.org\/site\/antes-do-bavi-integrantes-da-bamor-viram-alvo-da-pc-por-ataque-a-torcedor-do-vitoria\/\" \/>\n<meta property=\"og:locale\" content=\"pt_PT\" \/>\n<meta property=\"og:type\" content=\"article\" \/>\n<meta property=\"og:title\" content=\"Antes do BaVi, integrantes da Bamor viram alvo da PC por ataque a torcedor do Vit\u00f3ria - Brasil not\u00edcias\" \/>\n<meta property=\"og:description\" content=\"Segundo informa\u00e7\u00f5es divulgadas pelo jornal A Tarde, a sede da Bamor \u2014 torcida organizada do Esporte Clube Bahia \u2014 foi\" \/>\n<meta property=\"og:url\" content=\"https:\/\/brasilnoticias.org\/site\/antes-do-bavi-integrantes-da-bamor-viram-alvo-da-pc-por-ataque-a-torcedor-do-vitoria\/\" \/>\n<meta property=\"og:site_name\" content=\"Brasil not\u00edcias\" \/>\n<meta property=\"article:published_time\" content=\"2026-03-04T11:17:44+00:00\" \/>\n<meta property=\"og:image\" content=\"https:\/\/brasilnoticias.org\/site\/wp-content\/uploads\/2026\/03\/as-vesperas-do-bavi-sede-da-bamor-e-alvo-da-polici0138152300202603040644.webp\" \/>\n\t<meta property=\"og:image:width\" content=\"2500\" \/>\n\t<meta property=\"og:image:height\" content=\"1584\" \/>\n\t<meta property=\"og:image:type\" content=\"image\/webp\" \/>\n<meta name=\"author\" content=\"Reda\u00e7\u00e3o\" \/>\n<meta name=\"twitter:card\" content=\"summary_large_image\" \/>\n<meta name=\"twitter:label1\" content=\"Escrito por\" \/>\n\t<meta name=\"twitter:data1\" content=\"Reda\u00e7\u00e3o\" \/>\n\t<meta name=\"twitter:label2\" content=\"Tempo estimado de leitura\" \/>\n\t<meta name=\"twitter:data2\" content=\"1 minuto\" \/>\n<script type=\"application\/ld+json\" class=\"yoast-schema-graph\">{\"@context\":\"https:\/\/schema.org\",\"@graph\":[{\"@type\":\"Article\",\"@id\":\"https:\/\/brasilnoticias.org\/site\/antes-do-bavi-integrantes-da-bamor-viram-alvo-da-pc-por-ataque-a-torcedor-do-vitoria\/#article\",\"isPartOf\":{\"@id\":\"https:\/\/brasilnoticias.org\/site\/antes-do-bavi-integrantes-da-bamor-viram-alvo-da-pc-por-ataque-a-torcedor-do-vitoria\/\"},\"author\":{\"name\":\"Reda\u00e7\u00e3o\",\"@id\":\"https:\/\/brasilnoticias.org\/site\/#\/schema\/person\/03bbbfe6c7634ad18c26444ea39049fa\"},\"headline\":\"Antes do BaVi, integrantes da Bamor viram alvo da PC por ataque a torcedor do Vit\u00f3ria\",\"datePublished\":\"2026-03-04T11:17:44+00:00\",\"mainEntityOfPage\":{\"@id\":\"https:\/\/brasilnoticias.org\/site\/antes-do-bavi-integrantes-da-bamor-viram-alvo-da-pc-por-ataque-a-torcedor-do-vitoria\/\"},\"wordCount\":246,\"commentCount\":0,\"publisher\":{\"@id\":\"https:\/\/brasilnoticias.org\/site\/#organization\"},\"image\":{\"@id\":\"https:\/\/brasilnoticias.org\/site\/antes-do-bavi-integrantes-da-bamor-viram-alvo-da-pc-por-ataque-a-torcedor-do-vitoria\/#primaryimage\"},\"thumbnailUrl\":\"https:\/\/brasilnoticias.org\/site\/wp-content\/uploads\/2026\/03\/as-vesperas-do-bavi-sede-da-bamor-e-alvo-da-polici0138152300202603040644.webp\",\"articleSection\":[\"Esporte\",\"Pol\u00edcia\",\"\u00daltimas\"],\"inLanguage\":\"pt-PT\",\"potentialAction\":[{\"@type\":\"CommentAction\",\"name\":\"Comment\",\"target\":[\"https:\/\/brasilnoticias.org\/site\/antes-do-bavi-integrantes-da-bamor-viram-alvo-da-pc-por-ataque-a-torcedor-do-vitoria\/#respond\"]}]},{\"@type\":\"WebPage\",\"@id\":\"https:\/\/brasilnoticias.org\/site\/antes-do-bavi-integrantes-da-bamor-viram-alvo-da-pc-por-ataque-a-torcedor-do-vitoria\/\",\"url\":\"https:\/\/brasilnoticias.org\/site\/antes-do-bavi-integrantes-da-bamor-viram-alvo-da-pc-por-ataque-a-torcedor-do-vitoria\/\",\"name\":\"Antes do BaVi, integrantes da Bamor viram alvo da PC por ataque a torcedor do Vit\u00f3ria - Brasil not\u00edcias\",\"isPartOf\":{\"@id\":\"https:\/\/brasilnoticias.org\/site\/#website\"},\"primaryImageOfPage\":{\"@id\":\"https:\/\/brasilnoticias.org\/site\/antes-do-bavi-integrantes-da-bamor-viram-alvo-da-pc-por-ataque-a-torcedor-do-vitoria\/#primaryimage\"},\"image\":{\"@id\":\"https:\/\/brasilnoticias.org\/site\/antes-do-bavi-integrantes-da-bamor-viram-alvo-da-pc-por-ataque-a-torcedor-do-vitoria\/#primaryimage\"},\"thumbnailUrl\":\"https:\/\/brasilnoticias.org\/site\/wp-content\/uploads\/2026\/03\/as-vesperas-do-bavi-sede-da-bamor-e-alvo-da-polici0138152300202603040644.webp\",\"datePublished\":\"2026-03-04T11:17:44+00:00\",\"breadcrumb\":{\"@id\":\"https:\/\/brasilnoticias.org\/site\/antes-do-bavi-integrantes-da-bamor-viram-alvo-da-pc-por-ataque-a-torcedor-do-vitoria\/#breadcrumb\"},\"inLanguage\":\"pt-PT\",\"potentialAction\":[{\"@type\":\"ReadAction\",\"target\":[\"https:\/\/brasilnoticias.org\/site\/antes-do-bavi-integrantes-da-bamor-viram-alvo-da-pc-por-ataque-a-torcedor-do-vitoria\/\"]}]},{\"@type\":\"ImageObject\",\"inLanguage\":\"pt-PT\",\"@id\":\"https:\/\/brasilnoticias.org\/site\/antes-do-bavi-integrantes-da-bamor-viram-alvo-da-pc-por-ataque-a-torcedor-do-vitoria\/#primaryimage\",\"url\":\"https:\/\/brasilnoticias.org\/site\/wp-content\/uploads\/2026\/03\/as-vesperas-do-bavi-sede-da-bamor-e-alvo-da-polici0138152300202603040644.webp\",\"contentUrl\":\"https:\/\/brasilnoticias.org\/site\/wp-content\/uploads\/2026\/03\/as-vesperas-do-bavi-sede-da-bamor-e-alvo-da-polici0138152300202603040644.webp\",\"width\":2500,\"height\":1584,\"caption\":\"Ascom-PCBA\"},{\"@type\":\"BreadcrumbList\",\"@id\":\"https:\/\/brasilnoticias.org\/site\/antes-do-bavi-integrantes-da-bamor-viram-alvo-da-pc-por-ataque-a-torcedor-do-vitoria\/#breadcrumb\",\"itemListElement\":[{\"@type\":\"ListItem\",\"position\":1,\"name\":\"In\u00edcio\",\"item\":\"https:\/\/brasilnoticias.org\/site\/\"},{\"@type\":\"ListItem\",\"position\":2,\"name\":\"Antes do BaVi, integrantes da Bamor viram alvo da PC por ataque a torcedor do Vit\u00f3ria\"}]},{\"@type\":\"WebSite\",\"@id\":\"https:\/\/brasilnoticias.org\/site\/#website\",\"url\":\"https:\/\/brasilnoticias.org\/site\/\",\"name\":\"Brasil not\u00edcias\",\"description\":\"Brasil not\u00edcias\",\"publisher\":{\"@id\":\"https:\/\/brasilnoticias.org\/site\/#organization\"},\"potentialAction\":[{\"@type\":\"SearchAction\",\"target\":{\"@type\":\"EntryPoint\",\"urlTemplate\":\"https:\/\/brasilnoticias.org\/site\/?s={search_term_string}\"},\"query-input\":{\"@type\":\"PropertyValueSpecification\",\"valueRequired\":true,\"valueName\":\"search_term_string\"}}],\"inLanguage\":\"pt-PT\"},{\"@type\":\"Organization\",\"@id\":\"https:\/\/brasilnoticias.org\/site\/#organization\",\"name\":\"Brasil not\u00edcias\",\"url\":\"https:\/\/brasilnoticias.org\/site\/\",\"logo\":{\"@type\":\"ImageObject\",\"inLanguage\":\"pt-PT\",\"@id\":\"https:\/\/brasilnoticias.org\/site\/#\/schema\/logo\/image\/\",\"url\":\"https:\/\/brasilnoticias.org\/site\/wp-content\/uploads\/2022\/05\/cropped-brasilnoticias-mini.jpg\",\"contentUrl\":\"https:\/\/brasilnoticias.org\/site\/wp-content\/uploads\/2022\/05\/cropped-brasilnoticias-mini.jpg\",\"width\":314,\"height\":86,\"caption\":\"Brasil not\u00edcias\"},\"image\":{\"@id\":\"https:\/\/brasilnoticias.org\/site\/#\/schema\/logo\/image\/\"}},{\"@type\":\"Person\",\"@id\":\"https:\/\/brasilnoticias.org\/site\/#\/schema\/person\/03bbbfe6c7634ad18c26444ea39049fa\",\"name\":\"Reda\u00e7\u00e3o\",\"image\":{\"@type\":\"ImageObject\",\"inLanguage\":\"pt-PT\",\"@id\":\"https:\/\/brasilnoticias.org\/site\/#\/schema\/person\/image\/\",\"url\":\"https:\/\/secure.gravatar.com\/avatar\/9ecaf7327a696cb23ad926fedded5f1f04d7049de9e445375d55b48c001a6e42?s=96&d=mm&r=g\",\"contentUrl\":\"https:\/\/secure.gravatar.com\/avatar\/9ecaf7327a696cb23ad926fedded5f1f04d7049de9e445375d55b48c001a6e42?s=96&d=mm&r=g\",\"caption\":\"Reda\u00e7\u00e3o\"},\"url\":\"https:\/\/brasilnoticias.org\/site\/author\/henrique\/\"}]}<\/script>\n<!-- \/ Yoast SEO plugin. -->","yoast_head_json":{"title":"Antes do BaVi, integrantes da Bamor viram alvo da PC por ataque a torcedor do Vit\u00f3ria - Brasil not\u00edcias","robots":{"index":"index","follow":"follow","max-snippet":"max-snippet:-1","max-image-preview":"max-image-preview:large","max-video-preview":"max-video-preview:-1"},"canonical":"https:\/\/brasilnoticias.org\/site\/antes-do-bavi-integrantes-da-bamor-viram-alvo-da-pc-por-ataque-a-torcedor-do-vitoria\/","og_locale":"pt_PT","og_type":"article","og_title":"Antes do BaVi, integrantes da Bamor viram alvo da PC por ataque a torcedor do Vit\u00f3ria - Brasil not\u00edcias","og_description":"Segundo informa\u00e7\u00f5es divulgadas pelo jornal A Tarde, a sede da Bamor \u2014 torcida organizada do Esporte Clube Bahia \u2014 foi","og_url":"https:\/\/brasilnoticias.org\/site\/antes-do-bavi-integrantes-da-bamor-viram-alvo-da-pc-por-ataque-a-torcedor-do-vitoria\/","og_site_name":"Brasil not\u00edcias","article_published_time":"2026-03-04T11:17:44+00:00","og_image":[{"width":2500,"height":1584,"url":"https:\/\/brasilnoticias.org\/site\/wp-content\/uploads\/2026\/03\/as-vesperas-do-bavi-sede-da-bamor-e-alvo-da-polici0138152300202603040644.webp","type":"image\/webp"}],"author":"Reda\u00e7\u00e3o","twitter_card":"summary_large_image","twitter_misc":{"Escrito por":"Reda\u00e7\u00e3o","Tempo estimado de leitura":"1 minuto"},"schema":{"@context":"https:\/\/schema.org","@graph":[{"@type":"Article","@id":"https:\/\/brasilnoticias.org\/site\/antes-do-bavi-integrantes-da-bamor-viram-alvo-da-pc-por-ataque-a-torcedor-do-vitoria\/#article","isPartOf":{"@id":"https:\/\/brasilnoticias.org\/site\/antes-do-bavi-integrantes-da-bamor-viram-alvo-da-pc-por-ataque-a-torcedor-do-vitoria\/"},"author":{"name":"Reda\u00e7\u00e3o","@id":"https:\/\/brasilnoticias.org\/site\/#\/schema\/person\/03bbbfe6c7634ad18c26444ea39049fa"},"headline":"Antes do BaVi, integrantes da Bamor viram alvo da PC por ataque a torcedor do Vit\u00f3ria","datePublished":"2026-03-04T11:17:44+00:00","mainEntityOfPage":{"@id":"https:\/\/brasilnoticias.org\/site\/antes-do-bavi-integrantes-da-bamor-viram-alvo-da-pc-por-ataque-a-torcedor-do-vitoria\/"},"wordCount":246,"commentCount":0,"publisher":{"@id":"https:\/\/brasilnoticias.org\/site\/#organization"},"image":{"@id":"https:\/\/brasilnoticias.org\/site\/antes-do-bavi-integrantes-da-bamor-viram-alvo-da-pc-por-ataque-a-torcedor-do-vitoria\/#primaryimage"},"thumbnailUrl":"https:\/\/brasilnoticias.org\/site\/wp-content\/uploads\/2026\/03\/as-vesperas-do-bavi-sede-da-bamor-e-alvo-da-polici0138152300202603040644.webp","articleSection":["Esporte","Pol\u00edcia","\u00daltimas"],"inLanguage":"pt-PT","potentialAction":[{"@type":"CommentAction","name":"Comment","target":["https:\/\/brasilnoticias.org\/site\/antes-do-bavi-integrantes-da-bamor-viram-alvo-da-pc-por-ataque-a-torcedor-do-vitoria\/#respond"]}]},{"@type":"WebPage","@id":"https:\/\/brasilnoticias.org\/site\/antes-do-bavi-integrantes-da-bamor-viram-alvo-da-pc-por-ataque-a-torcedor-do-vitoria\/","url":"https:\/\/brasilnoticias.org\/site\/antes-do-bavi-integrantes-da-bamor-viram-alvo-da-pc-por-ataque-a-torcedor-do-vitoria\/","name":"Antes do BaVi, integrantes da Bamor viram alvo da PC por ataque a torcedor do Vit\u00f3ria - Brasil not\u00edcias","isPartOf":{"@id":"https:\/\/brasilnoticias.org\/site\/#website"},"primaryImageOfPage":{"@id":"https:\/\/brasilnoticias.org\/site\/antes-do-bavi-integrantes-da-bamor-viram-alvo-da-pc-por-ataque-a-torcedor-do-vitoria\/#primaryimage"},"image":{"@id":"https:\/\/brasilnoticias.org\/site\/antes-do-bavi-integrantes-da-bamor-viram-alvo-da-pc-por-ataque-a-torcedor-do-vitoria\/#primaryimage"},"thumbnailUrl":"https:\/\/brasilnoticias.org\/site\/wp-content\/uploads\/2026\/03\/as-vesperas-do-bavi-sede-da-bamor-e-alvo-da-polici0138152300202603040644.webp","datePublished":"2026-03-04T11:17:44+00:00","breadcrumb":{"@id":"https:\/\/brasilnoticias.org\/site\/antes-do-bavi-integrantes-da-bamor-viram-alvo-da-pc-por-ataque-a-torcedor-do-vitoria\/#breadcrumb"},"inLanguage":"pt-PT","potentialAction":[{"@type":"ReadAction","target":["https:\/\/brasilnoticias.org\/site\/antes-do-bavi-integrantes-da-bamor-viram-alvo-da-pc-por-ataque-a-torcedor-do-vitoria\/"]}]},{"@type":"ImageObject","inLanguage":"pt-PT","@id":"https:\/\/brasilnoticias.org\/site\/antes-do-bavi-integrantes-da-bamor-viram-alvo-da-pc-por-ataque-a-torcedor-do-vitoria\/#primaryimage","url":"https:\/\/brasilnoticias.org\/site\/wp-content\/uploads\/2026\/03\/as-vesperas-do-bavi-sede-da-bamor-e-alvo-da-polici0138152300202603040644.webp","contentUrl":"https:\/\/brasilnoticias.org\/site\/wp-content\/uploads\/2026\/03\/as-vesperas-do-bavi-sede-da-bamor-e-alvo-da-polici0138152300202603040644.webp","width":2500,"height":1584,"caption":"Ascom-PCBA"},{"@type":"BreadcrumbList","@id":"https:\/\/brasilnoticias.org\/site\/antes-do-bavi-integrantes-da-bamor-viram-alvo-da-pc-por-ataque-a-torcedor-do-vitoria\/#breadcrumb","itemListElement":[{"@type":"ListItem","position":1,"name":"In\u00edcio","item":"https:\/\/brasilnoticias.org\/site\/"},{"@type":"ListItem","position":2,"name":"Antes do BaVi, integrantes da Bamor viram alvo da PC por ataque a torcedor do Vit\u00f3ria"}]},{"@type":"WebSite","@id":"https:\/\/brasilnoticias.org\/site\/#website","url":"https:\/\/brasilnoticias.org\/site\/","name":"Brasil not\u00edcias","description":"Brasil not\u00edcias","publisher":{"@id":"https:\/\/brasilnoticias.org\/site\/#organization"},"potentialAction":[{"@type":"SearchAction","target":{"@type":"EntryPoint","urlTemplate":"https:\/\/brasilnoticias.org\/site\/?s={search_term_string}"},"query-input":{"@type":"PropertyValueSpecification","valueRequired":true,"valueName":"search_term_string"}}],"inLanguage":"pt-PT"},{"@type":"Organization","@id":"https:\/\/brasilnoticias.org\/site\/#organization","name":"Brasil not\u00edcias","url":"https:\/\/brasilnoticias.org\/site\/","logo":{"@type":"ImageObject","inLanguage":"pt-PT","@id":"https:\/\/brasilnoticias.org\/site\/#\/schema\/logo\/image\/","url":"https:\/\/brasilnoticias.org\/site\/wp-content\/uploads\/2022\/05\/cropped-brasilnoticias-mini.jpg","contentUrl":"https:\/\/brasilnoticias.org\/site\/wp-content\/uploads\/2022\/05\/cropped-brasilnoticias-mini.jpg","width":314,"height":86,"caption":"Brasil not\u00edcias"},"image":{"@id":"https:\/\/brasilnoticias.org\/site\/#\/schema\/logo\/image\/"}},{"@type":"Person","@id":"https:\/\/brasilnoticias.org\/site\/#\/schema\/person\/03bbbfe6c7634ad18c26444ea39049fa","name":"Reda\u00e7\u00e3o","image":{"@type":"ImageObject","inLanguage":"pt-PT","@id":"https:\/\/brasilnoticias.org\/site\/#\/schema\/person\/image\/","url":"https:\/\/secure.gravatar.com\/avatar\/9ecaf7327a696cb23ad926fedded5f1f04d7049de9e445375d55b48c001a6e42?s=96&d=mm&r=g","contentUrl":"https:\/\/secure.gravatar.com\/avatar\/9ecaf7327a696cb23ad926fedded5f1f04d7049de9e445375d55b48c001a6e42?s=96&d=mm&r=g","caption":"Reda\u00e7\u00e3o"},"url":"https:\/\/brasilnoticias.org\/site\/author\/henrique\/"}]}},"_links":{"self":[{"href":"https:\/\/brasilnoticias.org\/site\/wp-json\/wp\/v2\/posts\/20681","targetHints":{"allow":["GET"]}}],"collection":[{"href":"https:\/\/brasilnoticias.org\/site\/wp-json\/wp\/v2\/posts"}],"about":[{"href":"https:\/\/brasilnoticias.org\/site\/wp-json\/wp\/v2\/types\/post"}],"author":[{"embeddable":true,"href":"https:\/\/brasilnoticias.org\/site\/wp-json\/wp\/v2\/users\/4"}],"replies":[{"embeddable":true,"href":"https:\/\/brasilnoticias.org\/site\/wp-json\/wp\/v2\/comments?post=20681"}],"version-history":[{"count":1,"href":"https:\/\/brasilnoticias.org\/site\/wp-json\/wp\/v2\/posts\/20681\/revisions"}],"predecessor-version":[{"id":20683,"href":"https:\/\/brasilnoticias.org\/site\/wp-json\/wp\/v2\/posts\/20681\/revisions\/20683"}],"wp:featuredmedia":[{"embeddable":true,"href":"https:\/\/brasilnoticias.org\/site\/wp-json\/wp\/v2\/media\/20682"}],"wp:attachment":[{"href":"https:\/\/brasilnoticias.org\/site\/wp-json\/wp\/v2\/media?parent=20681"}],"wp:term":[{"taxonomy":"category","embeddable":true,"href":"https:\/\/brasilnoticias.org\/site\/wp-json\/wp\/v2\/categories?post=20681"},{"taxonomy":"post_tag","embeddable":true,"href":"https:\/\/brasilnoticias.org\/site\/wp-json\/wp\/v2\/tags?post=20681"}],"curies":[{"name":"wp","href":"https:\/\/api.w.org\/{rel}","templated":true}]}}