{"id":20686,"date":"2026-03-04T09:56:08","date_gmt":"2026-03-04T12:56:08","guid":{"rendered":"https:\/\/brasilnoticias.org\/site\/?p=20686"},"modified":"2026-03-04T09:56:08","modified_gmt":"2026-03-04T12:56:08","slug":"coca-esta-90-inclinado-a-ser-vice-de-acm-neto-e-pede-prazo-ate-o-fim-do-mes","status":"publish","type":"post","link":"https:\/\/brasilnoticias.org\/site\/coca-esta-90-inclinado-a-ser-vice-de-acm-neto-e-pede-prazo-ate-o-fim-do-mes\/","title":{"rendered":"Coc\u00e1 est\u00e1 90% inclinado a ser vice de ACM Neto e pede prazo at\u00e9 o fim do m\u00eas"},"content":{"rendered":"<p>A sucess\u00e3o de 2026 j\u00e1 reorganiza o tabuleiro pol\u00edtico na Bahia \u2014 e um nome voltou ao centro da disputa pela vice na chapa da oposi\u00e7\u00e3o. O prefeito de Jequi\u00e9, Z\u00e9 Coc\u00e1 (PP), est\u00e1 hoje 90% inclinado a aceitar o convite para ser vice de ACM Neto (Uni\u00e3o Brasil) na corrida pelo governo do estado.<\/p>\n<p>A informa\u00e7\u00e3o foi confirmada ao Blog do Vila por interlocutores da oposi\u00e7\u00e3o ap\u00f3s conversas reservadas. As articula\u00e7\u00f5es s\u00e3o lideradas pessoalmente pelo prefeito de Salvador, Bruno Reis (Uni\u00e3o), e o deputado estadual Nelson Leal (PP), que \u00e9 um dos coordenadores da pr\u00e9-campanha do principal advers\u00e1rio do governador Jer\u00f4nimo Rodrigues (PT).<\/p>\n<p>Coc\u00e1, no entanto, pediu prazo at\u00e9 o fim do m\u00eas para comunicar sua decis\u00e3o final.<\/p>\n<p>Caso confirme a disposi\u00e7\u00e3o de integrar a chapa, ele se tornar\u00e1 o vice de Neto na disputa pelo Pal\u00e1cio de Ondina em outubro.<\/p>\n<p>Hassan deve refor\u00e7ar oposi\u00e7\u00e3o<\/p>\n<p>Independentemente da decis\u00e3o de Coc\u00e1 sobre a vice, um movimento paralelo deve fortalecer o campo oposicionista.<\/p>\n<p>O deputado estadual Hassan (PP), aliado pol\u00edtico do prefeito de Jequi\u00e9, caminha para se aproximar do grupo de Neto. O nome dele chegou at\u00e9 mesmo a ser especulado entre parlamentares na vice, com o aval de seu l\u00edder, mas o fato que \u00e9 negado pela c\u00fapula da campanha da oposi\u00e7\u00e3o.<\/p>\n<p>Nos \u00faltimos dias, o parlamentar passou a circular com mais frequ\u00eancia entre lideran\u00e7as oposicionistas, o que refor\u00e7ou a percep\u00e7\u00e3o de que sua migra\u00e7\u00e3o pol\u00edtica \u00e9 apenas quest\u00e3o de tempo.<\/p>\n<p>H\u00e1 meses a filia\u00e7\u00e3o dele ao PSB, ao lado dos correligion\u00e1rios Ant\u00f4nio Henrique J\u00fanior, Eduardo Salles e Niltinho, era dada como favas contadas. O trio restante ainda \u00e9 aguardado na legenda socialista.<\/p>\n<p>Sheila vira plano B<\/p>\n<p>Se a resposta for negativa, a prefeita de Vit\u00f3ria da Conquista, Sheila Lemos, passa automaticamente a ser a segunda op\u00e7\u00e3o do grupo.<\/p>\n<p>Antes vista como alternativa perif\u00e9rica \u2014 e at\u00e9 como \u201ccortina de fuma\u00e7a\u201d para encobrir a prioridade nos \u201cZ\u00e9s\u201d \u2014 uma vez que o prefeito de Feira de Santana, Z\u00e9 Ronaldo (Uni\u00e3o), antes cogitado, praticamente cravou perman\u00eancia no Executivo municipal \u2014, Sheila passou a figurar como segunda op\u00e7\u00e3o concreta para a vice,.<\/p>\n<p>Quem perdeu espa\u00e7o foi o ex-prefeito de Belo Campo e ex-presidente da Uni\u00e3o dos Munic\u00edpios da Bahia (UPB), Quinho Tigre (PSD), que chegou a aparecer no radar da oposi\u00e7\u00e3o, mas se queimou ao desfilar de m\u00e3os dadas com o ministro da Casa Civil Rui Costa (PT) durante o carnaval.<\/p>\n<p>Outro movimento simb\u00f3lico refor\u00e7a a mudan\u00e7a: o PSDB, que antes demonstrava inc\u00f4modo com a atua\u00e7\u00e3o eleitoral do marido de Sheila, Wagner Alves, em \u00e1reas tradicionalmente tucanas, j\u00e1 n\u00e3o sustenta veto. Um dirigente do partido confidenciou ao blog que \u201ctudo \u00e9 conversado\u201d quando o objetivo \u00e9 ganhar a elei\u00e7\u00e3o.<\/p>\n<p>Caso seja escolhida, por\u00e9m, a tend\u00eancia \u00e9 que Sheila migre para o Republicanos, repetindo o arranjo pol\u00edtico local de Vit\u00f3ria da Conquista.<\/p>\n<p>Ricardo Maia e Charles Fernandes perdem for\u00e7a na majorit\u00e1ria<\/p>\n<p>Outros nomes governistas que chegaram a ser cogitados nos bastidores para compor a vice de Neto foram os deputados federais Ricardo Maia (MDB) e Charles Fernandes (PSD).<\/p>\n<p>O emedebista perdeu for\u00e7a ap\u00f3s avalia\u00e7\u00f5es internas de que o parlamentar carrega uma fragilidade potencial de campanha em raz\u00e3o de um conflito familiar envolvendo disputa patrimonial com o pr\u00f3prio pai. Entre articuladores da oposi\u00e7\u00e3o, a leitura \u00e9 que o epis\u00f3dio poderia ser explorado eleitoralmente. <\/p>\n<p>J\u00e1 o social-democrata ficou atr\u00e1s na fila de Coc\u00e1. Rec\u00e9m-efetivado ap\u00f3s a ida de Otto Filho para o Tribunal de Contas do Estado, ele deve migrar para o Republicanos.<\/p>\n<p>Quem n\u00e3o esconde a felicidade com a poss\u00edvel sa\u00edda de Fernandes da ala governista \u00e9 a presidente da Assembleia, Ivana Bastos, conterr\u00e2nea dele em Guanambi. A aliados, ela afirma que n\u00e3o aprecia o estilo pol\u00edtico do deputado, n\u00e3o vota nele, mas diz respeit\u00e1-lo.<\/p>\n<p>Aliados de Neto acreditam que, embora distantes da majorit\u00e1ria, Maia e Fernandes devem migrar para o campo oposicionista.<\/p>\n<p>Neto entre Bolsonaro e Caiado<\/p>\n<p>Se a disputa pela vice reorganiza a pol\u00edtica baiana, o palanque nacional pode definir o tom da campanha.<\/p>\n<p>Deputados da oposi\u00e7\u00e3o afirmam que Neto j\u00e1 liberou sua bancada para apoiar Fl\u00e1vio Bolsonaro , embora o pr\u00f3prio ex-prefeito ainda mantenha cautela p\u00fablica.<\/p>\n<p>O PSD avalia lan\u00e7ar Ronaldo Caiado \u00e0 Presid\u00eancia, e Neto tem compromissos pol\u00edticos com o governador goiano. Mesmo assim, cresce a avalia\u00e7\u00e3o de que neutralidade n\u00e3o ser\u00e1 sustent\u00e1vel.<\/p>\n<p>\u201cNeto ter\u00e1 que estar no palanque anti-PT\u201d, afirmou um deputado do Uni\u00e3o, sob reserva. \u201cFl\u00e1vio conseguiu consolidar os conservadores e agora tenta atrair tamb\u00e9m os descontentes com Lula. Neto \u00e9 pe\u00e7a importante nesse jogo.\u201d<\/p>\n<p>A coluna apurou que Neto e Fl\u00e1vio se encontraram na \u00faltima quinta-feira (26), em agenda mantida sob discri\u00e7\u00e3o. Ainda n\u00e3o houve delibera\u00e7\u00e3o.<\/p>\n<p>Coronel isolado e janela silenciosa<\/p>\n<p>Entre os nomes ainda indefinidos est\u00e1 o senador Angelo Coronel, que resiste a ingressar no Uni\u00e3o Brasil para evitar a forma\u00e7\u00e3o de uma chapa \u201cpuro sangue\u201d com Neto.<\/p>\n<p>Aliados lembram que o mandato de senador n\u00e3o pertence ao partido, o que permitiria disputar por qualquer legenda e migrar posteriormente.<\/p>\n<p>Mesmo assim, um interlocutor avaliou: \u201cEle est\u00e1 dando motivo para falarem que est\u00e1 isolado politicamente\u201d.<\/p>\n<p>Rui reabre disputa pela vice governista<\/p>\n<p>Enquanto a oposi\u00e7\u00e3o reorganiza sua majorit\u00e1ria, o governo tamb\u00e9m convive com ru\u00eddos internos.<\/p>\n<p>Entre deputados da base, a leitura predominante ainda aponta para a perman\u00eancia de Geraldo J\u00fanior como vice de Jer\u00f4nimo Rodrigues em 2026.<\/p>\n<p>O senador Jaques Wagner e o secret\u00e1rio estadual de Rela\u00e7\u00f5es Institucionais Adolpho Loyola chegaram a sinalizar ao blog que essa seria a tend\u00eancia natural.<\/p>\n<p>Mas a cautela p\u00fablica de Jer\u00f4nimo, que desautorizou ambos, reacendeu especula\u00e7\u00f5es na Assembleia.<\/p>\n<p>Nos bastidores, deputados relatam que o ministro da Casa Civil, Rui Costa, atuaria para reabrir a discuss\u00e3o e viabilizar o nome do deputado federal Neto Carletto como alternativa \u00e0 vice.<\/p>\n<p>A leitura interna \u00e9 pol\u00edtica: Jer\u00f4nimo e Geraldo s\u00e3o vistos como nomes do campo de Wagner. Uma eventual entrada de Carletto reorganizaria o eixo de influ\u00eancia dentro do grupo governista.<\/p>\n<p>O recente vazamento de uma suposta conversa atribu\u00edda a Geraldo \u2014 em que aliados defenderiam enfrentamento digital contra Rui \u2014 passou a circular como elemento de desgaste. Um governista resumiu ao blog: \u201cS\u00f3 n\u00e3o ser\u00e1 Geraldo se usarem o vazamento como justificativa\u201d.<\/p>\n<p>A matem\u00e1tica que ningu\u00e9m quer abrir<\/p>\n<p>Se a majorit\u00e1ria esquenta, a proporcional preocupa ainda mais.<\/p>\n<p>Um dirigente partid\u00e1rio resumiu a estrat\u00e9gia: \u201cAbrir o jogo agora mela a constru\u00e7\u00e3o das nominatas. Os nomes est\u00e3o guardados a sete chaves\u201d.<\/p>\n<p>Na oposi\u00e7\u00e3o, calcula-se que sejam necess\u00e1rios cerca de 550 mil votos apenas para garantir a reelei\u00e7\u00e3o dos atuais deputados estaduais.<\/p>\n<p>Na federa\u00e7\u00e3o Uni\u00e3o Progressista, a conta \u00e9 ainda mais delicada. Para garantir as sete cadeiras pretendidas e ainda viabilizar o nome de Emerson Penalva, faltariam aproximadamente **300 mil votos**.<\/p>\n<p>No PSDB, a proje\u00e7\u00e3o interna mais realista aponta para apenas uma vaga na Assembleia. Um parlamentar provocou, reservadamente: \u201cQuem sobra: Tiago Correia ou Jord\u00e1vio Ramos?\u201d<\/p>\n<p>Na disputa pela C\u00e2mara dos Deputados, a r\u00e9gua tamb\u00e9m subiu. Nos bastidores do Republicanos, comenta-se que Leo Prates s\u00f3 seria \u201caprovado\u201d na legenda se garantir ao menos 100 mil votos.<\/p>\n<p>No PSDB, exig\u00eancia semelhante circula para Carlos Muniz Filho e Adolfo Viana.<\/p>\n<p>Samuel J\u00fanior, por sua vez, \u00e9 especulado no PL como forma de buscar sobrevida eleitoral para Abra\u00e3o Reis. Entre deputados, h\u00e1 d\u00favidas de que o Republicanos repita em 2026 o desempenho de eleger tr\u00eas estaduais como ocorreu em 2022. J\u00e1 o PL poderia alcan\u00e7ar quatro cadeiras impulsionado pelo eventual efeito presidencial de Fl\u00e1vio Bolsonaro.<\/p>\n<p>Cortejados, isolados e partidos \u201cabertos\u201d<\/p>\n<p>A janela partid\u00e1ria \u00e9 tratada com extremo cuidado.<\/p>\n<p>Entre os nomes em movimento, Paulo C\u00e2mara ainda n\u00e3o definiu para onde vai, diante das dificuldades de acomoda\u00e7\u00e3o no PSDB. Hoje no PDT, Emerson Penalva tamb\u00e9m avalia caminhos e tem sido cortejado tanto pelo PP quanto pelos tucanos.<\/p>\n<p>Marcelinho Veiga deve permanecer no Uni\u00e3o Brasil, assim como Robinho, que pretende disputar vaga na C\u00e2mara.<\/p>\n<p>O deputado estadual Marcinho Oliveira, afilhado pol\u00edtico do deputado federal Elmar Nascimento, permanece no PRD \u2014 partido que preside na Bahia \u2014 e pode levar consigo J\u00fanior Nascimento, primo de Elmar e integrante da oposi\u00e7\u00e3o.<\/p>\n<p>O detalhe curioso \u00e9 a defini\u00e7\u00e3o interna da legenda. Segundo aliados, o PRD estaria \u201caberto para todos\u201d, seja governo ou oposi\u00e7\u00e3o. Um interlocutor ironizou: \u201cSe Neto ganhar a elei\u00e7\u00e3o, duvida que no dia seguinte pe\u00e7am para virar l\u00edder do governo?\u201d<\/p>\n<p>Eleito pelo PL e hoje alinhado ao governo, V\u00edtor Azevedo deve migrar para o Avante.<\/p>\n<p>Na base governista tamb\u00e9m s\u00e3o ventiladas mudan\u00e7as envolvendo Fab\u00edola Mansur, que poderia trocar o PSB pelo Avante, Rog\u00e9rio Andrade, que avalia deixar o MDB para a mesma legenda, e os progressistas Ant\u00f4nio Henrique J\u00fanior, Eduardo Salles e Niltinho, esperados no PSB.<\/p>\n<p>Fonte: <a href=\"https:\/\/www.blogdovila.com.br\/noticia\/coca-neto\">Blog do Vila<\/a><\/p>\n","protected":false},"excerpt":{"rendered":"<p>A sucess\u00e3o de 2026 j\u00e1 reorganiza o tabuleiro pol\u00edtico na Bahia \u2014 e um nome voltou ao centro da disputa<\/p>\n","protected":false},"author":4,"featured_media":20687,"comment_status":"open","ping_status":"open","sticky":false,"template":"","format":"standard","meta":{"colormag_page_container_layout":"default_layout","colormag_page_sidebar_layout":"default_layout","_FSMCFIC_featured_image_caption":"","_FSMCFIC_featured_image_nocaption":"","_FSMCFIC_featured_image_hide":"","footnotes":""},"categories":[5,1],"tags":[],"class_list":["post-20686","post","type-post","status-publish","format-standard","has-post-thumbnail","hentry","category-politica","category-ultimas"],"yoast_head":"<!-- This site is optimized with the Yoast SEO plugin v27.1.1 - https:\/\/yoast.com\/product\/yoast-seo-wordpress\/ -->\n<title>Coc\u00e1 est\u00e1 90% inclinado a ser vice de ACM Neto e pede prazo at\u00e9 o fim do m\u00eas - Brasil not\u00edcias<\/title>\n<meta name=\"robots\" content=\"index, follow, max-snippet:-1, max-image-preview:large, max-video-preview:-1\" \/>\n<link rel=\"canonical\" href=\"https:\/\/brasilnoticias.org\/site\/coca-esta-90-inclinado-a-ser-vice-de-acm-neto-e-pede-prazo-ate-o-fim-do-mes\/\" \/>\n<meta property=\"og:locale\" content=\"pt_PT\" \/>\n<meta property=\"og:type\" content=\"article\" \/>\n<meta property=\"og:title\" content=\"Coc\u00e1 est\u00e1 90% inclinado a ser vice de ACM Neto e pede prazo at\u00e9 o fim do m\u00eas - Brasil not\u00edcias\" \/>\n<meta property=\"og:description\" content=\"A sucess\u00e3o de 2026 j\u00e1 reorganiza o tabuleiro pol\u00edtico na Bahia \u2014 e um nome voltou ao centro da disputa\" \/>\n<meta property=\"og:url\" content=\"https:\/\/brasilnoticias.org\/site\/coca-esta-90-inclinado-a-ser-vice-de-acm-neto-e-pede-prazo-ate-o-fim-do-mes\/\" \/>\n<meta property=\"og:site_name\" content=\"Brasil not\u00edcias\" \/>\n<meta property=\"article:published_time\" content=\"2026-03-04T12:56:08+00:00\" \/>\n<meta property=\"og:image\" content=\"https:\/\/brasilnoticias.org\/site\/wp-content\/uploads\/2026\/03\/WhatsApp-Image-2026-03-04-at-09.48.14.jpeg\" \/>\n\t<meta property=\"og:image:width\" content=\"1392\" \/>\n\t<meta property=\"og:image:height\" content=\"784\" \/>\n\t<meta property=\"og:image:type\" content=\"image\/jpeg\" \/>\n<meta name=\"author\" content=\"Reda\u00e7\u00e3o\" \/>\n<meta name=\"twitter:card\" content=\"summary_large_image\" \/>\n<meta name=\"twitter:label1\" content=\"Escrito por\" \/>\n\t<meta name=\"twitter:data1\" content=\"Reda\u00e7\u00e3o\" \/>\n\t<meta name=\"twitter:label2\" content=\"Tempo estimado de leitura\" \/>\n\t<meta name=\"twitter:data2\" content=\"1 minuto\" \/>\n<script type=\"application\/ld+json\" class=\"yoast-schema-graph\">{\"@context\":\"https:\/\/schema.org\",\"@graph\":[{\"@type\":\"Article\",\"@id\":\"https:\/\/brasilnoticias.org\/site\/coca-esta-90-inclinado-a-ser-vice-de-acm-neto-e-pede-prazo-ate-o-fim-do-mes\/#article\",\"isPartOf\":{\"@id\":\"https:\/\/brasilnoticias.org\/site\/coca-esta-90-inclinado-a-ser-vice-de-acm-neto-e-pede-prazo-ate-o-fim-do-mes\/\"},\"author\":{\"name\":\"Reda\u00e7\u00e3o\",\"@id\":\"https:\/\/brasilnoticias.org\/site\/#\/schema\/person\/03bbbfe6c7634ad18c26444ea39049fa\"},\"headline\":\"Coc\u00e1 est\u00e1 90% inclinado a ser vice de ACM Neto e pede prazo at\u00e9 o fim do m\u00eas\",\"datePublished\":\"2026-03-04T12:56:08+00:00\",\"mainEntityOfPage\":{\"@id\":\"https:\/\/brasilnoticias.org\/site\/coca-esta-90-inclinado-a-ser-vice-de-acm-neto-e-pede-prazo-ate-o-fim-do-mes\/\"},\"wordCount\":1579,\"commentCount\":0,\"publisher\":{\"@id\":\"https:\/\/brasilnoticias.org\/site\/#organization\"},\"image\":{\"@id\":\"https:\/\/brasilnoticias.org\/site\/coca-esta-90-inclinado-a-ser-vice-de-acm-neto-e-pede-prazo-ate-o-fim-do-mes\/#primaryimage\"},\"thumbnailUrl\":\"https:\/\/brasilnoticias.org\/site\/wp-content\/uploads\/2026\/03\/WhatsApp-Image-2026-03-04-at-09.48.14.jpeg\",\"articleSection\":[\"Pol\u00edtica\",\"\u00daltimas\"],\"inLanguage\":\"pt-PT\",\"potentialAction\":[{\"@type\":\"CommentAction\",\"name\":\"Comment\",\"target\":[\"https:\/\/brasilnoticias.org\/site\/coca-esta-90-inclinado-a-ser-vice-de-acm-neto-e-pede-prazo-ate-o-fim-do-mes\/#respond\"]}]},{\"@type\":\"WebPage\",\"@id\":\"https:\/\/brasilnoticias.org\/site\/coca-esta-90-inclinado-a-ser-vice-de-acm-neto-e-pede-prazo-ate-o-fim-do-mes\/\",\"url\":\"https:\/\/brasilnoticias.org\/site\/coca-esta-90-inclinado-a-ser-vice-de-acm-neto-e-pede-prazo-ate-o-fim-do-mes\/\",\"name\":\"Coc\u00e1 est\u00e1 90% inclinado a ser vice de ACM Neto e pede prazo at\u00e9 o fim do m\u00eas - Brasil not\u00edcias\",\"isPartOf\":{\"@id\":\"https:\/\/brasilnoticias.org\/site\/#website\"},\"primaryImageOfPage\":{\"@id\":\"https:\/\/brasilnoticias.org\/site\/coca-esta-90-inclinado-a-ser-vice-de-acm-neto-e-pede-prazo-ate-o-fim-do-mes\/#primaryimage\"},\"image\":{\"@id\":\"https:\/\/brasilnoticias.org\/site\/coca-esta-90-inclinado-a-ser-vice-de-acm-neto-e-pede-prazo-ate-o-fim-do-mes\/#primaryimage\"},\"thumbnailUrl\":\"https:\/\/brasilnoticias.org\/site\/wp-content\/uploads\/2026\/03\/WhatsApp-Image-2026-03-04-at-09.48.14.jpeg\",\"datePublished\":\"2026-03-04T12:56:08+00:00\",\"breadcrumb\":{\"@id\":\"https:\/\/brasilnoticias.org\/site\/coca-esta-90-inclinado-a-ser-vice-de-acm-neto-e-pede-prazo-ate-o-fim-do-mes\/#breadcrumb\"},\"inLanguage\":\"pt-PT\",\"potentialAction\":[{\"@type\":\"ReadAction\",\"target\":[\"https:\/\/brasilnoticias.org\/site\/coca-esta-90-inclinado-a-ser-vice-de-acm-neto-e-pede-prazo-ate-o-fim-do-mes\/\"]}]},{\"@type\":\"ImageObject\",\"inLanguage\":\"pt-PT\",\"@id\":\"https:\/\/brasilnoticias.org\/site\/coca-esta-90-inclinado-a-ser-vice-de-acm-neto-e-pede-prazo-ate-o-fim-do-mes\/#primaryimage\",\"url\":\"https:\/\/brasilnoticias.org\/site\/wp-content\/uploads\/2026\/03\/WhatsApp-Image-2026-03-04-at-09.48.14.jpeg\",\"contentUrl\":\"https:\/\/brasilnoticias.org\/site\/wp-content\/uploads\/2026\/03\/WhatsApp-Image-2026-03-04-at-09.48.14.jpeg\",\"width\":1392,\"height\":784,\"caption\":\"Foto: Divulga\u00e7\u00e3o\"},{\"@type\":\"BreadcrumbList\",\"@id\":\"https:\/\/brasilnoticias.org\/site\/coca-esta-90-inclinado-a-ser-vice-de-acm-neto-e-pede-prazo-ate-o-fim-do-mes\/#breadcrumb\",\"itemListElement\":[{\"@type\":\"ListItem\",\"position\":1,\"name\":\"In\u00edcio\",\"item\":\"https:\/\/brasilnoticias.org\/site\/\"},{\"@type\":\"ListItem\",\"position\":2,\"name\":\"Coc\u00e1 est\u00e1 90% inclinado a ser vice de ACM Neto e pede prazo at\u00e9 o fim do m\u00eas\"}]},{\"@type\":\"WebSite\",\"@id\":\"https:\/\/brasilnoticias.org\/site\/#website\",\"url\":\"https:\/\/brasilnoticias.org\/site\/\",\"name\":\"Brasil not\u00edcias\",\"description\":\"Brasil not\u00edcias\",\"publisher\":{\"@id\":\"https:\/\/brasilnoticias.org\/site\/#organization\"},\"potentialAction\":[{\"@type\":\"SearchAction\",\"target\":{\"@type\":\"EntryPoint\",\"urlTemplate\":\"https:\/\/brasilnoticias.org\/site\/?s={search_term_string}\"},\"query-input\":{\"@type\":\"PropertyValueSpecification\",\"valueRequired\":true,\"valueName\":\"search_term_string\"}}],\"inLanguage\":\"pt-PT\"},{\"@type\":\"Organization\",\"@id\":\"https:\/\/brasilnoticias.org\/site\/#organization\",\"name\":\"Brasil not\u00edcias\",\"url\":\"https:\/\/brasilnoticias.org\/site\/\",\"logo\":{\"@type\":\"ImageObject\",\"inLanguage\":\"pt-PT\",\"@id\":\"https:\/\/brasilnoticias.org\/site\/#\/schema\/logo\/image\/\",\"url\":\"https:\/\/brasilnoticias.org\/site\/wp-content\/uploads\/2022\/05\/cropped-brasilnoticias-mini.jpg\",\"contentUrl\":\"https:\/\/brasilnoticias.org\/site\/wp-content\/uploads\/2022\/05\/cropped-brasilnoticias-mini.jpg\",\"width\":314,\"height\":86,\"caption\":\"Brasil not\u00edcias\"},\"image\":{\"@id\":\"https:\/\/brasilnoticias.org\/site\/#\/schema\/logo\/image\/\"}},{\"@type\":\"Person\",\"@id\":\"https:\/\/brasilnoticias.org\/site\/#\/schema\/person\/03bbbfe6c7634ad18c26444ea39049fa\",\"name\":\"Reda\u00e7\u00e3o\",\"image\":{\"@type\":\"ImageObject\",\"inLanguage\":\"pt-PT\",\"@id\":\"https:\/\/brasilnoticias.org\/site\/#\/schema\/person\/image\/\",\"url\":\"https:\/\/secure.gravatar.com\/avatar\/9ecaf7327a696cb23ad926fedded5f1f04d7049de9e445375d55b48c001a6e42?s=96&d=mm&r=g\",\"contentUrl\":\"https:\/\/secure.gravatar.com\/avatar\/9ecaf7327a696cb23ad926fedded5f1f04d7049de9e445375d55b48c001a6e42?s=96&d=mm&r=g\",\"caption\":\"Reda\u00e7\u00e3o\"},\"url\":\"https:\/\/brasilnoticias.org\/site\/author\/henrique\/\"}]}<\/script>\n<!-- \/ Yoast SEO plugin. -->","yoast_head_json":{"title":"Coc\u00e1 est\u00e1 90% inclinado a ser vice de ACM Neto e pede prazo at\u00e9 o fim do m\u00eas - Brasil not\u00edcias","robots":{"index":"index","follow":"follow","max-snippet":"max-snippet:-1","max-image-preview":"max-image-preview:large","max-video-preview":"max-video-preview:-1"},"canonical":"https:\/\/brasilnoticias.org\/site\/coca-esta-90-inclinado-a-ser-vice-de-acm-neto-e-pede-prazo-ate-o-fim-do-mes\/","og_locale":"pt_PT","og_type":"article","og_title":"Coc\u00e1 est\u00e1 90% inclinado a ser vice de ACM Neto e pede prazo at\u00e9 o fim do m\u00eas - Brasil not\u00edcias","og_description":"A sucess\u00e3o de 2026 j\u00e1 reorganiza o tabuleiro pol\u00edtico na Bahia \u2014 e um nome voltou ao centro da disputa","og_url":"https:\/\/brasilnoticias.org\/site\/coca-esta-90-inclinado-a-ser-vice-de-acm-neto-e-pede-prazo-ate-o-fim-do-mes\/","og_site_name":"Brasil not\u00edcias","article_published_time":"2026-03-04T12:56:08+00:00","og_image":[{"width":1392,"height":784,"url":"https:\/\/brasilnoticias.org\/site\/wp-content\/uploads\/2026\/03\/WhatsApp-Image-2026-03-04-at-09.48.14.jpeg","type":"image\/jpeg"}],"author":"Reda\u00e7\u00e3o","twitter_card":"summary_large_image","twitter_misc":{"Escrito por":"Reda\u00e7\u00e3o","Tempo estimado de leitura":"1 minuto"},"schema":{"@context":"https:\/\/schema.org","@graph":[{"@type":"Article","@id":"https:\/\/brasilnoticias.org\/site\/coca-esta-90-inclinado-a-ser-vice-de-acm-neto-e-pede-prazo-ate-o-fim-do-mes\/#article","isPartOf":{"@id":"https:\/\/brasilnoticias.org\/site\/coca-esta-90-inclinado-a-ser-vice-de-acm-neto-e-pede-prazo-ate-o-fim-do-mes\/"},"author":{"name":"Reda\u00e7\u00e3o","@id":"https:\/\/brasilnoticias.org\/site\/#\/schema\/person\/03bbbfe6c7634ad18c26444ea39049fa"},"headline":"Coc\u00e1 est\u00e1 90% inclinado a ser vice de ACM Neto e pede prazo at\u00e9 o fim do m\u00eas","datePublished":"2026-03-04T12:56:08+00:00","mainEntityOfPage":{"@id":"https:\/\/brasilnoticias.org\/site\/coca-esta-90-inclinado-a-ser-vice-de-acm-neto-e-pede-prazo-ate-o-fim-do-mes\/"},"wordCount":1579,"commentCount":0,"publisher":{"@id":"https:\/\/brasilnoticias.org\/site\/#organization"},"image":{"@id":"https:\/\/brasilnoticias.org\/site\/coca-esta-90-inclinado-a-ser-vice-de-acm-neto-e-pede-prazo-ate-o-fim-do-mes\/#primaryimage"},"thumbnailUrl":"https:\/\/brasilnoticias.org\/site\/wp-content\/uploads\/2026\/03\/WhatsApp-Image-2026-03-04-at-09.48.14.jpeg","articleSection":["Pol\u00edtica","\u00daltimas"],"inLanguage":"pt-PT","potentialAction":[{"@type":"CommentAction","name":"Comment","target":["https:\/\/brasilnoticias.org\/site\/coca-esta-90-inclinado-a-ser-vice-de-acm-neto-e-pede-prazo-ate-o-fim-do-mes\/#respond"]}]},{"@type":"WebPage","@id":"https:\/\/brasilnoticias.org\/site\/coca-esta-90-inclinado-a-ser-vice-de-acm-neto-e-pede-prazo-ate-o-fim-do-mes\/","url":"https:\/\/brasilnoticias.org\/site\/coca-esta-90-inclinado-a-ser-vice-de-acm-neto-e-pede-prazo-ate-o-fim-do-mes\/","name":"Coc\u00e1 est\u00e1 90% inclinado a ser vice de ACM Neto e pede prazo at\u00e9 o fim do m\u00eas - Brasil not\u00edcias","isPartOf":{"@id":"https:\/\/brasilnoticias.org\/site\/#website"},"primaryImageOfPage":{"@id":"https:\/\/brasilnoticias.org\/site\/coca-esta-90-inclinado-a-ser-vice-de-acm-neto-e-pede-prazo-ate-o-fim-do-mes\/#primaryimage"},"image":{"@id":"https:\/\/brasilnoticias.org\/site\/coca-esta-90-inclinado-a-ser-vice-de-acm-neto-e-pede-prazo-ate-o-fim-do-mes\/#primaryimage"},"thumbnailUrl":"https:\/\/brasilnoticias.org\/site\/wp-content\/uploads\/2026\/03\/WhatsApp-Image-2026-03-04-at-09.48.14.jpeg","datePublished":"2026-03-04T12:56:08+00:00","breadcrumb":{"@id":"https:\/\/brasilnoticias.org\/site\/coca-esta-90-inclinado-a-ser-vice-de-acm-neto-e-pede-prazo-ate-o-fim-do-mes\/#breadcrumb"},"inLanguage":"pt-PT","potentialAction":[{"@type":"ReadAction","target":["https:\/\/brasilnoticias.org\/site\/coca-esta-90-inclinado-a-ser-vice-de-acm-neto-e-pede-prazo-ate-o-fim-do-mes\/"]}]},{"@type":"ImageObject","inLanguage":"pt-PT","@id":"https:\/\/brasilnoticias.org\/site\/coca-esta-90-inclinado-a-ser-vice-de-acm-neto-e-pede-prazo-ate-o-fim-do-mes\/#primaryimage","url":"https:\/\/brasilnoticias.org\/site\/wp-content\/uploads\/2026\/03\/WhatsApp-Image-2026-03-04-at-09.48.14.jpeg","contentUrl":"https:\/\/brasilnoticias.org\/site\/wp-content\/uploads\/2026\/03\/WhatsApp-Image-2026-03-04-at-09.48.14.jpeg","width":1392,"height":784,"caption":"Foto: Divulga\u00e7\u00e3o"},{"@type":"BreadcrumbList","@id":"https:\/\/brasilnoticias.org\/site\/coca-esta-90-inclinado-a-ser-vice-de-acm-neto-e-pede-prazo-ate-o-fim-do-mes\/#breadcrumb","itemListElement":[{"@type":"ListItem","position":1,"name":"In\u00edcio","item":"https:\/\/brasilnoticias.org\/site\/"},{"@type":"ListItem","position":2,"name":"Coc\u00e1 est\u00e1 90% inclinado a ser vice de ACM Neto e pede prazo at\u00e9 o fim do m\u00eas"}]},{"@type":"WebSite","@id":"https:\/\/brasilnoticias.org\/site\/#website","url":"https:\/\/brasilnoticias.org\/site\/","name":"Brasil not\u00edcias","description":"Brasil not\u00edcias","publisher":{"@id":"https:\/\/brasilnoticias.org\/site\/#organization"},"potentialAction":[{"@type":"SearchAction","target":{"@type":"EntryPoint","urlTemplate":"https:\/\/brasilnoticias.org\/site\/?s={search_term_string}"},"query-input":{"@type":"PropertyValueSpecification","valueRequired":true,"valueName":"search_term_string"}}],"inLanguage":"pt-PT"},{"@type":"Organization","@id":"https:\/\/brasilnoticias.org\/site\/#organization","name":"Brasil not\u00edcias","url":"https:\/\/brasilnoticias.org\/site\/","logo":{"@type":"ImageObject","inLanguage":"pt-PT","@id":"https:\/\/brasilnoticias.org\/site\/#\/schema\/logo\/image\/","url":"https:\/\/brasilnoticias.org\/site\/wp-content\/uploads\/2022\/05\/cropped-brasilnoticias-mini.jpg","contentUrl":"https:\/\/brasilnoticias.org\/site\/wp-content\/uploads\/2022\/05\/cropped-brasilnoticias-mini.jpg","width":314,"height":86,"caption":"Brasil not\u00edcias"},"image":{"@id":"https:\/\/brasilnoticias.org\/site\/#\/schema\/logo\/image\/"}},{"@type":"Person","@id":"https:\/\/brasilnoticias.org\/site\/#\/schema\/person\/03bbbfe6c7634ad18c26444ea39049fa","name":"Reda\u00e7\u00e3o","image":{"@type":"ImageObject","inLanguage":"pt-PT","@id":"https:\/\/brasilnoticias.org\/site\/#\/schema\/person\/image\/","url":"https:\/\/secure.gravatar.com\/avatar\/9ecaf7327a696cb23ad926fedded5f1f04d7049de9e445375d55b48c001a6e42?s=96&d=mm&r=g","contentUrl":"https:\/\/secure.gravatar.com\/avatar\/9ecaf7327a696cb23ad926fedded5f1f04d7049de9e445375d55b48c001a6e42?s=96&d=mm&r=g","caption":"Reda\u00e7\u00e3o"},"url":"https:\/\/brasilnoticias.org\/site\/author\/henrique\/"}]}},"_links":{"self":[{"href":"https:\/\/brasilnoticias.org\/site\/wp-json\/wp\/v2\/posts\/20686","targetHints":{"allow":["GET"]}}],"collection":[{"href":"https:\/\/brasilnoticias.org\/site\/wp-json\/wp\/v2\/posts"}],"about":[{"href":"https:\/\/brasilnoticias.org\/site\/wp-json\/wp\/v2\/types\/post"}],"author":[{"embeddable":true,"href":"https:\/\/brasilnoticias.org\/site\/wp-json\/wp\/v2\/users\/4"}],"replies":[{"embeddable":true,"href":"https:\/\/brasilnoticias.org\/site\/wp-json\/wp\/v2\/comments?post=20686"}],"version-history":[{"count":1,"href":"https:\/\/brasilnoticias.org\/site\/wp-json\/wp\/v2\/posts\/20686\/revisions"}],"predecessor-version":[{"id":20688,"href":"https:\/\/brasilnoticias.org\/site\/wp-json\/wp\/v2\/posts\/20686\/revisions\/20688"}],"wp:featuredmedia":[{"embeddable":true,"href":"https:\/\/brasilnoticias.org\/site\/wp-json\/wp\/v2\/media\/20687"}],"wp:attachment":[{"href":"https:\/\/brasilnoticias.org\/site\/wp-json\/wp\/v2\/media?parent=20686"}],"wp:term":[{"taxonomy":"category","embeddable":true,"href":"https:\/\/brasilnoticias.org\/site\/wp-json\/wp\/v2\/categories?post=20686"},{"taxonomy":"post_tag","embeddable":true,"href":"https:\/\/brasilnoticias.org\/site\/wp-json\/wp\/v2\/tags?post=20686"}],"curies":[{"name":"wp","href":"https:\/\/api.w.org\/{rel}","templated":true}]}}