{"id":20719,"date":"2026-03-05T09:30:59","date_gmt":"2026-03-05T12:30:59","guid":{"rendered":"https:\/\/brasilnoticias.org\/site\/?p=20719"},"modified":"2026-03-05T09:30:59","modified_gmt":"2026-03-05T12:30:59","slug":"israel-lanca-nova-onda-de-ataques-contra-o-ira-e-intensifica-tensao-no-oriente-medio","status":"publish","type":"post","link":"https:\/\/brasilnoticias.org\/site\/israel-lanca-nova-onda-de-ataques-contra-o-ira-e-intensifica-tensao-no-oriente-medio\/","title":{"rendered":"Israel lan\u00e7a nova onda de ataques contra o Ir\u00e3 e intensifica tens\u00e3o no Oriente M\u00e9dio"},"content":{"rendered":"<p>Segundo informa\u00e7\u00f5es divulgadas pela Ag\u00eancia Brasil, Israel realizou uma nova onda de ataques a\u00e9reos contra o Ir\u00e3, atingindo principalmente alvos na capital Teer\u00e3. A ofensiva faz parte da escalada do conflito militar que envolve tamb\u00e9m os Estados Unidos, ampliando a tens\u00e3o em todo o Oriente M\u00e9dio.<\/p>\n<p>De acordo com autoridades israelenses, os ataques tiveram como alvo infraestruturas militares e posi\u00e7\u00f5es estrat\u00e9gicas ligadas ao governo iraniano, consideradas fundamentais para as capacidades militares do pa\u00eds. As For\u00e7as de Defesa de Israel afirmaram que as opera\u00e7\u00f5es foram realizadas com base em informa\u00e7\u00f5es de intelig\u00eancia e fazem parte de uma s\u00e9rie de ofensivas iniciadas nos \u00faltimos dias.<\/p>\n<p>A intensifica\u00e7\u00e3o dos bombardeios ocorre em meio a um conflito que j\u00e1 se estende por v\u00e1rios dias e tem provocado forte instabilidade na regi\u00e3o, com impactos tamb\u00e9m nos mercados internacionais e na seguran\u00e7a de civis. Milh\u00f5es de israelenses chegaram a buscar abrigo em bunkers ap\u00f3s alertas de poss\u00edveis ataques retaliat\u00f3rios do Ir\u00e3.<\/p>\n<p>Al\u00e9m dos confrontos diretos entre Israel e Ir\u00e3, o cen\u00e1rio geopol\u00edtico se tornou ainda mais complexo com a participa\u00e7\u00e3o indireta de outros atores regionais e aliados das duas na\u00e7\u00f5es. Analistas internacionais avaliam que a escalada militar aumenta o risco de uma guerra de maiores propor\u00e7\u00f5es no Oriente M\u00e9dio, envolvendo diferentes pa\u00edses e grupos armados da regi\u00e3o.<\/p>\n<p>Enquanto os ataques continuam, governos e organismos internacionais t\u00eam manifestado preocupa\u00e7\u00e3o com o agravamento do conflito e defendido negocia\u00e7\u00f5es diplom\u00e1ticas para evitar uma amplia\u00e7\u00e3o da guerra.<\/p>\n","protected":false},"excerpt":{"rendered":"<p>Segundo informa\u00e7\u00f5es divulgadas pela Ag\u00eancia Brasil, Israel realizou uma nova onda de ataques a\u00e9reos contra o Ir\u00e3, atingindo principalmente alvos<\/p>\n","protected":false},"author":4,"featured_media":20720,"comment_status":"open","ping_status":"open","sticky":false,"template":"","format":"standard","meta":{"colormag_page_container_layout":"default_layout","colormag_page_sidebar_layout":"default_layout","_FSMCFIC_featured_image_caption":"","_FSMCFIC_featured_image_nocaption":"","_FSMCFIC_featured_image_hide":"","footnotes":""},"categories":[6,1],"tags":[],"class_list":["post-20719","post","type-post","status-publish","format-standard","has-post-thumbnail","hentry","category-mundo","category-ultimas"],"yoast_head":"<!-- This site is optimized with the Yoast SEO plugin v27.1.1 - https:\/\/yoast.com\/product\/yoast-seo-wordpress\/ -->\n<title>Israel lan\u00e7a nova onda de ataques contra o Ir\u00e3 e intensifica tens\u00e3o no Oriente M\u00e9dio - Brasil not\u00edcias<\/title>\n<meta name=\"robots\" content=\"index, follow, max-snippet:-1, max-image-preview:large, max-video-preview:-1\" \/>\n<link rel=\"canonical\" href=\"https:\/\/brasilnoticias.org\/site\/israel-lanca-nova-onda-de-ataques-contra-o-ira-e-intensifica-tensao-no-oriente-medio\/\" \/>\n<meta property=\"og:locale\" content=\"pt_PT\" \/>\n<meta property=\"og:type\" content=\"article\" \/>\n<meta property=\"og:title\" content=\"Israel lan\u00e7a nova onda de ataques contra o Ir\u00e3 e intensifica tens\u00e3o no Oriente M\u00e9dio - Brasil not\u00edcias\" \/>\n<meta property=\"og:description\" content=\"Segundo informa\u00e7\u00f5es divulgadas pela Ag\u00eancia Brasil, Israel realizou uma nova onda de ataques a\u00e9reos contra o Ir\u00e3, atingindo principalmente alvos\" \/>\n<meta property=\"og:url\" content=\"https:\/\/brasilnoticias.org\/site\/israel-lanca-nova-onda-de-ataques-contra-o-ira-e-intensifica-tensao-no-oriente-medio\/\" \/>\n<meta property=\"og:site_name\" content=\"Brasil not\u00edcias\" \/>\n<meta property=\"article:published_time\" content=\"2026-03-05T12:30:59+00:00\" \/>\n<meta property=\"og:image\" content=\"https:\/\/brasilnoticias.org\/site\/wp-content\/uploads\/2026\/03\/2026-02-28t122744z_1_lwd934328022026rp1_rtrwnev_c_9343-iran-crisis-wrap.mp4_.00_00_45_19.still002.webp\" \/>\n\t<meta property=\"og:image:width\" content=\"1170\" \/>\n\t<meta property=\"og:image:height\" content=\"700\" \/>\n\t<meta property=\"og:image:type\" content=\"image\/webp\" \/>\n<meta name=\"author\" content=\"Reda\u00e7\u00e3o\" \/>\n<meta name=\"twitter:card\" content=\"summary_large_image\" \/>\n<meta name=\"twitter:label1\" content=\"Escrito por\" \/>\n\t<meta name=\"twitter:data1\" content=\"Reda\u00e7\u00e3o\" \/>\n\t<meta name=\"twitter:label2\" content=\"Tempo estimado de leitura\" \/>\n\t<meta name=\"twitter:data2\" content=\"1 minuto\" \/>\n<script type=\"application\/ld+json\" class=\"yoast-schema-graph\">{\"@context\":\"https:\/\/schema.org\",\"@graph\":[{\"@type\":\"Article\",\"@id\":\"https:\/\/brasilnoticias.org\/site\/israel-lanca-nova-onda-de-ataques-contra-o-ira-e-intensifica-tensao-no-oriente-medio\/#article\",\"isPartOf\":{\"@id\":\"https:\/\/brasilnoticias.org\/site\/israel-lanca-nova-onda-de-ataques-contra-o-ira-e-intensifica-tensao-no-oriente-medio\/\"},\"author\":{\"name\":\"Reda\u00e7\u00e3o\",\"@id\":\"https:\/\/brasilnoticias.org\/site\/#\/schema\/person\/03bbbfe6c7634ad18c26444ea39049fa\"},\"headline\":\"Israel lan\u00e7a nova onda de ataques contra o Ir\u00e3 e intensifica tens\u00e3o no Oriente M\u00e9dio\",\"datePublished\":\"2026-03-05T12:30:59+00:00\",\"mainEntityOfPage\":{\"@id\":\"https:\/\/brasilnoticias.org\/site\/israel-lanca-nova-onda-de-ataques-contra-o-ira-e-intensifica-tensao-no-oriente-medio\/\"},\"wordCount\":292,\"commentCount\":0,\"publisher\":{\"@id\":\"https:\/\/brasilnoticias.org\/site\/#organization\"},\"image\":{\"@id\":\"https:\/\/brasilnoticias.org\/site\/israel-lanca-nova-onda-de-ataques-contra-o-ira-e-intensifica-tensao-no-oriente-medio\/#primaryimage\"},\"thumbnailUrl\":\"https:\/\/brasilnoticias.org\/site\/wp-content\/uploads\/2026\/03\/2026-02-28t122744z_1_lwd934328022026rp1_rtrwnev_c_9343-iran-crisis-wrap.mp4_.00_00_45_19.still002.webp\",\"articleSection\":[\"Mundo\",\"\u00daltimas\"],\"inLanguage\":\"pt-PT\",\"potentialAction\":[{\"@type\":\"CommentAction\",\"name\":\"Comment\",\"target\":[\"https:\/\/brasilnoticias.org\/site\/israel-lanca-nova-onda-de-ataques-contra-o-ira-e-intensifica-tensao-no-oriente-medio\/#respond\"]}]},{\"@type\":\"WebPage\",\"@id\":\"https:\/\/brasilnoticias.org\/site\/israel-lanca-nova-onda-de-ataques-contra-o-ira-e-intensifica-tensao-no-oriente-medio\/\",\"url\":\"https:\/\/brasilnoticias.org\/site\/israel-lanca-nova-onda-de-ataques-contra-o-ira-e-intensifica-tensao-no-oriente-medio\/\",\"name\":\"Israel lan\u00e7a nova onda de ataques contra o Ir\u00e3 e intensifica tens\u00e3o no Oriente M\u00e9dio - Brasil not\u00edcias\",\"isPartOf\":{\"@id\":\"https:\/\/brasilnoticias.org\/site\/#website\"},\"primaryImageOfPage\":{\"@id\":\"https:\/\/brasilnoticias.org\/site\/israel-lanca-nova-onda-de-ataques-contra-o-ira-e-intensifica-tensao-no-oriente-medio\/#primaryimage\"},\"image\":{\"@id\":\"https:\/\/brasilnoticias.org\/site\/israel-lanca-nova-onda-de-ataques-contra-o-ira-e-intensifica-tensao-no-oriente-medio\/#primaryimage\"},\"thumbnailUrl\":\"https:\/\/brasilnoticias.org\/site\/wp-content\/uploads\/2026\/03\/2026-02-28t122744z_1_lwd934328022026rp1_rtrwnev_c_9343-iran-crisis-wrap.mp4_.00_00_45_19.still002.webp\",\"datePublished\":\"2026-03-05T12:30:59+00:00\",\"breadcrumb\":{\"@id\":\"https:\/\/brasilnoticias.org\/site\/israel-lanca-nova-onda-de-ataques-contra-o-ira-e-intensifica-tensao-no-oriente-medio\/#breadcrumb\"},\"inLanguage\":\"pt-PT\",\"potentialAction\":[{\"@type\":\"ReadAction\",\"target\":[\"https:\/\/brasilnoticias.org\/site\/israel-lanca-nova-onda-de-ataques-contra-o-ira-e-intensifica-tensao-no-oriente-medio\/\"]}]},{\"@type\":\"ImageObject\",\"inLanguage\":\"pt-PT\",\"@id\":\"https:\/\/brasilnoticias.org\/site\/israel-lanca-nova-onda-de-ataques-contra-o-ira-e-intensifica-tensao-no-oriente-medio\/#primaryimage\",\"url\":\"https:\/\/brasilnoticias.org\/site\/wp-content\/uploads\/2026\/03\/2026-02-28t122744z_1_lwd934328022026rp1_rtrwnev_c_9343-iran-crisis-wrap.mp4_.00_00_45_19.still002.webp\",\"contentUrl\":\"https:\/\/brasilnoticias.org\/site\/wp-content\/uploads\/2026\/03\/2026-02-28t122744z_1_lwd934328022026rp1_rtrwnev_c_9343-iran-crisis-wrap.mp4_.00_00_45_19.still002.webp\",\"width\":1170,\"height\":700,\"caption\":\"Frame\/Reuters - Proibido reprodu\u00e7\u00e3o\"},{\"@type\":\"BreadcrumbList\",\"@id\":\"https:\/\/brasilnoticias.org\/site\/israel-lanca-nova-onda-de-ataques-contra-o-ira-e-intensifica-tensao-no-oriente-medio\/#breadcrumb\",\"itemListElement\":[{\"@type\":\"ListItem\",\"position\":1,\"name\":\"In\u00edcio\",\"item\":\"https:\/\/brasilnoticias.org\/site\/\"},{\"@type\":\"ListItem\",\"position\":2,\"name\":\"Israel lan\u00e7a nova onda de ataques contra o Ir\u00e3 e intensifica tens\u00e3o no Oriente M\u00e9dio\"}]},{\"@type\":\"WebSite\",\"@id\":\"https:\/\/brasilnoticias.org\/site\/#website\",\"url\":\"https:\/\/brasilnoticias.org\/site\/\",\"name\":\"Brasil not\u00edcias\",\"description\":\"Brasil not\u00edcias\",\"publisher\":{\"@id\":\"https:\/\/brasilnoticias.org\/site\/#organization\"},\"potentialAction\":[{\"@type\":\"SearchAction\",\"target\":{\"@type\":\"EntryPoint\",\"urlTemplate\":\"https:\/\/brasilnoticias.org\/site\/?s={search_term_string}\"},\"query-input\":{\"@type\":\"PropertyValueSpecification\",\"valueRequired\":true,\"valueName\":\"search_term_string\"}}],\"inLanguage\":\"pt-PT\"},{\"@type\":\"Organization\",\"@id\":\"https:\/\/brasilnoticias.org\/site\/#organization\",\"name\":\"Brasil not\u00edcias\",\"url\":\"https:\/\/brasilnoticias.org\/site\/\",\"logo\":{\"@type\":\"ImageObject\",\"inLanguage\":\"pt-PT\",\"@id\":\"https:\/\/brasilnoticias.org\/site\/#\/schema\/logo\/image\/\",\"url\":\"https:\/\/brasilnoticias.org\/site\/wp-content\/uploads\/2022\/05\/cropped-brasilnoticias-mini.jpg\",\"contentUrl\":\"https:\/\/brasilnoticias.org\/site\/wp-content\/uploads\/2022\/05\/cropped-brasilnoticias-mini.jpg\",\"width\":314,\"height\":86,\"caption\":\"Brasil not\u00edcias\"},\"image\":{\"@id\":\"https:\/\/brasilnoticias.org\/site\/#\/schema\/logo\/image\/\"}},{\"@type\":\"Person\",\"@id\":\"https:\/\/brasilnoticias.org\/site\/#\/schema\/person\/03bbbfe6c7634ad18c26444ea39049fa\",\"name\":\"Reda\u00e7\u00e3o\",\"image\":{\"@type\":\"ImageObject\",\"inLanguage\":\"pt-PT\",\"@id\":\"https:\/\/brasilnoticias.org\/site\/#\/schema\/person\/image\/\",\"url\":\"https:\/\/secure.gravatar.com\/avatar\/9ecaf7327a696cb23ad926fedded5f1f04d7049de9e445375d55b48c001a6e42?s=96&d=mm&r=g\",\"contentUrl\":\"https:\/\/secure.gravatar.com\/avatar\/9ecaf7327a696cb23ad926fedded5f1f04d7049de9e445375d55b48c001a6e42?s=96&d=mm&r=g\",\"caption\":\"Reda\u00e7\u00e3o\"},\"url\":\"https:\/\/brasilnoticias.org\/site\/author\/henrique\/\"}]}<\/script>\n<!-- \/ Yoast SEO plugin. -->","yoast_head_json":{"title":"Israel lan\u00e7a nova onda de ataques contra o Ir\u00e3 e intensifica tens\u00e3o no Oriente M\u00e9dio - Brasil not\u00edcias","robots":{"index":"index","follow":"follow","max-snippet":"max-snippet:-1","max-image-preview":"max-image-preview:large","max-video-preview":"max-video-preview:-1"},"canonical":"https:\/\/brasilnoticias.org\/site\/israel-lanca-nova-onda-de-ataques-contra-o-ira-e-intensifica-tensao-no-oriente-medio\/","og_locale":"pt_PT","og_type":"article","og_title":"Israel lan\u00e7a nova onda de ataques contra o Ir\u00e3 e intensifica tens\u00e3o no Oriente M\u00e9dio - Brasil not\u00edcias","og_description":"Segundo informa\u00e7\u00f5es divulgadas pela Ag\u00eancia Brasil, Israel realizou uma nova onda de ataques a\u00e9reos contra o Ir\u00e3, atingindo principalmente alvos","og_url":"https:\/\/brasilnoticias.org\/site\/israel-lanca-nova-onda-de-ataques-contra-o-ira-e-intensifica-tensao-no-oriente-medio\/","og_site_name":"Brasil not\u00edcias","article_published_time":"2026-03-05T12:30:59+00:00","og_image":[{"width":1170,"height":700,"url":"https:\/\/brasilnoticias.org\/site\/wp-content\/uploads\/2026\/03\/2026-02-28t122744z_1_lwd934328022026rp1_rtrwnev_c_9343-iran-crisis-wrap.mp4_.00_00_45_19.still002.webp","type":"image\/webp"}],"author":"Reda\u00e7\u00e3o","twitter_card":"summary_large_image","twitter_misc":{"Escrito por":"Reda\u00e7\u00e3o","Tempo estimado de leitura":"1 minuto"},"schema":{"@context":"https:\/\/schema.org","@graph":[{"@type":"Article","@id":"https:\/\/brasilnoticias.org\/site\/israel-lanca-nova-onda-de-ataques-contra-o-ira-e-intensifica-tensao-no-oriente-medio\/#article","isPartOf":{"@id":"https:\/\/brasilnoticias.org\/site\/israel-lanca-nova-onda-de-ataques-contra-o-ira-e-intensifica-tensao-no-oriente-medio\/"},"author":{"name":"Reda\u00e7\u00e3o","@id":"https:\/\/brasilnoticias.org\/site\/#\/schema\/person\/03bbbfe6c7634ad18c26444ea39049fa"},"headline":"Israel lan\u00e7a nova onda de ataques contra o Ir\u00e3 e intensifica tens\u00e3o no Oriente M\u00e9dio","datePublished":"2026-03-05T12:30:59+00:00","mainEntityOfPage":{"@id":"https:\/\/brasilnoticias.org\/site\/israel-lanca-nova-onda-de-ataques-contra-o-ira-e-intensifica-tensao-no-oriente-medio\/"},"wordCount":292,"commentCount":0,"publisher":{"@id":"https:\/\/brasilnoticias.org\/site\/#organization"},"image":{"@id":"https:\/\/brasilnoticias.org\/site\/israel-lanca-nova-onda-de-ataques-contra-o-ira-e-intensifica-tensao-no-oriente-medio\/#primaryimage"},"thumbnailUrl":"https:\/\/brasilnoticias.org\/site\/wp-content\/uploads\/2026\/03\/2026-02-28t122744z_1_lwd934328022026rp1_rtrwnev_c_9343-iran-crisis-wrap.mp4_.00_00_45_19.still002.webp","articleSection":["Mundo","\u00daltimas"],"inLanguage":"pt-PT","potentialAction":[{"@type":"CommentAction","name":"Comment","target":["https:\/\/brasilnoticias.org\/site\/israel-lanca-nova-onda-de-ataques-contra-o-ira-e-intensifica-tensao-no-oriente-medio\/#respond"]}]},{"@type":"WebPage","@id":"https:\/\/brasilnoticias.org\/site\/israel-lanca-nova-onda-de-ataques-contra-o-ira-e-intensifica-tensao-no-oriente-medio\/","url":"https:\/\/brasilnoticias.org\/site\/israel-lanca-nova-onda-de-ataques-contra-o-ira-e-intensifica-tensao-no-oriente-medio\/","name":"Israel lan\u00e7a nova onda de ataques contra o Ir\u00e3 e intensifica tens\u00e3o no Oriente M\u00e9dio - Brasil not\u00edcias","isPartOf":{"@id":"https:\/\/brasilnoticias.org\/site\/#website"},"primaryImageOfPage":{"@id":"https:\/\/brasilnoticias.org\/site\/israel-lanca-nova-onda-de-ataques-contra-o-ira-e-intensifica-tensao-no-oriente-medio\/#primaryimage"},"image":{"@id":"https:\/\/brasilnoticias.org\/site\/israel-lanca-nova-onda-de-ataques-contra-o-ira-e-intensifica-tensao-no-oriente-medio\/#primaryimage"},"thumbnailUrl":"https:\/\/brasilnoticias.org\/site\/wp-content\/uploads\/2026\/03\/2026-02-28t122744z_1_lwd934328022026rp1_rtrwnev_c_9343-iran-crisis-wrap.mp4_.00_00_45_19.still002.webp","datePublished":"2026-03-05T12:30:59+00:00","breadcrumb":{"@id":"https:\/\/brasilnoticias.org\/site\/israel-lanca-nova-onda-de-ataques-contra-o-ira-e-intensifica-tensao-no-oriente-medio\/#breadcrumb"},"inLanguage":"pt-PT","potentialAction":[{"@type":"ReadAction","target":["https:\/\/brasilnoticias.org\/site\/israel-lanca-nova-onda-de-ataques-contra-o-ira-e-intensifica-tensao-no-oriente-medio\/"]}]},{"@type":"ImageObject","inLanguage":"pt-PT","@id":"https:\/\/brasilnoticias.org\/site\/israel-lanca-nova-onda-de-ataques-contra-o-ira-e-intensifica-tensao-no-oriente-medio\/#primaryimage","url":"https:\/\/brasilnoticias.org\/site\/wp-content\/uploads\/2026\/03\/2026-02-28t122744z_1_lwd934328022026rp1_rtrwnev_c_9343-iran-crisis-wrap.mp4_.00_00_45_19.still002.webp","contentUrl":"https:\/\/brasilnoticias.org\/site\/wp-content\/uploads\/2026\/03\/2026-02-28t122744z_1_lwd934328022026rp1_rtrwnev_c_9343-iran-crisis-wrap.mp4_.00_00_45_19.still002.webp","width":1170,"height":700,"caption":"Frame\/Reuters - Proibido reprodu\u00e7\u00e3o"},{"@type":"BreadcrumbList","@id":"https:\/\/brasilnoticias.org\/site\/israel-lanca-nova-onda-de-ataques-contra-o-ira-e-intensifica-tensao-no-oriente-medio\/#breadcrumb","itemListElement":[{"@type":"ListItem","position":1,"name":"In\u00edcio","item":"https:\/\/brasilnoticias.org\/site\/"},{"@type":"ListItem","position":2,"name":"Israel lan\u00e7a nova onda de ataques contra o Ir\u00e3 e intensifica tens\u00e3o no Oriente M\u00e9dio"}]},{"@type":"WebSite","@id":"https:\/\/brasilnoticias.org\/site\/#website","url":"https:\/\/brasilnoticias.org\/site\/","name":"Brasil not\u00edcias","description":"Brasil not\u00edcias","publisher":{"@id":"https:\/\/brasilnoticias.org\/site\/#organization"},"potentialAction":[{"@type":"SearchAction","target":{"@type":"EntryPoint","urlTemplate":"https:\/\/brasilnoticias.org\/site\/?s={search_term_string}"},"query-input":{"@type":"PropertyValueSpecification","valueRequired":true,"valueName":"search_term_string"}}],"inLanguage":"pt-PT"},{"@type":"Organization","@id":"https:\/\/brasilnoticias.org\/site\/#organization","name":"Brasil not\u00edcias","url":"https:\/\/brasilnoticias.org\/site\/","logo":{"@type":"ImageObject","inLanguage":"pt-PT","@id":"https:\/\/brasilnoticias.org\/site\/#\/schema\/logo\/image\/","url":"https:\/\/brasilnoticias.org\/site\/wp-content\/uploads\/2022\/05\/cropped-brasilnoticias-mini.jpg","contentUrl":"https:\/\/brasilnoticias.org\/site\/wp-content\/uploads\/2022\/05\/cropped-brasilnoticias-mini.jpg","width":314,"height":86,"caption":"Brasil not\u00edcias"},"image":{"@id":"https:\/\/brasilnoticias.org\/site\/#\/schema\/logo\/image\/"}},{"@type":"Person","@id":"https:\/\/brasilnoticias.org\/site\/#\/schema\/person\/03bbbfe6c7634ad18c26444ea39049fa","name":"Reda\u00e7\u00e3o","image":{"@type":"ImageObject","inLanguage":"pt-PT","@id":"https:\/\/brasilnoticias.org\/site\/#\/schema\/person\/image\/","url":"https:\/\/secure.gravatar.com\/avatar\/9ecaf7327a696cb23ad926fedded5f1f04d7049de9e445375d55b48c001a6e42?s=96&d=mm&r=g","contentUrl":"https:\/\/secure.gravatar.com\/avatar\/9ecaf7327a696cb23ad926fedded5f1f04d7049de9e445375d55b48c001a6e42?s=96&d=mm&r=g","caption":"Reda\u00e7\u00e3o"},"url":"https:\/\/brasilnoticias.org\/site\/author\/henrique\/"}]}},"_links":{"self":[{"href":"https:\/\/brasilnoticias.org\/site\/wp-json\/wp\/v2\/posts\/20719","targetHints":{"allow":["GET"]}}],"collection":[{"href":"https:\/\/brasilnoticias.org\/site\/wp-json\/wp\/v2\/posts"}],"about":[{"href":"https:\/\/brasilnoticias.org\/site\/wp-json\/wp\/v2\/types\/post"}],"author":[{"embeddable":true,"href":"https:\/\/brasilnoticias.org\/site\/wp-json\/wp\/v2\/users\/4"}],"replies":[{"embeddable":true,"href":"https:\/\/brasilnoticias.org\/site\/wp-json\/wp\/v2\/comments?post=20719"}],"version-history":[{"count":1,"href":"https:\/\/brasilnoticias.org\/site\/wp-json\/wp\/v2\/posts\/20719\/revisions"}],"predecessor-version":[{"id":20721,"href":"https:\/\/brasilnoticias.org\/site\/wp-json\/wp\/v2\/posts\/20719\/revisions\/20721"}],"wp:featuredmedia":[{"embeddable":true,"href":"https:\/\/brasilnoticias.org\/site\/wp-json\/wp\/v2\/media\/20720"}],"wp:attachment":[{"href":"https:\/\/brasilnoticias.org\/site\/wp-json\/wp\/v2\/media?parent=20719"}],"wp:term":[{"taxonomy":"category","embeddable":true,"href":"https:\/\/brasilnoticias.org\/site\/wp-json\/wp\/v2\/categories?post=20719"},{"taxonomy":"post_tag","embeddable":true,"href":"https:\/\/brasilnoticias.org\/site\/wp-json\/wp\/v2\/tags?post=20719"}],"curies":[{"name":"wp","href":"https:\/\/api.w.org\/{rel}","templated":true}]}}