{"id":2072,"date":"2022-10-27T22:25:30","date_gmt":"2022-10-28T01:25:30","guid":{"rendered":"https:\/\/brasilnoticias.org\/site\/?p=2072"},"modified":"2022-10-27T22:25:30","modified_gmt":"2022-10-28T01:25:30","slug":"video-jovem-fratura-mandibula-apos-ser-agredido-em-academia-de-salvador","status":"publish","type":"post","link":"https:\/\/brasilnoticias.org\/site\/video-jovem-fratura-mandibula-apos-ser-agredido-em-academia-de-salvador\/","title":{"rendered":"V\u00cdDEO: Jovem fratura mand\u00edbula ap\u00f3s ser agredido em academia de Salvador"},"content":{"rendered":"<p class=\"p2\"><span class=\"s1\">Um jovem de 18 anos teve a mand\u00edbula fraturada ap\u00f3s receber um soco dentro de uma academia no bairro do Costa Azul, em Salvador. O caso ocorreu no \u00faltimo dia 5 de outubro e ganhou repercuss\u00e3o nas redes sociais nesta quinta-feira (27).<\/span><\/p>\n<p class=\"p2\"><span class=\"s1\">Segundo relato da v\u00edtima, identificada como Gustavo Pinheiro, um homem teria pedido para revezar com ele na utiliza\u00e7\u00e3o de um aparelho da academia. Ao informar que n\u00e3o poderia revezar naquele momento, uma discuss\u00e3o entre os dois come\u00e7ou e ele foi agredido com dois socos, se bateu em um outro equipamento do local e teve uma fratura na mand\u00edbula. De acordo com as informa\u00e7\u00f5es do jovem em entrevista \u00e0 TV Bahia, ele est\u00e1 com dificuldades para falar e se alimentar ap\u00f3s o ocorrido.<\/span><\/p>\n<p class=\"p2\"><span class=\"s1\">O advogado de Gustavo, Diego Spinola, informou que todas as medidas legais cab\u00edveis est\u00e3o sendo tomadas. Ele tamb\u00e9m disse que a ocorr\u00eancia foi registrada e um inqu\u00e9rito policial est\u00e1 em tramita\u00e7\u00e3o junto \u00e0 9\u00aa Delegacia de Pol\u00edcia, onde o agressor \u00e9 investigado por crime de les\u00e3o corporal grave.<\/span><\/p>\n<p class=\"p2\"><span class=\"s1\">A academia tamb\u00e9m foi procurada e informou que se solidariza e lamenta o ocorrido e disse que rescindiu o contrato com o homem que aparece nas imagens agredindo o jovem.<\/span><\/p>\n<p>&nbsp;<\/p>\n<p>Assista o v\u00eddeo:<\/p>\n<p><a href=\"https:\/\/www.instagram.com\/reel\/CkOwgO0P7pJ\/?igshid=YmMyMTA2M2Y=\">https:\/\/www.instagram.com\/reel\/CkOwgO0P7pJ\/?igshid=YmMyMTA2M2Y=<\/a><\/p>\n<p>&nbsp;<\/p>\n<p>Bahia Not\u00edcias<\/p>\n","protected":false},"excerpt":{"rendered":"<p>Um jovem de 18 anos teve a mand\u00edbula fraturada ap\u00f3s receber um soco dentro de uma academia no bairro do<\/p>\n","protected":false},"author":2,"featured_media":2073,"comment_status":"open","ping_status":"open","sticky":false,"template":"","format":"standard","meta":{"colormag_page_container_layout":"default_layout","colormag_page_sidebar_layout":"default_layout","_FSMCFIC_featured_image_caption":"","_FSMCFIC_featured_image_nocaption":"","_FSMCFIC_featured_image_hide":"","footnotes":""},"categories":[2,1],"tags":[],"class_list":["post-2072","post","type-post","status-publish","format-standard","has-post-thumbnail","hentry","category-noticias","category-ultimas"],"yoast_head":"<!-- This site is optimized with the Yoast SEO plugin v27.1.1 - https:\/\/yoast.com\/product\/yoast-seo-wordpress\/ -->\n<title>V\u00cdDEO: Jovem fratura mand\u00edbula ap\u00f3s ser agredido em academia de Salvador - Brasil not\u00edcias<\/title>\n<meta name=\"robots\" content=\"index, follow, max-snippet:-1, max-image-preview:large, max-video-preview:-1\" \/>\n<link rel=\"canonical\" href=\"https:\/\/brasilnoticias.org\/site\/video-jovem-fratura-mandibula-apos-ser-agredido-em-academia-de-salvador\/\" \/>\n<meta property=\"og:locale\" content=\"pt_PT\" \/>\n<meta property=\"og:type\" content=\"article\" \/>\n<meta property=\"og:title\" content=\"V\u00cdDEO: Jovem fratura mand\u00edbula ap\u00f3s ser agredido em academia de Salvador - Brasil not\u00edcias\" \/>\n<meta property=\"og:description\" content=\"Um jovem de 18 anos teve a mand\u00edbula fraturada ap\u00f3s receber um soco dentro de uma academia no bairro do\" \/>\n<meta property=\"og:url\" content=\"https:\/\/brasilnoticias.org\/site\/video-jovem-fratura-mandibula-apos-ser-agredido-em-academia-de-salvador\/\" \/>\n<meta property=\"og:site_name\" content=\"Brasil not\u00edcias\" \/>\n<meta property=\"article:published_time\" content=\"2022-10-28T01:25:30+00:00\" \/>\n<meta property=\"og:image\" content=\"https:\/\/brasilnoticias.org\/site\/wp-content\/uploads\/2022\/10\/E946DB79-A611-404F-B369-47E647E151B9.jpeg\" \/>\n\t<meta property=\"og:image:width\" content=\"380\" \/>\n\t<meta property=\"og:image:height\" content=\"280\" \/>\n\t<meta property=\"og:image:type\" content=\"image\/jpeg\" \/>\n<meta name=\"author\" content=\"Reda\u00e7\u00e3o\" \/>\n<meta name=\"twitter:card\" content=\"summary_large_image\" \/>\n<meta name=\"twitter:label1\" content=\"Escrito por\" \/>\n\t<meta name=\"twitter:data1\" content=\"Reda\u00e7\u00e3o\" \/>\n\t<meta name=\"twitter:label2\" content=\"Tempo estimado de leitura\" \/>\n\t<meta name=\"twitter:data2\" content=\"1 minuto\" \/>\n<script type=\"application\/ld+json\" class=\"yoast-schema-graph\">{\"@context\":\"https:\/\/schema.org\",\"@graph\":[{\"@type\":\"Article\",\"@id\":\"https:\/\/brasilnoticias.org\/site\/video-jovem-fratura-mandibula-apos-ser-agredido-em-academia-de-salvador\/#article\",\"isPartOf\":{\"@id\":\"https:\/\/brasilnoticias.org\/site\/video-jovem-fratura-mandibula-apos-ser-agredido-em-academia-de-salvador\/\"},\"author\":{\"name\":\"Reda\u00e7\u00e3o\",\"@id\":\"https:\/\/brasilnoticias.org\/site\/#\/schema\/person\/f609fa847b5314f1c8b983342f34c798\"},\"headline\":\"V\u00cdDEO: Jovem fratura mand\u00edbula ap\u00f3s ser agredido em academia de Salvador\",\"datePublished\":\"2022-10-28T01:25:30+00:00\",\"mainEntityOfPage\":{\"@id\":\"https:\/\/brasilnoticias.org\/site\/video-jovem-fratura-mandibula-apos-ser-agredido-em-academia-de-salvador\/\"},\"wordCount\":250,\"commentCount\":0,\"publisher\":{\"@id\":\"https:\/\/brasilnoticias.org\/site\/#organization\"},\"image\":{\"@id\":\"https:\/\/brasilnoticias.org\/site\/video-jovem-fratura-mandibula-apos-ser-agredido-em-academia-de-salvador\/#primaryimage\"},\"thumbnailUrl\":\"https:\/\/brasilnoticias.org\/site\/wp-content\/uploads\/2022\/10\/E946DB79-A611-404F-B369-47E647E151B9.jpeg\",\"articleSection\":[\"Not\u00edcias\",\"\u00daltimas\"],\"inLanguage\":\"pt-PT\",\"potentialAction\":[{\"@type\":\"CommentAction\",\"name\":\"Comment\",\"target\":[\"https:\/\/brasilnoticias.org\/site\/video-jovem-fratura-mandibula-apos-ser-agredido-em-academia-de-salvador\/#respond\"]}]},{\"@type\":\"WebPage\",\"@id\":\"https:\/\/brasilnoticias.org\/site\/video-jovem-fratura-mandibula-apos-ser-agredido-em-academia-de-salvador\/\",\"url\":\"https:\/\/brasilnoticias.org\/site\/video-jovem-fratura-mandibula-apos-ser-agredido-em-academia-de-salvador\/\",\"name\":\"V\u00cdDEO: Jovem fratura mand\u00edbula ap\u00f3s ser agredido em academia de Salvador - Brasil not\u00edcias\",\"isPartOf\":{\"@id\":\"https:\/\/brasilnoticias.org\/site\/#website\"},\"primaryImageOfPage\":{\"@id\":\"https:\/\/brasilnoticias.org\/site\/video-jovem-fratura-mandibula-apos-ser-agredido-em-academia-de-salvador\/#primaryimage\"},\"image\":{\"@id\":\"https:\/\/brasilnoticias.org\/site\/video-jovem-fratura-mandibula-apos-ser-agredido-em-academia-de-salvador\/#primaryimage\"},\"thumbnailUrl\":\"https:\/\/brasilnoticias.org\/site\/wp-content\/uploads\/2022\/10\/E946DB79-A611-404F-B369-47E647E151B9.jpeg\",\"datePublished\":\"2022-10-28T01:25:30+00:00\",\"breadcrumb\":{\"@id\":\"https:\/\/brasilnoticias.org\/site\/video-jovem-fratura-mandibula-apos-ser-agredido-em-academia-de-salvador\/#breadcrumb\"},\"inLanguage\":\"pt-PT\",\"potentialAction\":[{\"@type\":\"ReadAction\",\"target\":[\"https:\/\/brasilnoticias.org\/site\/video-jovem-fratura-mandibula-apos-ser-agredido-em-academia-de-salvador\/\"]}]},{\"@type\":\"ImageObject\",\"inLanguage\":\"pt-PT\",\"@id\":\"https:\/\/brasilnoticias.org\/site\/video-jovem-fratura-mandibula-apos-ser-agredido-em-academia-de-salvador\/#primaryimage\",\"url\":\"https:\/\/brasilnoticias.org\/site\/wp-content\/uploads\/2022\/10\/E946DB79-A611-404F-B369-47E647E151B9.jpeg\",\"contentUrl\":\"https:\/\/brasilnoticias.org\/site\/wp-content\/uploads\/2022\/10\/E946DB79-A611-404F-B369-47E647E151B9.jpeg\",\"width\":380,\"height\":280},{\"@type\":\"BreadcrumbList\",\"@id\":\"https:\/\/brasilnoticias.org\/site\/video-jovem-fratura-mandibula-apos-ser-agredido-em-academia-de-salvador\/#breadcrumb\",\"itemListElement\":[{\"@type\":\"ListItem\",\"position\":1,\"name\":\"In\u00edcio\",\"item\":\"https:\/\/brasilnoticias.org\/site\/\"},{\"@type\":\"ListItem\",\"position\":2,\"name\":\"V\u00cdDEO: Jovem fratura mand\u00edbula ap\u00f3s ser agredido em academia de Salvador\"}]},{\"@type\":\"WebSite\",\"@id\":\"https:\/\/brasilnoticias.org\/site\/#website\",\"url\":\"https:\/\/brasilnoticias.org\/site\/\",\"name\":\"Brasil not\u00edcias\",\"description\":\"Brasil not\u00edcias\",\"publisher\":{\"@id\":\"https:\/\/brasilnoticias.org\/site\/#organization\"},\"potentialAction\":[{\"@type\":\"SearchAction\",\"target\":{\"@type\":\"EntryPoint\",\"urlTemplate\":\"https:\/\/brasilnoticias.org\/site\/?s={search_term_string}\"},\"query-input\":{\"@type\":\"PropertyValueSpecification\",\"valueRequired\":true,\"valueName\":\"search_term_string\"}}],\"inLanguage\":\"pt-PT\"},{\"@type\":\"Organization\",\"@id\":\"https:\/\/brasilnoticias.org\/site\/#organization\",\"name\":\"Brasil not\u00edcias\",\"url\":\"https:\/\/brasilnoticias.org\/site\/\",\"logo\":{\"@type\":\"ImageObject\",\"inLanguage\":\"pt-PT\",\"@id\":\"https:\/\/brasilnoticias.org\/site\/#\/schema\/logo\/image\/\",\"url\":\"https:\/\/brasilnoticias.org\/site\/wp-content\/uploads\/2022\/05\/cropped-brasilnoticias-mini.jpg\",\"contentUrl\":\"https:\/\/brasilnoticias.org\/site\/wp-content\/uploads\/2022\/05\/cropped-brasilnoticias-mini.jpg\",\"width\":314,\"height\":86,\"caption\":\"Brasil not\u00edcias\"},\"image\":{\"@id\":\"https:\/\/brasilnoticias.org\/site\/#\/schema\/logo\/image\/\"}},{\"@type\":\"Person\",\"@id\":\"https:\/\/brasilnoticias.org\/site\/#\/schema\/person\/f609fa847b5314f1c8b983342f34c798\",\"name\":\"Reda\u00e7\u00e3o\",\"image\":{\"@type\":\"ImageObject\",\"inLanguage\":\"pt-PT\",\"@id\":\"https:\/\/brasilnoticias.org\/site\/#\/schema\/person\/image\/\",\"url\":\"https:\/\/secure.gravatar.com\/avatar\/447284c06c1ad8b46465a36de9cd0d8326b73387a22799b8b1ffb1fbcff2ed0c?s=96&d=mm&r=g\",\"contentUrl\":\"https:\/\/secure.gravatar.com\/avatar\/447284c06c1ad8b46465a36de9cd0d8326b73387a22799b8b1ffb1fbcff2ed0c?s=96&d=mm&r=g\",\"caption\":\"Reda\u00e7\u00e3o\"},\"url\":\"https:\/\/brasilnoticias.org\/site\/author\/redacao\/\"}]}<\/script>\n<!-- \/ Yoast SEO plugin. -->","yoast_head_json":{"title":"V\u00cdDEO: Jovem fratura mand\u00edbula ap\u00f3s ser agredido em academia de Salvador - Brasil not\u00edcias","robots":{"index":"index","follow":"follow","max-snippet":"max-snippet:-1","max-image-preview":"max-image-preview:large","max-video-preview":"max-video-preview:-1"},"canonical":"https:\/\/brasilnoticias.org\/site\/video-jovem-fratura-mandibula-apos-ser-agredido-em-academia-de-salvador\/","og_locale":"pt_PT","og_type":"article","og_title":"V\u00cdDEO: Jovem fratura mand\u00edbula ap\u00f3s ser agredido em academia de Salvador - Brasil not\u00edcias","og_description":"Um jovem de 18 anos teve a mand\u00edbula fraturada ap\u00f3s receber um soco dentro de uma academia no bairro do","og_url":"https:\/\/brasilnoticias.org\/site\/video-jovem-fratura-mandibula-apos-ser-agredido-em-academia-de-salvador\/","og_site_name":"Brasil not\u00edcias","article_published_time":"2022-10-28T01:25:30+00:00","og_image":[{"width":380,"height":280,"url":"https:\/\/brasilnoticias.org\/site\/wp-content\/uploads\/2022\/10\/E946DB79-A611-404F-B369-47E647E151B9.jpeg","type":"image\/jpeg"}],"author":"Reda\u00e7\u00e3o","twitter_card":"summary_large_image","twitter_misc":{"Escrito por":"Reda\u00e7\u00e3o","Tempo estimado de leitura":"1 minuto"},"schema":{"@context":"https:\/\/schema.org","@graph":[{"@type":"Article","@id":"https:\/\/brasilnoticias.org\/site\/video-jovem-fratura-mandibula-apos-ser-agredido-em-academia-de-salvador\/#article","isPartOf":{"@id":"https:\/\/brasilnoticias.org\/site\/video-jovem-fratura-mandibula-apos-ser-agredido-em-academia-de-salvador\/"},"author":{"name":"Reda\u00e7\u00e3o","@id":"https:\/\/brasilnoticias.org\/site\/#\/schema\/person\/f609fa847b5314f1c8b983342f34c798"},"headline":"V\u00cdDEO: Jovem fratura mand\u00edbula ap\u00f3s ser agredido em academia de Salvador","datePublished":"2022-10-28T01:25:30+00:00","mainEntityOfPage":{"@id":"https:\/\/brasilnoticias.org\/site\/video-jovem-fratura-mandibula-apos-ser-agredido-em-academia-de-salvador\/"},"wordCount":250,"commentCount":0,"publisher":{"@id":"https:\/\/brasilnoticias.org\/site\/#organization"},"image":{"@id":"https:\/\/brasilnoticias.org\/site\/video-jovem-fratura-mandibula-apos-ser-agredido-em-academia-de-salvador\/#primaryimage"},"thumbnailUrl":"https:\/\/brasilnoticias.org\/site\/wp-content\/uploads\/2022\/10\/E946DB79-A611-404F-B369-47E647E151B9.jpeg","articleSection":["Not\u00edcias","\u00daltimas"],"inLanguage":"pt-PT","potentialAction":[{"@type":"CommentAction","name":"Comment","target":["https:\/\/brasilnoticias.org\/site\/video-jovem-fratura-mandibula-apos-ser-agredido-em-academia-de-salvador\/#respond"]}]},{"@type":"WebPage","@id":"https:\/\/brasilnoticias.org\/site\/video-jovem-fratura-mandibula-apos-ser-agredido-em-academia-de-salvador\/","url":"https:\/\/brasilnoticias.org\/site\/video-jovem-fratura-mandibula-apos-ser-agredido-em-academia-de-salvador\/","name":"V\u00cdDEO: Jovem fratura mand\u00edbula ap\u00f3s ser agredido em academia de Salvador - Brasil not\u00edcias","isPartOf":{"@id":"https:\/\/brasilnoticias.org\/site\/#website"},"primaryImageOfPage":{"@id":"https:\/\/brasilnoticias.org\/site\/video-jovem-fratura-mandibula-apos-ser-agredido-em-academia-de-salvador\/#primaryimage"},"image":{"@id":"https:\/\/brasilnoticias.org\/site\/video-jovem-fratura-mandibula-apos-ser-agredido-em-academia-de-salvador\/#primaryimage"},"thumbnailUrl":"https:\/\/brasilnoticias.org\/site\/wp-content\/uploads\/2022\/10\/E946DB79-A611-404F-B369-47E647E151B9.jpeg","datePublished":"2022-10-28T01:25:30+00:00","breadcrumb":{"@id":"https:\/\/brasilnoticias.org\/site\/video-jovem-fratura-mandibula-apos-ser-agredido-em-academia-de-salvador\/#breadcrumb"},"inLanguage":"pt-PT","potentialAction":[{"@type":"ReadAction","target":["https:\/\/brasilnoticias.org\/site\/video-jovem-fratura-mandibula-apos-ser-agredido-em-academia-de-salvador\/"]}]},{"@type":"ImageObject","inLanguage":"pt-PT","@id":"https:\/\/brasilnoticias.org\/site\/video-jovem-fratura-mandibula-apos-ser-agredido-em-academia-de-salvador\/#primaryimage","url":"https:\/\/brasilnoticias.org\/site\/wp-content\/uploads\/2022\/10\/E946DB79-A611-404F-B369-47E647E151B9.jpeg","contentUrl":"https:\/\/brasilnoticias.org\/site\/wp-content\/uploads\/2022\/10\/E946DB79-A611-404F-B369-47E647E151B9.jpeg","width":380,"height":280},{"@type":"BreadcrumbList","@id":"https:\/\/brasilnoticias.org\/site\/video-jovem-fratura-mandibula-apos-ser-agredido-em-academia-de-salvador\/#breadcrumb","itemListElement":[{"@type":"ListItem","position":1,"name":"In\u00edcio","item":"https:\/\/brasilnoticias.org\/site\/"},{"@type":"ListItem","position":2,"name":"V\u00cdDEO: Jovem fratura mand\u00edbula ap\u00f3s ser agredido em academia de Salvador"}]},{"@type":"WebSite","@id":"https:\/\/brasilnoticias.org\/site\/#website","url":"https:\/\/brasilnoticias.org\/site\/","name":"Brasil not\u00edcias","description":"Brasil not\u00edcias","publisher":{"@id":"https:\/\/brasilnoticias.org\/site\/#organization"},"potentialAction":[{"@type":"SearchAction","target":{"@type":"EntryPoint","urlTemplate":"https:\/\/brasilnoticias.org\/site\/?s={search_term_string}"},"query-input":{"@type":"PropertyValueSpecification","valueRequired":true,"valueName":"search_term_string"}}],"inLanguage":"pt-PT"},{"@type":"Organization","@id":"https:\/\/brasilnoticias.org\/site\/#organization","name":"Brasil not\u00edcias","url":"https:\/\/brasilnoticias.org\/site\/","logo":{"@type":"ImageObject","inLanguage":"pt-PT","@id":"https:\/\/brasilnoticias.org\/site\/#\/schema\/logo\/image\/","url":"https:\/\/brasilnoticias.org\/site\/wp-content\/uploads\/2022\/05\/cropped-brasilnoticias-mini.jpg","contentUrl":"https:\/\/brasilnoticias.org\/site\/wp-content\/uploads\/2022\/05\/cropped-brasilnoticias-mini.jpg","width":314,"height":86,"caption":"Brasil not\u00edcias"},"image":{"@id":"https:\/\/brasilnoticias.org\/site\/#\/schema\/logo\/image\/"}},{"@type":"Person","@id":"https:\/\/brasilnoticias.org\/site\/#\/schema\/person\/f609fa847b5314f1c8b983342f34c798","name":"Reda\u00e7\u00e3o","image":{"@type":"ImageObject","inLanguage":"pt-PT","@id":"https:\/\/brasilnoticias.org\/site\/#\/schema\/person\/image\/","url":"https:\/\/secure.gravatar.com\/avatar\/447284c06c1ad8b46465a36de9cd0d8326b73387a22799b8b1ffb1fbcff2ed0c?s=96&d=mm&r=g","contentUrl":"https:\/\/secure.gravatar.com\/avatar\/447284c06c1ad8b46465a36de9cd0d8326b73387a22799b8b1ffb1fbcff2ed0c?s=96&d=mm&r=g","caption":"Reda\u00e7\u00e3o"},"url":"https:\/\/brasilnoticias.org\/site\/author\/redacao\/"}]}},"_links":{"self":[{"href":"https:\/\/brasilnoticias.org\/site\/wp-json\/wp\/v2\/posts\/2072","targetHints":{"allow":["GET"]}}],"collection":[{"href":"https:\/\/brasilnoticias.org\/site\/wp-json\/wp\/v2\/posts"}],"about":[{"href":"https:\/\/brasilnoticias.org\/site\/wp-json\/wp\/v2\/types\/post"}],"author":[{"embeddable":true,"href":"https:\/\/brasilnoticias.org\/site\/wp-json\/wp\/v2\/users\/2"}],"replies":[{"embeddable":true,"href":"https:\/\/brasilnoticias.org\/site\/wp-json\/wp\/v2\/comments?post=2072"}],"version-history":[{"count":1,"href":"https:\/\/brasilnoticias.org\/site\/wp-json\/wp\/v2\/posts\/2072\/revisions"}],"predecessor-version":[{"id":2074,"href":"https:\/\/brasilnoticias.org\/site\/wp-json\/wp\/v2\/posts\/2072\/revisions\/2074"}],"wp:featuredmedia":[{"embeddable":true,"href":"https:\/\/brasilnoticias.org\/site\/wp-json\/wp\/v2\/media\/2073"}],"wp:attachment":[{"href":"https:\/\/brasilnoticias.org\/site\/wp-json\/wp\/v2\/media?parent=2072"}],"wp:term":[{"taxonomy":"category","embeddable":true,"href":"https:\/\/brasilnoticias.org\/site\/wp-json\/wp\/v2\/categories?post=2072"},{"taxonomy":"post_tag","embeddable":true,"href":"https:\/\/brasilnoticias.org\/site\/wp-json\/wp\/v2\/tags?post=2072"}],"curies":[{"name":"wp","href":"https:\/\/api.w.org\/{rel}","templated":true}]}}