{"id":20722,"date":"2026-03-05T09:46:50","date_gmt":"2026-03-05T12:46:50","guid":{"rendered":"https:\/\/brasilnoticias.org\/site\/?p=20722"},"modified":"2026-03-05T09:46:50","modified_gmt":"2026-03-05T12:46:50","slug":"prefeitura-de-salvador-publica-decretos-sobre-imoveis-abandonados-no-bairro-do-comercio","status":"publish","type":"post","link":"https:\/\/brasilnoticias.org\/site\/prefeitura-de-salvador-publica-decretos-sobre-imoveis-abandonados-no-bairro-do-comercio\/","title":{"rendered":"Prefeitura de Salvador publica decretos sobre im\u00f3veis abandonados no bairro do Com\u00e9rcio"},"content":{"rendered":"<p>Segundo informa\u00e7\u00f5es divulgadas pelo G1, a Prefeitura de Salvador publicou decretos que autorizam o munic\u00edpio a assumir a posse de 36 im\u00f3veis abandonados no bairro do Com\u00e9rcio, no Centro Hist\u00f3rico da capital baiana. A medida foi oficializada no Di\u00e1rio Oficial do Munic\u00edpio e faz parte de um conjunto de a\u00e7\u00f5es voltadas para a revitaliza\u00e7\u00e3o da regi\u00e3o.<\/p>\n<p>De acordo com a prefeitura, os im\u00f3veis foram identificados ap\u00f3s an\u00e1lises t\u00e9cnicas que apontaram ind\u00edcios de abandono, como falta de manuten\u00e7\u00e3o, aus\u00eancia de uso e descumprimento da fun\u00e7\u00e3o social da propriedade. Antes da publica\u00e7\u00e3o dos decretos, equipes da Secretaria Municipal de Desenvolvimento Urbano (Sedur) e da Defesa Civil de Salvador (Codesal) realizaram vistorias para confirmar a situa\u00e7\u00e3o das estruturas.<\/p>\n<p>A decis\u00e3o tem como base a Lei Municipal n\u00ba 8.553\/2014, que permite ao poder p\u00fablico arrecadar ou assumir im\u00f3veis urbanos abandonados quando os propriet\u00e1rios n\u00e3o demonstram interesse em manter ou utilizar os bens. A legisla\u00e7\u00e3o tamb\u00e9m foi regulamentada por decreto municipal que define os crit\u00e9rios para caracterizar o abandono.<\/p>\n<p>A iniciativa envolve as secretarias municipais da Fazenda e de Cultura e Turismo, al\u00e9m da participa\u00e7\u00e3o da Funda\u00e7\u00e3o M\u00e1rio Leal Ferreira, e integra a\u00e7\u00f5es do Programa de Desenvolvimento do Turismo (Prodetur). O objetivo \u00e9 dar nova destina\u00e7\u00e3o aos pr\u00e9dios abandonados, contribuindo para a requalifica\u00e7\u00e3o urbana, preserva\u00e7\u00e3o do patrim\u00f4nio hist\u00f3rico e est\u00edmulo \u00e0 ocupa\u00e7\u00e3o da regi\u00e3o central da cidade.<\/p>\n<p>O bairro do Com\u00e9rcio, que durante s\u00e9culos foi um dos principais polos econ\u00f4micos de Salvador, tem enfrentado nos \u00faltimos anos um processo de esvaziamento e degrada\u00e7\u00e3o. Com a nova medida, a prefeitura pretende recuperar im\u00f3veis que estavam sem uso e incentivar novos projetos para revitalizar a \u00e1rea.<\/p>\n","protected":false},"excerpt":{"rendered":"<p>Segundo informa\u00e7\u00f5es divulgadas pelo G1, a Prefeitura de Salvador publicou decretos que autorizam o munic\u00edpio a assumir a posse de<\/p>\n","protected":false},"author":4,"featured_media":20723,"comment_status":"open","ping_status":"open","sticky":false,"template":"","format":"standard","meta":{"colormag_page_container_layout":"default_layout","colormag_page_sidebar_layout":"default_layout","_FSMCFIC_featured_image_caption":"","_FSMCFIC_featured_image_nocaption":"","_FSMCFIC_featured_image_hide":"","footnotes":""},"categories":[2,1],"tags":[],"class_list":["post-20722","post","type-post","status-publish","format-standard","has-post-thumbnail","hentry","category-noticias","category-ultimas"],"yoast_head":"<!-- This site is optimized with the Yoast SEO plugin v27.1.1 - https:\/\/yoast.com\/product\/yoast-seo-wordpress\/ -->\n<title>Prefeitura de Salvador publica decretos sobre im\u00f3veis abandonados no bairro do Com\u00e9rcio - Brasil not\u00edcias<\/title>\n<meta name=\"robots\" content=\"index, follow, max-snippet:-1, max-image-preview:large, max-video-preview:-1\" \/>\n<link rel=\"canonical\" href=\"https:\/\/brasilnoticias.org\/site\/prefeitura-de-salvador-publica-decretos-sobre-imoveis-abandonados-no-bairro-do-comercio\/\" \/>\n<meta property=\"og:locale\" content=\"pt_PT\" \/>\n<meta property=\"og:type\" content=\"article\" \/>\n<meta property=\"og:title\" content=\"Prefeitura de Salvador publica decretos sobre im\u00f3veis abandonados no bairro do Com\u00e9rcio - Brasil not\u00edcias\" \/>\n<meta property=\"og:description\" content=\"Segundo informa\u00e7\u00f5es divulgadas pelo G1, a Prefeitura de Salvador publicou decretos que autorizam o munic\u00edpio a assumir a posse de\" \/>\n<meta property=\"og:url\" content=\"https:\/\/brasilnoticias.org\/site\/prefeitura-de-salvador-publica-decretos-sobre-imoveis-abandonados-no-bairro-do-comercio\/\" \/>\n<meta property=\"og:site_name\" content=\"Brasil not\u00edcias\" \/>\n<meta property=\"article:published_time\" content=\"2026-03-05T12:46:50+00:00\" \/>\n<meta property=\"og:image\" content=\"https:\/\/brasilnoticias.org\/site\/wp-content\/uploads\/2026\/03\/178981novo-folego-prefeitura-mira-imoveis-abandonados-e-reacende-debate-sobre-revitalizacao-do-comercio-3.jpg\" \/>\n\t<meta property=\"og:image:width\" content=\"1600\" \/>\n\t<meta property=\"og:image:height\" content=\"752\" \/>\n\t<meta property=\"og:image:type\" content=\"image\/jpeg\" \/>\n<meta name=\"author\" content=\"Reda\u00e7\u00e3o\" \/>\n<meta name=\"twitter:card\" content=\"summary_large_image\" \/>\n<meta name=\"twitter:label1\" content=\"Escrito por\" \/>\n\t<meta name=\"twitter:data1\" content=\"Reda\u00e7\u00e3o\" \/>\n\t<meta name=\"twitter:label2\" content=\"Tempo estimado de leitura\" \/>\n\t<meta name=\"twitter:data2\" content=\"1 minuto\" \/>\n<script type=\"application\/ld+json\" class=\"yoast-schema-graph\">{\"@context\":\"https:\/\/schema.org\",\"@graph\":[{\"@type\":\"Article\",\"@id\":\"https:\/\/brasilnoticias.org\/site\/prefeitura-de-salvador-publica-decretos-sobre-imoveis-abandonados-no-bairro-do-comercio\/#article\",\"isPartOf\":{\"@id\":\"https:\/\/brasilnoticias.org\/site\/prefeitura-de-salvador-publica-decretos-sobre-imoveis-abandonados-no-bairro-do-comercio\/\"},\"author\":{\"name\":\"Reda\u00e7\u00e3o\",\"@id\":\"https:\/\/brasilnoticias.org\/site\/#\/schema\/person\/03bbbfe6c7634ad18c26444ea39049fa\"},\"headline\":\"Prefeitura de Salvador publica decretos sobre im\u00f3veis abandonados no bairro do Com\u00e9rcio\",\"datePublished\":\"2026-03-05T12:46:50+00:00\",\"mainEntityOfPage\":{\"@id\":\"https:\/\/brasilnoticias.org\/site\/prefeitura-de-salvador-publica-decretos-sobre-imoveis-abandonados-no-bairro-do-comercio\/\"},\"wordCount\":326,\"commentCount\":0,\"publisher\":{\"@id\":\"https:\/\/brasilnoticias.org\/site\/#organization\"},\"image\":{\"@id\":\"https:\/\/brasilnoticias.org\/site\/prefeitura-de-salvador-publica-decretos-sobre-imoveis-abandonados-no-bairro-do-comercio\/#primaryimage\"},\"thumbnailUrl\":\"https:\/\/brasilnoticias.org\/site\/wp-content\/uploads\/2026\/03\/178981novo-folego-prefeitura-mira-imoveis-abandonados-e-reacende-debate-sobre-revitalizacao-do-comercio-3.jpg\",\"articleSection\":[\"Not\u00edcias\",\"\u00daltimas\"],\"inLanguage\":\"pt-PT\",\"potentialAction\":[{\"@type\":\"CommentAction\",\"name\":\"Comment\",\"target\":[\"https:\/\/brasilnoticias.org\/site\/prefeitura-de-salvador-publica-decretos-sobre-imoveis-abandonados-no-bairro-do-comercio\/#respond\"]}]},{\"@type\":\"WebPage\",\"@id\":\"https:\/\/brasilnoticias.org\/site\/prefeitura-de-salvador-publica-decretos-sobre-imoveis-abandonados-no-bairro-do-comercio\/\",\"url\":\"https:\/\/brasilnoticias.org\/site\/prefeitura-de-salvador-publica-decretos-sobre-imoveis-abandonados-no-bairro-do-comercio\/\",\"name\":\"Prefeitura de Salvador publica decretos sobre im\u00f3veis abandonados no bairro do Com\u00e9rcio - Brasil not\u00edcias\",\"isPartOf\":{\"@id\":\"https:\/\/brasilnoticias.org\/site\/#website\"},\"primaryImageOfPage\":{\"@id\":\"https:\/\/brasilnoticias.org\/site\/prefeitura-de-salvador-publica-decretos-sobre-imoveis-abandonados-no-bairro-do-comercio\/#primaryimage\"},\"image\":{\"@id\":\"https:\/\/brasilnoticias.org\/site\/prefeitura-de-salvador-publica-decretos-sobre-imoveis-abandonados-no-bairro-do-comercio\/#primaryimage\"},\"thumbnailUrl\":\"https:\/\/brasilnoticias.org\/site\/wp-content\/uploads\/2026\/03\/178981novo-folego-prefeitura-mira-imoveis-abandonados-e-reacende-debate-sobre-revitalizacao-do-comercio-3.jpg\",\"datePublished\":\"2026-03-05T12:46:50+00:00\",\"breadcrumb\":{\"@id\":\"https:\/\/brasilnoticias.org\/site\/prefeitura-de-salvador-publica-decretos-sobre-imoveis-abandonados-no-bairro-do-comercio\/#breadcrumb\"},\"inLanguage\":\"pt-PT\",\"potentialAction\":[{\"@type\":\"ReadAction\",\"target\":[\"https:\/\/brasilnoticias.org\/site\/prefeitura-de-salvador-publica-decretos-sobre-imoveis-abandonados-no-bairro-do-comercio\/\"]}]},{\"@type\":\"ImageObject\",\"inLanguage\":\"pt-PT\",\"@id\":\"https:\/\/brasilnoticias.org\/site\/prefeitura-de-salvador-publica-decretos-sobre-imoveis-abandonados-no-bairro-do-comercio\/#primaryimage\",\"url\":\"https:\/\/brasilnoticias.org\/site\/wp-content\/uploads\/2026\/03\/178981novo-folego-prefeitura-mira-imoveis-abandonados-e-reacende-debate-sobre-revitalizacao-do-comercio-3.jpg\",\"contentUrl\":\"https:\/\/brasilnoticias.org\/site\/wp-content\/uploads\/2026\/03\/178981novo-folego-prefeitura-mira-imoveis-abandonados-e-reacende-debate-sobre-revitalizacao-do-comercio-3.jpg\",\"width\":1600,\"height\":752,\"caption\":\"Metropress\/Marcelle Bittencourt\"},{\"@type\":\"BreadcrumbList\",\"@id\":\"https:\/\/brasilnoticias.org\/site\/prefeitura-de-salvador-publica-decretos-sobre-imoveis-abandonados-no-bairro-do-comercio\/#breadcrumb\",\"itemListElement\":[{\"@type\":\"ListItem\",\"position\":1,\"name\":\"In\u00edcio\",\"item\":\"https:\/\/brasilnoticias.org\/site\/\"},{\"@type\":\"ListItem\",\"position\":2,\"name\":\"Prefeitura de Salvador publica decretos sobre im\u00f3veis abandonados no bairro do Com\u00e9rcio\"}]},{\"@type\":\"WebSite\",\"@id\":\"https:\/\/brasilnoticias.org\/site\/#website\",\"url\":\"https:\/\/brasilnoticias.org\/site\/\",\"name\":\"Brasil not\u00edcias\",\"description\":\"Brasil not\u00edcias\",\"publisher\":{\"@id\":\"https:\/\/brasilnoticias.org\/site\/#organization\"},\"potentialAction\":[{\"@type\":\"SearchAction\",\"target\":{\"@type\":\"EntryPoint\",\"urlTemplate\":\"https:\/\/brasilnoticias.org\/site\/?s={search_term_string}\"},\"query-input\":{\"@type\":\"PropertyValueSpecification\",\"valueRequired\":true,\"valueName\":\"search_term_string\"}}],\"inLanguage\":\"pt-PT\"},{\"@type\":\"Organization\",\"@id\":\"https:\/\/brasilnoticias.org\/site\/#organization\",\"name\":\"Brasil not\u00edcias\",\"url\":\"https:\/\/brasilnoticias.org\/site\/\",\"logo\":{\"@type\":\"ImageObject\",\"inLanguage\":\"pt-PT\",\"@id\":\"https:\/\/brasilnoticias.org\/site\/#\/schema\/logo\/image\/\",\"url\":\"https:\/\/brasilnoticias.org\/site\/wp-content\/uploads\/2022\/05\/cropped-brasilnoticias-mini.jpg\",\"contentUrl\":\"https:\/\/brasilnoticias.org\/site\/wp-content\/uploads\/2022\/05\/cropped-brasilnoticias-mini.jpg\",\"width\":314,\"height\":86,\"caption\":\"Brasil not\u00edcias\"},\"image\":{\"@id\":\"https:\/\/brasilnoticias.org\/site\/#\/schema\/logo\/image\/\"}},{\"@type\":\"Person\",\"@id\":\"https:\/\/brasilnoticias.org\/site\/#\/schema\/person\/03bbbfe6c7634ad18c26444ea39049fa\",\"name\":\"Reda\u00e7\u00e3o\",\"image\":{\"@type\":\"ImageObject\",\"inLanguage\":\"pt-PT\",\"@id\":\"https:\/\/brasilnoticias.org\/site\/#\/schema\/person\/image\/\",\"url\":\"https:\/\/secure.gravatar.com\/avatar\/9ecaf7327a696cb23ad926fedded5f1f04d7049de9e445375d55b48c001a6e42?s=96&d=mm&r=g\",\"contentUrl\":\"https:\/\/secure.gravatar.com\/avatar\/9ecaf7327a696cb23ad926fedded5f1f04d7049de9e445375d55b48c001a6e42?s=96&d=mm&r=g\",\"caption\":\"Reda\u00e7\u00e3o\"},\"url\":\"https:\/\/brasilnoticias.org\/site\/author\/henrique\/\"}]}<\/script>\n<!-- \/ Yoast SEO plugin. -->","yoast_head_json":{"title":"Prefeitura de Salvador publica decretos sobre im\u00f3veis abandonados no bairro do Com\u00e9rcio - Brasil not\u00edcias","robots":{"index":"index","follow":"follow","max-snippet":"max-snippet:-1","max-image-preview":"max-image-preview:large","max-video-preview":"max-video-preview:-1"},"canonical":"https:\/\/brasilnoticias.org\/site\/prefeitura-de-salvador-publica-decretos-sobre-imoveis-abandonados-no-bairro-do-comercio\/","og_locale":"pt_PT","og_type":"article","og_title":"Prefeitura de Salvador publica decretos sobre im\u00f3veis abandonados no bairro do Com\u00e9rcio - Brasil not\u00edcias","og_description":"Segundo informa\u00e7\u00f5es divulgadas pelo G1, a Prefeitura de Salvador publicou decretos que autorizam o munic\u00edpio a assumir a posse de","og_url":"https:\/\/brasilnoticias.org\/site\/prefeitura-de-salvador-publica-decretos-sobre-imoveis-abandonados-no-bairro-do-comercio\/","og_site_name":"Brasil not\u00edcias","article_published_time":"2026-03-05T12:46:50+00:00","og_image":[{"width":1600,"height":752,"url":"https:\/\/brasilnoticias.org\/site\/wp-content\/uploads\/2026\/03\/178981novo-folego-prefeitura-mira-imoveis-abandonados-e-reacende-debate-sobre-revitalizacao-do-comercio-3.jpg","type":"image\/jpeg"}],"author":"Reda\u00e7\u00e3o","twitter_card":"summary_large_image","twitter_misc":{"Escrito por":"Reda\u00e7\u00e3o","Tempo estimado de leitura":"1 minuto"},"schema":{"@context":"https:\/\/schema.org","@graph":[{"@type":"Article","@id":"https:\/\/brasilnoticias.org\/site\/prefeitura-de-salvador-publica-decretos-sobre-imoveis-abandonados-no-bairro-do-comercio\/#article","isPartOf":{"@id":"https:\/\/brasilnoticias.org\/site\/prefeitura-de-salvador-publica-decretos-sobre-imoveis-abandonados-no-bairro-do-comercio\/"},"author":{"name":"Reda\u00e7\u00e3o","@id":"https:\/\/brasilnoticias.org\/site\/#\/schema\/person\/03bbbfe6c7634ad18c26444ea39049fa"},"headline":"Prefeitura de Salvador publica decretos sobre im\u00f3veis abandonados no bairro do Com\u00e9rcio","datePublished":"2026-03-05T12:46:50+00:00","mainEntityOfPage":{"@id":"https:\/\/brasilnoticias.org\/site\/prefeitura-de-salvador-publica-decretos-sobre-imoveis-abandonados-no-bairro-do-comercio\/"},"wordCount":326,"commentCount":0,"publisher":{"@id":"https:\/\/brasilnoticias.org\/site\/#organization"},"image":{"@id":"https:\/\/brasilnoticias.org\/site\/prefeitura-de-salvador-publica-decretos-sobre-imoveis-abandonados-no-bairro-do-comercio\/#primaryimage"},"thumbnailUrl":"https:\/\/brasilnoticias.org\/site\/wp-content\/uploads\/2026\/03\/178981novo-folego-prefeitura-mira-imoveis-abandonados-e-reacende-debate-sobre-revitalizacao-do-comercio-3.jpg","articleSection":["Not\u00edcias","\u00daltimas"],"inLanguage":"pt-PT","potentialAction":[{"@type":"CommentAction","name":"Comment","target":["https:\/\/brasilnoticias.org\/site\/prefeitura-de-salvador-publica-decretos-sobre-imoveis-abandonados-no-bairro-do-comercio\/#respond"]}]},{"@type":"WebPage","@id":"https:\/\/brasilnoticias.org\/site\/prefeitura-de-salvador-publica-decretos-sobre-imoveis-abandonados-no-bairro-do-comercio\/","url":"https:\/\/brasilnoticias.org\/site\/prefeitura-de-salvador-publica-decretos-sobre-imoveis-abandonados-no-bairro-do-comercio\/","name":"Prefeitura de Salvador publica decretos sobre im\u00f3veis abandonados no bairro do Com\u00e9rcio - Brasil not\u00edcias","isPartOf":{"@id":"https:\/\/brasilnoticias.org\/site\/#website"},"primaryImageOfPage":{"@id":"https:\/\/brasilnoticias.org\/site\/prefeitura-de-salvador-publica-decretos-sobre-imoveis-abandonados-no-bairro-do-comercio\/#primaryimage"},"image":{"@id":"https:\/\/brasilnoticias.org\/site\/prefeitura-de-salvador-publica-decretos-sobre-imoveis-abandonados-no-bairro-do-comercio\/#primaryimage"},"thumbnailUrl":"https:\/\/brasilnoticias.org\/site\/wp-content\/uploads\/2026\/03\/178981novo-folego-prefeitura-mira-imoveis-abandonados-e-reacende-debate-sobre-revitalizacao-do-comercio-3.jpg","datePublished":"2026-03-05T12:46:50+00:00","breadcrumb":{"@id":"https:\/\/brasilnoticias.org\/site\/prefeitura-de-salvador-publica-decretos-sobre-imoveis-abandonados-no-bairro-do-comercio\/#breadcrumb"},"inLanguage":"pt-PT","potentialAction":[{"@type":"ReadAction","target":["https:\/\/brasilnoticias.org\/site\/prefeitura-de-salvador-publica-decretos-sobre-imoveis-abandonados-no-bairro-do-comercio\/"]}]},{"@type":"ImageObject","inLanguage":"pt-PT","@id":"https:\/\/brasilnoticias.org\/site\/prefeitura-de-salvador-publica-decretos-sobre-imoveis-abandonados-no-bairro-do-comercio\/#primaryimage","url":"https:\/\/brasilnoticias.org\/site\/wp-content\/uploads\/2026\/03\/178981novo-folego-prefeitura-mira-imoveis-abandonados-e-reacende-debate-sobre-revitalizacao-do-comercio-3.jpg","contentUrl":"https:\/\/brasilnoticias.org\/site\/wp-content\/uploads\/2026\/03\/178981novo-folego-prefeitura-mira-imoveis-abandonados-e-reacende-debate-sobre-revitalizacao-do-comercio-3.jpg","width":1600,"height":752,"caption":"Metropress\/Marcelle Bittencourt"},{"@type":"BreadcrumbList","@id":"https:\/\/brasilnoticias.org\/site\/prefeitura-de-salvador-publica-decretos-sobre-imoveis-abandonados-no-bairro-do-comercio\/#breadcrumb","itemListElement":[{"@type":"ListItem","position":1,"name":"In\u00edcio","item":"https:\/\/brasilnoticias.org\/site\/"},{"@type":"ListItem","position":2,"name":"Prefeitura de Salvador publica decretos sobre im\u00f3veis abandonados no bairro do Com\u00e9rcio"}]},{"@type":"WebSite","@id":"https:\/\/brasilnoticias.org\/site\/#website","url":"https:\/\/brasilnoticias.org\/site\/","name":"Brasil not\u00edcias","description":"Brasil not\u00edcias","publisher":{"@id":"https:\/\/brasilnoticias.org\/site\/#organization"},"potentialAction":[{"@type":"SearchAction","target":{"@type":"EntryPoint","urlTemplate":"https:\/\/brasilnoticias.org\/site\/?s={search_term_string}"},"query-input":{"@type":"PropertyValueSpecification","valueRequired":true,"valueName":"search_term_string"}}],"inLanguage":"pt-PT"},{"@type":"Organization","@id":"https:\/\/brasilnoticias.org\/site\/#organization","name":"Brasil not\u00edcias","url":"https:\/\/brasilnoticias.org\/site\/","logo":{"@type":"ImageObject","inLanguage":"pt-PT","@id":"https:\/\/brasilnoticias.org\/site\/#\/schema\/logo\/image\/","url":"https:\/\/brasilnoticias.org\/site\/wp-content\/uploads\/2022\/05\/cropped-brasilnoticias-mini.jpg","contentUrl":"https:\/\/brasilnoticias.org\/site\/wp-content\/uploads\/2022\/05\/cropped-brasilnoticias-mini.jpg","width":314,"height":86,"caption":"Brasil not\u00edcias"},"image":{"@id":"https:\/\/brasilnoticias.org\/site\/#\/schema\/logo\/image\/"}},{"@type":"Person","@id":"https:\/\/brasilnoticias.org\/site\/#\/schema\/person\/03bbbfe6c7634ad18c26444ea39049fa","name":"Reda\u00e7\u00e3o","image":{"@type":"ImageObject","inLanguage":"pt-PT","@id":"https:\/\/brasilnoticias.org\/site\/#\/schema\/person\/image\/","url":"https:\/\/secure.gravatar.com\/avatar\/9ecaf7327a696cb23ad926fedded5f1f04d7049de9e445375d55b48c001a6e42?s=96&d=mm&r=g","contentUrl":"https:\/\/secure.gravatar.com\/avatar\/9ecaf7327a696cb23ad926fedded5f1f04d7049de9e445375d55b48c001a6e42?s=96&d=mm&r=g","caption":"Reda\u00e7\u00e3o"},"url":"https:\/\/brasilnoticias.org\/site\/author\/henrique\/"}]}},"_links":{"self":[{"href":"https:\/\/brasilnoticias.org\/site\/wp-json\/wp\/v2\/posts\/20722","targetHints":{"allow":["GET"]}}],"collection":[{"href":"https:\/\/brasilnoticias.org\/site\/wp-json\/wp\/v2\/posts"}],"about":[{"href":"https:\/\/brasilnoticias.org\/site\/wp-json\/wp\/v2\/types\/post"}],"author":[{"embeddable":true,"href":"https:\/\/brasilnoticias.org\/site\/wp-json\/wp\/v2\/users\/4"}],"replies":[{"embeddable":true,"href":"https:\/\/brasilnoticias.org\/site\/wp-json\/wp\/v2\/comments?post=20722"}],"version-history":[{"count":1,"href":"https:\/\/brasilnoticias.org\/site\/wp-json\/wp\/v2\/posts\/20722\/revisions"}],"predecessor-version":[{"id":20724,"href":"https:\/\/brasilnoticias.org\/site\/wp-json\/wp\/v2\/posts\/20722\/revisions\/20724"}],"wp:featuredmedia":[{"embeddable":true,"href":"https:\/\/brasilnoticias.org\/site\/wp-json\/wp\/v2\/media\/20723"}],"wp:attachment":[{"href":"https:\/\/brasilnoticias.org\/site\/wp-json\/wp\/v2\/media?parent=20722"}],"wp:term":[{"taxonomy":"category","embeddable":true,"href":"https:\/\/brasilnoticias.org\/site\/wp-json\/wp\/v2\/categories?post=20722"},{"taxonomy":"post_tag","embeddable":true,"href":"https:\/\/brasilnoticias.org\/site\/wp-json\/wp\/v2\/tags?post=20722"}],"curies":[{"name":"wp","href":"https:\/\/api.w.org\/{rel}","templated":true}]}}