{"id":20725,"date":"2026-03-05T09:53:48","date_gmt":"2026-03-05T12:53:48","guid":{"rendered":"https:\/\/brasilnoticias.org\/site\/?p=20725"},"modified":"2026-03-05T09:53:48","modified_gmt":"2026-03-05T12:53:48","slug":"ministerio-publico-e-pf-fazem-operacao-contra-corrupcao-policial-em-sao-paulo","status":"publish","type":"post","link":"https:\/\/brasilnoticias.org\/site\/ministerio-publico-e-pf-fazem-operacao-contra-corrupcao-policial-em-sao-paulo\/","title":{"rendered":"Minist\u00e9rio P\u00fablico e PF fazem opera\u00e7\u00e3o contra corrup\u00e7\u00e3o policial em S\u00e3o Paulo"},"content":{"rendered":"<p>Segundo informa\u00e7\u00f5es divulgadas pela Ag\u00eancia Brasil, o Minist\u00e9rio P\u00fablico de S\u00e3o Paulo, em conjunto com a Pol\u00edcia Federal, deflagrou uma opera\u00e7\u00e3o para investigar um esquema de corrup\u00e7\u00e3o envolvendo policiais civis e integrantes de uma organiza\u00e7\u00e3o criminosa no estado de S\u00e3o Paulo.<\/p>\n<p>A a\u00e7\u00e3o faz parte da chamada Opera\u00e7\u00e3o Bazaar, conduzida pelo Grupo de Atua\u00e7\u00e3o Especial de Combate ao Crime Organizado (Gaeco). De acordo com as investiga\u00e7\u00f5es, o grupo criminoso pagava vantagens indevidas a agentes p\u00fablicos para receber prote\u00e7\u00e3o e evitar investiga\u00e7\u00f5es contra uma organiza\u00e7\u00e3o especializada em lavagem de dinheiro.<\/p>\n<p>Segundo os investigadores, policiais e outros envolvidos teriam atuado para manipular investiga\u00e7\u00f5es, destruir provas e interferir em processos, garantindo que as atividades ilegais continuassem sem puni\u00e7\u00e3o. O esquema tamb\u00e9m envolvia advogados e outros colaboradores que ajudavam a manter a estrutura criminosa.<\/p>\n<p>Durante a opera\u00e7\u00e3o, foram cumpridos 25 mandados de busca e apreens\u00e3o, inclusive em delegacias, al\u00e9m de 11 mandados de pris\u00e3o e outras medidas cautelares contra suspeitos ligados \u00e0 organiza\u00e7\u00e3o. As a\u00e7\u00f5es ocorreram em diferentes endere\u00e7os ligados aos investigados.<\/p>\n<p>As autoridades afirmam que as investiga\u00e7\u00f5es continuam para identificar outros poss\u00edveis envolvidos e aprofundar a apura\u00e7\u00e3o sobre o esquema de corrup\u00e7\u00e3o dentro das for\u00e7as de seguran\u00e7a.<\/p>\n","protected":false},"excerpt":{"rendered":"<p>Segundo informa\u00e7\u00f5es divulgadas pela Ag\u00eancia Brasil, o Minist\u00e9rio P\u00fablico de S\u00e3o Paulo, em conjunto com a Pol\u00edcia Federal, deflagrou uma<\/p>\n","protected":false},"author":4,"featured_media":20726,"comment_status":"open","ping_status":"open","sticky":false,"template":"","format":"standard","meta":{"colormag_page_container_layout":"default_layout","colormag_page_sidebar_layout":"default_layout","_FSMCFIC_featured_image_caption":"","_FSMCFIC_featured_image_nocaption":"","_FSMCFIC_featured_image_hide":"","footnotes":""},"categories":[3,1],"tags":[],"class_list":["post-20725","post","type-post","status-publish","format-standard","has-post-thumbnail","hentry","category-policia","category-ultimas"],"yoast_head":"<!-- This site is optimized with the Yoast SEO plugin v27.1.1 - https:\/\/yoast.com\/product\/yoast-seo-wordpress\/ -->\n<title>Minist\u00e9rio P\u00fablico e PF fazem opera\u00e7\u00e3o contra corrup\u00e7\u00e3o policial em S\u00e3o Paulo - Brasil not\u00edcias<\/title>\n<meta name=\"robots\" content=\"index, follow, max-snippet:-1, max-image-preview:large, max-video-preview:-1\" \/>\n<link rel=\"canonical\" href=\"https:\/\/brasilnoticias.org\/site\/ministerio-publico-e-pf-fazem-operacao-contra-corrupcao-policial-em-sao-paulo\/\" \/>\n<meta property=\"og:locale\" content=\"pt_PT\" \/>\n<meta property=\"og:type\" content=\"article\" \/>\n<meta property=\"og:title\" content=\"Minist\u00e9rio P\u00fablico e PF fazem opera\u00e7\u00e3o contra corrup\u00e7\u00e3o policial em S\u00e3o Paulo - Brasil not\u00edcias\" \/>\n<meta property=\"og:description\" content=\"Segundo informa\u00e7\u00f5es divulgadas pela Ag\u00eancia Brasil, o Minist\u00e9rio P\u00fablico de S\u00e3o Paulo, em conjunto com a Pol\u00edcia Federal, deflagrou uma\" \/>\n<meta property=\"og:url\" content=\"https:\/\/brasilnoticias.org\/site\/ministerio-publico-e-pf-fazem-operacao-contra-corrupcao-policial-em-sao-paulo\/\" \/>\n<meta property=\"og:site_name\" content=\"Brasil not\u00edcias\" \/>\n<meta property=\"article:published_time\" content=\"2026-03-05T12:53:48+00:00\" \/>\n<meta property=\"og:image\" content=\"https:\/\/brasilnoticias.org\/site\/wp-content\/uploads\/2026\/03\/hcpmleyaiaaehuu_copy.webp\" \/>\n\t<meta property=\"og:image:width\" content=\"1170\" \/>\n\t<meta property=\"og:image:height\" content=\"700\" \/>\n\t<meta property=\"og:image:type\" content=\"image\/webp\" \/>\n<meta name=\"author\" content=\"Reda\u00e7\u00e3o\" \/>\n<meta name=\"twitter:card\" content=\"summary_large_image\" \/>\n<meta name=\"twitter:label1\" content=\"Escrito por\" \/>\n\t<meta name=\"twitter:data1\" content=\"Reda\u00e7\u00e3o\" \/>\n\t<meta name=\"twitter:label2\" content=\"Tempo estimado de leitura\" \/>\n\t<meta name=\"twitter:data2\" content=\"1 minuto\" \/>\n<script type=\"application\/ld+json\" class=\"yoast-schema-graph\">{\"@context\":\"https:\/\/schema.org\",\"@graph\":[{\"@type\":\"Article\",\"@id\":\"https:\/\/brasilnoticias.org\/site\/ministerio-publico-e-pf-fazem-operacao-contra-corrupcao-policial-em-sao-paulo\/#article\",\"isPartOf\":{\"@id\":\"https:\/\/brasilnoticias.org\/site\/ministerio-publico-e-pf-fazem-operacao-contra-corrupcao-policial-em-sao-paulo\/\"},\"author\":{\"name\":\"Reda\u00e7\u00e3o\",\"@id\":\"https:\/\/brasilnoticias.org\/site\/#\/schema\/person\/03bbbfe6c7634ad18c26444ea39049fa\"},\"headline\":\"Minist\u00e9rio P\u00fablico e PF fazem opera\u00e7\u00e3o contra corrup\u00e7\u00e3o policial em S\u00e3o Paulo\",\"datePublished\":\"2026-03-05T12:53:48+00:00\",\"mainEntityOfPage\":{\"@id\":\"https:\/\/brasilnoticias.org\/site\/ministerio-publico-e-pf-fazem-operacao-contra-corrupcao-policial-em-sao-paulo\/\"},\"wordCount\":242,\"commentCount\":0,\"publisher\":{\"@id\":\"https:\/\/brasilnoticias.org\/site\/#organization\"},\"image\":{\"@id\":\"https:\/\/brasilnoticias.org\/site\/ministerio-publico-e-pf-fazem-operacao-contra-corrupcao-policial-em-sao-paulo\/#primaryimage\"},\"thumbnailUrl\":\"https:\/\/brasilnoticias.org\/site\/wp-content\/uploads\/2026\/03\/hcpmleyaiaaehuu_copy.webp\",\"articleSection\":[\"Pol\u00edcia\",\"\u00daltimas\"],\"inLanguage\":\"pt-PT\",\"potentialAction\":[{\"@type\":\"CommentAction\",\"name\":\"Comment\",\"target\":[\"https:\/\/brasilnoticias.org\/site\/ministerio-publico-e-pf-fazem-operacao-contra-corrupcao-policial-em-sao-paulo\/#respond\"]}]},{\"@type\":\"WebPage\",\"@id\":\"https:\/\/brasilnoticias.org\/site\/ministerio-publico-e-pf-fazem-operacao-contra-corrupcao-policial-em-sao-paulo\/\",\"url\":\"https:\/\/brasilnoticias.org\/site\/ministerio-publico-e-pf-fazem-operacao-contra-corrupcao-policial-em-sao-paulo\/\",\"name\":\"Minist\u00e9rio P\u00fablico e PF fazem opera\u00e7\u00e3o contra corrup\u00e7\u00e3o policial em S\u00e3o Paulo - Brasil not\u00edcias\",\"isPartOf\":{\"@id\":\"https:\/\/brasilnoticias.org\/site\/#website\"},\"primaryImageOfPage\":{\"@id\":\"https:\/\/brasilnoticias.org\/site\/ministerio-publico-e-pf-fazem-operacao-contra-corrupcao-policial-em-sao-paulo\/#primaryimage\"},\"image\":{\"@id\":\"https:\/\/brasilnoticias.org\/site\/ministerio-publico-e-pf-fazem-operacao-contra-corrupcao-policial-em-sao-paulo\/#primaryimage\"},\"thumbnailUrl\":\"https:\/\/brasilnoticias.org\/site\/wp-content\/uploads\/2026\/03\/hcpmleyaiaaehuu_copy.webp\",\"datePublished\":\"2026-03-05T12:53:48+00:00\",\"breadcrumb\":{\"@id\":\"https:\/\/brasilnoticias.org\/site\/ministerio-publico-e-pf-fazem-operacao-contra-corrupcao-policial-em-sao-paulo\/#breadcrumb\"},\"inLanguage\":\"pt-PT\",\"potentialAction\":[{\"@type\":\"ReadAction\",\"target\":[\"https:\/\/brasilnoticias.org\/site\/ministerio-publico-e-pf-fazem-operacao-contra-corrupcao-policial-em-sao-paulo\/\"]}]},{\"@type\":\"ImageObject\",\"inLanguage\":\"pt-PT\",\"@id\":\"https:\/\/brasilnoticias.org\/site\/ministerio-publico-e-pf-fazem-operacao-contra-corrupcao-policial-em-sao-paulo\/#primaryimage\",\"url\":\"https:\/\/brasilnoticias.org\/site\/wp-content\/uploads\/2026\/03\/hcpmleyaiaaehuu_copy.webp\",\"contentUrl\":\"https:\/\/brasilnoticias.org\/site\/wp-content\/uploads\/2026\/03\/hcpmleyaiaaehuu_copy.webp\",\"width\":1170,\"height\":700,\"caption\":\"Pol\u00edcia Federal\/divulga\u00e7\u00e3o\"},{\"@type\":\"BreadcrumbList\",\"@id\":\"https:\/\/brasilnoticias.org\/site\/ministerio-publico-e-pf-fazem-operacao-contra-corrupcao-policial-em-sao-paulo\/#breadcrumb\",\"itemListElement\":[{\"@type\":\"ListItem\",\"position\":1,\"name\":\"In\u00edcio\",\"item\":\"https:\/\/brasilnoticias.org\/site\/\"},{\"@type\":\"ListItem\",\"position\":2,\"name\":\"Minist\u00e9rio P\u00fablico e PF fazem opera\u00e7\u00e3o contra corrup\u00e7\u00e3o policial em S\u00e3o Paulo\"}]},{\"@type\":\"WebSite\",\"@id\":\"https:\/\/brasilnoticias.org\/site\/#website\",\"url\":\"https:\/\/brasilnoticias.org\/site\/\",\"name\":\"Brasil not\u00edcias\",\"description\":\"Brasil not\u00edcias\",\"publisher\":{\"@id\":\"https:\/\/brasilnoticias.org\/site\/#organization\"},\"potentialAction\":[{\"@type\":\"SearchAction\",\"target\":{\"@type\":\"EntryPoint\",\"urlTemplate\":\"https:\/\/brasilnoticias.org\/site\/?s={search_term_string}\"},\"query-input\":{\"@type\":\"PropertyValueSpecification\",\"valueRequired\":true,\"valueName\":\"search_term_string\"}}],\"inLanguage\":\"pt-PT\"},{\"@type\":\"Organization\",\"@id\":\"https:\/\/brasilnoticias.org\/site\/#organization\",\"name\":\"Brasil not\u00edcias\",\"url\":\"https:\/\/brasilnoticias.org\/site\/\",\"logo\":{\"@type\":\"ImageObject\",\"inLanguage\":\"pt-PT\",\"@id\":\"https:\/\/brasilnoticias.org\/site\/#\/schema\/logo\/image\/\",\"url\":\"https:\/\/brasilnoticias.org\/site\/wp-content\/uploads\/2022\/05\/cropped-brasilnoticias-mini.jpg\",\"contentUrl\":\"https:\/\/brasilnoticias.org\/site\/wp-content\/uploads\/2022\/05\/cropped-brasilnoticias-mini.jpg\",\"width\":314,\"height\":86,\"caption\":\"Brasil not\u00edcias\"},\"image\":{\"@id\":\"https:\/\/brasilnoticias.org\/site\/#\/schema\/logo\/image\/\"}},{\"@type\":\"Person\",\"@id\":\"https:\/\/brasilnoticias.org\/site\/#\/schema\/person\/03bbbfe6c7634ad18c26444ea39049fa\",\"name\":\"Reda\u00e7\u00e3o\",\"image\":{\"@type\":\"ImageObject\",\"inLanguage\":\"pt-PT\",\"@id\":\"https:\/\/brasilnoticias.org\/site\/#\/schema\/person\/image\/\",\"url\":\"https:\/\/secure.gravatar.com\/avatar\/9ecaf7327a696cb23ad926fedded5f1f04d7049de9e445375d55b48c001a6e42?s=96&d=mm&r=g\",\"contentUrl\":\"https:\/\/secure.gravatar.com\/avatar\/9ecaf7327a696cb23ad926fedded5f1f04d7049de9e445375d55b48c001a6e42?s=96&d=mm&r=g\",\"caption\":\"Reda\u00e7\u00e3o\"},\"url\":\"https:\/\/brasilnoticias.org\/site\/author\/henrique\/\"}]}<\/script>\n<!-- \/ Yoast SEO plugin. -->","yoast_head_json":{"title":"Minist\u00e9rio P\u00fablico e PF fazem opera\u00e7\u00e3o contra corrup\u00e7\u00e3o policial em S\u00e3o Paulo - Brasil not\u00edcias","robots":{"index":"index","follow":"follow","max-snippet":"max-snippet:-1","max-image-preview":"max-image-preview:large","max-video-preview":"max-video-preview:-1"},"canonical":"https:\/\/brasilnoticias.org\/site\/ministerio-publico-e-pf-fazem-operacao-contra-corrupcao-policial-em-sao-paulo\/","og_locale":"pt_PT","og_type":"article","og_title":"Minist\u00e9rio P\u00fablico e PF fazem opera\u00e7\u00e3o contra corrup\u00e7\u00e3o policial em S\u00e3o Paulo - Brasil not\u00edcias","og_description":"Segundo informa\u00e7\u00f5es divulgadas pela Ag\u00eancia Brasil, o Minist\u00e9rio P\u00fablico de S\u00e3o Paulo, em conjunto com a Pol\u00edcia Federal, deflagrou uma","og_url":"https:\/\/brasilnoticias.org\/site\/ministerio-publico-e-pf-fazem-operacao-contra-corrupcao-policial-em-sao-paulo\/","og_site_name":"Brasil not\u00edcias","article_published_time":"2026-03-05T12:53:48+00:00","og_image":[{"width":1170,"height":700,"url":"https:\/\/brasilnoticias.org\/site\/wp-content\/uploads\/2026\/03\/hcpmleyaiaaehuu_copy.webp","type":"image\/webp"}],"author":"Reda\u00e7\u00e3o","twitter_card":"summary_large_image","twitter_misc":{"Escrito por":"Reda\u00e7\u00e3o","Tempo estimado de leitura":"1 minuto"},"schema":{"@context":"https:\/\/schema.org","@graph":[{"@type":"Article","@id":"https:\/\/brasilnoticias.org\/site\/ministerio-publico-e-pf-fazem-operacao-contra-corrupcao-policial-em-sao-paulo\/#article","isPartOf":{"@id":"https:\/\/brasilnoticias.org\/site\/ministerio-publico-e-pf-fazem-operacao-contra-corrupcao-policial-em-sao-paulo\/"},"author":{"name":"Reda\u00e7\u00e3o","@id":"https:\/\/brasilnoticias.org\/site\/#\/schema\/person\/03bbbfe6c7634ad18c26444ea39049fa"},"headline":"Minist\u00e9rio P\u00fablico e PF fazem opera\u00e7\u00e3o contra corrup\u00e7\u00e3o policial em S\u00e3o Paulo","datePublished":"2026-03-05T12:53:48+00:00","mainEntityOfPage":{"@id":"https:\/\/brasilnoticias.org\/site\/ministerio-publico-e-pf-fazem-operacao-contra-corrupcao-policial-em-sao-paulo\/"},"wordCount":242,"commentCount":0,"publisher":{"@id":"https:\/\/brasilnoticias.org\/site\/#organization"},"image":{"@id":"https:\/\/brasilnoticias.org\/site\/ministerio-publico-e-pf-fazem-operacao-contra-corrupcao-policial-em-sao-paulo\/#primaryimage"},"thumbnailUrl":"https:\/\/brasilnoticias.org\/site\/wp-content\/uploads\/2026\/03\/hcpmleyaiaaehuu_copy.webp","articleSection":["Pol\u00edcia","\u00daltimas"],"inLanguage":"pt-PT","potentialAction":[{"@type":"CommentAction","name":"Comment","target":["https:\/\/brasilnoticias.org\/site\/ministerio-publico-e-pf-fazem-operacao-contra-corrupcao-policial-em-sao-paulo\/#respond"]}]},{"@type":"WebPage","@id":"https:\/\/brasilnoticias.org\/site\/ministerio-publico-e-pf-fazem-operacao-contra-corrupcao-policial-em-sao-paulo\/","url":"https:\/\/brasilnoticias.org\/site\/ministerio-publico-e-pf-fazem-operacao-contra-corrupcao-policial-em-sao-paulo\/","name":"Minist\u00e9rio P\u00fablico e PF fazem opera\u00e7\u00e3o contra corrup\u00e7\u00e3o policial em S\u00e3o Paulo - Brasil not\u00edcias","isPartOf":{"@id":"https:\/\/brasilnoticias.org\/site\/#website"},"primaryImageOfPage":{"@id":"https:\/\/brasilnoticias.org\/site\/ministerio-publico-e-pf-fazem-operacao-contra-corrupcao-policial-em-sao-paulo\/#primaryimage"},"image":{"@id":"https:\/\/brasilnoticias.org\/site\/ministerio-publico-e-pf-fazem-operacao-contra-corrupcao-policial-em-sao-paulo\/#primaryimage"},"thumbnailUrl":"https:\/\/brasilnoticias.org\/site\/wp-content\/uploads\/2026\/03\/hcpmleyaiaaehuu_copy.webp","datePublished":"2026-03-05T12:53:48+00:00","breadcrumb":{"@id":"https:\/\/brasilnoticias.org\/site\/ministerio-publico-e-pf-fazem-operacao-contra-corrupcao-policial-em-sao-paulo\/#breadcrumb"},"inLanguage":"pt-PT","potentialAction":[{"@type":"ReadAction","target":["https:\/\/brasilnoticias.org\/site\/ministerio-publico-e-pf-fazem-operacao-contra-corrupcao-policial-em-sao-paulo\/"]}]},{"@type":"ImageObject","inLanguage":"pt-PT","@id":"https:\/\/brasilnoticias.org\/site\/ministerio-publico-e-pf-fazem-operacao-contra-corrupcao-policial-em-sao-paulo\/#primaryimage","url":"https:\/\/brasilnoticias.org\/site\/wp-content\/uploads\/2026\/03\/hcpmleyaiaaehuu_copy.webp","contentUrl":"https:\/\/brasilnoticias.org\/site\/wp-content\/uploads\/2026\/03\/hcpmleyaiaaehuu_copy.webp","width":1170,"height":700,"caption":"Pol\u00edcia Federal\/divulga\u00e7\u00e3o"},{"@type":"BreadcrumbList","@id":"https:\/\/brasilnoticias.org\/site\/ministerio-publico-e-pf-fazem-operacao-contra-corrupcao-policial-em-sao-paulo\/#breadcrumb","itemListElement":[{"@type":"ListItem","position":1,"name":"In\u00edcio","item":"https:\/\/brasilnoticias.org\/site\/"},{"@type":"ListItem","position":2,"name":"Minist\u00e9rio P\u00fablico e PF fazem opera\u00e7\u00e3o contra corrup\u00e7\u00e3o policial em S\u00e3o Paulo"}]},{"@type":"WebSite","@id":"https:\/\/brasilnoticias.org\/site\/#website","url":"https:\/\/brasilnoticias.org\/site\/","name":"Brasil not\u00edcias","description":"Brasil not\u00edcias","publisher":{"@id":"https:\/\/brasilnoticias.org\/site\/#organization"},"potentialAction":[{"@type":"SearchAction","target":{"@type":"EntryPoint","urlTemplate":"https:\/\/brasilnoticias.org\/site\/?s={search_term_string}"},"query-input":{"@type":"PropertyValueSpecification","valueRequired":true,"valueName":"search_term_string"}}],"inLanguage":"pt-PT"},{"@type":"Organization","@id":"https:\/\/brasilnoticias.org\/site\/#organization","name":"Brasil not\u00edcias","url":"https:\/\/brasilnoticias.org\/site\/","logo":{"@type":"ImageObject","inLanguage":"pt-PT","@id":"https:\/\/brasilnoticias.org\/site\/#\/schema\/logo\/image\/","url":"https:\/\/brasilnoticias.org\/site\/wp-content\/uploads\/2022\/05\/cropped-brasilnoticias-mini.jpg","contentUrl":"https:\/\/brasilnoticias.org\/site\/wp-content\/uploads\/2022\/05\/cropped-brasilnoticias-mini.jpg","width":314,"height":86,"caption":"Brasil not\u00edcias"},"image":{"@id":"https:\/\/brasilnoticias.org\/site\/#\/schema\/logo\/image\/"}},{"@type":"Person","@id":"https:\/\/brasilnoticias.org\/site\/#\/schema\/person\/03bbbfe6c7634ad18c26444ea39049fa","name":"Reda\u00e7\u00e3o","image":{"@type":"ImageObject","inLanguage":"pt-PT","@id":"https:\/\/brasilnoticias.org\/site\/#\/schema\/person\/image\/","url":"https:\/\/secure.gravatar.com\/avatar\/9ecaf7327a696cb23ad926fedded5f1f04d7049de9e445375d55b48c001a6e42?s=96&d=mm&r=g","contentUrl":"https:\/\/secure.gravatar.com\/avatar\/9ecaf7327a696cb23ad926fedded5f1f04d7049de9e445375d55b48c001a6e42?s=96&d=mm&r=g","caption":"Reda\u00e7\u00e3o"},"url":"https:\/\/brasilnoticias.org\/site\/author\/henrique\/"}]}},"_links":{"self":[{"href":"https:\/\/brasilnoticias.org\/site\/wp-json\/wp\/v2\/posts\/20725","targetHints":{"allow":["GET"]}}],"collection":[{"href":"https:\/\/brasilnoticias.org\/site\/wp-json\/wp\/v2\/posts"}],"about":[{"href":"https:\/\/brasilnoticias.org\/site\/wp-json\/wp\/v2\/types\/post"}],"author":[{"embeddable":true,"href":"https:\/\/brasilnoticias.org\/site\/wp-json\/wp\/v2\/users\/4"}],"replies":[{"embeddable":true,"href":"https:\/\/brasilnoticias.org\/site\/wp-json\/wp\/v2\/comments?post=20725"}],"version-history":[{"count":1,"href":"https:\/\/brasilnoticias.org\/site\/wp-json\/wp\/v2\/posts\/20725\/revisions"}],"predecessor-version":[{"id":20727,"href":"https:\/\/brasilnoticias.org\/site\/wp-json\/wp\/v2\/posts\/20725\/revisions\/20727"}],"wp:featuredmedia":[{"embeddable":true,"href":"https:\/\/brasilnoticias.org\/site\/wp-json\/wp\/v2\/media\/20726"}],"wp:attachment":[{"href":"https:\/\/brasilnoticias.org\/site\/wp-json\/wp\/v2\/media?parent=20725"}],"wp:term":[{"taxonomy":"category","embeddable":true,"href":"https:\/\/brasilnoticias.org\/site\/wp-json\/wp\/v2\/categories?post=20725"},{"taxonomy":"post_tag","embeddable":true,"href":"https:\/\/brasilnoticias.org\/site\/wp-json\/wp\/v2\/tags?post=20725"}],"curies":[{"name":"wp","href":"https:\/\/api.w.org\/{rel}","templated":true}]}}