{"id":20748,"date":"2026-03-06T06:51:37","date_gmt":"2026-03-06T09:51:37","guid":{"rendered":"https:\/\/brasilnoticias.org\/site\/?p=20748"},"modified":"2026-03-06T06:51:37","modified_gmt":"2026-03-06T09:51:37","slug":"stf-determina-transferencia-de-daniel-vorcaro-para-presidio-federal-em-brasilia","status":"publish","type":"post","link":"https:\/\/brasilnoticias.org\/site\/stf-determina-transferencia-de-daniel-vorcaro-para-presidio-federal-em-brasilia\/","title":{"rendered":"STF determina transfer\u00eancia de Daniel Vorcaro para pres\u00eddio federal em Bras\u00edlia"},"content":{"rendered":"<p>O ministro do Supremo Tribunal Federal (STF), Andr\u00e9 Mendon\u00e7a, determinou a transfer\u00eancia do empres\u00e1rio Daniel Vorcaro, controlador do Banco Master, para a Penitenci\u00e1ria Federal de Bras\u00edlia, considerada uma unidade de seguran\u00e7a m\u00e1xima. A decis\u00e3o atende a um pedido da Pol\u00edcia Federal no \u00e2mbito das investiga\u00e7\u00f5es que envolvem o banqueiro.<\/p>\n<p>Vorcaro foi preso em S\u00e3o Paulo durante a terceira fase da Opera\u00e7\u00e3o Compliance Zero, que investiga suspeitas de fraudes financeiras e outros crimes relacionados ao funcionamento do Banco Master. Ap\u00f3s a pris\u00e3o, ele havia sido encaminhado inicialmente para o sistema prisional paulista.<\/p>\n<p>De acordo com a Pol\u00edcia Federal, a transfer\u00eancia para um pres\u00eddio federal foi solicitada devido ao risco de interfer\u00eancia nas investiga\u00e7\u00f5es e \u00e0 necessidade de garantir a seguran\u00e7a p\u00fablica. Os investigadores apontaram que o empres\u00e1rio possui grande capacidade de articula\u00e7\u00e3o e influ\u00eancia, o que poderia dificultar o andamento das apura\u00e7\u00f5es caso permanecesse em uma unidade estadual.<\/p>\n<p>A decis\u00e3o prev\u00ea que o banqueiro seja levado para Bras\u00edlia com esquema especial de seguran\u00e7a. A transfer\u00eancia tem como objetivo garantir maior controle sobre a cust\u00f3dia do investigado e preservar a integridade f\u00edsica dele durante o per\u00edodo de pris\u00e3o.<\/p>\n<p>A Opera\u00e7\u00e3o Compliance Zero segue em andamento e apura um suposto esquema de fraudes financeiras, corrup\u00e7\u00e3o, lavagem de dinheiro e outros crimes ligados ao sistema financeiro.<\/p>\n","protected":false},"excerpt":{"rendered":"<p>O ministro do Supremo Tribunal Federal (STF), Andr\u00e9 Mendon\u00e7a, determinou a transfer\u00eancia do empres\u00e1rio Daniel Vorcaro, controlador do Banco Master,<\/p>\n","protected":false},"author":4,"featured_media":20749,"comment_status":"open","ping_status":"open","sticky":false,"template":"","format":"standard","meta":{"colormag_page_container_layout":"default_layout","colormag_page_sidebar_layout":"default_layout","_FSMCFIC_featured_image_caption":"","_FSMCFIC_featured_image_nocaption":"","_FSMCFIC_featured_image_hide":"","footnotes":""},"categories":[7,5,1],"tags":[],"class_list":["post-20748","post","type-post","status-publish","format-standard","has-post-thumbnail","hentry","category-justica","category-politica","category-ultimas"],"yoast_head":"<!-- This site is optimized with the Yoast SEO plugin v27.1.1 - https:\/\/yoast.com\/product\/yoast-seo-wordpress\/ -->\n<title>STF determina transfer\u00eancia de Daniel Vorcaro para pres\u00eddio federal em Bras\u00edlia - Brasil not\u00edcias<\/title>\n<meta name=\"robots\" content=\"index, follow, max-snippet:-1, max-image-preview:large, max-video-preview:-1\" \/>\n<link rel=\"canonical\" href=\"https:\/\/brasilnoticias.org\/site\/stf-determina-transferencia-de-daniel-vorcaro-para-presidio-federal-em-brasilia\/\" \/>\n<meta property=\"og:locale\" content=\"pt_PT\" \/>\n<meta property=\"og:type\" content=\"article\" \/>\n<meta property=\"og:title\" content=\"STF determina transfer\u00eancia de Daniel Vorcaro para pres\u00eddio federal em Bras\u00edlia - Brasil not\u00edcias\" \/>\n<meta property=\"og:description\" content=\"O ministro do Supremo Tribunal Federal (STF), Andr\u00e9 Mendon\u00e7a, determinou a transfer\u00eancia do empres\u00e1rio Daniel Vorcaro, controlador do Banco Master,\" \/>\n<meta property=\"og:url\" content=\"https:\/\/brasilnoticias.org\/site\/stf-determina-transferencia-de-daniel-vorcaro-para-presidio-federal-em-brasilia\/\" \/>\n<meta property=\"og:site_name\" content=\"Brasil not\u00edcias\" \/>\n<meta property=\"article:published_time\" content=\"2026-03-06T09:51:37+00:00\" \/>\n<meta property=\"og:image\" content=\"https:\/\/brasilnoticias.org\/site\/wp-content\/uploads\/2026\/03\/Screenshot_515.png\" \/>\n\t<meta property=\"og:image:width\" content=\"587\" \/>\n\t<meta property=\"og:image:height\" content=\"352\" \/>\n\t<meta property=\"og:image:type\" content=\"image\/png\" \/>\n<meta name=\"author\" content=\"Reda\u00e7\u00e3o\" \/>\n<meta name=\"twitter:card\" content=\"summary_large_image\" \/>\n<meta name=\"twitter:label1\" content=\"Escrito por\" \/>\n\t<meta name=\"twitter:data1\" content=\"Reda\u00e7\u00e3o\" \/>\n\t<meta name=\"twitter:label2\" content=\"Tempo estimado de leitura\" \/>\n\t<meta name=\"twitter:data2\" content=\"1 minuto\" \/>\n<script type=\"application\/ld+json\" class=\"yoast-schema-graph\">{\"@context\":\"https:\/\/schema.org\",\"@graph\":[{\"@type\":\"Article\",\"@id\":\"https:\/\/brasilnoticias.org\/site\/stf-determina-transferencia-de-daniel-vorcaro-para-presidio-federal-em-brasilia\/#article\",\"isPartOf\":{\"@id\":\"https:\/\/brasilnoticias.org\/site\/stf-determina-transferencia-de-daniel-vorcaro-para-presidio-federal-em-brasilia\/\"},\"author\":{\"name\":\"Reda\u00e7\u00e3o\",\"@id\":\"https:\/\/brasilnoticias.org\/site\/#\/schema\/person\/03bbbfe6c7634ad18c26444ea39049fa\"},\"headline\":\"STF determina transfer\u00eancia de Daniel Vorcaro para pres\u00eddio federal em Bras\u00edlia\",\"datePublished\":\"2026-03-06T09:51:37+00:00\",\"mainEntityOfPage\":{\"@id\":\"https:\/\/brasilnoticias.org\/site\/stf-determina-transferencia-de-daniel-vorcaro-para-presidio-federal-em-brasilia\/\"},\"wordCount\":260,\"commentCount\":0,\"publisher\":{\"@id\":\"https:\/\/brasilnoticias.org\/site\/#organization\"},\"image\":{\"@id\":\"https:\/\/brasilnoticias.org\/site\/stf-determina-transferencia-de-daniel-vorcaro-para-presidio-federal-em-brasilia\/#primaryimage\"},\"thumbnailUrl\":\"https:\/\/brasilnoticias.org\/site\/wp-content\/uploads\/2026\/03\/Screenshot_515.png\",\"articleSection\":[\"Justi\u00e7a\",\"Pol\u00edtica\",\"\u00daltimas\"],\"inLanguage\":\"pt-PT\",\"potentialAction\":[{\"@type\":\"CommentAction\",\"name\":\"Comment\",\"target\":[\"https:\/\/brasilnoticias.org\/site\/stf-determina-transferencia-de-daniel-vorcaro-para-presidio-federal-em-brasilia\/#respond\"]}]},{\"@type\":\"WebPage\",\"@id\":\"https:\/\/brasilnoticias.org\/site\/stf-determina-transferencia-de-daniel-vorcaro-para-presidio-federal-em-brasilia\/\",\"url\":\"https:\/\/brasilnoticias.org\/site\/stf-determina-transferencia-de-daniel-vorcaro-para-presidio-federal-em-brasilia\/\",\"name\":\"STF determina transfer\u00eancia de Daniel Vorcaro para pres\u00eddio federal em Bras\u00edlia - Brasil not\u00edcias\",\"isPartOf\":{\"@id\":\"https:\/\/brasilnoticias.org\/site\/#website\"},\"primaryImageOfPage\":{\"@id\":\"https:\/\/brasilnoticias.org\/site\/stf-determina-transferencia-de-daniel-vorcaro-para-presidio-federal-em-brasilia\/#primaryimage\"},\"image\":{\"@id\":\"https:\/\/brasilnoticias.org\/site\/stf-determina-transferencia-de-daniel-vorcaro-para-presidio-federal-em-brasilia\/#primaryimage\"},\"thumbnailUrl\":\"https:\/\/brasilnoticias.org\/site\/wp-content\/uploads\/2026\/03\/Screenshot_515.png\",\"datePublished\":\"2026-03-06T09:51:37+00:00\",\"breadcrumb\":{\"@id\":\"https:\/\/brasilnoticias.org\/site\/stf-determina-transferencia-de-daniel-vorcaro-para-presidio-federal-em-brasilia\/#breadcrumb\"},\"inLanguage\":\"pt-PT\",\"potentialAction\":[{\"@type\":\"ReadAction\",\"target\":[\"https:\/\/brasilnoticias.org\/site\/stf-determina-transferencia-de-daniel-vorcaro-para-presidio-federal-em-brasilia\/\"]}]},{\"@type\":\"ImageObject\",\"inLanguage\":\"pt-PT\",\"@id\":\"https:\/\/brasilnoticias.org\/site\/stf-determina-transferencia-de-daniel-vorcaro-para-presidio-federal-em-brasilia\/#primaryimage\",\"url\":\"https:\/\/brasilnoticias.org\/site\/wp-content\/uploads\/2026\/03\/Screenshot_515.png\",\"contentUrl\":\"https:\/\/brasilnoticias.org\/site\/wp-content\/uploads\/2026\/03\/Screenshot_515.png\",\"width\":587,\"height\":352,\"caption\":\"Divulga\u00e7\u00e3o\/Banco Master\"},{\"@type\":\"BreadcrumbList\",\"@id\":\"https:\/\/brasilnoticias.org\/site\/stf-determina-transferencia-de-daniel-vorcaro-para-presidio-federal-em-brasilia\/#breadcrumb\",\"itemListElement\":[{\"@type\":\"ListItem\",\"position\":1,\"name\":\"In\u00edcio\",\"item\":\"https:\/\/brasilnoticias.org\/site\/\"},{\"@type\":\"ListItem\",\"position\":2,\"name\":\"STF determina transfer\u00eancia de Daniel Vorcaro para pres\u00eddio federal em Bras\u00edlia\"}]},{\"@type\":\"WebSite\",\"@id\":\"https:\/\/brasilnoticias.org\/site\/#website\",\"url\":\"https:\/\/brasilnoticias.org\/site\/\",\"name\":\"Brasil not\u00edcias\",\"description\":\"Brasil not\u00edcias\",\"publisher\":{\"@id\":\"https:\/\/brasilnoticias.org\/site\/#organization\"},\"potentialAction\":[{\"@type\":\"SearchAction\",\"target\":{\"@type\":\"EntryPoint\",\"urlTemplate\":\"https:\/\/brasilnoticias.org\/site\/?s={search_term_string}\"},\"query-input\":{\"@type\":\"PropertyValueSpecification\",\"valueRequired\":true,\"valueName\":\"search_term_string\"}}],\"inLanguage\":\"pt-PT\"},{\"@type\":\"Organization\",\"@id\":\"https:\/\/brasilnoticias.org\/site\/#organization\",\"name\":\"Brasil not\u00edcias\",\"url\":\"https:\/\/brasilnoticias.org\/site\/\",\"logo\":{\"@type\":\"ImageObject\",\"inLanguage\":\"pt-PT\",\"@id\":\"https:\/\/brasilnoticias.org\/site\/#\/schema\/logo\/image\/\",\"url\":\"https:\/\/brasilnoticias.org\/site\/wp-content\/uploads\/2022\/05\/cropped-brasilnoticias-mini.jpg\",\"contentUrl\":\"https:\/\/brasilnoticias.org\/site\/wp-content\/uploads\/2022\/05\/cropped-brasilnoticias-mini.jpg\",\"width\":314,\"height\":86,\"caption\":\"Brasil not\u00edcias\"},\"image\":{\"@id\":\"https:\/\/brasilnoticias.org\/site\/#\/schema\/logo\/image\/\"}},{\"@type\":\"Person\",\"@id\":\"https:\/\/brasilnoticias.org\/site\/#\/schema\/person\/03bbbfe6c7634ad18c26444ea39049fa\",\"name\":\"Reda\u00e7\u00e3o\",\"image\":{\"@type\":\"ImageObject\",\"inLanguage\":\"pt-PT\",\"@id\":\"https:\/\/brasilnoticias.org\/site\/#\/schema\/person\/image\/\",\"url\":\"https:\/\/secure.gravatar.com\/avatar\/9ecaf7327a696cb23ad926fedded5f1f04d7049de9e445375d55b48c001a6e42?s=96&d=mm&r=g\",\"contentUrl\":\"https:\/\/secure.gravatar.com\/avatar\/9ecaf7327a696cb23ad926fedded5f1f04d7049de9e445375d55b48c001a6e42?s=96&d=mm&r=g\",\"caption\":\"Reda\u00e7\u00e3o\"},\"url\":\"https:\/\/brasilnoticias.org\/site\/author\/henrique\/\"}]}<\/script>\n<!-- \/ Yoast SEO plugin. -->","yoast_head_json":{"title":"STF determina transfer\u00eancia de Daniel Vorcaro para pres\u00eddio federal em Bras\u00edlia - Brasil not\u00edcias","robots":{"index":"index","follow":"follow","max-snippet":"max-snippet:-1","max-image-preview":"max-image-preview:large","max-video-preview":"max-video-preview:-1"},"canonical":"https:\/\/brasilnoticias.org\/site\/stf-determina-transferencia-de-daniel-vorcaro-para-presidio-federal-em-brasilia\/","og_locale":"pt_PT","og_type":"article","og_title":"STF determina transfer\u00eancia de Daniel Vorcaro para pres\u00eddio federal em Bras\u00edlia - Brasil not\u00edcias","og_description":"O ministro do Supremo Tribunal Federal (STF), Andr\u00e9 Mendon\u00e7a, determinou a transfer\u00eancia do empres\u00e1rio Daniel Vorcaro, controlador do Banco Master,","og_url":"https:\/\/brasilnoticias.org\/site\/stf-determina-transferencia-de-daniel-vorcaro-para-presidio-federal-em-brasilia\/","og_site_name":"Brasil not\u00edcias","article_published_time":"2026-03-06T09:51:37+00:00","og_image":[{"width":587,"height":352,"url":"https:\/\/brasilnoticias.org\/site\/wp-content\/uploads\/2026\/03\/Screenshot_515.png","type":"image\/png"}],"author":"Reda\u00e7\u00e3o","twitter_card":"summary_large_image","twitter_misc":{"Escrito por":"Reda\u00e7\u00e3o","Tempo estimado de leitura":"1 minuto"},"schema":{"@context":"https:\/\/schema.org","@graph":[{"@type":"Article","@id":"https:\/\/brasilnoticias.org\/site\/stf-determina-transferencia-de-daniel-vorcaro-para-presidio-federal-em-brasilia\/#article","isPartOf":{"@id":"https:\/\/brasilnoticias.org\/site\/stf-determina-transferencia-de-daniel-vorcaro-para-presidio-federal-em-brasilia\/"},"author":{"name":"Reda\u00e7\u00e3o","@id":"https:\/\/brasilnoticias.org\/site\/#\/schema\/person\/03bbbfe6c7634ad18c26444ea39049fa"},"headline":"STF determina transfer\u00eancia de Daniel Vorcaro para pres\u00eddio federal em Bras\u00edlia","datePublished":"2026-03-06T09:51:37+00:00","mainEntityOfPage":{"@id":"https:\/\/brasilnoticias.org\/site\/stf-determina-transferencia-de-daniel-vorcaro-para-presidio-federal-em-brasilia\/"},"wordCount":260,"commentCount":0,"publisher":{"@id":"https:\/\/brasilnoticias.org\/site\/#organization"},"image":{"@id":"https:\/\/brasilnoticias.org\/site\/stf-determina-transferencia-de-daniel-vorcaro-para-presidio-federal-em-brasilia\/#primaryimage"},"thumbnailUrl":"https:\/\/brasilnoticias.org\/site\/wp-content\/uploads\/2026\/03\/Screenshot_515.png","articleSection":["Justi\u00e7a","Pol\u00edtica","\u00daltimas"],"inLanguage":"pt-PT","potentialAction":[{"@type":"CommentAction","name":"Comment","target":["https:\/\/brasilnoticias.org\/site\/stf-determina-transferencia-de-daniel-vorcaro-para-presidio-federal-em-brasilia\/#respond"]}]},{"@type":"WebPage","@id":"https:\/\/brasilnoticias.org\/site\/stf-determina-transferencia-de-daniel-vorcaro-para-presidio-federal-em-brasilia\/","url":"https:\/\/brasilnoticias.org\/site\/stf-determina-transferencia-de-daniel-vorcaro-para-presidio-federal-em-brasilia\/","name":"STF determina transfer\u00eancia de Daniel Vorcaro para pres\u00eddio federal em Bras\u00edlia - Brasil not\u00edcias","isPartOf":{"@id":"https:\/\/brasilnoticias.org\/site\/#website"},"primaryImageOfPage":{"@id":"https:\/\/brasilnoticias.org\/site\/stf-determina-transferencia-de-daniel-vorcaro-para-presidio-federal-em-brasilia\/#primaryimage"},"image":{"@id":"https:\/\/brasilnoticias.org\/site\/stf-determina-transferencia-de-daniel-vorcaro-para-presidio-federal-em-brasilia\/#primaryimage"},"thumbnailUrl":"https:\/\/brasilnoticias.org\/site\/wp-content\/uploads\/2026\/03\/Screenshot_515.png","datePublished":"2026-03-06T09:51:37+00:00","breadcrumb":{"@id":"https:\/\/brasilnoticias.org\/site\/stf-determina-transferencia-de-daniel-vorcaro-para-presidio-federal-em-brasilia\/#breadcrumb"},"inLanguage":"pt-PT","potentialAction":[{"@type":"ReadAction","target":["https:\/\/brasilnoticias.org\/site\/stf-determina-transferencia-de-daniel-vorcaro-para-presidio-federal-em-brasilia\/"]}]},{"@type":"ImageObject","inLanguage":"pt-PT","@id":"https:\/\/brasilnoticias.org\/site\/stf-determina-transferencia-de-daniel-vorcaro-para-presidio-federal-em-brasilia\/#primaryimage","url":"https:\/\/brasilnoticias.org\/site\/wp-content\/uploads\/2026\/03\/Screenshot_515.png","contentUrl":"https:\/\/brasilnoticias.org\/site\/wp-content\/uploads\/2026\/03\/Screenshot_515.png","width":587,"height":352,"caption":"Divulga\u00e7\u00e3o\/Banco Master"},{"@type":"BreadcrumbList","@id":"https:\/\/brasilnoticias.org\/site\/stf-determina-transferencia-de-daniel-vorcaro-para-presidio-federal-em-brasilia\/#breadcrumb","itemListElement":[{"@type":"ListItem","position":1,"name":"In\u00edcio","item":"https:\/\/brasilnoticias.org\/site\/"},{"@type":"ListItem","position":2,"name":"STF determina transfer\u00eancia de Daniel Vorcaro para pres\u00eddio federal em Bras\u00edlia"}]},{"@type":"WebSite","@id":"https:\/\/brasilnoticias.org\/site\/#website","url":"https:\/\/brasilnoticias.org\/site\/","name":"Brasil not\u00edcias","description":"Brasil not\u00edcias","publisher":{"@id":"https:\/\/brasilnoticias.org\/site\/#organization"},"potentialAction":[{"@type":"SearchAction","target":{"@type":"EntryPoint","urlTemplate":"https:\/\/brasilnoticias.org\/site\/?s={search_term_string}"},"query-input":{"@type":"PropertyValueSpecification","valueRequired":true,"valueName":"search_term_string"}}],"inLanguage":"pt-PT"},{"@type":"Organization","@id":"https:\/\/brasilnoticias.org\/site\/#organization","name":"Brasil not\u00edcias","url":"https:\/\/brasilnoticias.org\/site\/","logo":{"@type":"ImageObject","inLanguage":"pt-PT","@id":"https:\/\/brasilnoticias.org\/site\/#\/schema\/logo\/image\/","url":"https:\/\/brasilnoticias.org\/site\/wp-content\/uploads\/2022\/05\/cropped-brasilnoticias-mini.jpg","contentUrl":"https:\/\/brasilnoticias.org\/site\/wp-content\/uploads\/2022\/05\/cropped-brasilnoticias-mini.jpg","width":314,"height":86,"caption":"Brasil not\u00edcias"},"image":{"@id":"https:\/\/brasilnoticias.org\/site\/#\/schema\/logo\/image\/"}},{"@type":"Person","@id":"https:\/\/brasilnoticias.org\/site\/#\/schema\/person\/03bbbfe6c7634ad18c26444ea39049fa","name":"Reda\u00e7\u00e3o","image":{"@type":"ImageObject","inLanguage":"pt-PT","@id":"https:\/\/brasilnoticias.org\/site\/#\/schema\/person\/image\/","url":"https:\/\/secure.gravatar.com\/avatar\/9ecaf7327a696cb23ad926fedded5f1f04d7049de9e445375d55b48c001a6e42?s=96&d=mm&r=g","contentUrl":"https:\/\/secure.gravatar.com\/avatar\/9ecaf7327a696cb23ad926fedded5f1f04d7049de9e445375d55b48c001a6e42?s=96&d=mm&r=g","caption":"Reda\u00e7\u00e3o"},"url":"https:\/\/brasilnoticias.org\/site\/author\/henrique\/"}]}},"_links":{"self":[{"href":"https:\/\/brasilnoticias.org\/site\/wp-json\/wp\/v2\/posts\/20748","targetHints":{"allow":["GET"]}}],"collection":[{"href":"https:\/\/brasilnoticias.org\/site\/wp-json\/wp\/v2\/posts"}],"about":[{"href":"https:\/\/brasilnoticias.org\/site\/wp-json\/wp\/v2\/types\/post"}],"author":[{"embeddable":true,"href":"https:\/\/brasilnoticias.org\/site\/wp-json\/wp\/v2\/users\/4"}],"replies":[{"embeddable":true,"href":"https:\/\/brasilnoticias.org\/site\/wp-json\/wp\/v2\/comments?post=20748"}],"version-history":[{"count":1,"href":"https:\/\/brasilnoticias.org\/site\/wp-json\/wp\/v2\/posts\/20748\/revisions"}],"predecessor-version":[{"id":20750,"href":"https:\/\/brasilnoticias.org\/site\/wp-json\/wp\/v2\/posts\/20748\/revisions\/20750"}],"wp:featuredmedia":[{"embeddable":true,"href":"https:\/\/brasilnoticias.org\/site\/wp-json\/wp\/v2\/media\/20749"}],"wp:attachment":[{"href":"https:\/\/brasilnoticias.org\/site\/wp-json\/wp\/v2\/media?parent=20748"}],"wp:term":[{"taxonomy":"category","embeddable":true,"href":"https:\/\/brasilnoticias.org\/site\/wp-json\/wp\/v2\/categories?post=20748"},{"taxonomy":"post_tag","embeddable":true,"href":"https:\/\/brasilnoticias.org\/site\/wp-json\/wp\/v2\/tags?post=20748"}],"curies":[{"name":"wp","href":"https:\/\/api.w.org\/{rel}","templated":true}]}}