{"id":20751,"date":"2026-03-06T07:00:22","date_gmt":"2026-03-06T10:00:22","guid":{"rendered":"https:\/\/brasilnoticias.org\/site\/?p=20751"},"modified":"2026-03-06T07:00:22","modified_gmt":"2026-03-06T10:00:22","slug":"estado-de-saude-de-sicario-ligado-a-daniel-vorcaro-e-gravissimo-e-pf-abre-investigacao","status":"publish","type":"post","link":"https:\/\/brasilnoticias.org\/site\/estado-de-saude-de-sicario-ligado-a-daniel-vorcaro-e-gravissimo-e-pf-abre-investigacao\/","title":{"rendered":"Estado de sa\u00fade de \u201cSic\u00e1rio\u201d ligado a Daniel Vorcaro \u00e9 grav\u00edssimo e PF abre investiga\u00e7\u00e3o"},"content":{"rendered":"<p>A Secretaria de Estado de Sa\u00fade de Minas Gerais informou que o estado de sa\u00fade de Luiz Phillipi Machado de Moraes Mour\u00e3o, conhecido como \u201cSic\u00e1rio\u201d, \u00e9 considerado grav\u00edssimo. Ele est\u00e1 internado no Hospital Jo\u00e3o XXIII, em Belo Horizonte, ap\u00f3s um epis\u00f3dio ocorrido enquanto estava sob cust\u00f3dia da Pol\u00edcia Federal.<\/p>\n<p>Mour\u00e3o, de 43 anos, foi preso na \u00faltima quarta-feira (4) durante a Opera\u00e7\u00e3o Compliance Zero, deflagrada pela Pol\u00edcia Federal para investigar um suposto esquema bilion\u00e1rio de fraudes financeiras envolvendo o Banco Master. Nas investiga\u00e7\u00f5es, ele \u00e9 apontado como integrante do grupo ligado ao banqueiro Daniel Vorcaro, tamb\u00e9m preso na opera\u00e7\u00e3o.<\/p>\n<p>De acordo com a Pol\u00edcia Federal, o investigado estava detido na Superintend\u00eancia da PF em Belo Horizonte e aguardava audi\u00eancia de cust\u00f3dia quando ocorreu o epis\u00f3dio que o levou a ser socorrido \u00e0s pressas e encaminhado ao hospital. Ap\u00f3s o ocorrido, ele foi internado no Centro de Terapia Intensiva (CTI) da unidade hospitalar, considerada refer\u00eancia em atendimento de urg\u00eancia na capital mineira.<\/p>\n<p>Inicialmente, informa\u00e7\u00f5es divulgadas pela PF indicaram que m\u00e9dicos teriam constatado morte cerebral do investigado. No entanto, minutos depois, a Secretaria de Sa\u00fade de Minas Gerais atualizou o quadro e informou que Mour\u00e3o continuava vivo, por\u00e9m em estado extremamente grave.<\/p>\n<p>Segundo a defesa de Mour\u00e3o, representada pelo advogado Robson Lucas, o investigado permanece internado sob monitoramento constante no CTI. A equipe m\u00e9dica classificou o quadro como grav\u00edssimo, mas est\u00e1vel dentro da gravidade, e afirmou que, at\u00e9 o momento, n\u00e3o foi iniciado protocolo para confirma\u00e7\u00e3o de morte encef\u00e1lica.<\/p>\n<p>Diante da repercuss\u00e3o do caso, a Pol\u00edcia Federal instaurou um inqu\u00e9rito para investigar as circunst\u00e2ncias do ocorrido enquanto Mour\u00e3o estava sob responsabilidade da corpora\u00e7\u00e3o. O diretor-geral da PF, Andrei Rodrigues, informou que toda a movimenta\u00e7\u00e3o e o atendimento prestado ao investigado foram registrados por c\u00e2meras de seguran\u00e7a, sem pontos cegos.<\/p>\n<p>As imagens devem ser encaminhadas ao Supremo Tribunal Federal (STF), onde o caso relacionado ao Banco Master est\u00e1 sendo acompanhado. A PF tamb\u00e9m informou que comunicou oficialmente o epis\u00f3dio ao gabinete do ministro Andr\u00e9 Mendon\u00e7a, relator das investiga\u00e7\u00f5es na Corte.<\/p>\n<p>De acordo com as investiga\u00e7\u00f5es, Mour\u00e3o teria papel estrat\u00e9gico dentro do grupo investigado pela Pol\u00edcia Federal. Relat\u00f3rios indicam que ele seria respons\u00e1vel por monitorar alvos, obter dados sigilosos e executar a\u00e7\u00f5es de intimida\u00e7\u00e3o contra pessoas consideradas obst\u00e1culos ao suposto esquema financeiro.<\/p>\n<p>O apelido \u201cSic\u00e1rio\u201d, usado por comparsas, \u00e9 um termo associado em alguns pa\u00edses a assassinos de aluguel. As autoridades tamb\u00e9m investigam suspeitas de que ele recebia altos valores mensais para atuar dentro da estrutura da organiza\u00e7\u00e3o criminosa.<\/p>\n<p>A Opera\u00e7\u00e3o Compliance Zero segue em andamento e investiga um complexo esquema de fraudes financeiras e outros crimes ligados ao sistema financeiro nacional. Enquanto isso, o estado de sa\u00fade de Mour\u00e3o continua sendo acompanhado pelas autoridades e por sua equipe m\u00e9dica em Belo Horizonte.<\/p>\n","protected":false},"excerpt":{"rendered":"<p>A Secretaria de Estado de Sa\u00fade de Minas Gerais informou que o estado de sa\u00fade de Luiz Phillipi Machado de<\/p>\n","protected":false},"author":4,"featured_media":20752,"comment_status":"open","ping_status":"open","sticky":false,"template":"","format":"standard","meta":{"colormag_page_container_layout":"default_layout","colormag_page_sidebar_layout":"default_layout","_FSMCFIC_featured_image_caption":"","_FSMCFIC_featured_image_nocaption":"","_FSMCFIC_featured_image_hide":"","footnotes":""},"categories":[3,1],"tags":[],"class_list":["post-20751","post","type-post","status-publish","format-standard","has-post-thumbnail","hentry","category-policia","category-ultimas"],"yoast_head":"<!-- This site is optimized with the Yoast SEO plugin v27.1.1 - https:\/\/yoast.com\/product\/yoast-seo-wordpress\/ -->\n<title>Estado de sa\u00fade de \u201cSic\u00e1rio\u201d ligado a Daniel Vorcaro \u00e9 grav\u00edssimo e PF abre investiga\u00e7\u00e3o - Brasil not\u00edcias<\/title>\n<meta name=\"robots\" content=\"index, follow, max-snippet:-1, max-image-preview:large, max-video-preview:-1\" \/>\n<link rel=\"canonical\" href=\"https:\/\/brasilnoticias.org\/site\/estado-de-saude-de-sicario-ligado-a-daniel-vorcaro-e-gravissimo-e-pf-abre-investigacao\/\" \/>\n<meta property=\"og:locale\" content=\"pt_PT\" \/>\n<meta property=\"og:type\" content=\"article\" \/>\n<meta property=\"og:title\" content=\"Estado de sa\u00fade de \u201cSic\u00e1rio\u201d ligado a Daniel Vorcaro \u00e9 grav\u00edssimo e PF abre investiga\u00e7\u00e3o - Brasil not\u00edcias\" \/>\n<meta property=\"og:description\" content=\"A Secretaria de Estado de Sa\u00fade de Minas Gerais informou que o estado de sa\u00fade de Luiz Phillipi Machado de\" \/>\n<meta property=\"og:url\" content=\"https:\/\/brasilnoticias.org\/site\/estado-de-saude-de-sicario-ligado-a-daniel-vorcaro-e-gravissimo-e-pf-abre-investigacao\/\" \/>\n<meta property=\"og:site_name\" content=\"Brasil not\u00edcias\" \/>\n<meta property=\"article:published_time\" content=\"2026-03-06T10:00:22+00:00\" \/>\n<meta property=\"og:image\" content=\"https:\/\/brasilnoticias.org\/site\/wp-content\/uploads\/2026\/03\/sicario-1024x591-1.webp\" \/>\n\t<meta property=\"og:image:width\" content=\"1024\" \/>\n\t<meta property=\"og:image:height\" content=\"591\" \/>\n\t<meta property=\"og:image:type\" content=\"image\/webp\" \/>\n<meta name=\"author\" content=\"Reda\u00e7\u00e3o\" \/>\n<meta name=\"twitter:card\" content=\"summary_large_image\" \/>\n<meta name=\"twitter:label1\" content=\"Escrito por\" \/>\n\t<meta name=\"twitter:data1\" content=\"Reda\u00e7\u00e3o\" \/>\n\t<meta name=\"twitter:label2\" content=\"Tempo estimado de leitura\" \/>\n\t<meta name=\"twitter:data2\" content=\"1 minuto\" \/>\n<script type=\"application\/ld+json\" class=\"yoast-schema-graph\">{\"@context\":\"https:\/\/schema.org\",\"@graph\":[{\"@type\":\"Article\",\"@id\":\"https:\/\/brasilnoticias.org\/site\/estado-de-saude-de-sicario-ligado-a-daniel-vorcaro-e-gravissimo-e-pf-abre-investigacao\/#article\",\"isPartOf\":{\"@id\":\"https:\/\/brasilnoticias.org\/site\/estado-de-saude-de-sicario-ligado-a-daniel-vorcaro-e-gravissimo-e-pf-abre-investigacao\/\"},\"author\":{\"name\":\"Reda\u00e7\u00e3o\",\"@id\":\"https:\/\/brasilnoticias.org\/site\/#\/schema\/person\/03bbbfe6c7634ad18c26444ea39049fa\"},\"headline\":\"Estado de sa\u00fade de \u201cSic\u00e1rio\u201d ligado a Daniel Vorcaro \u00e9 grav\u00edssimo e PF abre investiga\u00e7\u00e3o\",\"datePublished\":\"2026-03-06T10:00:22+00:00\",\"mainEntityOfPage\":{\"@id\":\"https:\/\/brasilnoticias.org\/site\/estado-de-saude-de-sicario-ligado-a-daniel-vorcaro-e-gravissimo-e-pf-abre-investigacao\/\"},\"wordCount\":539,\"commentCount\":0,\"publisher\":{\"@id\":\"https:\/\/brasilnoticias.org\/site\/#organization\"},\"image\":{\"@id\":\"https:\/\/brasilnoticias.org\/site\/estado-de-saude-de-sicario-ligado-a-daniel-vorcaro-e-gravissimo-e-pf-abre-investigacao\/#primaryimage\"},\"thumbnailUrl\":\"https:\/\/brasilnoticias.org\/site\/wp-content\/uploads\/2026\/03\/sicario-1024x591-1.webp\",\"articleSection\":[\"Pol\u00edcia\",\"\u00daltimas\"],\"inLanguage\":\"pt-PT\",\"potentialAction\":[{\"@type\":\"CommentAction\",\"name\":\"Comment\",\"target\":[\"https:\/\/brasilnoticias.org\/site\/estado-de-saude-de-sicario-ligado-a-daniel-vorcaro-e-gravissimo-e-pf-abre-investigacao\/#respond\"]}]},{\"@type\":\"WebPage\",\"@id\":\"https:\/\/brasilnoticias.org\/site\/estado-de-saude-de-sicario-ligado-a-daniel-vorcaro-e-gravissimo-e-pf-abre-investigacao\/\",\"url\":\"https:\/\/brasilnoticias.org\/site\/estado-de-saude-de-sicario-ligado-a-daniel-vorcaro-e-gravissimo-e-pf-abre-investigacao\/\",\"name\":\"Estado de sa\u00fade de \u201cSic\u00e1rio\u201d ligado a Daniel Vorcaro \u00e9 grav\u00edssimo e PF abre investiga\u00e7\u00e3o - Brasil not\u00edcias\",\"isPartOf\":{\"@id\":\"https:\/\/brasilnoticias.org\/site\/#website\"},\"primaryImageOfPage\":{\"@id\":\"https:\/\/brasilnoticias.org\/site\/estado-de-saude-de-sicario-ligado-a-daniel-vorcaro-e-gravissimo-e-pf-abre-investigacao\/#primaryimage\"},\"image\":{\"@id\":\"https:\/\/brasilnoticias.org\/site\/estado-de-saude-de-sicario-ligado-a-daniel-vorcaro-e-gravissimo-e-pf-abre-investigacao\/#primaryimage\"},\"thumbnailUrl\":\"https:\/\/brasilnoticias.org\/site\/wp-content\/uploads\/2026\/03\/sicario-1024x591-1.webp\",\"datePublished\":\"2026-03-06T10:00:22+00:00\",\"breadcrumb\":{\"@id\":\"https:\/\/brasilnoticias.org\/site\/estado-de-saude-de-sicario-ligado-a-daniel-vorcaro-e-gravissimo-e-pf-abre-investigacao\/#breadcrumb\"},\"inLanguage\":\"pt-PT\",\"potentialAction\":[{\"@type\":\"ReadAction\",\"target\":[\"https:\/\/brasilnoticias.org\/site\/estado-de-saude-de-sicario-ligado-a-daniel-vorcaro-e-gravissimo-e-pf-abre-investigacao\/\"]}]},{\"@type\":\"ImageObject\",\"inLanguage\":\"pt-PT\",\"@id\":\"https:\/\/brasilnoticias.org\/site\/estado-de-saude-de-sicario-ligado-a-daniel-vorcaro-e-gravissimo-e-pf-abre-investigacao\/#primaryimage\",\"url\":\"https:\/\/brasilnoticias.org\/site\/wp-content\/uploads\/2026\/03\/sicario-1024x591-1.webp\",\"contentUrl\":\"https:\/\/brasilnoticias.org\/site\/wp-content\/uploads\/2026\/03\/sicario-1024x591-1.webp\",\"width\":1024,\"height\":591,\"caption\":\"PM-MG\/Reprodu\u00e7\u00e3o\"},{\"@type\":\"BreadcrumbList\",\"@id\":\"https:\/\/brasilnoticias.org\/site\/estado-de-saude-de-sicario-ligado-a-daniel-vorcaro-e-gravissimo-e-pf-abre-investigacao\/#breadcrumb\",\"itemListElement\":[{\"@type\":\"ListItem\",\"position\":1,\"name\":\"In\u00edcio\",\"item\":\"https:\/\/brasilnoticias.org\/site\/\"},{\"@type\":\"ListItem\",\"position\":2,\"name\":\"Estado de sa\u00fade de \u201cSic\u00e1rio\u201d ligado a Daniel Vorcaro \u00e9 grav\u00edssimo e PF abre investiga\u00e7\u00e3o\"}]},{\"@type\":\"WebSite\",\"@id\":\"https:\/\/brasilnoticias.org\/site\/#website\",\"url\":\"https:\/\/brasilnoticias.org\/site\/\",\"name\":\"Brasil not\u00edcias\",\"description\":\"Brasil not\u00edcias\",\"publisher\":{\"@id\":\"https:\/\/brasilnoticias.org\/site\/#organization\"},\"potentialAction\":[{\"@type\":\"SearchAction\",\"target\":{\"@type\":\"EntryPoint\",\"urlTemplate\":\"https:\/\/brasilnoticias.org\/site\/?s={search_term_string}\"},\"query-input\":{\"@type\":\"PropertyValueSpecification\",\"valueRequired\":true,\"valueName\":\"search_term_string\"}}],\"inLanguage\":\"pt-PT\"},{\"@type\":\"Organization\",\"@id\":\"https:\/\/brasilnoticias.org\/site\/#organization\",\"name\":\"Brasil not\u00edcias\",\"url\":\"https:\/\/brasilnoticias.org\/site\/\",\"logo\":{\"@type\":\"ImageObject\",\"inLanguage\":\"pt-PT\",\"@id\":\"https:\/\/brasilnoticias.org\/site\/#\/schema\/logo\/image\/\",\"url\":\"https:\/\/brasilnoticias.org\/site\/wp-content\/uploads\/2022\/05\/cropped-brasilnoticias-mini.jpg\",\"contentUrl\":\"https:\/\/brasilnoticias.org\/site\/wp-content\/uploads\/2022\/05\/cropped-brasilnoticias-mini.jpg\",\"width\":314,\"height\":86,\"caption\":\"Brasil not\u00edcias\"},\"image\":{\"@id\":\"https:\/\/brasilnoticias.org\/site\/#\/schema\/logo\/image\/\"}},{\"@type\":\"Person\",\"@id\":\"https:\/\/brasilnoticias.org\/site\/#\/schema\/person\/03bbbfe6c7634ad18c26444ea39049fa\",\"name\":\"Reda\u00e7\u00e3o\",\"image\":{\"@type\":\"ImageObject\",\"inLanguage\":\"pt-PT\",\"@id\":\"https:\/\/brasilnoticias.org\/site\/#\/schema\/person\/image\/\",\"url\":\"https:\/\/secure.gravatar.com\/avatar\/9ecaf7327a696cb23ad926fedded5f1f04d7049de9e445375d55b48c001a6e42?s=96&d=mm&r=g\",\"contentUrl\":\"https:\/\/secure.gravatar.com\/avatar\/9ecaf7327a696cb23ad926fedded5f1f04d7049de9e445375d55b48c001a6e42?s=96&d=mm&r=g\",\"caption\":\"Reda\u00e7\u00e3o\"},\"url\":\"https:\/\/brasilnoticias.org\/site\/author\/henrique\/\"}]}<\/script>\n<!-- \/ Yoast SEO plugin. -->","yoast_head_json":{"title":"Estado de sa\u00fade de \u201cSic\u00e1rio\u201d ligado a Daniel Vorcaro \u00e9 grav\u00edssimo e PF abre investiga\u00e7\u00e3o - Brasil not\u00edcias","robots":{"index":"index","follow":"follow","max-snippet":"max-snippet:-1","max-image-preview":"max-image-preview:large","max-video-preview":"max-video-preview:-1"},"canonical":"https:\/\/brasilnoticias.org\/site\/estado-de-saude-de-sicario-ligado-a-daniel-vorcaro-e-gravissimo-e-pf-abre-investigacao\/","og_locale":"pt_PT","og_type":"article","og_title":"Estado de sa\u00fade de \u201cSic\u00e1rio\u201d ligado a Daniel Vorcaro \u00e9 grav\u00edssimo e PF abre investiga\u00e7\u00e3o - Brasil not\u00edcias","og_description":"A Secretaria de Estado de Sa\u00fade de Minas Gerais informou que o estado de sa\u00fade de Luiz Phillipi Machado de","og_url":"https:\/\/brasilnoticias.org\/site\/estado-de-saude-de-sicario-ligado-a-daniel-vorcaro-e-gravissimo-e-pf-abre-investigacao\/","og_site_name":"Brasil not\u00edcias","article_published_time":"2026-03-06T10:00:22+00:00","og_image":[{"width":1024,"height":591,"url":"https:\/\/brasilnoticias.org\/site\/wp-content\/uploads\/2026\/03\/sicario-1024x591-1.webp","type":"image\/webp"}],"author":"Reda\u00e7\u00e3o","twitter_card":"summary_large_image","twitter_misc":{"Escrito por":"Reda\u00e7\u00e3o","Tempo estimado de leitura":"1 minuto"},"schema":{"@context":"https:\/\/schema.org","@graph":[{"@type":"Article","@id":"https:\/\/brasilnoticias.org\/site\/estado-de-saude-de-sicario-ligado-a-daniel-vorcaro-e-gravissimo-e-pf-abre-investigacao\/#article","isPartOf":{"@id":"https:\/\/brasilnoticias.org\/site\/estado-de-saude-de-sicario-ligado-a-daniel-vorcaro-e-gravissimo-e-pf-abre-investigacao\/"},"author":{"name":"Reda\u00e7\u00e3o","@id":"https:\/\/brasilnoticias.org\/site\/#\/schema\/person\/03bbbfe6c7634ad18c26444ea39049fa"},"headline":"Estado de sa\u00fade de \u201cSic\u00e1rio\u201d ligado a Daniel Vorcaro \u00e9 grav\u00edssimo e PF abre investiga\u00e7\u00e3o","datePublished":"2026-03-06T10:00:22+00:00","mainEntityOfPage":{"@id":"https:\/\/brasilnoticias.org\/site\/estado-de-saude-de-sicario-ligado-a-daniel-vorcaro-e-gravissimo-e-pf-abre-investigacao\/"},"wordCount":539,"commentCount":0,"publisher":{"@id":"https:\/\/brasilnoticias.org\/site\/#organization"},"image":{"@id":"https:\/\/brasilnoticias.org\/site\/estado-de-saude-de-sicario-ligado-a-daniel-vorcaro-e-gravissimo-e-pf-abre-investigacao\/#primaryimage"},"thumbnailUrl":"https:\/\/brasilnoticias.org\/site\/wp-content\/uploads\/2026\/03\/sicario-1024x591-1.webp","articleSection":["Pol\u00edcia","\u00daltimas"],"inLanguage":"pt-PT","potentialAction":[{"@type":"CommentAction","name":"Comment","target":["https:\/\/brasilnoticias.org\/site\/estado-de-saude-de-sicario-ligado-a-daniel-vorcaro-e-gravissimo-e-pf-abre-investigacao\/#respond"]}]},{"@type":"WebPage","@id":"https:\/\/brasilnoticias.org\/site\/estado-de-saude-de-sicario-ligado-a-daniel-vorcaro-e-gravissimo-e-pf-abre-investigacao\/","url":"https:\/\/brasilnoticias.org\/site\/estado-de-saude-de-sicario-ligado-a-daniel-vorcaro-e-gravissimo-e-pf-abre-investigacao\/","name":"Estado de sa\u00fade de \u201cSic\u00e1rio\u201d ligado a Daniel Vorcaro \u00e9 grav\u00edssimo e PF abre investiga\u00e7\u00e3o - Brasil not\u00edcias","isPartOf":{"@id":"https:\/\/brasilnoticias.org\/site\/#website"},"primaryImageOfPage":{"@id":"https:\/\/brasilnoticias.org\/site\/estado-de-saude-de-sicario-ligado-a-daniel-vorcaro-e-gravissimo-e-pf-abre-investigacao\/#primaryimage"},"image":{"@id":"https:\/\/brasilnoticias.org\/site\/estado-de-saude-de-sicario-ligado-a-daniel-vorcaro-e-gravissimo-e-pf-abre-investigacao\/#primaryimage"},"thumbnailUrl":"https:\/\/brasilnoticias.org\/site\/wp-content\/uploads\/2026\/03\/sicario-1024x591-1.webp","datePublished":"2026-03-06T10:00:22+00:00","breadcrumb":{"@id":"https:\/\/brasilnoticias.org\/site\/estado-de-saude-de-sicario-ligado-a-daniel-vorcaro-e-gravissimo-e-pf-abre-investigacao\/#breadcrumb"},"inLanguage":"pt-PT","potentialAction":[{"@type":"ReadAction","target":["https:\/\/brasilnoticias.org\/site\/estado-de-saude-de-sicario-ligado-a-daniel-vorcaro-e-gravissimo-e-pf-abre-investigacao\/"]}]},{"@type":"ImageObject","inLanguage":"pt-PT","@id":"https:\/\/brasilnoticias.org\/site\/estado-de-saude-de-sicario-ligado-a-daniel-vorcaro-e-gravissimo-e-pf-abre-investigacao\/#primaryimage","url":"https:\/\/brasilnoticias.org\/site\/wp-content\/uploads\/2026\/03\/sicario-1024x591-1.webp","contentUrl":"https:\/\/brasilnoticias.org\/site\/wp-content\/uploads\/2026\/03\/sicario-1024x591-1.webp","width":1024,"height":591,"caption":"PM-MG\/Reprodu\u00e7\u00e3o"},{"@type":"BreadcrumbList","@id":"https:\/\/brasilnoticias.org\/site\/estado-de-saude-de-sicario-ligado-a-daniel-vorcaro-e-gravissimo-e-pf-abre-investigacao\/#breadcrumb","itemListElement":[{"@type":"ListItem","position":1,"name":"In\u00edcio","item":"https:\/\/brasilnoticias.org\/site\/"},{"@type":"ListItem","position":2,"name":"Estado de sa\u00fade de \u201cSic\u00e1rio\u201d ligado a Daniel Vorcaro \u00e9 grav\u00edssimo e PF abre investiga\u00e7\u00e3o"}]},{"@type":"WebSite","@id":"https:\/\/brasilnoticias.org\/site\/#website","url":"https:\/\/brasilnoticias.org\/site\/","name":"Brasil not\u00edcias","description":"Brasil not\u00edcias","publisher":{"@id":"https:\/\/brasilnoticias.org\/site\/#organization"},"potentialAction":[{"@type":"SearchAction","target":{"@type":"EntryPoint","urlTemplate":"https:\/\/brasilnoticias.org\/site\/?s={search_term_string}"},"query-input":{"@type":"PropertyValueSpecification","valueRequired":true,"valueName":"search_term_string"}}],"inLanguage":"pt-PT"},{"@type":"Organization","@id":"https:\/\/brasilnoticias.org\/site\/#organization","name":"Brasil not\u00edcias","url":"https:\/\/brasilnoticias.org\/site\/","logo":{"@type":"ImageObject","inLanguage":"pt-PT","@id":"https:\/\/brasilnoticias.org\/site\/#\/schema\/logo\/image\/","url":"https:\/\/brasilnoticias.org\/site\/wp-content\/uploads\/2022\/05\/cropped-brasilnoticias-mini.jpg","contentUrl":"https:\/\/brasilnoticias.org\/site\/wp-content\/uploads\/2022\/05\/cropped-brasilnoticias-mini.jpg","width":314,"height":86,"caption":"Brasil not\u00edcias"},"image":{"@id":"https:\/\/brasilnoticias.org\/site\/#\/schema\/logo\/image\/"}},{"@type":"Person","@id":"https:\/\/brasilnoticias.org\/site\/#\/schema\/person\/03bbbfe6c7634ad18c26444ea39049fa","name":"Reda\u00e7\u00e3o","image":{"@type":"ImageObject","inLanguage":"pt-PT","@id":"https:\/\/brasilnoticias.org\/site\/#\/schema\/person\/image\/","url":"https:\/\/secure.gravatar.com\/avatar\/9ecaf7327a696cb23ad926fedded5f1f04d7049de9e445375d55b48c001a6e42?s=96&d=mm&r=g","contentUrl":"https:\/\/secure.gravatar.com\/avatar\/9ecaf7327a696cb23ad926fedded5f1f04d7049de9e445375d55b48c001a6e42?s=96&d=mm&r=g","caption":"Reda\u00e7\u00e3o"},"url":"https:\/\/brasilnoticias.org\/site\/author\/henrique\/"}]}},"_links":{"self":[{"href":"https:\/\/brasilnoticias.org\/site\/wp-json\/wp\/v2\/posts\/20751","targetHints":{"allow":["GET"]}}],"collection":[{"href":"https:\/\/brasilnoticias.org\/site\/wp-json\/wp\/v2\/posts"}],"about":[{"href":"https:\/\/brasilnoticias.org\/site\/wp-json\/wp\/v2\/types\/post"}],"author":[{"embeddable":true,"href":"https:\/\/brasilnoticias.org\/site\/wp-json\/wp\/v2\/users\/4"}],"replies":[{"embeddable":true,"href":"https:\/\/brasilnoticias.org\/site\/wp-json\/wp\/v2\/comments?post=20751"}],"version-history":[{"count":1,"href":"https:\/\/brasilnoticias.org\/site\/wp-json\/wp\/v2\/posts\/20751\/revisions"}],"predecessor-version":[{"id":20753,"href":"https:\/\/brasilnoticias.org\/site\/wp-json\/wp\/v2\/posts\/20751\/revisions\/20753"}],"wp:featuredmedia":[{"embeddable":true,"href":"https:\/\/brasilnoticias.org\/site\/wp-json\/wp\/v2\/media\/20752"}],"wp:attachment":[{"href":"https:\/\/brasilnoticias.org\/site\/wp-json\/wp\/v2\/media?parent=20751"}],"wp:term":[{"taxonomy":"category","embeddable":true,"href":"https:\/\/brasilnoticias.org\/site\/wp-json\/wp\/v2\/categories?post=20751"},{"taxonomy":"post_tag","embeddable":true,"href":"https:\/\/brasilnoticias.org\/site\/wp-json\/wp\/v2\/tags?post=20751"}],"curies":[{"name":"wp","href":"https:\/\/api.w.org\/{rel}","templated":true}]}}